









{"id":15142,"date":"2023-10-18T14:54:41","date_gmt":"2023-10-18T12:54:41","guid":{"rendered":"https:\/\/peoplesphere.be\/fr\/?p=15142"},"modified":"2023-10-18T15:00:56","modified_gmt":"2023-10-18T13:00:56","slug":"selon-le-global-pension-index-2023-le-systeme-de-pension-belge-est-sur-le-point-de-passer-sous-son-seuil-de-viabilite","status":"publish","type":"post","link":"https:\/\/peoplesphere.be\/fr\/selon-le-global-pension-index-2023-le-systeme-de-pension-belge-est-sur-le-point-de-passer-sous-son-seuil-de-viabilite\/","title":{"rendered":"Selon le Global Pension Index 2023, le syst\u00e8me de pension belge est sur le point de passer sous son seuil de viabilit\u00e9."},"content":{"rendered":"<p>Le syst\u00e8me de retraite belge se rapproche de son seuil de durabilit\u00e9 ; principalement en raison du nombre croissant de travailleurs plus \u00e2g\u00e9s qui choisissent de prendre leur retraite anticip\u00e9e. Les effets du vieillissement de la population se feront sentir pendant de nombreuses ann\u00e9es encore. Nos voisins du nord ont le meilleur syst\u00e8me de retraite au monde, selon le Global Pension Index de l&rsquo;expert en ressources humaines Mercer.<!--more--><\/p>\n<p>Les populations du monde entier vivent plus longtemps, surtout dans les march\u00e9s plus d\u00e9velopp\u00e9s. Tandis que l&rsquo;inflation et la hausse des taux d&rsquo;int\u00e9r\u00eat cr\u00e9ent une nouvelle dynamique de march\u00e9 qui pose d&rsquo;importants d\u00e9fis aux fonds de pension, on attend de plus en plus des individus qu&rsquo;ils prennent activement en charge la gestion de leur propre plan de retraite. Dans ce contexte, Mercer a \u00e9valu\u00e9 les syst\u00e8mes de retraite dans 47 pays en termes d&rsquo;efficacit\u00e9 (si le syst\u00e8me fait ce qu&rsquo;il est cens\u00e9 faire), d&rsquo;int\u00e9grit\u00e9 (certitude juridique et fiabilit\u00e9) et de durabilit\u00e9 (la viabilit\u00e9 et l&rsquo;abordabilit\u00e9 du syst\u00e8me \u00e0 long terme).<\/p>\n<p>Les Pays-Bas, l&rsquo;Islande et le Danemark ont les meilleurs syst\u00e8mes de retraite au monde. La Belgique se situe dans la moyenne, \u00e0 un niveau similaire \u00e0 la Su\u00e8de ou \u00e0 l&rsquo;Allemagne. En revanche, la France, l&rsquo;Espagne et l&rsquo;Italie obtiennent des scores nettement moins bons.<\/p>\n<p><strong><em>Stabilit\u00e9 pour la Belgique<\/em><\/strong><\/p>\n<p>Compar\u00e9 \u00e0 l&rsquo;ann\u00e9e pr\u00e9c\u00e9dente, notre pays performe mieux en termes d&rsquo;int\u00e9grit\u00e9 du syst\u00e8me de retraite, conserve la m\u00eame \u00e9valuation en termes d&rsquo;efficacit\u00e9, mais voit sa note de durabilit\u00e9 se d\u00e9t\u00e9riorer (39e sur 47 pays). Cette durabilit\u00e9 est depuis de nombreuses ann\u00e9es la principale raison de notre score moyen.<\/p>\n<p>Mercer formule \u00e9galement plusieurs recommandations claires pour am\u00e9liorer le syst\u00e8me de retraite belge. <em>\u00ab\u00a0Il est important de stimuler les travailleurs plus \u00e2g\u00e9s \u00e0 rester en activit\u00e9, d&rsquo;autant plus que l&rsquo;esp\u00e9rance de vie augmente. De plus, nous pr\u00e9conisons une contribution minimale de retraite obligatoire g\u00e9n\u00e9rale, garantissant une accumulation minimale de retraite. Enfin, notre conseil est d&rsquo;inclure une partie de la prestation de retraite sous forme de rente\u00a0\u00bb<\/em>, d\u00e9clare Dirk Kemkers, Senior Pension Consultant chez Mercer.<\/p>\n<p><strong><em>L&rsquo;impact croissant de l&rsquo;IA<\/em><\/strong><\/p>\n<p>Mercer a \u00e9galement \u00e9tudi\u00e9 comment l&rsquo;intelligence artificielle (IA) pourrait am\u00e9liorer les syst\u00e8mes de retraite et de s\u00e9curit\u00e9 sociale.<\/p>\n<p><em>\u00ab\u00a0Les gestionnaires de patrimoine utilisent de plus en plus l&rsquo;IA pour am\u00e9liorer leurs processus op\u00e9rationnels et d\u00e9cisionnels, ce qui peut potentiellement entra\u00eener des rendements de placement r\u00e9els plus \u00e9lev\u00e9s pour les participants aux plans de retraite\u00a0\u00bb<\/em>, observe le Dr David Knox, associ\u00e9 principal chez Mercer et principal auteur de l&rsquo;\u00e9tude. <em>\u00ab\u00a0L&rsquo;IA a \u00e9galement le potentiel d&rsquo;am\u00e9liorer l&rsquo;engagement des individus et de les aider dans leurs d\u00e9cisions financi\u00e8res \u00e0 long terme. Cela devrait am\u00e9liorer les r\u00e9sultats en mati\u00e8re de retraite.\u00a0\u00bb<\/em><\/p>\n<p><em>\u00ab\u00a0Cependant, le rapport souligne que l&rsquo;IA n&rsquo;est pas sans risques, notamment en ce qui concerne la mod\u00e9lisation, les pr\u00e9occupations \u00e9thiques et de confidentialit\u00e9, ainsi que la n\u00e9cessit\u00e9 d&rsquo;une cybers\u00e9curit\u00e9 optimale. Dans le d\u00e9veloppement de ces syst\u00e8mes, il est essentiel que les mod\u00e8les d&rsquo;IA soient dot\u00e9s d&rsquo;une gouvernance solide pour \u00e9viter les biais et les r\u00e9ponses injustifi\u00e9es. Cela est crucial pour que les participants aux plans de retraite aient (et conservent) leur confiance en ces solutions d&rsquo;IA. L&rsquo;IA n\u00e9cessitera toujours une surveillance humaine. Malgr\u00e9 les d\u00e9fis, l&rsquo;IA offre la possibilit\u00e9 d&rsquo;un niveau de vie plus \u00e9lev\u00e9 apr\u00e8s la retraite &#8211; un objectif pr\u00e9cieux pour tous les syst\u00e8mes de retraite\u00a0\u00bb<\/em>, conclut le Dr Knox.<\/p>\n<p>&nbsp;<\/p>\n<p><em>Source: Mercer &#8211; Global Pension Index, une comparaison des syst\u00e8mes de retraite dans 47 pays, repr\u00e9sentant 64 % de la population mondiale.<\/em><\/p>\n","protected":false},"excerpt":{"rendered":"<p>Le syst\u00e8me de retraite belge se rapproche de son seuil de durabilit\u00e9 ; principalement en raison du nombre croissant de travailleurs plus \u00e2g\u00e9s qui choisissent de prendre leur retraite anticip\u00e9e. Les effets du vieillissement de la population se feront sentir [&hellip;]<\/p>\n","protected":false},"author":2,"featured_media":0,"comment_status":"closed","ping_status":"open","sticky":false,"template":"","format":"standard","meta":[],"categories":[65,10],"tags":[688,2536],"yoast_head":"<!-- This site is optimized with the Yoast SEO plugin v21.0 - https:\/\/yoast.com\/wordpress\/plugins\/seo\/ -->\n<title>Selon le Global Pension Index 2023, le syst\u00e8me de pension belge est sur le point de passer sous son seuil de viabilit\u00e9. - Peoplesphere<\/title>\n<meta name=\"robots\" content=\"index, follow, max-snippet:-1, max-image-preview:large, max-video-preview:-1\" \/>\n<link rel=\"canonical\" href=\"https:\/\/peoplesphere.be\/fr\/selon-le-global-pension-index-2023-le-systeme-de-pension-belge-est-sur-le-point-de-passer-sous-son-seuil-de-viabilite\/\" \/>\n<meta property=\"og:locale\" content=\"fr_FR\" \/>\n<meta property=\"og:type\" content=\"article\" \/>\n<meta property=\"og:title\" content=\"Selon le Global Pension Index 2023, le syst\u00e8me de pension belge est sur le point de passer sous son seuil de viabilit\u00e9. - Peoplesphere\" \/>\n<meta property=\"og:description\" content=\"Le syst\u00e8me de retraite belge se rapproche de son seuil de durabilit\u00e9 ; principalement en raison du nombre croissant de travailleurs plus \u00e2g\u00e9s qui choisissent de prendre leur retraite anticip\u00e9e. Les effets du vieillissement de la population se feront sentir [&hellip;]\" \/>\n<meta property=\"og:url\" content=\"https:\/\/peoplesphere.be\/fr\/selon-le-global-pension-index-2023-le-systeme-de-pension-belge-est-sur-le-point-de-passer-sous-son-seuil-de-viabilite\/\" \/>\n<meta property=\"og:site_name\" content=\"Peoplesphere\" \/>\n<meta property=\"article:publisher\" content=\"https:\/\/www.facebook.com\/peoplesphere\" \/>\n<meta property=\"article:published_time\" content=\"2023-10-18T12:54:41+00:00\" \/>\n<meta property=\"article:modified_time\" content=\"2023-10-18T13:00:56+00:00\" \/>\n<meta property=\"og:image\" content=\"http:\/\/www.peoplesphere.be\/fr\/wp-content\/uploads\/2016\/07\/facebook-default-posting-1200x628px.jpg\" \/>\n<meta name=\"author\" content=\"Jean-Paul Erhard\" \/>\n<meta name=\"twitter:card\" content=\"summary_large_image\" \/>\n<meta name=\"twitter:creator\" content=\"@PeoplesphereMag\" \/>\n<meta name=\"twitter:site\" content=\"@PeoplesphereMag\" \/>\n<meta name=\"twitter:label1\" content=\"\u00c9crit par\" \/>\n\t<meta name=\"twitter:data1\" content=\"Jean-Paul Erhard\" \/>\n\t<meta name=\"twitter:label2\" content=\"Dur\u00e9e de lecture estim\u00e9e\" \/>\n\t<meta name=\"twitter:data2\" content=\"3 minutes\" \/>\n<script type=\"application\/ld+json\" class=\"yoast-schema-graph\">{\"@context\":\"https:\/\/schema.org\",\"@graph\":[{\"@type\":\"Article\",\"@id\":\"https:\/\/peoplesphere.be\/fr\/selon-le-global-pension-index-2023-le-systeme-de-pension-belge-est-sur-le-point-de-passer-sous-son-seuil-de-viabilite\/#article\",\"isPartOf\":{\"@id\":\"https:\/\/peoplesphere.be\/fr\/selon-le-global-pension-index-2023-le-systeme-de-pension-belge-est-sur-le-point-de-passer-sous-son-seuil-de-viabilite\/\"},\"author\":{\"name\":\"Jean-Paul Erhard\",\"@id\":\"https:\/\/peoplesphere.be\/fr\/#\/schema\/person\/7976225ff17988604334abb7b3536a7e\"},\"headline\":\"Selon le Global Pension Index 2023, le syst\u00e8me de pension belge est sur le point de passer sous son seuil de viabilit\u00e9.\",\"datePublished\":\"2023-10-18T12:54:41+00:00\",\"dateModified\":\"2023-10-18T13:00:56+00:00\",\"mainEntityOfPage\":{\"@id\":\"https:\/\/peoplesphere.be\/fr\/selon-le-global-pension-index-2023-le-systeme-de-pension-belge-est-sur-le-point-de-passer-sous-son-seuil-de-viabilite\/\"},\"wordCount\":651,\"publisher\":{\"@id\":\"https:\/\/peoplesphere.be\/fr\/#organization\"},\"keywords\":[\"retraite\",\"syst\u00e8me de pensions\"],\"articleSection\":[\"Actualit\u00e9s\",\"Digital\"],\"inLanguage\":\"fr-FR\"},{\"@type\":\"WebPage\",\"@id\":\"https:\/\/peoplesphere.be\/fr\/selon-le-global-pension-index-2023-le-systeme-de-pension-belge-est-sur-le-point-de-passer-sous-son-seuil-de-viabilite\/\",\"url\":\"https:\/\/peoplesphere.be\/fr\/selon-le-global-pension-index-2023-le-systeme-de-pension-belge-est-sur-le-point-de-passer-sous-son-seuil-de-viabilite\/\",\"name\":\"Selon le Global Pension Index 2023, le syst\u00e8me de pension belge est sur le point de passer sous son seuil de viabilit\u00e9. - Peoplesphere\",\"isPartOf\":{\"@id\":\"https:\/\/peoplesphere.be\/fr\/#website\"},\"datePublished\":\"2023-10-18T12:54:41+00:00\",\"dateModified\":\"2023-10-18T13:00:56+00:00\",\"breadcrumb\":{\"@id\":\"https:\/\/peoplesphere.be\/fr\/selon-le-global-pension-index-2023-le-systeme-de-pension-belge-est-sur-le-point-de-passer-sous-son-seuil-de-viabilite\/#breadcrumb\"},\"inLanguage\":\"fr-FR\",\"potentialAction\":[{\"@type\":\"ReadAction\",\"target\":[\"https:\/\/peoplesphere.be\/fr\/selon-le-global-pension-index-2023-le-systeme-de-pension-belge-est-sur-le-point-de-passer-sous-son-seuil-de-viabilite\/\"]}]},{\"@type\":\"BreadcrumbList\",\"@id\":\"https:\/\/peoplesphere.be\/fr\/selon-le-global-pension-index-2023-le-systeme-de-pension-belge-est-sur-le-point-de-passer-sous-son-seuil-de-viabilite\/#breadcrumb\",\"itemListElement\":[{\"@type\":\"ListItem\",\"position\":1,\"name\":\"Accueil\",\"item\":\"https:\/\/peoplesphere.be\/fr\/\"},{\"@type\":\"ListItem\",\"position\":2,\"name\":\"Selon le Global Pension Index 2023, le syst\u00e8me de pension belge est sur le point de passer sous son seuil de viabilit\u00e9.\"}]},{\"@type\":\"WebSite\",\"@id\":\"https:\/\/peoplesphere.be\/fr\/#website\",\"url\":\"https:\/\/peoplesphere.be\/fr\/\",\"name\":\"Peoplesphere\",\"description\":\"The People Managers Magazine\",\"publisher\":{\"@id\":\"https:\/\/peoplesphere.be\/fr\/#organization\"},\"potentialAction\":[{\"@type\":\"SearchAction\",\"target\":{\"@type\":\"EntryPoint\",\"urlTemplate\":\"https:\/\/peoplesphere.be\/fr\/?s={search_term_string}\"},\"query-input\":\"required name=search_term_string\"}],\"inLanguage\":\"fr-FR\"},{\"@type\":\"Organization\",\"@id\":\"https:\/\/peoplesphere.be\/fr\/#organization\",\"name\":\"Peoplesphere Company srl\",\"url\":\"https:\/\/peoplesphere.be\/fr\/\",\"logo\":{\"@type\":\"ImageObject\",\"inLanguage\":\"fr-FR\",\"@id\":\"https:\/\/peoplesphere.be\/fr\/#\/schema\/logo\/image\/\",\"url\":\"https:\/\/peoplesphere.be\/fr\/wp-content\/uploads\/2023\/07\/peoplesphere-lgo-new-generik.jpg\",\"contentUrl\":\"https:\/\/peoplesphere.be\/fr\/wp-content\/uploads\/2023\/07\/peoplesphere-lgo-new-generik.jpg\",\"width\":1031,\"height\":1479,\"caption\":\"Peoplesphere Company srl\"},\"image\":{\"@id\":\"https:\/\/peoplesphere.be\/fr\/#\/schema\/logo\/image\/\"},\"sameAs\":[\"https:\/\/www.facebook.com\/peoplesphere\",\"https:\/\/twitter.com\/PeoplesphereMag\",\"https:\/\/www.linkedin.com\/company\/7587361?trk\",\"http:\/\/youtube.com\/peoplesphere\"]},{\"@type\":\"Person\",\"@id\":\"https:\/\/peoplesphere.be\/fr\/#\/schema\/person\/7976225ff17988604334abb7b3536a7e\",\"name\":\"Jean-Paul Erhard\",\"image\":{\"@type\":\"ImageObject\",\"inLanguage\":\"fr-FR\",\"@id\":\"https:\/\/peoplesphere.be\/fr\/#\/schema\/person\/image\/\",\"url\":\"https:\/\/secure.gravatar.com\/avatar\/f941e681460179738071629a51574930?s=96&d=mm&r=g\",\"contentUrl\":\"https:\/\/secure.gravatar.com\/avatar\/f941e681460179738071629a51574930?s=96&d=mm&r=g\",\"caption\":\"Jean-Paul Erhard\"},\"url\":\"https:\/\/peoplesphere.be\/fr\/author\/jpe\/\"}]}<\/script>\n<!-- \/ Yoast SEO plugin. -->","yoast_head_json":{"title":"Selon le Global Pension Index 2023, le syst\u00e8me de pension belge est sur le point de passer sous son seuil de viabilit\u00e9. - Peoplesphere","robots":{"index":"index","follow":"follow","max-snippet":"max-snippet:-1","max-image-preview":"max-image-preview:large","max-video-preview":"max-video-preview:-1"},"canonical":"https:\/\/peoplesphere.be\/fr\/selon-le-global-pension-index-2023-le-systeme-de-pension-belge-est-sur-le-point-de-passer-sous-son-seuil-de-viabilite\/","og_locale":"fr_FR","og_type":"article","og_title":"Selon le Global Pension Index 2023, le syst\u00e8me de pension belge est sur le point de passer sous son seuil de viabilit\u00e9. - Peoplesphere","og_description":"Le syst\u00e8me de retraite belge se rapproche de son seuil de durabilit\u00e9 ; principalement en raison du nombre croissant de travailleurs plus \u00e2g\u00e9s qui choisissent de prendre leur retraite anticip\u00e9e. Les effets du vieillissement de la population se feront sentir [&hellip;]","og_url":"https:\/\/peoplesphere.be\/fr\/selon-le-global-pension-index-2023-le-systeme-de-pension-belge-est-sur-le-point-de-passer-sous-son-seuil-de-viabilite\/","og_site_name":"Peoplesphere","article_publisher":"https:\/\/www.facebook.com\/peoplesphere","article_published_time":"2023-10-18T12:54:41+00:00","article_modified_time":"2023-10-18T13:00:56+00:00","og_image":[{"url":"http:\/\/www.peoplesphere.be\/fr\/wp-content\/uploads\/2016\/07\/facebook-default-posting-1200x628px.jpg"}],"author":"Jean-Paul Erhard","twitter_card":"summary_large_image","twitter_creator":"@PeoplesphereMag","twitter_site":"@PeoplesphereMag","twitter_misc":{"\u00c9crit par":"Jean-Paul Erhard","Dur\u00e9e de lecture estim\u00e9e":"3 minutes"},"schema":{"@context":"https:\/\/schema.org","@graph":[{"@type":"Article","@id":"https:\/\/peoplesphere.be\/fr\/selon-le-global-pension-index-2023-le-systeme-de-pension-belge-est-sur-le-point-de-passer-sous-son-seuil-de-viabilite\/#article","isPartOf":{"@id":"https:\/\/peoplesphere.be\/fr\/selon-le-global-pension-index-2023-le-systeme-de-pension-belge-est-sur-le-point-de-passer-sous-son-seuil-de-viabilite\/"},"author":{"name":"Jean-Paul Erhard","@id":"https:\/\/peoplesphere.be\/fr\/#\/schema\/person\/7976225ff17988604334abb7b3536a7e"},"headline":"Selon le Global Pension Index 2023, le syst\u00e8me de pension belge est sur le point de passer sous son seuil de viabilit\u00e9.","datePublished":"2023-10-18T12:54:41+00:00","dateModified":"2023-10-18T13:00:56+00:00","mainEntityOfPage":{"@id":"https:\/\/peoplesphere.be\/fr\/selon-le-global-pension-index-2023-le-systeme-de-pension-belge-est-sur-le-point-de-passer-sous-son-seuil-de-viabilite\/"},"wordCount":651,"publisher":{"@id":"https:\/\/peoplesphere.be\/fr\/#organization"},"keywords":["retraite","syst\u00e8me de pensions"],"articleSection":["Actualit\u00e9s","Digital"],"inLanguage":"fr-FR"},{"@type":"WebPage","@id":"https:\/\/peoplesphere.be\/fr\/selon-le-global-pension-index-2023-le-systeme-de-pension-belge-est-sur-le-point-de-passer-sous-son-seuil-de-viabilite\/","url":"https:\/\/peoplesphere.be\/fr\/selon-le-global-pension-index-2023-le-systeme-de-pension-belge-est-sur-le-point-de-passer-sous-son-seuil-de-viabilite\/","name":"Selon le Global Pension Index 2023, le syst\u00e8me de pension belge est sur le point de passer sous son seuil de viabilit\u00e9. - Peoplesphere","isPartOf":{"@id":"https:\/\/peoplesphere.be\/fr\/#website"},"datePublished":"2023-10-18T12:54:41+00:00","dateModified":"2023-10-18T13:00:56+00:00","breadcrumb":{"@id":"https:\/\/peoplesphere.be\/fr\/selon-le-global-pension-index-2023-le-systeme-de-pension-belge-est-sur-le-point-de-passer-sous-son-seuil-de-viabilite\/#breadcrumb"},"inLanguage":"fr-FR","potentialAction":[{"@type":"ReadAction","target":["https:\/\/peoplesphere.be\/fr\/selon-le-global-pension-index-2023-le-systeme-de-pension-belge-est-sur-le-point-de-passer-sous-son-seuil-de-viabilite\/"]}]},{"@type":"BreadcrumbList","@id":"https:\/\/peoplesphere.be\/fr\/selon-le-global-pension-index-2023-le-systeme-de-pension-belge-est-sur-le-point-de-passer-sous-son-seuil-de-viabilite\/#breadcrumb","itemListElement":[{"@type":"ListItem","position":1,"name":"Accueil","item":"https:\/\/peoplesphere.be\/fr\/"},{"@type":"ListItem","position":2,"name":"Selon le Global Pension Index 2023, le syst\u00e8me de pension belge est sur le point de passer sous son seuil de viabilit\u00e9."}]},{"@type":"WebSite","@id":"https:\/\/peoplesphere.be\/fr\/#website","url":"https:\/\/peoplesphere.be\/fr\/","name":"Peoplesphere","description":"The People Managers Magazine","publisher":{"@id":"https:\/\/peoplesphere.be\/fr\/#organization"},"potentialAction":[{"@type":"SearchAction","target":{"@type":"EntryPoint","urlTemplate":"https:\/\/peoplesphere.be\/fr\/?s={search_term_string}"},"query-input":"required name=search_term_string"}],"inLanguage":"fr-FR"},{"@type":"Organization","@id":"https:\/\/peoplesphere.be\/fr\/#organization","name":"Peoplesphere Company srl","url":"https:\/\/peoplesphere.be\/fr\/","logo":{"@type":"ImageObject","inLanguage":"fr-FR","@id":"https:\/\/peoplesphere.be\/fr\/#\/schema\/logo\/image\/","url":"https:\/\/peoplesphere.be\/fr\/wp-content\/uploads\/2023\/07\/peoplesphere-lgo-new-generik.jpg","contentUrl":"https:\/\/peoplesphere.be\/fr\/wp-content\/uploads\/2023\/07\/peoplesphere-lgo-new-generik.jpg","width":1031,"height":1479,"caption":"Peoplesphere Company srl"},"image":{"@id":"https:\/\/peoplesphere.be\/fr\/#\/schema\/logo\/image\/"},"sameAs":["https:\/\/www.facebook.com\/peoplesphere","https:\/\/twitter.com\/PeoplesphereMag","https:\/\/www.linkedin.com\/company\/7587361?trk","http:\/\/youtube.com\/peoplesphere"]},{"@type":"Person","@id":"https:\/\/peoplesphere.be\/fr\/#\/schema\/person\/7976225ff17988604334abb7b3536a7e","name":"Jean-Paul Erhard","image":{"@type":"ImageObject","inLanguage":"fr-FR","@id":"https:\/\/peoplesphere.be\/fr\/#\/schema\/person\/image\/","url":"https:\/\/secure.gravatar.com\/avatar\/f941e681460179738071629a51574930?s=96&d=mm&r=g","contentUrl":"https:\/\/secure.gravatar.com\/avatar\/f941e681460179738071629a51574930?s=96&d=mm&r=g","caption":"Jean-Paul Erhard"},"url":"https:\/\/peoplesphere.be\/fr\/author\/jpe\/"}]}},"_links":{"self":[{"href":"https:\/\/peoplesphere.be\/fr\/wp-json\/wp\/v2\/posts\/15142"}],"collection":[{"href":"https:\/\/peoplesphere.be\/fr\/wp-json\/wp\/v2\/posts"}],"about":[{"href":"https:\/\/peoplesphere.be\/fr\/wp-json\/wp\/v2\/types\/post"}],"author":[{"embeddable":true,"href":"https:\/\/peoplesphere.be\/fr\/wp-json\/wp\/v2\/users\/2"}],"replies":[{"embeddable":true,"href":"https:\/\/peoplesphere.be\/fr\/wp-json\/wp\/v2\/comments?post=15142"}],"version-history":[{"count":1,"href":"https:\/\/peoplesphere.be\/fr\/wp-json\/wp\/v2\/posts\/15142\/revisions"}],"predecessor-version":[{"id":15143,"href":"https:\/\/peoplesphere.be\/fr\/wp-json\/wp\/v2\/posts\/15142\/revisions\/15143"}],"wp:attachment":[{"href":"https:\/\/peoplesphere.be\/fr\/wp-json\/wp\/v2\/media?parent=15142"}],"wp:term":[{"taxonomy":"category","embeddable":true,"href":"https:\/\/peoplesphere.be\/fr\/wp-json\/wp\/v2\/categories?post=15142"},{"taxonomy":"post_tag","embeddable":true,"href":"https:\/\/peoplesphere.be\/fr\/wp-json\/wp\/v2\/tags?post=15142"}],"curies":[{"name":"wp","href":"https:\/\/api.w.org\/{rel}","templated":true}]}}