









{"id":15144,"date":"2023-10-19T04:16:01","date_gmt":"2023-10-19T02:16:01","guid":{"rendered":"https:\/\/peoplesphere.be\/fr\/?p=15144"},"modified":"2023-10-19T04:20:28","modified_gmt":"2023-10-19T02:20:28","slug":"editorial-bien-etre-sante-des-travailleurs-quel-retour-sur-investissement-attendu-pour-les-initiatives-multiples-developpees-par-nos-entreprises","status":"publish","type":"post","link":"https:\/\/peoplesphere.be\/fr\/editorial-bien-etre-sante-des-travailleurs-quel-retour-sur-investissement-attendu-pour-les-initiatives-multiples-developpees-par-nos-entreprises\/","title":{"rendered":"Editorial &#8211; Bien-\u00eatre &#038; Sant\u00e9 des travailleurs: quel retour sur investissement attendu pour les initiatives multiples d\u00e9velopp\u00e9es par nos entreprises?"},"content":{"rendered":"<p>Bien-\u00eatre et rentabilit\u00e9\u2026 Est-ce vulgaire d\u2019aborder les deux questions dans une seule et m\u00eame r\u00e9flexion? Garantir le bien-\u00eatre des travailleurs, c\u2019est avant tout une obligation l\u00e9gale ainsi qu\u2019un devoir moral. Est-il donc opportun de parler d\u2019investissement, de gestion, de finance lorsqu\u2019il en va de l\u2019int\u00e9grit\u00e9 physique et mentale des personnes qui bossent avec nous?<!--more--><\/p>\n<p>Nous pensons que c\u2019est pertinent, l\u00e9gitime et n\u00e9cessaire. Et nous allons m\u00eame essayer de partager ici un mod\u00e8le en trois temps, un mod\u00e8le qui va crescendo dans les ambitions de nos organisations en ce qui concerne le retour sur investissement de nos projets en la mati\u00e8re.<\/p>\n<p><strong><em>Temps 1 &#8211; Prot\u00e9ger les \u2018assets\u2019<\/em><\/strong><\/p>\n<p>Nous pouvons reprocher parfois \u00e0 nos entreprises de d\u00e9velopper une approche \u2018assurantielle\u2019 du bien-\u00eatre. En gros, ce ne sont pas tellement des convictions humanistes qui guideraient leurs actions. Celles-ci seraient dict\u00e9es par une gestion pr\u00e9visionnelle des risques de sant\u00e9. Il s\u2019agit aussi de r\u00e9pondre \u00e0 des attentes connues (s\u00e9curit\u00e9, confort, perspectives d\u2019avenir, apprentissage et accomplissement de soi dans le meilleur des cas\u2026). L\u2019ambition est limit\u00e9e mais elle reste noble n\u00e9anmoins.<br \/>\nGarantir l\u2019int\u00e9grit\u00e9 physique et psychologique des travailleurs, cela repr\u00e9sente en effet un investissement essentiel dont la rentabilit\u00e9 se mesure directement via la capacit\u00e9 de l\u2019organisation \u00e0 remplir sa mission dans la dur\u00e9e.<br \/>\nCela va plus loin aujourd\u2019hui puisque nos entreprises sont de plus en plus nombreuses \u00e0 participer \u00e0 l\u2019am\u00e9lioration des conditions de vie de ses collaborateurs dans leur vie quotidienne et particuli\u00e8rement dans la sph\u00e8re priv\u00e9e. Cela ressort de la m\u00eame ambition, consistant \u00e0 prot\u00e9ger celles et ceux qui travaillent avec nous, en tout cas lorsqu\u2019ils en ont besoin (ce qui sous-entend aussi que nous puissions r\u00e9pondre de fa\u00e7on personnalis\u00e9e, nous y reviendrons). Quid de la pertinence de cet investissement? Tout simplement indispensable.<\/p>\n<p><strong><em>Temps 2 &#8211; Prendre sa part soci\u00e9tale<\/em><\/strong><\/p>\n<p>Puisqu\u2019il est question d\u2019aller plus loin, nous voulons \u00e9voquer la dimension soci\u00e9tale qui doit, id\u00e9alement, sous-tendre les investissements de nos entreprises en mati\u00e8re de bien-\u00eatre. Que ce soit par le biais d\u2019une politique RSE structur\u00e9e ou par le d\u00e9veloppement de r\u00e9mun\u00e9rations alternatives qui touchent \u00e0 la sant\u00e9, au final peu importe. Au fond, ceci est tr\u00e8s coh\u00e9rent avec la place qu\u2019occupe l\u2019entreprise dans la vie quotidienne de chacun.e de ses collaborateurs. Mais voyons plus loin ici aussi.<br \/>\nL\u2019int\u00e9r\u00eat d\u2019une d\u00e9marche soci\u00e9tale est d\u2019ajouter justement une couche \u2018collective\u2019 \u00e0 ce qui pr\u00e9c\u00e8de. Le bien-\u00eatre et la sant\u00e9 des travailleurs ne se d\u00e9finissent pas uniquement par leur bilan de sant\u00e9 individuel. Ils sont \u00e9troitement li\u00e9s \u00e0 la qualit\u00e9 de vie ressentie dans leur environnement imm\u00e9diat.<br \/>\nCela pose une question de principe bien s\u00fbr: est-il normal que l\u2019employeur se substitue chaque jour davantage aux acteurs publics? Dans le domaine de l&rsquo;\u00e9ducation par exemple. Ou dans l\u2019acc\u00e8s \u00e0 des infrastructures de loisirs qui ne sont plus gratuites. Dans la sensibilisation \u00e0 des initiatives globales, li\u00e9es \u00e0 la pr\u00e9servation de l\u2019environnement encore\u2026 Libre \u00e0 chacun.e de s\u2019interroger. Nous savons entre-temps que ces investissements soci\u00e9taux sont n\u00e9cessaires eux aussi compte tenu de l\u2019\u00e9tat des finances publiques.<\/p>\n<p><em><strong>Temps 3 &#8211; Absorber la douleur du monde pour proposer un mod\u00e8le inspirant<\/strong><\/em><\/p>\n<p>Enfin, en ces temps o\u00f9 l\u2019anxi\u00e9t\u00e9 \u00e0 causes multiples atteint de nouveaux sommets, nous voyons des dirigeants, des actionnaires, des managers d\u00e9termin\u00e9s \u00e0 proposer un mod\u00e8le de vie commune qui permet de faire face lorsque tout s\u2019effondre.<br \/>\nIl faut partir d\u2019un constat lucide. Nous voulons toujours \u00eatre dans la nuance et \u00e9viter de sur-r\u00e9agir \u00e0 l\u2019actualit\u00e9, mais l\u00e0, tout de m\u00eame\u2026 Les limites de la violence sont franchies tous les jours, dans la plupart de nos interactions avec nos semblables.<\/p>\n<p>L\u2019entreprise con\u00e7ue comme une bulle de bien-\u00eatre peut offrir une respiration. C\u2019est une inversion de paradigme que nous voulons envisager. L\u2019atmosph\u00e8re comp\u00e9titive \u00e0 laquelle nos bo\u00eetes sont associ\u00e9es peut c\u00e9der la place \u00e0 un collectif solidaire qui peut faire face aux difficult\u00e9s. Avec pour ambition volontariste et raisonnable: cr\u00e9er des moments de joie de temps en temps, offrir \u00e0 celles et ceux qui le souhaitent (pas tout le monde, pas tout le temps\u2026) des instants d\u2019\u00e9blouissement.<\/p>\n<p>Au moment o\u00f9 il est difficile de rester optimiste, le r\u00f4le de nos proches est essentiel. Or, nos coll\u00e8gues nos collaborateurs, nos managers &#8211; bref, celles et ceux qui composent notre environnement professionnel &#8211; font ind\u00e9niablement partie de ce cercle. C\u2019est une r\u00e9alit\u00e9 \u2018mat\u00e9rielle\u2019, il suffit de compter les heures que nous passons ensemble.<br \/>\nLa responsabilit\u00e9 de l\u2019employeur ne consiste alors plus seulement \u00e0 garantir que le bien-\u00eatre et la sant\u00e9 de ses collaborateurs soit pr\u00e9serv\u00e9e. Elle pr\u00e9voit d\u00e9sormais \u00e9galement d\u2019offrir des parenth\u00e8ses de vie, poussant le curseur jusqu\u2019\u00e0 donner lieu \u00e0 des moments d\u2019emphase o\u00f9 s\u2019expriment l\u2019empathie, la coll\u00e9gialit\u00e9, la gratitude&#8230; Tout ce qui transforme profond\u00e9ment le cours d\u2019une journ\u00e9e, d\u2019une semaine, d\u2019un mois, d\u2019une ann\u00e9e, d\u2019une vie. Un rem\u00e8de certain contre l\u2019anxi\u00e9t\u00e9 qui plombe nos journ\u00e9es et celles de nos proches. Un r\u00e9el soin de sant\u00e9 au sens premier du terme. On est d\u2019accord\u2026 \u00e7a n\u2019a pas de prix ?<\/p>\n<p>Jean-Paul Erhard<\/p>\n<p>&nbsp;<\/p>\n<p><em>Visuel \u00a9Joy &#8211; Fox2000Pictures<\/em><\/p>\n","protected":false},"excerpt":{"rendered":"<p>Bien-\u00eatre et rentabilit\u00e9\u2026 Est-ce vulgaire d\u2019aborder les deux questions dans une seule et m\u00eame r\u00e9flexion? Garantir le bien-\u00eatre des travailleurs, c\u2019est avant tout une obligation l\u00e9gale ainsi qu\u2019un devoir moral. Est-il donc opportun de parler d\u2019investissement, de gestion, de finance [&hellip;]<\/p>\n","protected":false},"author":2,"featured_media":15147,"comment_status":"closed","ping_status":"open","sticky":false,"template":"","format":"standard","meta":[],"categories":[65,62,10,2],"tags":[96,850,17],"yoast_head":"<!-- This site is optimized with the Yoast SEO plugin v21.0 - https:\/\/yoast.com\/wordpress\/plugins\/seo\/ -->\n<title>Editorial - Bien-\u00eatre &amp; Sant\u00e9 des travailleurs: quel retour sur investissement attendu pour les initiatives multiples d\u00e9velopp\u00e9es par nos entreprises? - Peoplesphere<\/title>\n<meta name=\"description\" content=\"Editorial - Bien-\u00eatre &amp; Sant\u00e9 des travailleurs: quel retour sur investissement attendu pour les initiatives multiples d\u00e9velopp\u00e9es par nos entreprises?\" \/>\n<meta name=\"robots\" content=\"index, follow, max-snippet:-1, max-image-preview:large, max-video-preview:-1\" \/>\n<link rel=\"canonical\" href=\"https:\/\/peoplesphere.be\/fr\/editorial-bien-etre-sante-des-travailleurs-quel-retour-sur-investissement-attendu-pour-les-initiatives-multiples-developpees-par-nos-entreprises\/\" \/>\n<meta property=\"og:locale\" content=\"fr_FR\" \/>\n<meta property=\"og:type\" content=\"article\" \/>\n<meta property=\"og:title\" content=\"Editorial - Bien-\u00eatre &amp; Sant\u00e9 des travailleurs: quel retour sur investissement attendu pour les initiatives multiples d\u00e9velopp\u00e9es par nos entreprises? - Peoplesphere\" \/>\n<meta property=\"og:description\" content=\"Editorial - Bien-\u00eatre &amp; Sant\u00e9 des travailleurs: quel retour sur investissement attendu pour les initiatives multiples d\u00e9velopp\u00e9es par nos entreprises?\" \/>\n<meta property=\"og:url\" content=\"https:\/\/peoplesphere.be\/fr\/editorial-bien-etre-sante-des-travailleurs-quel-retour-sur-investissement-attendu-pour-les-initiatives-multiples-developpees-par-nos-entreprises\/\" \/>\n<meta property=\"og:site_name\" content=\"Peoplesphere\" \/>\n<meta property=\"article:publisher\" content=\"https:\/\/www.facebook.com\/peoplesphere\" \/>\n<meta property=\"article:published_time\" content=\"2023-10-19T02:16:01+00:00\" \/>\n<meta property=\"article:modified_time\" content=\"2023-10-19T02:20:28+00:00\" \/>\n<meta property=\"og:image\" content=\"https:\/\/peoplesphere.be\/fr\/wp-content\/uploads\/2023\/10\/20231018joyjenlo.jpg\" \/>\n\t<meta property=\"og:image:width\" content=\"1100\" \/>\n\t<meta property=\"og:image:height\" content=\"529\" \/>\n\t<meta property=\"og:image:type\" content=\"image\/jpeg\" \/>\n<meta name=\"author\" content=\"Jean-Paul Erhard\" \/>\n<meta name=\"twitter:card\" content=\"summary_large_image\" \/>\n<meta name=\"twitter:creator\" content=\"@PeoplesphereMag\" \/>\n<meta name=\"twitter:site\" content=\"@PeoplesphereMag\" \/>\n<meta name=\"twitter:label1\" content=\"\u00c9crit par\" \/>\n\t<meta name=\"twitter:data1\" content=\"Jean-Paul Erhard\" \/>\n\t<meta name=\"twitter:label2\" content=\"Dur\u00e9e de lecture estim\u00e9e\" \/>\n\t<meta name=\"twitter:data2\" content=\"5 minutes\" \/>\n<script type=\"application\/ld+json\" class=\"yoast-schema-graph\">{\"@context\":\"https:\/\/schema.org\",\"@graph\":[{\"@type\":\"Article\",\"@id\":\"https:\/\/peoplesphere.be\/fr\/editorial-bien-etre-sante-des-travailleurs-quel-retour-sur-investissement-attendu-pour-les-initiatives-multiples-developpees-par-nos-entreprises\/#article\",\"isPartOf\":{\"@id\":\"https:\/\/peoplesphere.be\/fr\/editorial-bien-etre-sante-des-travailleurs-quel-retour-sur-investissement-attendu-pour-les-initiatives-multiples-developpees-par-nos-entreprises\/\"},\"author\":{\"name\":\"Jean-Paul Erhard\",\"@id\":\"https:\/\/peoplesphere.be\/fr\/#\/schema\/person\/7976225ff17988604334abb7b3536a7e\"},\"headline\":\"Editorial &#8211; Bien-\u00eatre &#038; Sant\u00e9 des travailleurs: quel retour sur investissement attendu pour les initiatives multiples d\u00e9velopp\u00e9es par nos entreprises?\",\"datePublished\":\"2023-10-19T02:16:01+00:00\",\"dateModified\":\"2023-10-19T02:20:28+00:00\",\"mainEntityOfPage\":{\"@id\":\"https:\/\/peoplesphere.be\/fr\/editorial-bien-etre-sante-des-travailleurs-quel-retour-sur-investissement-attendu-pour-les-initiatives-multiples-developpees-par-nos-entreprises\/\"},\"wordCount\":971,\"publisher\":{\"@id\":\"https:\/\/peoplesphere.be\/fr\/#organization\"},\"keywords\":[\"bien-\u00eatre\",\"ROI\",\"Sant\u00e9\"],\"articleSection\":[\"Actualit\u00e9s\",\"Articles\",\"Digital\",\"Magazine\"],\"inLanguage\":\"fr-FR\"},{\"@type\":\"WebPage\",\"@id\":\"https:\/\/peoplesphere.be\/fr\/editorial-bien-etre-sante-des-travailleurs-quel-retour-sur-investissement-attendu-pour-les-initiatives-multiples-developpees-par-nos-entreprises\/\",\"url\":\"https:\/\/peoplesphere.be\/fr\/editorial-bien-etre-sante-des-travailleurs-quel-retour-sur-investissement-attendu-pour-les-initiatives-multiples-developpees-par-nos-entreprises\/\",\"name\":\"Editorial - Bien-\u00eatre & Sant\u00e9 des travailleurs: quel retour sur investissement attendu pour les initiatives multiples d\u00e9velopp\u00e9es par nos entreprises? - Peoplesphere\",\"isPartOf\":{\"@id\":\"https:\/\/peoplesphere.be\/fr\/#website\"},\"datePublished\":\"2023-10-19T02:16:01+00:00\",\"dateModified\":\"2023-10-19T02:20:28+00:00\",\"description\":\"Editorial - Bien-\u00eatre & Sant\u00e9 des travailleurs: quel retour sur investissement attendu pour les initiatives multiples d\u00e9velopp\u00e9es par nos entreprises?\",\"breadcrumb\":{\"@id\":\"https:\/\/peoplesphere.be\/fr\/editorial-bien-etre-sante-des-travailleurs-quel-retour-sur-investissement-attendu-pour-les-initiatives-multiples-developpees-par-nos-entreprises\/#breadcrumb\"},\"inLanguage\":\"fr-FR\",\"potentialAction\":[{\"@type\":\"ReadAction\",\"target\":[\"https:\/\/peoplesphere.be\/fr\/editorial-bien-etre-sante-des-travailleurs-quel-retour-sur-investissement-attendu-pour-les-initiatives-multiples-developpees-par-nos-entreprises\/\"]}]},{\"@type\":\"BreadcrumbList\",\"@id\":\"https:\/\/peoplesphere.be\/fr\/editorial-bien-etre-sante-des-travailleurs-quel-retour-sur-investissement-attendu-pour-les-initiatives-multiples-developpees-par-nos-entreprises\/#breadcrumb\",\"itemListElement\":[{\"@type\":\"ListItem\",\"position\":1,\"name\":\"Accueil\",\"item\":\"https:\/\/peoplesphere.be\/fr\/\"},{\"@type\":\"ListItem\",\"position\":2,\"name\":\"Editorial &#8211; Bien-\u00eatre &#038; Sant\u00e9 des travailleurs: quel retour sur investissement attendu pour les initiatives multiples d\u00e9velopp\u00e9es par nos entreprises?\"}]},{\"@type\":\"WebSite\",\"@id\":\"https:\/\/peoplesphere.be\/fr\/#website\",\"url\":\"https:\/\/peoplesphere.be\/fr\/\",\"name\":\"Peoplesphere\",\"description\":\"The People Managers Magazine\",\"publisher\":{\"@id\":\"https:\/\/peoplesphere.be\/fr\/#organization\"},\"potentialAction\":[{\"@type\":\"SearchAction\",\"target\":{\"@type\":\"EntryPoint\",\"urlTemplate\":\"https:\/\/peoplesphere.be\/fr\/?s={search_term_string}\"},\"query-input\":\"required name=search_term_string\"}],\"inLanguage\":\"fr-FR\"},{\"@type\":\"Organization\",\"@id\":\"https:\/\/peoplesphere.be\/fr\/#organization\",\"name\":\"Peoplesphere Company srl\",\"url\":\"https:\/\/peoplesphere.be\/fr\/\",\"logo\":{\"@type\":\"ImageObject\",\"inLanguage\":\"fr-FR\",\"@id\":\"https:\/\/peoplesphere.be\/fr\/#\/schema\/logo\/image\/\",\"url\":\"https:\/\/peoplesphere.be\/fr\/wp-content\/uploads\/2023\/07\/peoplesphere-lgo-new-generik.jpg\",\"contentUrl\":\"https:\/\/peoplesphere.be\/fr\/wp-content\/uploads\/2023\/07\/peoplesphere-lgo-new-generik.jpg\",\"width\":1031,\"height\":1479,\"caption\":\"Peoplesphere Company srl\"},\"image\":{\"@id\":\"https:\/\/peoplesphere.be\/fr\/#\/schema\/logo\/image\/\"},\"sameAs\":[\"https:\/\/www.facebook.com\/peoplesphere\",\"https:\/\/twitter.com\/PeoplesphereMag\",\"https:\/\/www.linkedin.com\/company\/7587361?trk\",\"http:\/\/youtube.com\/peoplesphere\"]},{\"@type\":\"Person\",\"@id\":\"https:\/\/peoplesphere.be\/fr\/#\/schema\/person\/7976225ff17988604334abb7b3536a7e\",\"name\":\"Jean-Paul Erhard\",\"image\":{\"@type\":\"ImageObject\",\"inLanguage\":\"fr-FR\",\"@id\":\"https:\/\/peoplesphere.be\/fr\/#\/schema\/person\/image\/\",\"url\":\"https:\/\/secure.gravatar.com\/avatar\/f941e681460179738071629a51574930?s=96&d=mm&r=g\",\"contentUrl\":\"https:\/\/secure.gravatar.com\/avatar\/f941e681460179738071629a51574930?s=96&d=mm&r=g\",\"caption\":\"Jean-Paul Erhard\"},\"url\":\"https:\/\/peoplesphere.be\/fr\/author\/jpe\/\"}]}<\/script>\n<!-- \/ Yoast SEO plugin. -->","yoast_head_json":{"title":"Editorial - Bien-\u00eatre & Sant\u00e9 des travailleurs: quel retour sur investissement attendu pour les initiatives multiples d\u00e9velopp\u00e9es par nos entreprises? - Peoplesphere","description":"Editorial - Bien-\u00eatre & Sant\u00e9 des travailleurs: quel retour sur investissement attendu pour les initiatives multiples d\u00e9velopp\u00e9es par nos entreprises?","robots":{"index":"index","follow":"follow","max-snippet":"max-snippet:-1","max-image-preview":"max-image-preview:large","max-video-preview":"max-video-preview:-1"},"canonical":"https:\/\/peoplesphere.be\/fr\/editorial-bien-etre-sante-des-travailleurs-quel-retour-sur-investissement-attendu-pour-les-initiatives-multiples-developpees-par-nos-entreprises\/","og_locale":"fr_FR","og_type":"article","og_title":"Editorial - Bien-\u00eatre & Sant\u00e9 des travailleurs: quel retour sur investissement attendu pour les initiatives multiples d\u00e9velopp\u00e9es par nos entreprises? - Peoplesphere","og_description":"Editorial - Bien-\u00eatre & Sant\u00e9 des travailleurs: quel retour sur investissement attendu pour les initiatives multiples d\u00e9velopp\u00e9es par nos entreprises?","og_url":"https:\/\/peoplesphere.be\/fr\/editorial-bien-etre-sante-des-travailleurs-quel-retour-sur-investissement-attendu-pour-les-initiatives-multiples-developpees-par-nos-entreprises\/","og_site_name":"Peoplesphere","article_publisher":"https:\/\/www.facebook.com\/peoplesphere","article_published_time":"2023-10-19T02:16:01+00:00","article_modified_time":"2023-10-19T02:20:28+00:00","og_image":[{"width":1100,"height":529,"url":"https:\/\/peoplesphere.be\/fr\/wp-content\/uploads\/2023\/10\/20231018joyjenlo.jpg","type":"image\/jpeg"}],"author":"Jean-Paul Erhard","twitter_card":"summary_large_image","twitter_creator":"@PeoplesphereMag","twitter_site":"@PeoplesphereMag","twitter_misc":{"\u00c9crit par":"Jean-Paul Erhard","Dur\u00e9e de lecture estim\u00e9e":"5 minutes"},"schema":{"@context":"https:\/\/schema.org","@graph":[{"@type":"Article","@id":"https:\/\/peoplesphere.be\/fr\/editorial-bien-etre-sante-des-travailleurs-quel-retour-sur-investissement-attendu-pour-les-initiatives-multiples-developpees-par-nos-entreprises\/#article","isPartOf":{"@id":"https:\/\/peoplesphere.be\/fr\/editorial-bien-etre-sante-des-travailleurs-quel-retour-sur-investissement-attendu-pour-les-initiatives-multiples-developpees-par-nos-entreprises\/"},"author":{"name":"Jean-Paul Erhard","@id":"https:\/\/peoplesphere.be\/fr\/#\/schema\/person\/7976225ff17988604334abb7b3536a7e"},"headline":"Editorial &#8211; Bien-\u00eatre &#038; Sant\u00e9 des travailleurs: quel retour sur investissement attendu pour les initiatives multiples d\u00e9velopp\u00e9es par nos entreprises?","datePublished":"2023-10-19T02:16:01+00:00","dateModified":"2023-10-19T02:20:28+00:00","mainEntityOfPage":{"@id":"https:\/\/peoplesphere.be\/fr\/editorial-bien-etre-sante-des-travailleurs-quel-retour-sur-investissement-attendu-pour-les-initiatives-multiples-developpees-par-nos-entreprises\/"},"wordCount":971,"publisher":{"@id":"https:\/\/peoplesphere.be\/fr\/#organization"},"keywords":["bien-\u00eatre","ROI","Sant\u00e9"],"articleSection":["Actualit\u00e9s","Articles","Digital","Magazine"],"inLanguage":"fr-FR"},{"@type":"WebPage","@id":"https:\/\/peoplesphere.be\/fr\/editorial-bien-etre-sante-des-travailleurs-quel-retour-sur-investissement-attendu-pour-les-initiatives-multiples-developpees-par-nos-entreprises\/","url":"https:\/\/peoplesphere.be\/fr\/editorial-bien-etre-sante-des-travailleurs-quel-retour-sur-investissement-attendu-pour-les-initiatives-multiples-developpees-par-nos-entreprises\/","name":"Editorial - Bien-\u00eatre & Sant\u00e9 des travailleurs: quel retour sur investissement attendu pour les initiatives multiples d\u00e9velopp\u00e9es par nos entreprises? - Peoplesphere","isPartOf":{"@id":"https:\/\/peoplesphere.be\/fr\/#website"},"datePublished":"2023-10-19T02:16:01+00:00","dateModified":"2023-10-19T02:20:28+00:00","description":"Editorial - Bien-\u00eatre & Sant\u00e9 des travailleurs: quel retour sur investissement attendu pour les initiatives multiples d\u00e9velopp\u00e9es par nos entreprises?","breadcrumb":{"@id":"https:\/\/peoplesphere.be\/fr\/editorial-bien-etre-sante-des-travailleurs-quel-retour-sur-investissement-attendu-pour-les-initiatives-multiples-developpees-par-nos-entreprises\/#breadcrumb"},"inLanguage":"fr-FR","potentialAction":[{"@type":"ReadAction","target":["https:\/\/peoplesphere.be\/fr\/editorial-bien-etre-sante-des-travailleurs-quel-retour-sur-investissement-attendu-pour-les-initiatives-multiples-developpees-par-nos-entreprises\/"]}]},{"@type":"BreadcrumbList","@id":"https:\/\/peoplesphere.be\/fr\/editorial-bien-etre-sante-des-travailleurs-quel-retour-sur-investissement-attendu-pour-les-initiatives-multiples-developpees-par-nos-entreprises\/#breadcrumb","itemListElement":[{"@type":"ListItem","position":1,"name":"Accueil","item":"https:\/\/peoplesphere.be\/fr\/"},{"@type":"ListItem","position":2,"name":"Editorial &#8211; Bien-\u00eatre &#038; Sant\u00e9 des travailleurs: quel retour sur investissement attendu pour les initiatives multiples d\u00e9velopp\u00e9es par nos entreprises?"}]},{"@type":"WebSite","@id":"https:\/\/peoplesphere.be\/fr\/#website","url":"https:\/\/peoplesphere.be\/fr\/","name":"Peoplesphere","description":"The People Managers Magazine","publisher":{"@id":"https:\/\/peoplesphere.be\/fr\/#organization"},"potentialAction":[{"@type":"SearchAction","target":{"@type":"EntryPoint","urlTemplate":"https:\/\/peoplesphere.be\/fr\/?s={search_term_string}"},"query-input":"required name=search_term_string"}],"inLanguage":"fr-FR"},{"@type":"Organization","@id":"https:\/\/peoplesphere.be\/fr\/#organization","name":"Peoplesphere Company srl","url":"https:\/\/peoplesphere.be\/fr\/","logo":{"@type":"ImageObject","inLanguage":"fr-FR","@id":"https:\/\/peoplesphere.be\/fr\/#\/schema\/logo\/image\/","url":"https:\/\/peoplesphere.be\/fr\/wp-content\/uploads\/2023\/07\/peoplesphere-lgo-new-generik.jpg","contentUrl":"https:\/\/peoplesphere.be\/fr\/wp-content\/uploads\/2023\/07\/peoplesphere-lgo-new-generik.jpg","width":1031,"height":1479,"caption":"Peoplesphere Company srl"},"image":{"@id":"https:\/\/peoplesphere.be\/fr\/#\/schema\/logo\/image\/"},"sameAs":["https:\/\/www.facebook.com\/peoplesphere","https:\/\/twitter.com\/PeoplesphereMag","https:\/\/www.linkedin.com\/company\/7587361?trk","http:\/\/youtube.com\/peoplesphere"]},{"@type":"Person","@id":"https:\/\/peoplesphere.be\/fr\/#\/schema\/person\/7976225ff17988604334abb7b3536a7e","name":"Jean-Paul Erhard","image":{"@type":"ImageObject","inLanguage":"fr-FR","@id":"https:\/\/peoplesphere.be\/fr\/#\/schema\/person\/image\/","url":"https:\/\/secure.gravatar.com\/avatar\/f941e681460179738071629a51574930?s=96&d=mm&r=g","contentUrl":"https:\/\/secure.gravatar.com\/avatar\/f941e681460179738071629a51574930?s=96&d=mm&r=g","caption":"Jean-Paul Erhard"},"url":"https:\/\/peoplesphere.be\/fr\/author\/jpe\/"}]}},"_links":{"self":[{"href":"https:\/\/peoplesphere.be\/fr\/wp-json\/wp\/v2\/posts\/15144"}],"collection":[{"href":"https:\/\/peoplesphere.be\/fr\/wp-json\/wp\/v2\/posts"}],"about":[{"href":"https:\/\/peoplesphere.be\/fr\/wp-json\/wp\/v2\/types\/post"}],"author":[{"embeddable":true,"href":"https:\/\/peoplesphere.be\/fr\/wp-json\/wp\/v2\/users\/2"}],"replies":[{"embeddable":true,"href":"https:\/\/peoplesphere.be\/fr\/wp-json\/wp\/v2\/comments?post=15144"}],"version-history":[{"count":3,"href":"https:\/\/peoplesphere.be\/fr\/wp-json\/wp\/v2\/posts\/15144\/revisions"}],"predecessor-version":[{"id":15149,"href":"https:\/\/peoplesphere.be\/fr\/wp-json\/wp\/v2\/posts\/15144\/revisions\/15149"}],"wp:featuredmedia":[{"embeddable":true,"href":"https:\/\/peoplesphere.be\/fr\/wp-json\/wp\/v2\/media\/15147"}],"wp:attachment":[{"href":"https:\/\/peoplesphere.be\/fr\/wp-json\/wp\/v2\/media?parent=15144"}],"wp:term":[{"taxonomy":"category","embeddable":true,"href":"https:\/\/peoplesphere.be\/fr\/wp-json\/wp\/v2\/categories?post=15144"},{"taxonomy":"post_tag","embeddable":true,"href":"https:\/\/peoplesphere.be\/fr\/wp-json\/wp\/v2\/tags?post=15144"}],"curies":[{"name":"wp","href":"https:\/\/api.w.org\/{rel}","templated":true}]}}