









{"id":15172,"date":"2023-10-24T07:14:11","date_gmt":"2023-10-24T05:14:11","guid":{"rendered":"https:\/\/peoplesphere.be\/fr\/?p=15172"},"modified":"2023-10-24T07:14:11","modified_gmt":"2023-10-24T05:14:11","slug":"tendance-confirmee-le-nombre-de-nouveaux-independants-dans-le-secteur-des-services-atteint-un-niveau-record","status":"publish","type":"post","link":"https:\/\/peoplesphere.be\/fr\/tendance-confirmee-le-nombre-de-nouveaux-independants-dans-le-secteur-des-services-atteint-un-niveau-record\/","title":{"rendered":"Tendance confirm\u00e9e: le nombre de nouveaux ind\u00e9pendants dans le secteur des services atteint un niveau record."},"content":{"rendered":"<p>Plus de 40 000 ind\u00e9pendants se sont lanc\u00e9s dans une profession lib\u00e9rale au cours de l\u2019ann\u00e9e \u00e9coul\u00e9e: une augmentation de plus de 16 % par rapport \u00e0 il y a cinq ans. Cela repr\u00e9sente un tiers de tous les ind\u00e9pendants ayant d\u00e9but\u00e9 l\u2019an dernier. Un nombre record dans notre pays. Un peu plus de la moiti\u00e9 des personnes se lan\u00e7ant dans une profession lib\u00e9rale sont des femmes (51,4 %).<!--more--><\/p>\n<p>Selon les chiffres les plus r\u00e9cents de l\u2019Institut national d\u2019assurances sociales pour travailleurs ind\u00e9pendants (INASTI), c\u2019est surtout le secteur de l\u2019IT qui a vu l\u2019arriv\u00e9e d\u2019un grand nombre de professions lib\u00e9rales ces derni\u00e8res ann\u00e9es. Le nombre d\u2019architectes d\u00e9butants a, quant \u00e0 lui, remarquablement diminu\u00e9 ces derni\u00e8res ann\u00e9es. \u200b \u200b \u200b \u200b \u200b<\/p>\n<p><strong><em>Un tiers des ind\u00e9pendants se lancent dans une profession lib\u00e9rale<\/em><\/strong><\/p>\n<p>Les professions lib\u00e9rales ont le vent en poupe dans notre pays, selon les chiffres les plus r\u00e9cents de l\u2019INASTI analys\u00e9s par Acerta. Au cours de l\u2019ann\u00e9e \u00e9coul\u00e9e, pas moins de 40.338 personnes ont franchi le pas vers une profession lib\u00e9rale en Belgique. Ce chiffre n\u2019a jamais \u00e9t\u00e9 aussi \u00e9lev\u00e9 qu\u2019aujourd\u2019hui. Il repr\u00e9sente en outre un tiers (32,6%) du nombre total d\u2019ind\u00e9pendants ayant d\u00e9marr\u00e9 une activit\u00e9 au cours de l\u2019ann\u00e9e \u00e9coul\u00e9e. L\u2019an dernier, le flux entrant de professions lib\u00e9rales \u00e9tait 2,4% plus \u00e9lev\u00e9 qu\u2019en 2021 et pas moins de 16,4% plus \u00e9lev\u00e9 qu\u2019il y a cinq ans. Le ratio activit\u00e9 \u00e0 titre principal\/activit\u00e9 \u00e0 titre compl\u00e9mentaire reste plus ou moins stable \u00e0 60\/40.<\/p>\n<p>Sander Vanbellingen, Manager Starters et Ind\u00e9pendants chez Acerta : <em>\u00ab\u00a0L\u2019int\u00e9r\u00eat croissant pour le statut d\u2019ind\u00e9pendant et les professions lib\u00e9rales en particulier ressort \u00e9galement des demandes d\u2019informations. La profession lib\u00e9rale est un statut sp\u00e9cifique qui comporte certains avantages, mais aussi certaines particularit\u00e9s administratives. Il est tr\u00e8s positif que de plus en plus de personnes \u2013 y compris des jeunes \u2013 franchissent le pas. Le fait que le filet de s\u00e9curit\u00e9 sociale pour un ind\u00e9pendant corresponde de plus en plus \u00e0 celui d\u2019un salari\u00e9 \u2013 pensez aux cong\u00e9s, \u00e0 la pension, etc. \u2013 a clairement abaiss\u00e9 le seuil. De plus, le statut offre une certaine libert\u00e9 d\u2019organisation, ce qui contribue \u00e9galement au succ\u00e8s de la profession lib\u00e9rale.\u00a0\u00bb<\/em><\/p>\n<p><strong><em>Nette croissance dans les m\u00e9tiers de l\u2019IT<\/em><\/strong><\/p>\n<p>Dans certaines professions lib\u00e9rales, l\u2019augmentation est plus marqu\u00e9e que dans d\u2019autres. En chiffres absolus, la hausse est la plus importante dans les professions des soins de sant\u00e9, avec une augmentation de 2701 infirmiers, 1718 kin\u00e9sith\u00e9rapeutes, 1040 m\u00e9decins g\u00e9n\u00e9ralistes et 962 m\u00e9decins sp\u00e9cialistes.<\/p>\n<p>En pourcentage, les augmentations sont les plus importantes ces cinq derni\u00e8res ann\u00e9es dans le secteur de l\u2019IT. En 2022, il y a eu 52,8% de d\u00e9veloppeurs de logiciels en plus \u2013 essentiellement des hommes \u2013 et 22,2% de consultants IT en plus.<\/p>\n<p>Certaines autres professions lib\u00e9rales ont enregistr\u00e9, quant \u00e0 elles, moins de starters en 2022 qu\u2019il y a cinq ans. Le nombre de nouveaux avocats stagne et le nombre d\u2019architectes a diminu\u00e9 de pr\u00e8s d\u2019un cinqui\u00e8me (-17%).<\/p>\n<p>Sander Vanbellingen ajoute : <em>\u00ab\u00a0Opter pour une profession lib\u00e9rale est souvent un choix d\u00e9j\u00e0 op\u00e9r\u00e9 pendant les \u00e9tudes : on \u00e9tudie pour devenir v\u00e9t\u00e9rinaire et on le devient donc aussi la plupart du temps. Idem pour les m\u00e9decins g\u00e9n\u00e9ralistes, les dentistes, les kin\u00e9sith\u00e9rapeutes, les infirmiers&#8230;. Il est logique que l\u2019on opte surtout pour des professions tr\u00e8s demand\u00e9es. \u00c0 l\u2019inverse, il n\u2019est pas illogique que des professions lib\u00e9rales o\u00f9 le rapport offre\/demande est beaucoup moins tendu enregistrent une croissance bien plus mod\u00e9r\u00e9e, voire nulle, du nombre de starters.\u00a0\u00bb<\/em><\/p>\n<p><strong><em>Un peu plus de la moiti\u00e9 des personnes se lan\u00e7ant dans une profession lib\u00e9rale sont des femmes<\/em><\/strong><\/p>\n<p>Enfin, un autre \u00e9l\u00e9ment frappant qui ressort des chiffres est le rapport hommes\/femmes ; la proportion de femmes se lan\u00e7ant dans une profession lib\u00e9rale est l\u00e9g\u00e8rement sup\u00e9rieure \u00e0 celle des hommes : 51,4% contre 48,6%.<\/p>\n<p>&nbsp;<\/p>\n<p><em>Source: Acerta &#8211; L\u2019analyse est bas\u00e9e sur les chiffres de l\u2019Institut national d\u2019assurances sociales pour travailleurs ind\u00e9pendants (INASTI).<\/em><\/p>\n<p><em>Note : Qu\u2019est-ce qu\u2019une profession lib\u00e9rale? On entend par \u00ab profession lib\u00e9rale \u00bb un ind\u00e9pendant exer\u00e7ant une profession lib\u00e9rale et intellectuelle, avec une sp\u00e9cialisation d\u00e9limit\u00e9e, qui fournit principalement des services ou des produits intellectuels.<\/em><\/p>\n","protected":false},"excerpt":{"rendered":"<p>Plus de 40 000 ind\u00e9pendants se sont lanc\u00e9s dans une profession lib\u00e9rale au cours de l\u2019ann\u00e9e \u00e9coul\u00e9e: une augmentation de plus de 16 % par rapport \u00e0 il y a cinq ans. Cela repr\u00e9sente un tiers de tous les ind\u00e9pendants [&hellip;]<\/p>\n","protected":false},"author":2,"featured_media":0,"comment_status":"closed","ping_status":"open","sticky":false,"template":"","format":"standard","meta":[],"categories":[65,10],"tags":[2184,285,692,3904],"yoast_head":"<!-- This site is optimized with the Yoast SEO plugin v21.0 - https:\/\/yoast.com\/wordpress\/plugins\/seo\/ -->\n<title>Tendance confirm\u00e9e: le nombre de nouveaux ind\u00e9pendants dans le secteur des services atteint un niveau record. - Peoplesphere<\/title>\n<meta name=\"robots\" content=\"index, follow, max-snippet:-1, max-image-preview:large, max-video-preview:-1\" \/>\n<link rel=\"canonical\" href=\"https:\/\/peoplesphere.be\/fr\/tendance-confirmee-le-nombre-de-nouveaux-independants-dans-le-secteur-des-services-atteint-un-niveau-record\/\" \/>\n<meta property=\"og:locale\" content=\"fr_FR\" \/>\n<meta property=\"og:type\" content=\"article\" \/>\n<meta property=\"og:title\" content=\"Tendance confirm\u00e9e: le nombre de nouveaux ind\u00e9pendants dans le secteur des services atteint un niveau record. - Peoplesphere\" \/>\n<meta property=\"og:description\" content=\"Plus de 40 000 ind\u00e9pendants se sont lanc\u00e9s dans une profession lib\u00e9rale au cours de l\u2019ann\u00e9e \u00e9coul\u00e9e: une augmentation de plus de 16 % par rapport \u00e0 il y a cinq ans. Cela repr\u00e9sente un tiers de tous les ind\u00e9pendants [&hellip;]\" \/>\n<meta property=\"og:url\" content=\"https:\/\/peoplesphere.be\/fr\/tendance-confirmee-le-nombre-de-nouveaux-independants-dans-le-secteur-des-services-atteint-un-niveau-record\/\" \/>\n<meta property=\"og:site_name\" content=\"Peoplesphere\" \/>\n<meta property=\"article:publisher\" content=\"https:\/\/www.facebook.com\/peoplesphere\" \/>\n<meta property=\"article:published_time\" content=\"2023-10-24T05:14:11+00:00\" \/>\n<meta property=\"og:image\" content=\"http:\/\/www.peoplesphere.be\/fr\/wp-content\/uploads\/2016\/07\/facebook-default-posting-1200x628px.jpg\" \/>\n<meta name=\"author\" content=\"Jean-Paul Erhard\" \/>\n<meta name=\"twitter:card\" content=\"summary_large_image\" \/>\n<meta name=\"twitter:creator\" content=\"@PeoplesphereMag\" \/>\n<meta name=\"twitter:site\" content=\"@PeoplesphereMag\" \/>\n<meta name=\"twitter:label1\" content=\"\u00c9crit par\" \/>\n\t<meta name=\"twitter:data1\" content=\"Jean-Paul Erhard\" \/>\n\t<meta name=\"twitter:label2\" content=\"Dur\u00e9e de lecture estim\u00e9e\" \/>\n\t<meta name=\"twitter:data2\" content=\"4 minutes\" \/>\n<script type=\"application\/ld+json\" class=\"yoast-schema-graph\">{\"@context\":\"https:\/\/schema.org\",\"@graph\":[{\"@type\":\"Article\",\"@id\":\"https:\/\/peoplesphere.be\/fr\/tendance-confirmee-le-nombre-de-nouveaux-independants-dans-le-secteur-des-services-atteint-un-niveau-record\/#article\",\"isPartOf\":{\"@id\":\"https:\/\/peoplesphere.be\/fr\/tendance-confirmee-le-nombre-de-nouveaux-independants-dans-le-secteur-des-services-atteint-un-niveau-record\/\"},\"author\":{\"name\":\"Jean-Paul Erhard\",\"@id\":\"https:\/\/peoplesphere.be\/fr\/#\/schema\/person\/7976225ff17988604334abb7b3536a7e\"},\"headline\":\"Tendance confirm\u00e9e: le nombre de nouveaux ind\u00e9pendants dans le secteur des services atteint un niveau record.\",\"datePublished\":\"2023-10-24T05:14:11+00:00\",\"dateModified\":\"2023-10-24T05:14:11+00:00\",\"mainEntityOfPage\":{\"@id\":\"https:\/\/peoplesphere.be\/fr\/tendance-confirmee-le-nombre-de-nouveaux-independants-dans-le-secteur-des-services-atteint-un-niveau-record\/\"},\"wordCount\":783,\"publisher\":{\"@id\":\"https:\/\/peoplesphere.be\/fr\/#organization\"},\"keywords\":[\"consultance\",\"ind\u00e9pendants\",\"interim management\",\"profession lib\u00e9rale\"],\"articleSection\":[\"Actualit\u00e9s\",\"Digital\"],\"inLanguage\":\"fr-FR\"},{\"@type\":\"WebPage\",\"@id\":\"https:\/\/peoplesphere.be\/fr\/tendance-confirmee-le-nombre-de-nouveaux-independants-dans-le-secteur-des-services-atteint-un-niveau-record\/\",\"url\":\"https:\/\/peoplesphere.be\/fr\/tendance-confirmee-le-nombre-de-nouveaux-independants-dans-le-secteur-des-services-atteint-un-niveau-record\/\",\"name\":\"Tendance confirm\u00e9e: le nombre de nouveaux ind\u00e9pendants dans le secteur des services atteint un niveau record. - Peoplesphere\",\"isPartOf\":{\"@id\":\"https:\/\/peoplesphere.be\/fr\/#website\"},\"datePublished\":\"2023-10-24T05:14:11+00:00\",\"dateModified\":\"2023-10-24T05:14:11+00:00\",\"breadcrumb\":{\"@id\":\"https:\/\/peoplesphere.be\/fr\/tendance-confirmee-le-nombre-de-nouveaux-independants-dans-le-secteur-des-services-atteint-un-niveau-record\/#breadcrumb\"},\"inLanguage\":\"fr-FR\",\"potentialAction\":[{\"@type\":\"ReadAction\",\"target\":[\"https:\/\/peoplesphere.be\/fr\/tendance-confirmee-le-nombre-de-nouveaux-independants-dans-le-secteur-des-services-atteint-un-niveau-record\/\"]}]},{\"@type\":\"BreadcrumbList\",\"@id\":\"https:\/\/peoplesphere.be\/fr\/tendance-confirmee-le-nombre-de-nouveaux-independants-dans-le-secteur-des-services-atteint-un-niveau-record\/#breadcrumb\",\"itemListElement\":[{\"@type\":\"ListItem\",\"position\":1,\"name\":\"Accueil\",\"item\":\"https:\/\/peoplesphere.be\/fr\/\"},{\"@type\":\"ListItem\",\"position\":2,\"name\":\"Tendance confirm\u00e9e: le nombre de nouveaux ind\u00e9pendants dans le secteur des services atteint un niveau record.\"}]},{\"@type\":\"WebSite\",\"@id\":\"https:\/\/peoplesphere.be\/fr\/#website\",\"url\":\"https:\/\/peoplesphere.be\/fr\/\",\"name\":\"Peoplesphere\",\"description\":\"The People Managers Magazine\",\"publisher\":{\"@id\":\"https:\/\/peoplesphere.be\/fr\/#organization\"},\"potentialAction\":[{\"@type\":\"SearchAction\",\"target\":{\"@type\":\"EntryPoint\",\"urlTemplate\":\"https:\/\/peoplesphere.be\/fr\/?s={search_term_string}\"},\"query-input\":\"required name=search_term_string\"}],\"inLanguage\":\"fr-FR\"},{\"@type\":\"Organization\",\"@id\":\"https:\/\/peoplesphere.be\/fr\/#organization\",\"name\":\"Peoplesphere Company srl\",\"url\":\"https:\/\/peoplesphere.be\/fr\/\",\"logo\":{\"@type\":\"ImageObject\",\"inLanguage\":\"fr-FR\",\"@id\":\"https:\/\/peoplesphere.be\/fr\/#\/schema\/logo\/image\/\",\"url\":\"https:\/\/peoplesphere.be\/fr\/wp-content\/uploads\/2023\/07\/peoplesphere-lgo-new-generik.jpg\",\"contentUrl\":\"https:\/\/peoplesphere.be\/fr\/wp-content\/uploads\/2023\/07\/peoplesphere-lgo-new-generik.jpg\",\"width\":1031,\"height\":1479,\"caption\":\"Peoplesphere Company srl\"},\"image\":{\"@id\":\"https:\/\/peoplesphere.be\/fr\/#\/schema\/logo\/image\/\"},\"sameAs\":[\"https:\/\/www.facebook.com\/peoplesphere\",\"https:\/\/twitter.com\/PeoplesphereMag\",\"https:\/\/www.linkedin.com\/company\/7587361?trk\",\"http:\/\/youtube.com\/peoplesphere\"]},{\"@type\":\"Person\",\"@id\":\"https:\/\/peoplesphere.be\/fr\/#\/schema\/person\/7976225ff17988604334abb7b3536a7e\",\"name\":\"Jean-Paul Erhard\",\"image\":{\"@type\":\"ImageObject\",\"inLanguage\":\"fr-FR\",\"@id\":\"https:\/\/peoplesphere.be\/fr\/#\/schema\/person\/image\/\",\"url\":\"https:\/\/secure.gravatar.com\/avatar\/f941e681460179738071629a51574930?s=96&d=mm&r=g\",\"contentUrl\":\"https:\/\/secure.gravatar.com\/avatar\/f941e681460179738071629a51574930?s=96&d=mm&r=g\",\"caption\":\"Jean-Paul Erhard\"},\"url\":\"https:\/\/peoplesphere.be\/fr\/author\/jpe\/\"}]}<\/script>\n<!-- \/ Yoast SEO plugin. -->","yoast_head_json":{"title":"Tendance confirm\u00e9e: le nombre de nouveaux ind\u00e9pendants dans le secteur des services atteint un niveau record. - Peoplesphere","robots":{"index":"index","follow":"follow","max-snippet":"max-snippet:-1","max-image-preview":"max-image-preview:large","max-video-preview":"max-video-preview:-1"},"canonical":"https:\/\/peoplesphere.be\/fr\/tendance-confirmee-le-nombre-de-nouveaux-independants-dans-le-secteur-des-services-atteint-un-niveau-record\/","og_locale":"fr_FR","og_type":"article","og_title":"Tendance confirm\u00e9e: le nombre de nouveaux ind\u00e9pendants dans le secteur des services atteint un niveau record. - Peoplesphere","og_description":"Plus de 40 000 ind\u00e9pendants se sont lanc\u00e9s dans une profession lib\u00e9rale au cours de l\u2019ann\u00e9e \u00e9coul\u00e9e: une augmentation de plus de 16 % par rapport \u00e0 il y a cinq ans. Cela repr\u00e9sente un tiers de tous les ind\u00e9pendants [&hellip;]","og_url":"https:\/\/peoplesphere.be\/fr\/tendance-confirmee-le-nombre-de-nouveaux-independants-dans-le-secteur-des-services-atteint-un-niveau-record\/","og_site_name":"Peoplesphere","article_publisher":"https:\/\/www.facebook.com\/peoplesphere","article_published_time":"2023-10-24T05:14:11+00:00","og_image":[{"url":"http:\/\/www.peoplesphere.be\/fr\/wp-content\/uploads\/2016\/07\/facebook-default-posting-1200x628px.jpg"}],"author":"Jean-Paul Erhard","twitter_card":"summary_large_image","twitter_creator":"@PeoplesphereMag","twitter_site":"@PeoplesphereMag","twitter_misc":{"\u00c9crit par":"Jean-Paul Erhard","Dur\u00e9e de lecture estim\u00e9e":"4 minutes"},"schema":{"@context":"https:\/\/schema.org","@graph":[{"@type":"Article","@id":"https:\/\/peoplesphere.be\/fr\/tendance-confirmee-le-nombre-de-nouveaux-independants-dans-le-secteur-des-services-atteint-un-niveau-record\/#article","isPartOf":{"@id":"https:\/\/peoplesphere.be\/fr\/tendance-confirmee-le-nombre-de-nouveaux-independants-dans-le-secteur-des-services-atteint-un-niveau-record\/"},"author":{"name":"Jean-Paul Erhard","@id":"https:\/\/peoplesphere.be\/fr\/#\/schema\/person\/7976225ff17988604334abb7b3536a7e"},"headline":"Tendance confirm\u00e9e: le nombre de nouveaux ind\u00e9pendants dans le secteur des services atteint un niveau record.","datePublished":"2023-10-24T05:14:11+00:00","dateModified":"2023-10-24T05:14:11+00:00","mainEntityOfPage":{"@id":"https:\/\/peoplesphere.be\/fr\/tendance-confirmee-le-nombre-de-nouveaux-independants-dans-le-secteur-des-services-atteint-un-niveau-record\/"},"wordCount":783,"publisher":{"@id":"https:\/\/peoplesphere.be\/fr\/#organization"},"keywords":["consultance","ind\u00e9pendants","interim management","profession lib\u00e9rale"],"articleSection":["Actualit\u00e9s","Digital"],"inLanguage":"fr-FR"},{"@type":"WebPage","@id":"https:\/\/peoplesphere.be\/fr\/tendance-confirmee-le-nombre-de-nouveaux-independants-dans-le-secteur-des-services-atteint-un-niveau-record\/","url":"https:\/\/peoplesphere.be\/fr\/tendance-confirmee-le-nombre-de-nouveaux-independants-dans-le-secteur-des-services-atteint-un-niveau-record\/","name":"Tendance confirm\u00e9e: le nombre de nouveaux ind\u00e9pendants dans le secteur des services atteint un niveau record. - Peoplesphere","isPartOf":{"@id":"https:\/\/peoplesphere.be\/fr\/#website"},"datePublished":"2023-10-24T05:14:11+00:00","dateModified":"2023-10-24T05:14:11+00:00","breadcrumb":{"@id":"https:\/\/peoplesphere.be\/fr\/tendance-confirmee-le-nombre-de-nouveaux-independants-dans-le-secteur-des-services-atteint-un-niveau-record\/#breadcrumb"},"inLanguage":"fr-FR","potentialAction":[{"@type":"ReadAction","target":["https:\/\/peoplesphere.be\/fr\/tendance-confirmee-le-nombre-de-nouveaux-independants-dans-le-secteur-des-services-atteint-un-niveau-record\/"]}]},{"@type":"BreadcrumbList","@id":"https:\/\/peoplesphere.be\/fr\/tendance-confirmee-le-nombre-de-nouveaux-independants-dans-le-secteur-des-services-atteint-un-niveau-record\/#breadcrumb","itemListElement":[{"@type":"ListItem","position":1,"name":"Accueil","item":"https:\/\/peoplesphere.be\/fr\/"},{"@type":"ListItem","position":2,"name":"Tendance confirm\u00e9e: le nombre de nouveaux ind\u00e9pendants dans le secteur des services atteint un niveau record."}]},{"@type":"WebSite","@id":"https:\/\/peoplesphere.be\/fr\/#website","url":"https:\/\/peoplesphere.be\/fr\/","name":"Peoplesphere","description":"The People Managers Magazine","publisher":{"@id":"https:\/\/peoplesphere.be\/fr\/#organization"},"potentialAction":[{"@type":"SearchAction","target":{"@type":"EntryPoint","urlTemplate":"https:\/\/peoplesphere.be\/fr\/?s={search_term_string}"},"query-input":"required name=search_term_string"}],"inLanguage":"fr-FR"},{"@type":"Organization","@id":"https:\/\/peoplesphere.be\/fr\/#organization","name":"Peoplesphere Company srl","url":"https:\/\/peoplesphere.be\/fr\/","logo":{"@type":"ImageObject","inLanguage":"fr-FR","@id":"https:\/\/peoplesphere.be\/fr\/#\/schema\/logo\/image\/","url":"https:\/\/peoplesphere.be\/fr\/wp-content\/uploads\/2023\/07\/peoplesphere-lgo-new-generik.jpg","contentUrl":"https:\/\/peoplesphere.be\/fr\/wp-content\/uploads\/2023\/07\/peoplesphere-lgo-new-generik.jpg","width":1031,"height":1479,"caption":"Peoplesphere Company srl"},"image":{"@id":"https:\/\/peoplesphere.be\/fr\/#\/schema\/logo\/image\/"},"sameAs":["https:\/\/www.facebook.com\/peoplesphere","https:\/\/twitter.com\/PeoplesphereMag","https:\/\/www.linkedin.com\/company\/7587361?trk","http:\/\/youtube.com\/peoplesphere"]},{"@type":"Person","@id":"https:\/\/peoplesphere.be\/fr\/#\/schema\/person\/7976225ff17988604334abb7b3536a7e","name":"Jean-Paul Erhard","image":{"@type":"ImageObject","inLanguage":"fr-FR","@id":"https:\/\/peoplesphere.be\/fr\/#\/schema\/person\/image\/","url":"https:\/\/secure.gravatar.com\/avatar\/f941e681460179738071629a51574930?s=96&d=mm&r=g","contentUrl":"https:\/\/secure.gravatar.com\/avatar\/f941e681460179738071629a51574930?s=96&d=mm&r=g","caption":"Jean-Paul Erhard"},"url":"https:\/\/peoplesphere.be\/fr\/author\/jpe\/"}]}},"_links":{"self":[{"href":"https:\/\/peoplesphere.be\/fr\/wp-json\/wp\/v2\/posts\/15172"}],"collection":[{"href":"https:\/\/peoplesphere.be\/fr\/wp-json\/wp\/v2\/posts"}],"about":[{"href":"https:\/\/peoplesphere.be\/fr\/wp-json\/wp\/v2\/types\/post"}],"author":[{"embeddable":true,"href":"https:\/\/peoplesphere.be\/fr\/wp-json\/wp\/v2\/users\/2"}],"replies":[{"embeddable":true,"href":"https:\/\/peoplesphere.be\/fr\/wp-json\/wp\/v2\/comments?post=15172"}],"version-history":[{"count":1,"href":"https:\/\/peoplesphere.be\/fr\/wp-json\/wp\/v2\/posts\/15172\/revisions"}],"predecessor-version":[{"id":15173,"href":"https:\/\/peoplesphere.be\/fr\/wp-json\/wp\/v2\/posts\/15172\/revisions\/15173"}],"wp:attachment":[{"href":"https:\/\/peoplesphere.be\/fr\/wp-json\/wp\/v2\/media?parent=15172"}],"wp:term":[{"taxonomy":"category","embeddable":true,"href":"https:\/\/peoplesphere.be\/fr\/wp-json\/wp\/v2\/categories?post=15172"},{"taxonomy":"post_tag","embeddable":true,"href":"https:\/\/peoplesphere.be\/fr\/wp-json\/wp\/v2\/tags?post=15172"}],"curies":[{"name":"wp","href":"https:\/\/api.w.org\/{rel}","templated":true}]}}