









{"id":15211,"date":"2023-11-01T05:18:04","date_gmt":"2023-11-01T03:18:04","guid":{"rendered":"https:\/\/peoplesphere.be\/fr\/?p=15211"},"modified":"2023-11-02T05:18:52","modified_gmt":"2023-11-02T03:18:52","slug":"rendez-vous-le-4-decembre-pour-un-apercu-du-monde-rh-daujourdhui-et-de-demain-hr-trends-2023-2024-en-belgique","status":"publish","type":"post","link":"https:\/\/peoplesphere.be\/fr\/rendez-vous-le-4-decembre-pour-un-apercu-du-monde-rh-daujourdhui-et-de-demain-hr-trends-2023-2024-en-belgique\/","title":{"rendered":"Rendez-vous le 4 d\u00e9cembre pour un aper\u00e7u du monde RH d&rsquo;aujourd&rsquo;hui et de demain: HR Trends 2023-2024 en Belgique"},"content":{"rendered":"<p>Vous souhaitez en savoir plus sur HR-Trends by Berenschot Belgium, sur la mani\u00e8re dont elles modifient l&rsquo;agenda RH en Belgique et sur les plus grands d\u00e9fis \u00e0 relever ? Inscrivez-vous rapidement \u00e0 notre \u00e9v\u00e9nement gratuit du 4 d\u00e9cembre et soyez les premiers \u00e0 le d\u00e9couvrir !<!--more--><\/p>\n<p>Laissez-vous inspirer par nos experts RH Romane Dekyvere et Jacques Hodeige de Berenschot, approfondissez vos connaissances gr\u00e2ce aux perspectives scientifiques du professeur Fran\u00e7ois Pichault de HEC Li\u00e8ge et r\u00e9fl\u00e9chissez avec vos coll\u00e8gues des RH sur l&rsquo;avenir des RH !<\/p>\n<p>En prime, les participants \u00e0 l&rsquo;\u00e9v\u00e9nement seront les premiers \u00e0 recevoir le rapport des r\u00e9sultats avec des id\u00e9es inspirantes !<\/p>\n<p>Dans le monde des ressources humaines, qui \u00e9volue rapidement, il est essentiel de rester \u00e0 jour. L&rsquo;enqu\u00eate HR Trends men\u00e9e par Berenschot Belgium sert de boussole aux professionnels des RH en Belgique. Elle examine la dynamique, r\u00e9v\u00e9le les priorit\u00e9s pour 2023-2024 et explore trois th\u00e8mes principaux :<\/p>\n<p>&#x1f680; <strong><em>Du recrutement au d\u00e9veloppement :<\/em><\/strong> En 2023, l&rsquo;accent sera mis sur l&rsquo;autonomisation et le d\u00e9veloppement des employ\u00e9s afin de les fid\u00e9liser.<\/p>\n<p>&#x1f30d; <strong><em>Diversit\u00e9 et inclusion :<\/em><\/strong> la diversit\u00e9 et l&rsquo;inclusion gagnent en importance, avec des avantages mesurables tels qu&rsquo;une meilleure image de l&#8217;employeur et une am\u00e9lioration des performances.<\/p>\n<p>&#x1f4c8; <strong><em>La planification strat\u00e9gique des effectifs au premier plan :<\/em><\/strong> ce d\u00e9fi \u00e0 long terme re\u00e7oit aujourd&rsquo;hui l&rsquo;attention qu&rsquo;il m\u00e9rite, mais des difficult\u00e9s subsistent.<\/p>\n<p>Cette enqu\u00eate de haut niveau a \u00e9t\u00e9 organis\u00e9e en collaboration avec nos partenaires AFAS, KU Leuven, HEC Li\u00e8ge et Peoplesphere !<\/p>\n<p>D\u00e9tails de l\u2019\u00e9v\u00e9nement :<br \/>\n&#x1f5d3;&#xfe0f; Date : 4 d\u00e9cembre<br \/>\n&#x1f55f; Heure : 11h30<br \/>\n&#x1f4cd; Lieu : SPARKS &#8211; 60 Rue Ravenstein \u00e0 1000 Bruxelles<br \/>\n&#x1f4b0; Co\u00fbt : Gratuit<\/p>\n<p><a href=\"https:\/\/berenschot.eu.qualtrics.com\/jfe\/form\/SV_5sYcWJBJX5sF1Ge?Q_Language=FR\">Pourriez-vous confirmer votre participation avant le mercredi 29 novembre en cliquant sur ce lien.<\/a><\/p>\n<p>Si vous avez d&rsquo;autres questions ou si vous souhaitez obtenir plus d&rsquo;informations, n&rsquo;h\u00e9sitez pas \u00e0 nous contacter \u00e0 l&rsquo;adresse <a href=\"mailto: l.segers@berenschot.be\">l.segers@berenschot.be.<\/a><\/p>\n<p>Nous esp\u00e9rons que l&rsquo;\u00e9tude HR-Trends 2023 Berenschot vous inspirera et vous orientera dans la formulation de votre future strat\u00e9gie RH ! &#x1f4bc;&#x1f31f;<\/p>\n","protected":false},"excerpt":{"rendered":"<p>Vous souhaitez en savoir plus sur HR-Trends by Berenschot Belgium, sur la mani\u00e8re dont elles modifient l&rsquo;agenda RH en Belgique et sur les plus grands d\u00e9fis \u00e0 relever ? Inscrivez-vous rapidement \u00e0 notre \u00e9v\u00e9nement gratuit du 4 d\u00e9cembre et soyez [&hellip;]<\/p>\n","protected":false},"author":2,"featured_media":0,"comment_status":"closed","ping_status":"open","sticky":false,"template":"","format":"standard","meta":[],"categories":[65,67,10,8],"tags":[],"yoast_head":"<!-- This site is optimized with the Yoast SEO plugin v21.0 - https:\/\/yoast.com\/wordpress\/plugins\/seo\/ -->\n<title>Rendez-vous le 4 d\u00e9cembre pour un aper\u00e7u du monde RH d&#039;aujourd&#039;hui et de demain: HR Trends 2023-2024 en Belgique - Peoplesphere<\/title>\n<meta name=\"robots\" content=\"index, follow, max-snippet:-1, max-image-preview:large, max-video-preview:-1\" \/>\n<link rel=\"canonical\" href=\"https:\/\/peoplesphere.be\/fr\/rendez-vous-le-4-decembre-pour-un-apercu-du-monde-rh-daujourdhui-et-de-demain-hr-trends-2023-2024-en-belgique\/\" \/>\n<meta property=\"og:locale\" content=\"fr_FR\" \/>\n<meta property=\"og:type\" content=\"article\" \/>\n<meta property=\"og:title\" content=\"Rendez-vous le 4 d\u00e9cembre pour un aper\u00e7u du monde RH d&#039;aujourd&#039;hui et de demain: HR Trends 2023-2024 en Belgique - Peoplesphere\" \/>\n<meta property=\"og:description\" content=\"Vous souhaitez en savoir plus sur HR-Trends by Berenschot Belgium, sur la mani\u00e8re dont elles modifient l&rsquo;agenda RH en Belgique et sur les plus grands d\u00e9fis \u00e0 relever ? Inscrivez-vous rapidement \u00e0 notre \u00e9v\u00e9nement gratuit du 4 d\u00e9cembre et soyez [&hellip;]\" \/>\n<meta property=\"og:url\" content=\"https:\/\/peoplesphere.be\/fr\/rendez-vous-le-4-decembre-pour-un-apercu-du-monde-rh-daujourdhui-et-de-demain-hr-trends-2023-2024-en-belgique\/\" \/>\n<meta property=\"og:site_name\" content=\"Peoplesphere\" \/>\n<meta property=\"article:publisher\" content=\"https:\/\/www.facebook.com\/peoplesphere\" \/>\n<meta property=\"article:published_time\" content=\"2023-11-01T03:18:04+00:00\" \/>\n<meta property=\"article:modified_time\" content=\"2023-11-02T03:18:52+00:00\" \/>\n<meta property=\"og:image\" content=\"http:\/\/www.peoplesphere.be\/fr\/wp-content\/uploads\/2016\/07\/facebook-default-posting-1200x628px.jpg\" \/>\n<meta name=\"author\" content=\"Jean-Paul Erhard\" \/>\n<meta name=\"twitter:card\" content=\"summary_large_image\" \/>\n<meta name=\"twitter:creator\" content=\"@PeoplesphereMag\" \/>\n<meta name=\"twitter:site\" content=\"@PeoplesphereMag\" \/>\n<meta name=\"twitter:label1\" content=\"\u00c9crit par\" \/>\n\t<meta name=\"twitter:data1\" content=\"Jean-Paul Erhard\" \/>\n\t<meta name=\"twitter:label2\" content=\"Dur\u00e9e de lecture estim\u00e9e\" \/>\n\t<meta name=\"twitter:data2\" content=\"2 minutes\" \/>\n<script type=\"application\/ld+json\" class=\"yoast-schema-graph\">{\"@context\":\"https:\/\/schema.org\",\"@graph\":[{\"@type\":\"Article\",\"@id\":\"https:\/\/peoplesphere.be\/fr\/rendez-vous-le-4-decembre-pour-un-apercu-du-monde-rh-daujourdhui-et-de-demain-hr-trends-2023-2024-en-belgique\/#article\",\"isPartOf\":{\"@id\":\"https:\/\/peoplesphere.be\/fr\/rendez-vous-le-4-decembre-pour-un-apercu-du-monde-rh-daujourdhui-et-de-demain-hr-trends-2023-2024-en-belgique\/\"},\"author\":{\"name\":\"Jean-Paul Erhard\",\"@id\":\"https:\/\/peoplesphere.be\/fr\/#\/schema\/person\/7976225ff17988604334abb7b3536a7e\"},\"headline\":\"Rendez-vous le 4 d\u00e9cembre pour un aper\u00e7u du monde RH d&rsquo;aujourd&rsquo;hui et de demain: HR Trends 2023-2024 en Belgique\",\"datePublished\":\"2023-11-01T03:18:04+00:00\",\"dateModified\":\"2023-11-02T03:18:52+00:00\",\"mainEntityOfPage\":{\"@id\":\"https:\/\/peoplesphere.be\/fr\/rendez-vous-le-4-decembre-pour-un-apercu-du-monde-rh-daujourdhui-et-de-demain-hr-trends-2023-2024-en-belgique\/\"},\"wordCount\":384,\"publisher\":{\"@id\":\"https:\/\/peoplesphere.be\/fr\/#organization\"},\"articleSection\":[\"Actualit\u00e9s\",\"Calendrier\",\"Digital\",\"Events\"],\"inLanguage\":\"fr-FR\"},{\"@type\":\"WebPage\",\"@id\":\"https:\/\/peoplesphere.be\/fr\/rendez-vous-le-4-decembre-pour-un-apercu-du-monde-rh-daujourdhui-et-de-demain-hr-trends-2023-2024-en-belgique\/\",\"url\":\"https:\/\/peoplesphere.be\/fr\/rendez-vous-le-4-decembre-pour-un-apercu-du-monde-rh-daujourdhui-et-de-demain-hr-trends-2023-2024-en-belgique\/\",\"name\":\"Rendez-vous le 4 d\u00e9cembre pour un aper\u00e7u du monde RH d'aujourd'hui et de demain: HR Trends 2023-2024 en Belgique - Peoplesphere\",\"isPartOf\":{\"@id\":\"https:\/\/peoplesphere.be\/fr\/#website\"},\"datePublished\":\"2023-11-01T03:18:04+00:00\",\"dateModified\":\"2023-11-02T03:18:52+00:00\",\"breadcrumb\":{\"@id\":\"https:\/\/peoplesphere.be\/fr\/rendez-vous-le-4-decembre-pour-un-apercu-du-monde-rh-daujourdhui-et-de-demain-hr-trends-2023-2024-en-belgique\/#breadcrumb\"},\"inLanguage\":\"fr-FR\",\"potentialAction\":[{\"@type\":\"ReadAction\",\"target\":[\"https:\/\/peoplesphere.be\/fr\/rendez-vous-le-4-decembre-pour-un-apercu-du-monde-rh-daujourdhui-et-de-demain-hr-trends-2023-2024-en-belgique\/\"]}]},{\"@type\":\"BreadcrumbList\",\"@id\":\"https:\/\/peoplesphere.be\/fr\/rendez-vous-le-4-decembre-pour-un-apercu-du-monde-rh-daujourdhui-et-de-demain-hr-trends-2023-2024-en-belgique\/#breadcrumb\",\"itemListElement\":[{\"@type\":\"ListItem\",\"position\":1,\"name\":\"Accueil\",\"item\":\"https:\/\/peoplesphere.be\/fr\/\"},{\"@type\":\"ListItem\",\"position\":2,\"name\":\"Rendez-vous le 4 d\u00e9cembre pour un aper\u00e7u du monde RH d&rsquo;aujourd&rsquo;hui et de demain: HR Trends 2023-2024 en Belgique\"}]},{\"@type\":\"WebSite\",\"@id\":\"https:\/\/peoplesphere.be\/fr\/#website\",\"url\":\"https:\/\/peoplesphere.be\/fr\/\",\"name\":\"Peoplesphere\",\"description\":\"The People Managers Magazine\",\"publisher\":{\"@id\":\"https:\/\/peoplesphere.be\/fr\/#organization\"},\"potentialAction\":[{\"@type\":\"SearchAction\",\"target\":{\"@type\":\"EntryPoint\",\"urlTemplate\":\"https:\/\/peoplesphere.be\/fr\/?s={search_term_string}\"},\"query-input\":\"required name=search_term_string\"}],\"inLanguage\":\"fr-FR\"},{\"@type\":\"Organization\",\"@id\":\"https:\/\/peoplesphere.be\/fr\/#organization\",\"name\":\"Peoplesphere Company srl\",\"url\":\"https:\/\/peoplesphere.be\/fr\/\",\"logo\":{\"@type\":\"ImageObject\",\"inLanguage\":\"fr-FR\",\"@id\":\"https:\/\/peoplesphere.be\/fr\/#\/schema\/logo\/image\/\",\"url\":\"https:\/\/peoplesphere.be\/fr\/wp-content\/uploads\/2023\/07\/peoplesphere-lgo-new-generik.jpg\",\"contentUrl\":\"https:\/\/peoplesphere.be\/fr\/wp-content\/uploads\/2023\/07\/peoplesphere-lgo-new-generik.jpg\",\"width\":1031,\"height\":1479,\"caption\":\"Peoplesphere Company srl\"},\"image\":{\"@id\":\"https:\/\/peoplesphere.be\/fr\/#\/schema\/logo\/image\/\"},\"sameAs\":[\"https:\/\/www.facebook.com\/peoplesphere\",\"https:\/\/twitter.com\/PeoplesphereMag\",\"https:\/\/www.linkedin.com\/company\/7587361?trk\",\"http:\/\/youtube.com\/peoplesphere\"]},{\"@type\":\"Person\",\"@id\":\"https:\/\/peoplesphere.be\/fr\/#\/schema\/person\/7976225ff17988604334abb7b3536a7e\",\"name\":\"Jean-Paul Erhard\",\"image\":{\"@type\":\"ImageObject\",\"inLanguage\":\"fr-FR\",\"@id\":\"https:\/\/peoplesphere.be\/fr\/#\/schema\/person\/image\/\",\"url\":\"https:\/\/secure.gravatar.com\/avatar\/f941e681460179738071629a51574930?s=96&d=mm&r=g\",\"contentUrl\":\"https:\/\/secure.gravatar.com\/avatar\/f941e681460179738071629a51574930?s=96&d=mm&r=g\",\"caption\":\"Jean-Paul Erhard\"},\"url\":\"https:\/\/peoplesphere.be\/fr\/author\/jpe\/\"}]}<\/script>\n<!-- \/ Yoast SEO plugin. -->","yoast_head_json":{"title":"Rendez-vous le 4 d\u00e9cembre pour un aper\u00e7u du monde RH d'aujourd'hui et de demain: HR Trends 2023-2024 en Belgique - Peoplesphere","robots":{"index":"index","follow":"follow","max-snippet":"max-snippet:-1","max-image-preview":"max-image-preview:large","max-video-preview":"max-video-preview:-1"},"canonical":"https:\/\/peoplesphere.be\/fr\/rendez-vous-le-4-decembre-pour-un-apercu-du-monde-rh-daujourdhui-et-de-demain-hr-trends-2023-2024-en-belgique\/","og_locale":"fr_FR","og_type":"article","og_title":"Rendez-vous le 4 d\u00e9cembre pour un aper\u00e7u du monde RH d'aujourd'hui et de demain: HR Trends 2023-2024 en Belgique - Peoplesphere","og_description":"Vous souhaitez en savoir plus sur HR-Trends by Berenschot Belgium, sur la mani\u00e8re dont elles modifient l&rsquo;agenda RH en Belgique et sur les plus grands d\u00e9fis \u00e0 relever ? Inscrivez-vous rapidement \u00e0 notre \u00e9v\u00e9nement gratuit du 4 d\u00e9cembre et soyez [&hellip;]","og_url":"https:\/\/peoplesphere.be\/fr\/rendez-vous-le-4-decembre-pour-un-apercu-du-monde-rh-daujourdhui-et-de-demain-hr-trends-2023-2024-en-belgique\/","og_site_name":"Peoplesphere","article_publisher":"https:\/\/www.facebook.com\/peoplesphere","article_published_time":"2023-11-01T03:18:04+00:00","article_modified_time":"2023-11-02T03:18:52+00:00","og_image":[{"url":"http:\/\/www.peoplesphere.be\/fr\/wp-content\/uploads\/2016\/07\/facebook-default-posting-1200x628px.jpg"}],"author":"Jean-Paul Erhard","twitter_card":"summary_large_image","twitter_creator":"@PeoplesphereMag","twitter_site":"@PeoplesphereMag","twitter_misc":{"\u00c9crit par":"Jean-Paul Erhard","Dur\u00e9e de lecture estim\u00e9e":"2 minutes"},"schema":{"@context":"https:\/\/schema.org","@graph":[{"@type":"Article","@id":"https:\/\/peoplesphere.be\/fr\/rendez-vous-le-4-decembre-pour-un-apercu-du-monde-rh-daujourdhui-et-de-demain-hr-trends-2023-2024-en-belgique\/#article","isPartOf":{"@id":"https:\/\/peoplesphere.be\/fr\/rendez-vous-le-4-decembre-pour-un-apercu-du-monde-rh-daujourdhui-et-de-demain-hr-trends-2023-2024-en-belgique\/"},"author":{"name":"Jean-Paul Erhard","@id":"https:\/\/peoplesphere.be\/fr\/#\/schema\/person\/7976225ff17988604334abb7b3536a7e"},"headline":"Rendez-vous le 4 d\u00e9cembre pour un aper\u00e7u du monde RH d&rsquo;aujourd&rsquo;hui et de demain: HR Trends 2023-2024 en Belgique","datePublished":"2023-11-01T03:18:04+00:00","dateModified":"2023-11-02T03:18:52+00:00","mainEntityOfPage":{"@id":"https:\/\/peoplesphere.be\/fr\/rendez-vous-le-4-decembre-pour-un-apercu-du-monde-rh-daujourdhui-et-de-demain-hr-trends-2023-2024-en-belgique\/"},"wordCount":384,"publisher":{"@id":"https:\/\/peoplesphere.be\/fr\/#organization"},"articleSection":["Actualit\u00e9s","Calendrier","Digital","Events"],"inLanguage":"fr-FR"},{"@type":"WebPage","@id":"https:\/\/peoplesphere.be\/fr\/rendez-vous-le-4-decembre-pour-un-apercu-du-monde-rh-daujourdhui-et-de-demain-hr-trends-2023-2024-en-belgique\/","url":"https:\/\/peoplesphere.be\/fr\/rendez-vous-le-4-decembre-pour-un-apercu-du-monde-rh-daujourdhui-et-de-demain-hr-trends-2023-2024-en-belgique\/","name":"Rendez-vous le 4 d\u00e9cembre pour un aper\u00e7u du monde RH d'aujourd'hui et de demain: HR Trends 2023-2024 en Belgique - Peoplesphere","isPartOf":{"@id":"https:\/\/peoplesphere.be\/fr\/#website"},"datePublished":"2023-11-01T03:18:04+00:00","dateModified":"2023-11-02T03:18:52+00:00","breadcrumb":{"@id":"https:\/\/peoplesphere.be\/fr\/rendez-vous-le-4-decembre-pour-un-apercu-du-monde-rh-daujourdhui-et-de-demain-hr-trends-2023-2024-en-belgique\/#breadcrumb"},"inLanguage":"fr-FR","potentialAction":[{"@type":"ReadAction","target":["https:\/\/peoplesphere.be\/fr\/rendez-vous-le-4-decembre-pour-un-apercu-du-monde-rh-daujourdhui-et-de-demain-hr-trends-2023-2024-en-belgique\/"]}]},{"@type":"BreadcrumbList","@id":"https:\/\/peoplesphere.be\/fr\/rendez-vous-le-4-decembre-pour-un-apercu-du-monde-rh-daujourdhui-et-de-demain-hr-trends-2023-2024-en-belgique\/#breadcrumb","itemListElement":[{"@type":"ListItem","position":1,"name":"Accueil","item":"https:\/\/peoplesphere.be\/fr\/"},{"@type":"ListItem","position":2,"name":"Rendez-vous le 4 d\u00e9cembre pour un aper\u00e7u du monde RH d&rsquo;aujourd&rsquo;hui et de demain: HR Trends 2023-2024 en Belgique"}]},{"@type":"WebSite","@id":"https:\/\/peoplesphere.be\/fr\/#website","url":"https:\/\/peoplesphere.be\/fr\/","name":"Peoplesphere","description":"The People Managers Magazine","publisher":{"@id":"https:\/\/peoplesphere.be\/fr\/#organization"},"potentialAction":[{"@type":"SearchAction","target":{"@type":"EntryPoint","urlTemplate":"https:\/\/peoplesphere.be\/fr\/?s={search_term_string}"},"query-input":"required name=search_term_string"}],"inLanguage":"fr-FR"},{"@type":"Organization","@id":"https:\/\/peoplesphere.be\/fr\/#organization","name":"Peoplesphere Company srl","url":"https:\/\/peoplesphere.be\/fr\/","logo":{"@type":"ImageObject","inLanguage":"fr-FR","@id":"https:\/\/peoplesphere.be\/fr\/#\/schema\/logo\/image\/","url":"https:\/\/peoplesphere.be\/fr\/wp-content\/uploads\/2023\/07\/peoplesphere-lgo-new-generik.jpg","contentUrl":"https:\/\/peoplesphere.be\/fr\/wp-content\/uploads\/2023\/07\/peoplesphere-lgo-new-generik.jpg","width":1031,"height":1479,"caption":"Peoplesphere Company srl"},"image":{"@id":"https:\/\/peoplesphere.be\/fr\/#\/schema\/logo\/image\/"},"sameAs":["https:\/\/www.facebook.com\/peoplesphere","https:\/\/twitter.com\/PeoplesphereMag","https:\/\/www.linkedin.com\/company\/7587361?trk","http:\/\/youtube.com\/peoplesphere"]},{"@type":"Person","@id":"https:\/\/peoplesphere.be\/fr\/#\/schema\/person\/7976225ff17988604334abb7b3536a7e","name":"Jean-Paul Erhard","image":{"@type":"ImageObject","inLanguage":"fr-FR","@id":"https:\/\/peoplesphere.be\/fr\/#\/schema\/person\/image\/","url":"https:\/\/secure.gravatar.com\/avatar\/f941e681460179738071629a51574930?s=96&d=mm&r=g","contentUrl":"https:\/\/secure.gravatar.com\/avatar\/f941e681460179738071629a51574930?s=96&d=mm&r=g","caption":"Jean-Paul Erhard"},"url":"https:\/\/peoplesphere.be\/fr\/author\/jpe\/"}]}},"_links":{"self":[{"href":"https:\/\/peoplesphere.be\/fr\/wp-json\/wp\/v2\/posts\/15211"}],"collection":[{"href":"https:\/\/peoplesphere.be\/fr\/wp-json\/wp\/v2\/posts"}],"about":[{"href":"https:\/\/peoplesphere.be\/fr\/wp-json\/wp\/v2\/types\/post"}],"author":[{"embeddable":true,"href":"https:\/\/peoplesphere.be\/fr\/wp-json\/wp\/v2\/users\/2"}],"replies":[{"embeddable":true,"href":"https:\/\/peoplesphere.be\/fr\/wp-json\/wp\/v2\/comments?post=15211"}],"version-history":[{"count":1,"href":"https:\/\/peoplesphere.be\/fr\/wp-json\/wp\/v2\/posts\/15211\/revisions"}],"predecessor-version":[{"id":15212,"href":"https:\/\/peoplesphere.be\/fr\/wp-json\/wp\/v2\/posts\/15211\/revisions\/15212"}],"wp:attachment":[{"href":"https:\/\/peoplesphere.be\/fr\/wp-json\/wp\/v2\/media?parent=15211"}],"wp:term":[{"taxonomy":"category","embeddable":true,"href":"https:\/\/peoplesphere.be\/fr\/wp-json\/wp\/v2\/categories?post=15211"},{"taxonomy":"post_tag","embeddable":true,"href":"https:\/\/peoplesphere.be\/fr\/wp-json\/wp\/v2\/tags?post=15211"}],"curies":[{"name":"wp","href":"https:\/\/api.w.org\/{rel}","templated":true}]}}