









{"id":15222,"date":"2023-11-06T10:44:10","date_gmt":"2023-11-06T08:44:10","guid":{"rendered":"https:\/\/peoplesphere.be\/fr\/?p=15222"},"modified":"2023-11-06T10:45:54","modified_gmt":"2023-11-06T08:45:54","slug":"la-loyaute-une-valeur-de-reference-sur-le-marche-du-travail-en-belgique-8-des-travailleurs-se-disent-en-quete-dun-nouveau-job","status":"publish","type":"post","link":"https:\/\/peoplesphere.be\/fr\/la-loyaute-une-valeur-de-reference-sur-le-marche-du-travail-en-belgique-8-des-travailleurs-se-disent-en-quete-dun-nouveau-job\/","title":{"rendered":"La loyaut\u00e9, une valeur de r\u00e9f\u00e9rence sur le march\u00e9 du travail en Belgique? 8% des travailleurs se disent en qu\u00eate d&rsquo;un nouveau job."},"content":{"rendered":"<p>Avec 72% de travailleurs Belges qui ne souhaitent pas changer d&#8217;emploi, les Belges sont les plus fid\u00e8les de tous les travailleurs europ\u00e9ens. Seuls 8% d&rsquo;entre eux cherchent activement un autre employeur. Cependant, il y a une contrepartie \u00e0 cette observation\u202f: le licenciement d\u00e9cid\u00e9 par l\u2019employeur est d\u2019autant plus difficile \u00e0 vivre pour les deux parties. Pour \u00e9viter que les travailleurs stagnent trop longtemps, un r\u00e9el accompagnement dans le cadre d\u2019une fin de collaboration au travers d\u2019un entretien de d\u00e9part et d\u2019un outplacement (reclassement professionnel r\u00e9alis\u00e9 par un prestataire externe) peut faire toute la diff\u00e9rence. 55% des Belges sont d\u2019ailleurs favorables \u00e0 un tel entretien de sortie et 73% sont favorables \u00e0 un outplacement. C&rsquo;est ce qui ressort de l&rsquo;enqu\u00eate annuelle men\u00e9e par SD Worx aupr\u00e8s de 16.011 travailleurs dans 10 pays europ\u00e9ens, dont 1.000 Belges actifs.<!--more--><\/p>\n<p>Seuls 8% des Belges cherchent activement un autre emploi en 2023. Si l&rsquo;on ajoute \u00e0 cela les 20% qui y sont ouverts de fa\u00e7on passive, on en arrive alors tout de m\u00eame \u00e0 28% qui sont ouverts au changement. 72% n&rsquo;ont aucune intention de changer, un chiffre record. Cela nous place tout en bas de l&rsquo;\u00e9chelle en termes d&rsquo;intention de changer d&#8217;emploi, autrement dit de mobilit\u00e9 entre les emplois. \u00c0 l&rsquo;autre extr\u00e9mit\u00e9 du spectre europ\u00e9en, les travailleurs polonais sont les plus ouverts au changement : plus d&rsquo;un sur cinq (21%) cherche activement un autre employeur. Les travailleurs de pays tels que l&rsquo;Italie et l&rsquo;Irlande (16%), l&rsquo;Espagne et la Suisse (15%), la Su\u00e8de et la Norv\u00e8ge (14%) obtiennent \u00e9galement des r\u00e9sultats deux fois plus \u00e9lev\u00e9s que chez nous.<\/p>\n<p><strong><em>Peu d&#8217;empressement pour ceux qui recherchent activement un nouvel emploi<\/em><\/strong><\/p>\n<p>Seuls 10 % des Belges souhaitent r\u00e9aliser leur projet de changement dans l&rsquo;ann\u00e9e et 10% dans les trois ans. 80% ne savent pas.\u202f\u202fLaura Bertrand, conseill\u00e8re PME chez SD Worx : \u00ab\u00a0<em>En 2023, seuls 8% des travailleurs cherchent activement un autre employeur. 72% ne souhaitent pas changer d&#8217;employeur. Les Belges sont donc les plus fid\u00e8les de tous les travailleurs europ\u00e9ens interrog\u00e9s.[1] Les Belges aiment la s\u00e9curit\u00e9 de l&#8217;emploi. C&rsquo;est pourquoi le licenciement ou le d\u00e9part involontaire d&rsquo;un employeur les touche de plein fouet. Certains vivent le licenciement comme une p\u00e9riode qui s\u2019assimile \u00e0 une exp\u00e9rience difficile \u00e0 vivre \u00e9motionnellement et fait partie d\u2019un processus de deuil. En tant qu\u2019employeur, il est important de bien accompagner chaque licenciement, notamment par un entretien de d\u00e9part et un outplacement. Nous constatons que les employeurs ne sont pas \u00e0 l\u2019aise et \u00e9prouve des difficult\u00e9s dans la mani\u00e8re d\u2019aborder ce sujet.\u00a0\u00bb<\/em><\/p>\n<p><strong><em>M\u00eame les d\u00e9parts involontaires restent difficiles pour les employeurs<\/em><\/strong><\/p>\n<p>L&rsquo;enqu\u00eate aupr\u00e8s des employeurs montre que 42% des employeurs belges trouvent le \u00ab\u202flicenciement par l&#8217;employeur\u202f\u00bb difficile. Pour les travailleurs de plus de 45 ans, la loi impose depuis 2014 de proposer un outplacement en cas de licenciement par l&#8217;employeur.[2] Les trois quarts des travailleurs belges (73%) sont favorables \u00e0 l&rsquo;outplacement. Pourtant, en g\u00e9n\u00e9ral, cette orientation ne semble pas \u00eatre tr\u00e8s bien connue des travailleurs : en moyenne, seuls 6% des travailleurs indiquent que l&rsquo;outplacement est propos\u00e9 dans leur organisation. En outre, un entretien de d\u00e9part au cours duquel les raisons du d\u00e9part sont discut\u00e9es peut \u00e9galement \u00eatre utile dans le cas de d\u00e9parts involontaires ou volontaires. Environ 55% des travailleurs belges sont favorables \u00e0 cette id\u00e9e.<br \/>\n<em>\u00ab\u00a0On observe une l\u00e9g\u00e8re augmentation des licenciements par les employeurs : au troisi\u00e8me trimestre 2023, cela concerne 2,2% de l&rsquo;ensemble des salari\u00e9s permanents, contre 1,9% l&rsquo;ann\u00e9e derni\u00e8re (au m\u00eame trimestre)\u00a0\u00bb.<\/em><\/p>\n<p><strong><em>Pr\u00e8s d&rsquo;un salari\u00e9 sur cinq conna\u00eet l&rsquo;entretien de d\u00e9part<\/em><\/strong><\/p>\n<p>\u00c0 la fin du contrat de travail, l\u2019entretien de d\u00e9part avec le sup\u00e9rieur est le plus fr\u00e9quent : pr\u00e8s d&rsquo;un salari\u00e9 belge sur cinq le conna\u00eet (18%), suivi par l\u2019entretien de d\u00e9part avec les RH (16%).<br \/>\n<em>\u00ab\u00a0Un entretien de d\u00e9part va plus loin qu&rsquo;un entretien de licenciement\u202f; il cr\u00e9e une situation mutuellement b\u00e9n\u00e9fique, c\u2019est un moment propice de conclure la relation professionnelle de mani\u00e8re constructive et sereine. D&rsquo;une part, la personne licenci\u00e9e a le sentiment d&rsquo;\u00eatre entendue. Ses frustrations et ses pr\u00e9occupations peuvent \u00eatre exprim\u00e9es \u00e0 ce moment-l\u00e0. L&#8217;employ\u00e9 licenci\u00e9 peut ainsi tourner la page plus rapidement, ouvrir un nouveau chapitre de sa carri\u00e8re professionnelle et saisir des opportunit\u00e9s. D&rsquo;autre part, l&#8217;employeur a une meilleure vision des \u00e9l\u00e9ments d\u2019am\u00e9lioration en mati\u00e8re de politique RH, ce qui est \u00e9galement un avantage pour le transfert du travail\u00a0\u00bb<\/em>, explique Laura Bertrand de SD Worx.<\/p>\n<p><em>\u00ab\u00a0Le licenciement peut \u00eatre v\u00e9cu comme un \u00e9chec pour lequel un processus de transition doit se mettre en place. Un entretien de d\u00e9part permet de comprendre les raisons de cette fin de collaboration pour mieux rebondir par la suite\u00a0\u00bb<\/em>, Laura Bertrand, SD Worx.<\/p>\n<p>&nbsp;<\/p>\n<p><em>Source: en 2020, SD Worx s&rsquo;est pench\u00e9 sur les diff\u00e9rents aspects de l\u2019offboarding et ceux de l&rsquo;int\u00e9gration. SD Worx, sp\u00e9cialiste des ressources humaines et des salaires, r\u00e9alise des enqu\u00eates de satisfaction aupr\u00e8s des travailleurs depuis 2002. En 2009, le contenu de l&rsquo;enqu\u00eate a \u00e9t\u00e9 actualis\u00e9 en mettant l&rsquo;accent sur l&rsquo;engagement des employ\u00e9s. \u00c0 partir de 2021, l&rsquo;enqu\u00eate s&rsquo;est concentr\u00e9e sur le cycle de travail d&rsquo;un employ\u00e9 et a re\u00e7u le titre \u00e9loquent de \u00ab\u202fParcours d&rsquo;un travailleur\u202f\u00bb, cartographiant l&rsquo;exp\u00e9rience de travail totale depuis le premier contact avec l&rsquo;organisation jusqu&rsquo;au moment de quitter l&#8217;emploi. L&rsquo;enqu\u00eate a \u00e9galement \u00e9t\u00e9 men\u00e9e aupr\u00e8s d&rsquo;un groupe cible plus large : outre les employ\u00e9s r\u00e9guliers, les travailleurs ind\u00e9pendants, les employ\u00e9s d\u00e9tach\u00e9s et les travailleurs temporaires y ont \u00e9galement particip\u00e9.\u202f \u202f <\/em><\/p>\n<p><em>[1] La mobilit\u00e9 limit\u00e9e des Belges entre les emplois est confirm\u00e9e par d&rsquo;autres sources telles que Mobilit\u00e9 professionnelle &#8211; Steunpunt Werk (en n\u00e9erlandais). La mobilit\u00e9 professionne lle est souvent calcul\u00e9e \u00e0 l&rsquo;aide de l&rsquo;enqu\u00eate sur les forces de travail (EAK).<\/em><br \/>\n<em>Mobilite\u0301_Pro_Belgique.pdf. La part des transitions sur le march\u00e9 du travail (\u00e0 la fois du travail vers le travail, du ch\u00f4mage vers le travail et du travail vers le ch\u00f4mage) est plus faible chez les Belges que la moyenne de l&rsquo;OCDE, et est rest\u00e9e pratiquement inchang\u00e9e depuis des ann\u00e9es. Selon la d\u00e9finition, elle varie entre 3 et 15 %.<\/em><br \/>\n<em>[2] Dans le cadre l\u00e9gal (Loi du 26 d\u00e9cembre 2013, CCT51 et CCT82bis), l&rsquo;outplacement est d\u00e9fini comme l&rsquo;ensemble des services d&rsquo;accompagnement et de conseil fournis au travailleur licenci\u00e9 par un bureau d&rsquo;outplacement reconnu pour le compte de l&#8217;employeur afin de lui permettre de trouver un emploi aupr\u00e8s d&rsquo;un nouvel employeur ou de d\u00e9velopper une activit\u00e9 professionnelle en tant qu&rsquo;ind\u00e9pendant dans les plus brefs d\u00e9lais.<\/em><\/p>\n<p>&nbsp;<\/p>\n","protected":false},"excerpt":{"rendered":"<p>Avec 72% de travailleurs Belges qui ne souhaitent pas changer d&#8217;emploi, les Belges sont les plus fid\u00e8les de tous les travailleurs europ\u00e9ens. Seuls 8% d&rsquo;entre eux cherchent activement un autre employeur. Cependant, il y a une contrepartie \u00e0 cette observation\u202f: [&hellip;]<\/p>\n","protected":false},"author":2,"featured_media":0,"comment_status":"closed","ping_status":"open","sticky":false,"template":"","format":"standard","meta":[],"categories":[65,10],"tags":[1061,133,363,134,1658,299],"yoast_head":"<!-- This site is optimized with the Yoast SEO plugin v21.0 - https:\/\/yoast.com\/wordpress\/plugins\/seo\/ -->\n<title>La loyaut\u00e9, une valeur de r\u00e9f\u00e9rence sur le march\u00e9 du travail en Belgique? 8% des travailleurs se disent en qu\u00eate d&#039;un nouveau job. - Peoplesphere<\/title>\n<meta name=\"robots\" content=\"index, follow, max-snippet:-1, max-image-preview:large, max-video-preview:-1\" \/>\n<link rel=\"canonical\" href=\"https:\/\/peoplesphere.be\/fr\/la-loyaute-une-valeur-de-reference-sur-le-marche-du-travail-en-belgique-8-des-travailleurs-se-disent-en-quete-dun-nouveau-job\/\" \/>\n<meta property=\"og:locale\" content=\"fr_FR\" \/>\n<meta property=\"og:type\" content=\"article\" \/>\n<meta property=\"og:title\" content=\"La loyaut\u00e9, une valeur de r\u00e9f\u00e9rence sur le march\u00e9 du travail en Belgique? 8% des travailleurs se disent en qu\u00eate d&#039;un nouveau job. - Peoplesphere\" \/>\n<meta property=\"og:description\" content=\"Avec 72% de travailleurs Belges qui ne souhaitent pas changer d&#8217;emploi, les Belges sont les plus fid\u00e8les de tous les travailleurs europ\u00e9ens. Seuls 8% d&rsquo;entre eux cherchent activement un autre employeur. Cependant, il y a une contrepartie \u00e0 cette observation\u202f: [&hellip;]\" \/>\n<meta property=\"og:url\" content=\"https:\/\/peoplesphere.be\/fr\/la-loyaute-une-valeur-de-reference-sur-le-marche-du-travail-en-belgique-8-des-travailleurs-se-disent-en-quete-dun-nouveau-job\/\" \/>\n<meta property=\"og:site_name\" content=\"Peoplesphere\" \/>\n<meta property=\"article:publisher\" content=\"https:\/\/www.facebook.com\/peoplesphere\" \/>\n<meta property=\"article:published_time\" content=\"2023-11-06T08:44:10+00:00\" \/>\n<meta property=\"article:modified_time\" content=\"2023-11-06T08:45:54+00:00\" \/>\n<meta property=\"og:image\" content=\"http:\/\/www.peoplesphere.be\/fr\/wp-content\/uploads\/2016\/07\/facebook-default-posting-1200x628px.jpg\" \/>\n<meta name=\"author\" content=\"Jean-Paul Erhard\" \/>\n<meta name=\"twitter:card\" content=\"summary_large_image\" \/>\n<meta name=\"twitter:creator\" content=\"@PeoplesphereMag\" \/>\n<meta name=\"twitter:site\" content=\"@PeoplesphereMag\" \/>\n<meta name=\"twitter:label1\" content=\"\u00c9crit par\" \/>\n\t<meta name=\"twitter:data1\" content=\"Jean-Paul Erhard\" \/>\n\t<meta name=\"twitter:label2\" content=\"Dur\u00e9e de lecture estim\u00e9e\" \/>\n\t<meta name=\"twitter:data2\" content=\"6 minutes\" \/>\n<script type=\"application\/ld+json\" class=\"yoast-schema-graph\">{\"@context\":\"https:\/\/schema.org\",\"@graph\":[{\"@type\":\"Article\",\"@id\":\"https:\/\/peoplesphere.be\/fr\/la-loyaute-une-valeur-de-reference-sur-le-marche-du-travail-en-belgique-8-des-travailleurs-se-disent-en-quete-dun-nouveau-job\/#article\",\"isPartOf\":{\"@id\":\"https:\/\/peoplesphere.be\/fr\/la-loyaute-une-valeur-de-reference-sur-le-marche-du-travail-en-belgique-8-des-travailleurs-se-disent-en-quete-dun-nouveau-job\/\"},\"author\":{\"name\":\"Jean-Paul Erhard\",\"@id\":\"https:\/\/peoplesphere.be\/fr\/#\/schema\/person\/7976225ff17988604334abb7b3536a7e\"},\"headline\":\"La loyaut\u00e9, une valeur de r\u00e9f\u00e9rence sur le march\u00e9 du travail en Belgique? 8% des travailleurs se disent en qu\u00eate d&rsquo;un nouveau job.\",\"datePublished\":\"2023-11-06T08:44:10+00:00\",\"dateModified\":\"2023-11-06T08:45:54+00:00\",\"mainEntityOfPage\":{\"@id\":\"https:\/\/peoplesphere.be\/fr\/la-loyaute-une-valeur-de-reference-sur-le-marche-du-travail-en-belgique-8-des-travailleurs-se-disent-en-quete-dun-nouveau-job\/\"},\"wordCount\":1146,\"publisher\":{\"@id\":\"https:\/\/peoplesphere.be\/fr\/#organization\"},\"keywords\":[\"d\u00e9mission\",\"d\u00e9part volontaire\",\"fid\u00e9lit\u00e9\",\"licenciement\",\"loyaut\u00e9\",\"r\u00e9tention\"],\"articleSection\":[\"Actualit\u00e9s\",\"Digital\"],\"inLanguage\":\"fr-FR\"},{\"@type\":\"WebPage\",\"@id\":\"https:\/\/peoplesphere.be\/fr\/la-loyaute-une-valeur-de-reference-sur-le-marche-du-travail-en-belgique-8-des-travailleurs-se-disent-en-quete-dun-nouveau-job\/\",\"url\":\"https:\/\/peoplesphere.be\/fr\/la-loyaute-une-valeur-de-reference-sur-le-marche-du-travail-en-belgique-8-des-travailleurs-se-disent-en-quete-dun-nouveau-job\/\",\"name\":\"La loyaut\u00e9, une valeur de r\u00e9f\u00e9rence sur le march\u00e9 du travail en Belgique? 8% des travailleurs se disent en qu\u00eate d'un nouveau job. - Peoplesphere\",\"isPartOf\":{\"@id\":\"https:\/\/peoplesphere.be\/fr\/#website\"},\"datePublished\":\"2023-11-06T08:44:10+00:00\",\"dateModified\":\"2023-11-06T08:45:54+00:00\",\"breadcrumb\":{\"@id\":\"https:\/\/peoplesphere.be\/fr\/la-loyaute-une-valeur-de-reference-sur-le-marche-du-travail-en-belgique-8-des-travailleurs-se-disent-en-quete-dun-nouveau-job\/#breadcrumb\"},\"inLanguage\":\"fr-FR\",\"potentialAction\":[{\"@type\":\"ReadAction\",\"target\":[\"https:\/\/peoplesphere.be\/fr\/la-loyaute-une-valeur-de-reference-sur-le-marche-du-travail-en-belgique-8-des-travailleurs-se-disent-en-quete-dun-nouveau-job\/\"]}]},{\"@type\":\"BreadcrumbList\",\"@id\":\"https:\/\/peoplesphere.be\/fr\/la-loyaute-une-valeur-de-reference-sur-le-marche-du-travail-en-belgique-8-des-travailleurs-se-disent-en-quete-dun-nouveau-job\/#breadcrumb\",\"itemListElement\":[{\"@type\":\"ListItem\",\"position\":1,\"name\":\"Accueil\",\"item\":\"https:\/\/peoplesphere.be\/fr\/\"},{\"@type\":\"ListItem\",\"position\":2,\"name\":\"La loyaut\u00e9, une valeur de r\u00e9f\u00e9rence sur le march\u00e9 du travail en Belgique? 8% des travailleurs se disent en qu\u00eate d&rsquo;un nouveau job.\"}]},{\"@type\":\"WebSite\",\"@id\":\"https:\/\/peoplesphere.be\/fr\/#website\",\"url\":\"https:\/\/peoplesphere.be\/fr\/\",\"name\":\"Peoplesphere\",\"description\":\"The People Managers Magazine\",\"publisher\":{\"@id\":\"https:\/\/peoplesphere.be\/fr\/#organization\"},\"potentialAction\":[{\"@type\":\"SearchAction\",\"target\":{\"@type\":\"EntryPoint\",\"urlTemplate\":\"https:\/\/peoplesphere.be\/fr\/?s={search_term_string}\"},\"query-input\":\"required name=search_term_string\"}],\"inLanguage\":\"fr-FR\"},{\"@type\":\"Organization\",\"@id\":\"https:\/\/peoplesphere.be\/fr\/#organization\",\"name\":\"Peoplesphere Company srl\",\"url\":\"https:\/\/peoplesphere.be\/fr\/\",\"logo\":{\"@type\":\"ImageObject\",\"inLanguage\":\"fr-FR\",\"@id\":\"https:\/\/peoplesphere.be\/fr\/#\/schema\/logo\/image\/\",\"url\":\"https:\/\/peoplesphere.be\/fr\/wp-content\/uploads\/2023\/07\/peoplesphere-lgo-new-generik.jpg\",\"contentUrl\":\"https:\/\/peoplesphere.be\/fr\/wp-content\/uploads\/2023\/07\/peoplesphere-lgo-new-generik.jpg\",\"width\":1031,\"height\":1479,\"caption\":\"Peoplesphere Company srl\"},\"image\":{\"@id\":\"https:\/\/peoplesphere.be\/fr\/#\/schema\/logo\/image\/\"},\"sameAs\":[\"https:\/\/www.facebook.com\/peoplesphere\",\"https:\/\/twitter.com\/PeoplesphereMag\",\"https:\/\/www.linkedin.com\/company\/7587361?trk\",\"http:\/\/youtube.com\/peoplesphere\"]},{\"@type\":\"Person\",\"@id\":\"https:\/\/peoplesphere.be\/fr\/#\/schema\/person\/7976225ff17988604334abb7b3536a7e\",\"name\":\"Jean-Paul Erhard\",\"image\":{\"@type\":\"ImageObject\",\"inLanguage\":\"fr-FR\",\"@id\":\"https:\/\/peoplesphere.be\/fr\/#\/schema\/person\/image\/\",\"url\":\"https:\/\/secure.gravatar.com\/avatar\/f941e681460179738071629a51574930?s=96&d=mm&r=g\",\"contentUrl\":\"https:\/\/secure.gravatar.com\/avatar\/f941e681460179738071629a51574930?s=96&d=mm&r=g\",\"caption\":\"Jean-Paul Erhard\"},\"url\":\"https:\/\/peoplesphere.be\/fr\/author\/jpe\/\"}]}<\/script>\n<!-- \/ Yoast SEO plugin. -->","yoast_head_json":{"title":"La loyaut\u00e9, une valeur de r\u00e9f\u00e9rence sur le march\u00e9 du travail en Belgique? 8% des travailleurs se disent en qu\u00eate d'un nouveau job. - Peoplesphere","robots":{"index":"index","follow":"follow","max-snippet":"max-snippet:-1","max-image-preview":"max-image-preview:large","max-video-preview":"max-video-preview:-1"},"canonical":"https:\/\/peoplesphere.be\/fr\/la-loyaute-une-valeur-de-reference-sur-le-marche-du-travail-en-belgique-8-des-travailleurs-se-disent-en-quete-dun-nouveau-job\/","og_locale":"fr_FR","og_type":"article","og_title":"La loyaut\u00e9, une valeur de r\u00e9f\u00e9rence sur le march\u00e9 du travail en Belgique? 8% des travailleurs se disent en qu\u00eate d'un nouveau job. - Peoplesphere","og_description":"Avec 72% de travailleurs Belges qui ne souhaitent pas changer d&#8217;emploi, les Belges sont les plus fid\u00e8les de tous les travailleurs europ\u00e9ens. Seuls 8% d&rsquo;entre eux cherchent activement un autre employeur. Cependant, il y a une contrepartie \u00e0 cette observation\u202f: [&hellip;]","og_url":"https:\/\/peoplesphere.be\/fr\/la-loyaute-une-valeur-de-reference-sur-le-marche-du-travail-en-belgique-8-des-travailleurs-se-disent-en-quete-dun-nouveau-job\/","og_site_name":"Peoplesphere","article_publisher":"https:\/\/www.facebook.com\/peoplesphere","article_published_time":"2023-11-06T08:44:10+00:00","article_modified_time":"2023-11-06T08:45:54+00:00","og_image":[{"url":"http:\/\/www.peoplesphere.be\/fr\/wp-content\/uploads\/2016\/07\/facebook-default-posting-1200x628px.jpg"}],"author":"Jean-Paul Erhard","twitter_card":"summary_large_image","twitter_creator":"@PeoplesphereMag","twitter_site":"@PeoplesphereMag","twitter_misc":{"\u00c9crit par":"Jean-Paul Erhard","Dur\u00e9e de lecture estim\u00e9e":"6 minutes"},"schema":{"@context":"https:\/\/schema.org","@graph":[{"@type":"Article","@id":"https:\/\/peoplesphere.be\/fr\/la-loyaute-une-valeur-de-reference-sur-le-marche-du-travail-en-belgique-8-des-travailleurs-se-disent-en-quete-dun-nouveau-job\/#article","isPartOf":{"@id":"https:\/\/peoplesphere.be\/fr\/la-loyaute-une-valeur-de-reference-sur-le-marche-du-travail-en-belgique-8-des-travailleurs-se-disent-en-quete-dun-nouveau-job\/"},"author":{"name":"Jean-Paul Erhard","@id":"https:\/\/peoplesphere.be\/fr\/#\/schema\/person\/7976225ff17988604334abb7b3536a7e"},"headline":"La loyaut\u00e9, une valeur de r\u00e9f\u00e9rence sur le march\u00e9 du travail en Belgique? 8% des travailleurs se disent en qu\u00eate d&rsquo;un nouveau job.","datePublished":"2023-11-06T08:44:10+00:00","dateModified":"2023-11-06T08:45:54+00:00","mainEntityOfPage":{"@id":"https:\/\/peoplesphere.be\/fr\/la-loyaute-une-valeur-de-reference-sur-le-marche-du-travail-en-belgique-8-des-travailleurs-se-disent-en-quete-dun-nouveau-job\/"},"wordCount":1146,"publisher":{"@id":"https:\/\/peoplesphere.be\/fr\/#organization"},"keywords":["d\u00e9mission","d\u00e9part volontaire","fid\u00e9lit\u00e9","licenciement","loyaut\u00e9","r\u00e9tention"],"articleSection":["Actualit\u00e9s","Digital"],"inLanguage":"fr-FR"},{"@type":"WebPage","@id":"https:\/\/peoplesphere.be\/fr\/la-loyaute-une-valeur-de-reference-sur-le-marche-du-travail-en-belgique-8-des-travailleurs-se-disent-en-quete-dun-nouveau-job\/","url":"https:\/\/peoplesphere.be\/fr\/la-loyaute-une-valeur-de-reference-sur-le-marche-du-travail-en-belgique-8-des-travailleurs-se-disent-en-quete-dun-nouveau-job\/","name":"La loyaut\u00e9, une valeur de r\u00e9f\u00e9rence sur le march\u00e9 du travail en Belgique? 8% des travailleurs se disent en qu\u00eate d'un nouveau job. - Peoplesphere","isPartOf":{"@id":"https:\/\/peoplesphere.be\/fr\/#website"},"datePublished":"2023-11-06T08:44:10+00:00","dateModified":"2023-11-06T08:45:54+00:00","breadcrumb":{"@id":"https:\/\/peoplesphere.be\/fr\/la-loyaute-une-valeur-de-reference-sur-le-marche-du-travail-en-belgique-8-des-travailleurs-se-disent-en-quete-dun-nouveau-job\/#breadcrumb"},"inLanguage":"fr-FR","potentialAction":[{"@type":"ReadAction","target":["https:\/\/peoplesphere.be\/fr\/la-loyaute-une-valeur-de-reference-sur-le-marche-du-travail-en-belgique-8-des-travailleurs-se-disent-en-quete-dun-nouveau-job\/"]}]},{"@type":"BreadcrumbList","@id":"https:\/\/peoplesphere.be\/fr\/la-loyaute-une-valeur-de-reference-sur-le-marche-du-travail-en-belgique-8-des-travailleurs-se-disent-en-quete-dun-nouveau-job\/#breadcrumb","itemListElement":[{"@type":"ListItem","position":1,"name":"Accueil","item":"https:\/\/peoplesphere.be\/fr\/"},{"@type":"ListItem","position":2,"name":"La loyaut\u00e9, une valeur de r\u00e9f\u00e9rence sur le march\u00e9 du travail en Belgique? 8% des travailleurs se disent en qu\u00eate d&rsquo;un nouveau job."}]},{"@type":"WebSite","@id":"https:\/\/peoplesphere.be\/fr\/#website","url":"https:\/\/peoplesphere.be\/fr\/","name":"Peoplesphere","description":"The People Managers Magazine","publisher":{"@id":"https:\/\/peoplesphere.be\/fr\/#organization"},"potentialAction":[{"@type":"SearchAction","target":{"@type":"EntryPoint","urlTemplate":"https:\/\/peoplesphere.be\/fr\/?s={search_term_string}"},"query-input":"required name=search_term_string"}],"inLanguage":"fr-FR"},{"@type":"Organization","@id":"https:\/\/peoplesphere.be\/fr\/#organization","name":"Peoplesphere Company srl","url":"https:\/\/peoplesphere.be\/fr\/","logo":{"@type":"ImageObject","inLanguage":"fr-FR","@id":"https:\/\/peoplesphere.be\/fr\/#\/schema\/logo\/image\/","url":"https:\/\/peoplesphere.be\/fr\/wp-content\/uploads\/2023\/07\/peoplesphere-lgo-new-generik.jpg","contentUrl":"https:\/\/peoplesphere.be\/fr\/wp-content\/uploads\/2023\/07\/peoplesphere-lgo-new-generik.jpg","width":1031,"height":1479,"caption":"Peoplesphere Company srl"},"image":{"@id":"https:\/\/peoplesphere.be\/fr\/#\/schema\/logo\/image\/"},"sameAs":["https:\/\/www.facebook.com\/peoplesphere","https:\/\/twitter.com\/PeoplesphereMag","https:\/\/www.linkedin.com\/company\/7587361?trk","http:\/\/youtube.com\/peoplesphere"]},{"@type":"Person","@id":"https:\/\/peoplesphere.be\/fr\/#\/schema\/person\/7976225ff17988604334abb7b3536a7e","name":"Jean-Paul Erhard","image":{"@type":"ImageObject","inLanguage":"fr-FR","@id":"https:\/\/peoplesphere.be\/fr\/#\/schema\/person\/image\/","url":"https:\/\/secure.gravatar.com\/avatar\/f941e681460179738071629a51574930?s=96&d=mm&r=g","contentUrl":"https:\/\/secure.gravatar.com\/avatar\/f941e681460179738071629a51574930?s=96&d=mm&r=g","caption":"Jean-Paul Erhard"},"url":"https:\/\/peoplesphere.be\/fr\/author\/jpe\/"}]}},"_links":{"self":[{"href":"https:\/\/peoplesphere.be\/fr\/wp-json\/wp\/v2\/posts\/15222"}],"collection":[{"href":"https:\/\/peoplesphere.be\/fr\/wp-json\/wp\/v2\/posts"}],"about":[{"href":"https:\/\/peoplesphere.be\/fr\/wp-json\/wp\/v2\/types\/post"}],"author":[{"embeddable":true,"href":"https:\/\/peoplesphere.be\/fr\/wp-json\/wp\/v2\/users\/2"}],"replies":[{"embeddable":true,"href":"https:\/\/peoplesphere.be\/fr\/wp-json\/wp\/v2\/comments?post=15222"}],"version-history":[{"count":2,"href":"https:\/\/peoplesphere.be\/fr\/wp-json\/wp\/v2\/posts\/15222\/revisions"}],"predecessor-version":[{"id":15224,"href":"https:\/\/peoplesphere.be\/fr\/wp-json\/wp\/v2\/posts\/15222\/revisions\/15224"}],"wp:attachment":[{"href":"https:\/\/peoplesphere.be\/fr\/wp-json\/wp\/v2\/media?parent=15222"}],"wp:term":[{"taxonomy":"category","embeddable":true,"href":"https:\/\/peoplesphere.be\/fr\/wp-json\/wp\/v2\/categories?post=15222"},{"taxonomy":"post_tag","embeddable":true,"href":"https:\/\/peoplesphere.be\/fr\/wp-json\/wp\/v2\/tags?post=15222"}],"curies":[{"name":"wp","href":"https:\/\/api.w.org\/{rel}","templated":true}]}}