









{"id":15266,"date":"2023-11-14T09:18:00","date_gmt":"2023-11-14T07:18:00","guid":{"rendered":"https:\/\/peoplesphere.be\/fr\/?p=15266"},"modified":"2023-11-14T09:18:00","modified_gmt":"2023-11-14T07:18:00","slug":"le-potentiel-de-la-mobilite-interne-reste-inexploite-a-ce-jour-18-des-travailleurs-declarent-rester-en-attente-dun-nouveau-job-au-sein-meme-de-leur-entreprise","status":"publish","type":"post","link":"https:\/\/peoplesphere.be\/fr\/le-potentiel-de-la-mobilite-interne-reste-inexploite-a-ce-jour-18-des-travailleurs-declarent-rester-en-attente-dun-nouveau-job-au-sein-meme-de-leur-entreprise\/","title":{"rendered":"Le potentiel de la mobilit\u00e9 interne reste inexploit\u00e9 \u00e0 ce jour: 18% des travailleurs d\u00e9clarent rester en attente d&rsquo;un nouveau job au sein m\u00eame de leur entreprise."},"content":{"rendered":"<p>Six employeurs europ\u00e9ens sur dix sont conscients des talents dont ils auront besoin \u00e0 long terme. Il en va de m\u00eame pour les employeurs belges. N\u00e9anmoins, plus de la moiti\u00e9 des employeurs ne disposent pas d&rsquo;une vue d&rsquo;ensemble d\u00e9taill\u00e9e des comp\u00e9tences disponibles en interne et des profils susceptibles d&rsquo;\u00eatre modifi\u00e9s. Les employeurs fran\u00e7ais et belges \u00e9prouvent aujourd&rsquo;hui le plus de difficult\u00e9s \u00e0 red\u00e9ployer leurs travailleurs ailleurs, au sein de l&rsquo;organisation. Les travailleurs belges sont les moins ouverts \u00e0 l&rsquo;id\u00e9e d&rsquo;occuper un autre emploi en interne. Pourtant, pr\u00e8s d\u2019un travailleur sur cinq (18%) admet rechercher passivement un emploi en interne. <!--more--><\/p>\n<p>Les entreprises qui cartographient le potentiel cach\u00e9 et les comp\u00e9tences des travailleurs peuvent leur permettre de progresser et utiliser toutes les formes de talent dans la guerre des talents. C&rsquo;est ce qui ressort d&rsquo;une enqu\u00eate men\u00e9e par SD Worx, le principal fournisseur europ\u00e9en de services de ressources humaines, aupr\u00e8s de plus de 16.000 salari\u00e9s et de pr\u00e8s de 5.000 directeurs des ressources humaines de 16 pays europ\u00e9ens, dont 1.000 belges.<\/p>\n<p><strong><em>Les employeurs fran\u00e7ais et belges \u00e9prouvent le plus de difficult\u00e9s avec la mobilit\u00e9 interne<\/em><\/strong><\/p>\n<p>En moyenne, un tiers des entreprises europ\u00e9ennes \u00e9prouvent des difficult\u00e9s \u00e0 red\u00e9ployer leurs salari\u00e9s ailleurs dans l&rsquo;organisation. \u00c0 l\u2019instar de l&rsquo;ann\u00e9e derni\u00e8re, ce sont les employeurs fran\u00e7ais et belges qui rencontrent le plus de difficult\u00e9s \u00e0 cet \u00e9gard : la France est le pays qui \u00e9prouve le plus de difficult\u00e9s (43%), suivi de la Belgique, de la Su\u00e8de, de la Norv\u00e8ge et de la Finlande (39% chacun) et enfin de l&rsquo;Italie (37%). Le probl\u00e8me se pose \u00e9galement au niveau des managers : pr\u00e8s de la moiti\u00e9 des organisations belges (47%) admettent que leurs managers n&rsquo;y sont pas favorables.<\/p>\n<p><strong><em>Trois quarts des travailleurs belges ne participent pas \u00e0 la mobilit\u00e9 interne<\/em><\/strong><\/p>\n<p>Les trois quarts des travailleurs Belges (74%) n&rsquo;ont pas d&rsquo;int\u00e9r\u00eat imm\u00e9diat \u00e0 occuper un nouvel emploi au sein de la m\u00eame entreprise. Ce chiffre est plus \u00e9lev\u00e9 que dans d&rsquo;autres pays ; la moyenne europ\u00e9enne \u00e9tant de 65%. Seuls 8% d\u00e9clarent chercher activement un emploi au sein de leur organisation et 18%, passivement, ce qui porte le potentiel (cach\u00e9) \u00e0 un sur cinq. Ainsi, bien que les trois quarts des salari\u00e9s ne participent pas \u00e0 la mobilit\u00e9 interne, il existe un potentiel total de 25%, soit un quart de l&rsquo;ensemble des travailleurs d&rsquo;une entreprise. En outre, les travailleurs sont assez patients : seule une personne int\u00e9ress\u00e9e sur dix souhaite changer dans l&rsquo;ann\u00e9e.<\/p>\n<p><strong><em>Deux organisations sur cinq ne connaissent pas les comp\u00e9tences de leurs travailleurs<\/em><\/strong><\/p>\n<p>Sur le lieu de travail, il subsiste une grande m\u00e9connaissance des voies que les travailleurs veulent vraiment explorer.<br \/>\nBien que six entreprises europ\u00e9ennes sur dix ont conscience des talents dont elles ont besoin \u00e0 long terme, seule la moiti\u00e9 d&rsquo;entre elles d\u00e9tiennent une vue d&rsquo;ensemble des ambitions de leurs travailleurs. Deux organisations sur cinq ne disposent pas d&rsquo;informations pr\u00e9cises sur les comp\u00e9tences de leurs travailleurs. Une plateforme de talents qui r\u00e9pertorie toutes les comp\u00e9tences des travailleurs pourrait apporter une solution et am\u00e9liorer la mobilit\u00e9 interne, ainsi que la collaboration. Plus de la moiti\u00e9 (55%) des travailleurs belges connaissent leurs propres talents et savent o\u00f9 ils peuvent \u00eatre utiles dans l&rsquo;organisation.<\/p>\n<p>Bruce Fecheyr-Lippens, Chief People Officer chez SD Worx : \u00ab\u00a0<em>La volont\u00e9 de faire \u00e9voluer les personnes existe bel et bien, mais les bonnes informations font encore d\u00e9faut. Pourtant, il existe d\u00e9j\u00e0 aujourd&rsquo;hui de nombreux outils qui peuvent rendre la carri\u00e8re des travailleurs plus transparente. Par exemple, nous utilisons Huapii comme platef orme de talents. Elle permet aux travailleurs de s\u2019approprier leur carri\u00e8re gr\u00e2ce \u00e0 la gestion des comp\u00e9tences et des performances. Moins de la moiti\u00e9 des organisations belges (43 %) utilisent d\u00e9j\u00e0 ce type de technologie.\u00a0\u00bb<\/em><\/p>\n<p><strong><em>Un meilleur matchmaking est n\u00e9cessaire<\/em><\/strong><\/p>\n<p>En ce qui concerne les perspectives de carri\u00e8re, les avis des travailleurs belges sont partag\u00e9s\u202f: 37% d\u2019entre eux estiment que les possibilit\u00e9s d\u2019\u00e9volution vers d\u2019autres postes ou d\u00e9partements de l\u2019organisation sont suffisantes, tandis qu\u2019un groupe tout aussi important (36%) estime qu\u2019elles ne le sont pas. Un travailleur sur cinq (22%) estime m\u00eame que son sup\u00e9rieur direct bloque la mobilit\u00e9 interne. Moins de la moiti\u00e9 (41%) savent \u00e0 quel poste ils peuvent \u00e9voluer ou comment s\u2019y prendre.<\/p>\n<p>Bruce Fecheyr-Lippens de SD Worx conclut : \u00ab\u00a0<em>Si, en tant qu&#8217;employeur, vous r\u00e9pertoriez les comp\u00e9tences par le biais d&rsquo;une sorte de base de donn\u00e9es des talents, les managers peuvent plus facilement rechercher les talents ad\u00e9quats en interne \u00e9galement. En exploitant toutes les sources de talents possibles, les employeurs augmentent leurs chances de pourvoir les postes vacants. En outre, cette approche offre \u00e9galement une perspective aux travailleurs qui ont des ambitions de d\u00e9veloppement personnel. Ces ambitions existent certainement, bien que tout le monde ne les exprime pas.\u00a0\u00bb<\/em><\/p>\n<p><strong><em>Une culture de transparence: l&rsquo;exemple de Nipro<\/em><\/strong><\/p>\n<p>Nipro est pr\u00e9sent dans le monde entier avec des solutions globales pour les dispositifs m\u00e9dicaux et les emballages pharmaceutiques. Le si\u00e8ge europ\u00e9en du groupe japonais est situ\u00e9 \u00e0 Malines et compte pas moins de 30 nationalit\u00e9s diff\u00e9rentes parmi ses 200 travailleurs locaux.<br \/>\nBart Van Bambost, CHRO du groupe Nipro, est un pionnier d&rsquo;une culture ouverte et transparente o\u00f9 les opportunit\u00e9s de d\u00e9veloppement sont centra les : \u00ab\u00a0<em>Nos managers sont tr\u00e8s conscients du r\u00f4le qu&rsquo;ils jouent en gardant le pouls de mani\u00e8re informelle \u00e9galement. Ils sont aid\u00e9s par un outil de performance qui cartographie tous les profils, les points forts, mais aussi les int\u00e9r\u00eats ou les hobbies de tous les travailleurs. Il constitue la base et agit comme son propre linkedin. Ainsi, une dynamique se d\u00e9veloppe o\u00f9 nous nous connectons les uns aux autres d&rsquo;une mani\u00e8re plus large.\u00a0\u00bb<\/em><\/p>\n<p>Parfois, il n&rsquo;est pas possible d&rsquo;offrir \u00e0 chacun une opportunit\u00e9 de carri\u00e8re lin\u00e9aire dans un domaine professionnel particulier. Bart Van Bambost est r\u00e9aliste : <em>\u00ab\u00a0Les parcours de carri\u00e8re sont de moins en moins pr\u00e9visibles, bien qu&rsquo;il existe des opportunit\u00e9s tant au niveau g\u00e9ographique qu&rsquo;au niveau des domaines professionnels. Gr\u00e2ce aux \u00e9quipes virtuelles, les fronti\u00e8res nationales sont \u00e9galement moins un obstacle. C&rsquo;est pr\u00e9cis\u00e9ment parce que tout est en mouvement que le r\u00f4le du manager est si important, afin que le travailleur se sente compris et suivi. Chez nous, un d\u00e9par t ne doit jamais \u00eatre une surprise.\u00a0\u00bb<\/em><\/p>\n<p>&nbsp;<\/p>\n<p><em>Source : SD Worx<\/em><\/p>\n","protected":false},"excerpt":{"rendered":"<p>Six employeurs europ\u00e9ens sur dix sont conscients des talents dont ils auront besoin \u00e0 long terme. Il en va de m\u00eame pour les employeurs belges. N\u00e9anmoins, plus de la moiti\u00e9 des employeurs ne disposent pas d&rsquo;une vue d&rsquo;ensemble d\u00e9taill\u00e9e des [&hellip;]<\/p>\n","protected":false},"author":2,"featured_media":0,"comment_status":"closed","ping_status":"open","sticky":false,"template":"","format":"standard","meta":[],"categories":[65,10],"tags":[218,1383,72,299],"yoast_head":"<!-- This site is optimized with the Yoast SEO plugin v21.0 - https:\/\/yoast.com\/wordpress\/plugins\/seo\/ -->\n<title>Le potentiel de la mobilit\u00e9 interne reste inexploit\u00e9 \u00e0 ce jour: 18% des travailleurs d\u00e9clarent rester en attente d&#039;un nouveau job au sein m\u00eame de leur entreprise. - Peoplesphere<\/title>\n<meta name=\"robots\" content=\"index, follow, max-snippet:-1, max-image-preview:large, max-video-preview:-1\" \/>\n<link rel=\"canonical\" href=\"https:\/\/peoplesphere.be\/fr\/le-potentiel-de-la-mobilite-interne-reste-inexploite-a-ce-jour-18-des-travailleurs-declarent-rester-en-attente-dun-nouveau-job-au-sein-meme-de-leur-entreprise\/\" \/>\n<meta property=\"og:locale\" content=\"fr_FR\" \/>\n<meta property=\"og:type\" content=\"article\" \/>\n<meta property=\"og:title\" content=\"Le potentiel de la mobilit\u00e9 interne reste inexploit\u00e9 \u00e0 ce jour: 18% des travailleurs d\u00e9clarent rester en attente d&#039;un nouveau job au sein m\u00eame de leur entreprise. - Peoplesphere\" \/>\n<meta property=\"og:description\" content=\"Six employeurs europ\u00e9ens sur dix sont conscients des talents dont ils auront besoin \u00e0 long terme. Il en va de m\u00eame pour les employeurs belges. N\u00e9anmoins, plus de la moiti\u00e9 des employeurs ne disposent pas d&rsquo;une vue d&rsquo;ensemble d\u00e9taill\u00e9e des [&hellip;]\" \/>\n<meta property=\"og:url\" content=\"https:\/\/peoplesphere.be\/fr\/le-potentiel-de-la-mobilite-interne-reste-inexploite-a-ce-jour-18-des-travailleurs-declarent-rester-en-attente-dun-nouveau-job-au-sein-meme-de-leur-entreprise\/\" \/>\n<meta property=\"og:site_name\" content=\"Peoplesphere\" \/>\n<meta property=\"article:publisher\" content=\"https:\/\/www.facebook.com\/peoplesphere\" \/>\n<meta property=\"article:published_time\" content=\"2023-11-14T07:18:00+00:00\" \/>\n<meta property=\"og:image\" content=\"http:\/\/www.peoplesphere.be\/fr\/wp-content\/uploads\/2016\/07\/facebook-default-posting-1200x628px.jpg\" \/>\n<meta name=\"author\" content=\"Jean-Paul Erhard\" \/>\n<meta name=\"twitter:card\" content=\"summary_large_image\" \/>\n<meta name=\"twitter:creator\" content=\"@PeoplesphereMag\" \/>\n<meta name=\"twitter:site\" content=\"@PeoplesphereMag\" \/>\n<meta name=\"twitter:label1\" content=\"\u00c9crit par\" \/>\n\t<meta name=\"twitter:data1\" content=\"Jean-Paul Erhard\" \/>\n\t<meta name=\"twitter:label2\" content=\"Dur\u00e9e de lecture estim\u00e9e\" \/>\n\t<meta name=\"twitter:data2\" content=\"6 minutes\" \/>\n<script type=\"application\/ld+json\" class=\"yoast-schema-graph\">{\"@context\":\"https:\/\/schema.org\",\"@graph\":[{\"@type\":\"Article\",\"@id\":\"https:\/\/peoplesphere.be\/fr\/le-potentiel-de-la-mobilite-interne-reste-inexploite-a-ce-jour-18-des-travailleurs-declarent-rester-en-attente-dun-nouveau-job-au-sein-meme-de-leur-entreprise\/#article\",\"isPartOf\":{\"@id\":\"https:\/\/peoplesphere.be\/fr\/le-potentiel-de-la-mobilite-interne-reste-inexploite-a-ce-jour-18-des-travailleurs-declarent-rester-en-attente-dun-nouveau-job-au-sein-meme-de-leur-entreprise\/\"},\"author\":{\"name\":\"Jean-Paul Erhard\",\"@id\":\"https:\/\/peoplesphere.be\/fr\/#\/schema\/person\/7976225ff17988604334abb7b3536a7e\"},\"headline\":\"Le potentiel de la mobilit\u00e9 interne reste inexploit\u00e9 \u00e0 ce jour: 18% des travailleurs d\u00e9clarent rester en attente d&rsquo;un nouveau job au sein m\u00eame de leur entreprise.\",\"datePublished\":\"2023-11-14T07:18:00+00:00\",\"dateModified\":\"2023-11-14T07:18:00+00:00\",\"mainEntityOfPage\":{\"@id\":\"https:\/\/peoplesphere.be\/fr\/le-potentiel-de-la-mobilite-interne-reste-inexploite-a-ce-jour-18-des-travailleurs-declarent-rester-en-attente-dun-nouveau-job-au-sein-meme-de-leur-entreprise\/\"},\"wordCount\":1118,\"publisher\":{\"@id\":\"https:\/\/peoplesphere.be\/fr\/#organization\"},\"keywords\":[\"guerre des talents\",\"mobilit\u00e9 interne\",\"recrutement\",\"r\u00e9tention\"],\"articleSection\":[\"Actualit\u00e9s\",\"Digital\"],\"inLanguage\":\"fr-FR\"},{\"@type\":\"WebPage\",\"@id\":\"https:\/\/peoplesphere.be\/fr\/le-potentiel-de-la-mobilite-interne-reste-inexploite-a-ce-jour-18-des-travailleurs-declarent-rester-en-attente-dun-nouveau-job-au-sein-meme-de-leur-entreprise\/\",\"url\":\"https:\/\/peoplesphere.be\/fr\/le-potentiel-de-la-mobilite-interne-reste-inexploite-a-ce-jour-18-des-travailleurs-declarent-rester-en-attente-dun-nouveau-job-au-sein-meme-de-leur-entreprise\/\",\"name\":\"Le potentiel de la mobilit\u00e9 interne reste inexploit\u00e9 \u00e0 ce jour: 18% des travailleurs d\u00e9clarent rester en attente d'un nouveau job au sein m\u00eame de leur entreprise. - Peoplesphere\",\"isPartOf\":{\"@id\":\"https:\/\/peoplesphere.be\/fr\/#website\"},\"datePublished\":\"2023-11-14T07:18:00+00:00\",\"dateModified\":\"2023-11-14T07:18:00+00:00\",\"breadcrumb\":{\"@id\":\"https:\/\/peoplesphere.be\/fr\/le-potentiel-de-la-mobilite-interne-reste-inexploite-a-ce-jour-18-des-travailleurs-declarent-rester-en-attente-dun-nouveau-job-au-sein-meme-de-leur-entreprise\/#breadcrumb\"},\"inLanguage\":\"fr-FR\",\"potentialAction\":[{\"@type\":\"ReadAction\",\"target\":[\"https:\/\/peoplesphere.be\/fr\/le-potentiel-de-la-mobilite-interne-reste-inexploite-a-ce-jour-18-des-travailleurs-declarent-rester-en-attente-dun-nouveau-job-au-sein-meme-de-leur-entreprise\/\"]}]},{\"@type\":\"BreadcrumbList\",\"@id\":\"https:\/\/peoplesphere.be\/fr\/le-potentiel-de-la-mobilite-interne-reste-inexploite-a-ce-jour-18-des-travailleurs-declarent-rester-en-attente-dun-nouveau-job-au-sein-meme-de-leur-entreprise\/#breadcrumb\",\"itemListElement\":[{\"@type\":\"ListItem\",\"position\":1,\"name\":\"Accueil\",\"item\":\"https:\/\/peoplesphere.be\/fr\/\"},{\"@type\":\"ListItem\",\"position\":2,\"name\":\"Le potentiel de la mobilit\u00e9 interne reste inexploit\u00e9 \u00e0 ce jour: 18% des travailleurs d\u00e9clarent rester en attente d&rsquo;un nouveau job au sein m\u00eame de leur entreprise.\"}]},{\"@type\":\"WebSite\",\"@id\":\"https:\/\/peoplesphere.be\/fr\/#website\",\"url\":\"https:\/\/peoplesphere.be\/fr\/\",\"name\":\"Peoplesphere\",\"description\":\"The People Managers Magazine\",\"publisher\":{\"@id\":\"https:\/\/peoplesphere.be\/fr\/#organization\"},\"potentialAction\":[{\"@type\":\"SearchAction\",\"target\":{\"@type\":\"EntryPoint\",\"urlTemplate\":\"https:\/\/peoplesphere.be\/fr\/?s={search_term_string}\"},\"query-input\":\"required name=search_term_string\"}],\"inLanguage\":\"fr-FR\"},{\"@type\":\"Organization\",\"@id\":\"https:\/\/peoplesphere.be\/fr\/#organization\",\"name\":\"Peoplesphere Company srl\",\"url\":\"https:\/\/peoplesphere.be\/fr\/\",\"logo\":{\"@type\":\"ImageObject\",\"inLanguage\":\"fr-FR\",\"@id\":\"https:\/\/peoplesphere.be\/fr\/#\/schema\/logo\/image\/\",\"url\":\"https:\/\/peoplesphere.be\/fr\/wp-content\/uploads\/2023\/07\/peoplesphere-lgo-new-generik.jpg\",\"contentUrl\":\"https:\/\/peoplesphere.be\/fr\/wp-content\/uploads\/2023\/07\/peoplesphere-lgo-new-generik.jpg\",\"width\":1031,\"height\":1479,\"caption\":\"Peoplesphere Company srl\"},\"image\":{\"@id\":\"https:\/\/peoplesphere.be\/fr\/#\/schema\/logo\/image\/\"},\"sameAs\":[\"https:\/\/www.facebook.com\/peoplesphere\",\"https:\/\/twitter.com\/PeoplesphereMag\",\"https:\/\/www.linkedin.com\/company\/7587361?trk\",\"http:\/\/youtube.com\/peoplesphere\"]},{\"@type\":\"Person\",\"@id\":\"https:\/\/peoplesphere.be\/fr\/#\/schema\/person\/7976225ff17988604334abb7b3536a7e\",\"name\":\"Jean-Paul Erhard\",\"image\":{\"@type\":\"ImageObject\",\"inLanguage\":\"fr-FR\",\"@id\":\"https:\/\/peoplesphere.be\/fr\/#\/schema\/person\/image\/\",\"url\":\"https:\/\/secure.gravatar.com\/avatar\/f941e681460179738071629a51574930?s=96&d=mm&r=g\",\"contentUrl\":\"https:\/\/secure.gravatar.com\/avatar\/f941e681460179738071629a51574930?s=96&d=mm&r=g\",\"caption\":\"Jean-Paul Erhard\"},\"url\":\"https:\/\/peoplesphere.be\/fr\/author\/jpe\/\"}]}<\/script>\n<!-- \/ Yoast SEO plugin. -->","yoast_head_json":{"title":"Le potentiel de la mobilit\u00e9 interne reste inexploit\u00e9 \u00e0 ce jour: 18% des travailleurs d\u00e9clarent rester en attente d'un nouveau job au sein m\u00eame de leur entreprise. - Peoplesphere","robots":{"index":"index","follow":"follow","max-snippet":"max-snippet:-1","max-image-preview":"max-image-preview:large","max-video-preview":"max-video-preview:-1"},"canonical":"https:\/\/peoplesphere.be\/fr\/le-potentiel-de-la-mobilite-interne-reste-inexploite-a-ce-jour-18-des-travailleurs-declarent-rester-en-attente-dun-nouveau-job-au-sein-meme-de-leur-entreprise\/","og_locale":"fr_FR","og_type":"article","og_title":"Le potentiel de la mobilit\u00e9 interne reste inexploit\u00e9 \u00e0 ce jour: 18% des travailleurs d\u00e9clarent rester en attente d'un nouveau job au sein m\u00eame de leur entreprise. - Peoplesphere","og_description":"Six employeurs europ\u00e9ens sur dix sont conscients des talents dont ils auront besoin \u00e0 long terme. Il en va de m\u00eame pour les employeurs belges. N\u00e9anmoins, plus de la moiti\u00e9 des employeurs ne disposent pas d&rsquo;une vue d&rsquo;ensemble d\u00e9taill\u00e9e des [&hellip;]","og_url":"https:\/\/peoplesphere.be\/fr\/le-potentiel-de-la-mobilite-interne-reste-inexploite-a-ce-jour-18-des-travailleurs-declarent-rester-en-attente-dun-nouveau-job-au-sein-meme-de-leur-entreprise\/","og_site_name":"Peoplesphere","article_publisher":"https:\/\/www.facebook.com\/peoplesphere","article_published_time":"2023-11-14T07:18:00+00:00","og_image":[{"url":"http:\/\/www.peoplesphere.be\/fr\/wp-content\/uploads\/2016\/07\/facebook-default-posting-1200x628px.jpg"}],"author":"Jean-Paul Erhard","twitter_card":"summary_large_image","twitter_creator":"@PeoplesphereMag","twitter_site":"@PeoplesphereMag","twitter_misc":{"\u00c9crit par":"Jean-Paul Erhard","Dur\u00e9e de lecture estim\u00e9e":"6 minutes"},"schema":{"@context":"https:\/\/schema.org","@graph":[{"@type":"Article","@id":"https:\/\/peoplesphere.be\/fr\/le-potentiel-de-la-mobilite-interne-reste-inexploite-a-ce-jour-18-des-travailleurs-declarent-rester-en-attente-dun-nouveau-job-au-sein-meme-de-leur-entreprise\/#article","isPartOf":{"@id":"https:\/\/peoplesphere.be\/fr\/le-potentiel-de-la-mobilite-interne-reste-inexploite-a-ce-jour-18-des-travailleurs-declarent-rester-en-attente-dun-nouveau-job-au-sein-meme-de-leur-entreprise\/"},"author":{"name":"Jean-Paul Erhard","@id":"https:\/\/peoplesphere.be\/fr\/#\/schema\/person\/7976225ff17988604334abb7b3536a7e"},"headline":"Le potentiel de la mobilit\u00e9 interne reste inexploit\u00e9 \u00e0 ce jour: 18% des travailleurs d\u00e9clarent rester en attente d&rsquo;un nouveau job au sein m\u00eame de leur entreprise.","datePublished":"2023-11-14T07:18:00+00:00","dateModified":"2023-11-14T07:18:00+00:00","mainEntityOfPage":{"@id":"https:\/\/peoplesphere.be\/fr\/le-potentiel-de-la-mobilite-interne-reste-inexploite-a-ce-jour-18-des-travailleurs-declarent-rester-en-attente-dun-nouveau-job-au-sein-meme-de-leur-entreprise\/"},"wordCount":1118,"publisher":{"@id":"https:\/\/peoplesphere.be\/fr\/#organization"},"keywords":["guerre des talents","mobilit\u00e9 interne","recrutement","r\u00e9tention"],"articleSection":["Actualit\u00e9s","Digital"],"inLanguage":"fr-FR"},{"@type":"WebPage","@id":"https:\/\/peoplesphere.be\/fr\/le-potentiel-de-la-mobilite-interne-reste-inexploite-a-ce-jour-18-des-travailleurs-declarent-rester-en-attente-dun-nouveau-job-au-sein-meme-de-leur-entreprise\/","url":"https:\/\/peoplesphere.be\/fr\/le-potentiel-de-la-mobilite-interne-reste-inexploite-a-ce-jour-18-des-travailleurs-declarent-rester-en-attente-dun-nouveau-job-au-sein-meme-de-leur-entreprise\/","name":"Le potentiel de la mobilit\u00e9 interne reste inexploit\u00e9 \u00e0 ce jour: 18% des travailleurs d\u00e9clarent rester en attente d'un nouveau job au sein m\u00eame de leur entreprise. - Peoplesphere","isPartOf":{"@id":"https:\/\/peoplesphere.be\/fr\/#website"},"datePublished":"2023-11-14T07:18:00+00:00","dateModified":"2023-11-14T07:18:00+00:00","breadcrumb":{"@id":"https:\/\/peoplesphere.be\/fr\/le-potentiel-de-la-mobilite-interne-reste-inexploite-a-ce-jour-18-des-travailleurs-declarent-rester-en-attente-dun-nouveau-job-au-sein-meme-de-leur-entreprise\/#breadcrumb"},"inLanguage":"fr-FR","potentialAction":[{"@type":"ReadAction","target":["https:\/\/peoplesphere.be\/fr\/le-potentiel-de-la-mobilite-interne-reste-inexploite-a-ce-jour-18-des-travailleurs-declarent-rester-en-attente-dun-nouveau-job-au-sein-meme-de-leur-entreprise\/"]}]},{"@type":"BreadcrumbList","@id":"https:\/\/peoplesphere.be\/fr\/le-potentiel-de-la-mobilite-interne-reste-inexploite-a-ce-jour-18-des-travailleurs-declarent-rester-en-attente-dun-nouveau-job-au-sein-meme-de-leur-entreprise\/#breadcrumb","itemListElement":[{"@type":"ListItem","position":1,"name":"Accueil","item":"https:\/\/peoplesphere.be\/fr\/"},{"@type":"ListItem","position":2,"name":"Le potentiel de la mobilit\u00e9 interne reste inexploit\u00e9 \u00e0 ce jour: 18% des travailleurs d\u00e9clarent rester en attente d&rsquo;un nouveau job au sein m\u00eame de leur entreprise."}]},{"@type":"WebSite","@id":"https:\/\/peoplesphere.be\/fr\/#website","url":"https:\/\/peoplesphere.be\/fr\/","name":"Peoplesphere","description":"The People Managers Magazine","publisher":{"@id":"https:\/\/peoplesphere.be\/fr\/#organization"},"potentialAction":[{"@type":"SearchAction","target":{"@type":"EntryPoint","urlTemplate":"https:\/\/peoplesphere.be\/fr\/?s={search_term_string}"},"query-input":"required name=search_term_string"}],"inLanguage":"fr-FR"},{"@type":"Organization","@id":"https:\/\/peoplesphere.be\/fr\/#organization","name":"Peoplesphere Company srl","url":"https:\/\/peoplesphere.be\/fr\/","logo":{"@type":"ImageObject","inLanguage":"fr-FR","@id":"https:\/\/peoplesphere.be\/fr\/#\/schema\/logo\/image\/","url":"https:\/\/peoplesphere.be\/fr\/wp-content\/uploads\/2023\/07\/peoplesphere-lgo-new-generik.jpg","contentUrl":"https:\/\/peoplesphere.be\/fr\/wp-content\/uploads\/2023\/07\/peoplesphere-lgo-new-generik.jpg","width":1031,"height":1479,"caption":"Peoplesphere Company srl"},"image":{"@id":"https:\/\/peoplesphere.be\/fr\/#\/schema\/logo\/image\/"},"sameAs":["https:\/\/www.facebook.com\/peoplesphere","https:\/\/twitter.com\/PeoplesphereMag","https:\/\/www.linkedin.com\/company\/7587361?trk","http:\/\/youtube.com\/peoplesphere"]},{"@type":"Person","@id":"https:\/\/peoplesphere.be\/fr\/#\/schema\/person\/7976225ff17988604334abb7b3536a7e","name":"Jean-Paul Erhard","image":{"@type":"ImageObject","inLanguage":"fr-FR","@id":"https:\/\/peoplesphere.be\/fr\/#\/schema\/person\/image\/","url":"https:\/\/secure.gravatar.com\/avatar\/f941e681460179738071629a51574930?s=96&d=mm&r=g","contentUrl":"https:\/\/secure.gravatar.com\/avatar\/f941e681460179738071629a51574930?s=96&d=mm&r=g","caption":"Jean-Paul Erhard"},"url":"https:\/\/peoplesphere.be\/fr\/author\/jpe\/"}]}},"_links":{"self":[{"href":"https:\/\/peoplesphere.be\/fr\/wp-json\/wp\/v2\/posts\/15266"}],"collection":[{"href":"https:\/\/peoplesphere.be\/fr\/wp-json\/wp\/v2\/posts"}],"about":[{"href":"https:\/\/peoplesphere.be\/fr\/wp-json\/wp\/v2\/types\/post"}],"author":[{"embeddable":true,"href":"https:\/\/peoplesphere.be\/fr\/wp-json\/wp\/v2\/users\/2"}],"replies":[{"embeddable":true,"href":"https:\/\/peoplesphere.be\/fr\/wp-json\/wp\/v2\/comments?post=15266"}],"version-history":[{"count":1,"href":"https:\/\/peoplesphere.be\/fr\/wp-json\/wp\/v2\/posts\/15266\/revisions"}],"predecessor-version":[{"id":15267,"href":"https:\/\/peoplesphere.be\/fr\/wp-json\/wp\/v2\/posts\/15266\/revisions\/15267"}],"wp:attachment":[{"href":"https:\/\/peoplesphere.be\/fr\/wp-json\/wp\/v2\/media?parent=15266"}],"wp:term":[{"taxonomy":"category","embeddable":true,"href":"https:\/\/peoplesphere.be\/fr\/wp-json\/wp\/v2\/categories?post=15266"},{"taxonomy":"post_tag","embeddable":true,"href":"https:\/\/peoplesphere.be\/fr\/wp-json\/wp\/v2\/tags?post=15266"}],"curies":[{"name":"wp","href":"https:\/\/api.w.org\/{rel}","templated":true}]}}