









{"id":15268,"date":"2023-11-14T16:17:29","date_gmt":"2023-11-14T14:17:29","guid":{"rendered":"https:\/\/peoplesphere.be\/fr\/?p=15268"},"modified":"2023-11-14T16:17:29","modified_gmt":"2023-11-14T14:17:29","slug":"taux-de-chomage-stable-dans-la-zone-ocde-a-hauteur-de-48","status":"publish","type":"post","link":"https:\/\/peoplesphere.be\/fr\/taux-de-chomage-stable-dans-la-zone-ocde-a-hauteur-de-48\/","title":{"rendered":"Taux de ch\u00f4mage stable dans la zone OCDE \u00e0 hauteur de 4,8%."},"content":{"rendered":"<p>Le taux de ch\u00f4mage dans la zone OCDE est rest\u00e9 stable \u00e0 4.8 % en septembre 2023, se maintenant en-dessous de 5.0% depuis juillet 2022. En septembre 2023, le taux de ch\u00f4mage mensuel a augment\u00e9 dans 16 pays de l&rsquo;OCDE, est rest\u00e9 inchang\u00e9 dans 11 pays et a baiss\u00e9 dans 6 autres. Le nombre de ch\u00f4meurs dans la zone OCDE a l\u00e9g\u00e8rement augment\u00e9 pour atteindre 33,3 millions en septembre, son niveau le plus \u00e9lev\u00e9 en 2023, principalement en raison d&rsquo;une augmentation du nombre d&rsquo;hommes au ch\u00f4mage.<!--more--><\/p>\n<p>En septembre 2023, les taux de ch\u00f4mage dans la zone OCDE \u00e9taient globalement stables dans l\u2019ensemble des cat\u00e9gories : hommes, femmes, jeunes (15-24 ans) et travailleurs \u00e2g\u00e9s de 25 ans et plus. Cependant, le taux de ch\u00f4mage des jeunes est rest\u00e9 proche ou au-dessus de 20% dans 9 pays de l&rsquo;OCDE en septembre et a augment\u00e9 dans 16 pays. Des augmentations prononc\u00e9es de plus d&rsquo;un point de pourcentage ont \u00e9t\u00e9 enregistr\u00e9es en Cor\u00e9e, en Tch\u00e9quie, au Luxembourg et en Su\u00e8de.<\/p>\n<p>Dans la zone euro, le taux de ch\u00f4mage a oscill\u00e9 autour de 6.5 % depuis f\u00e9vrier 2023. En septembre, il est rest\u00e9 stable ou a l\u00e9g\u00e8rement augment\u00e9 dans tous les pays de la zone euro \u00e0 l&rsquo;exception de la Gr\u00e8ce, o\u00f9 il a continu\u00e9 \u00e0 diminuer rapidement pour atteindre 10 %, son niveau le plus bas depuis ao\u00fbt 2009. Le taux de ch\u00f4mage de l&rsquo;Espagne est rest\u00e9 le plus \u00e9lev\u00e9 de la zone euro en septembre. La Belgique reste en milieu de &lsquo;classement&rsquo; avec un taux de 5,6%.<\/p>\n<p>Le taux de ch\u00f4mage est rest\u00e9 globalement stable ou a l\u00e9g\u00e8rement augment\u00e9 dans les pays de l\u2019OCDE en dehors de l\u2019Europe. Des donn\u00e9es plus r\u00e9centes montrent que le taux de ch\u00f4mage a augment\u00e9 au Canada, et aux \u00c9tats-Unis en octobre pour atteindre 5.7% et 3.9% respectivement.<\/p>\n<p>&nbsp;<\/p>\n<p><em>Source: OCDE<\/em><\/p>\n","protected":false},"excerpt":{"rendered":"<p>Le taux de ch\u00f4mage dans la zone OCDE est rest\u00e9 stable \u00e0 4.8 % en septembre 2023, se maintenant en-dessous de 5.0% depuis juillet 2022. En septembre 2023, le taux de ch\u00f4mage mensuel a augment\u00e9 dans 16 pays de l&rsquo;OCDE, [&hellip;]<\/p>\n","protected":false},"author":2,"featured_media":0,"comment_status":"closed","ping_status":"open","sticky":false,"template":"","format":"standard","meta":[],"categories":[65,10],"tags":[92,11,772],"yoast_head":"<!-- This site is optimized with the Yoast SEO plugin v21.0 - https:\/\/yoast.com\/wordpress\/plugins\/seo\/ -->\n<title>Taux de ch\u00f4mage stable dans la zone OCDE \u00e0 hauteur de 4,8%. - Peoplesphere<\/title>\n<meta name=\"robots\" content=\"index, follow, max-snippet:-1, max-image-preview:large, max-video-preview:-1\" \/>\n<link rel=\"canonical\" href=\"https:\/\/peoplesphere.be\/fr\/taux-de-chomage-stable-dans-la-zone-ocde-a-hauteur-de-48\/\" \/>\n<meta property=\"og:locale\" content=\"fr_FR\" \/>\n<meta property=\"og:type\" content=\"article\" \/>\n<meta property=\"og:title\" content=\"Taux de ch\u00f4mage stable dans la zone OCDE \u00e0 hauteur de 4,8%. - Peoplesphere\" \/>\n<meta property=\"og:description\" content=\"Le taux de ch\u00f4mage dans la zone OCDE est rest\u00e9 stable \u00e0 4.8 % en septembre 2023, se maintenant en-dessous de 5.0% depuis juillet 2022. En septembre 2023, le taux de ch\u00f4mage mensuel a augment\u00e9 dans 16 pays de l&rsquo;OCDE, [&hellip;]\" \/>\n<meta property=\"og:url\" content=\"https:\/\/peoplesphere.be\/fr\/taux-de-chomage-stable-dans-la-zone-ocde-a-hauteur-de-48\/\" \/>\n<meta property=\"og:site_name\" content=\"Peoplesphere\" \/>\n<meta property=\"article:publisher\" content=\"https:\/\/www.facebook.com\/peoplesphere\" \/>\n<meta property=\"article:published_time\" content=\"2023-11-14T14:17:29+00:00\" \/>\n<meta property=\"og:image\" content=\"http:\/\/www.peoplesphere.be\/fr\/wp-content\/uploads\/2016\/07\/facebook-default-posting-1200x628px.jpg\" \/>\n<meta name=\"author\" content=\"Jean-Paul Erhard\" \/>\n<meta name=\"twitter:card\" content=\"summary_large_image\" \/>\n<meta name=\"twitter:creator\" content=\"@PeoplesphereMag\" \/>\n<meta name=\"twitter:site\" content=\"@PeoplesphereMag\" \/>\n<meta name=\"twitter:label1\" content=\"\u00c9crit par\" \/>\n\t<meta name=\"twitter:data1\" content=\"Jean-Paul Erhard\" \/>\n\t<meta name=\"twitter:label2\" content=\"Dur\u00e9e de lecture estim\u00e9e\" \/>\n\t<meta name=\"twitter:data2\" content=\"2 minutes\" \/>\n<script type=\"application\/ld+json\" class=\"yoast-schema-graph\">{\"@context\":\"https:\/\/schema.org\",\"@graph\":[{\"@type\":\"Article\",\"@id\":\"https:\/\/peoplesphere.be\/fr\/taux-de-chomage-stable-dans-la-zone-ocde-a-hauteur-de-48\/#article\",\"isPartOf\":{\"@id\":\"https:\/\/peoplesphere.be\/fr\/taux-de-chomage-stable-dans-la-zone-ocde-a-hauteur-de-48\/\"},\"author\":{\"name\":\"Jean-Paul Erhard\",\"@id\":\"https:\/\/peoplesphere.be\/fr\/#\/schema\/person\/7976225ff17988604334abb7b3536a7e\"},\"headline\":\"Taux de ch\u00f4mage stable dans la zone OCDE \u00e0 hauteur de 4,8%.\",\"datePublished\":\"2023-11-14T14:17:29+00:00\",\"dateModified\":\"2023-11-14T14:17:29+00:00\",\"mainEntityOfPage\":{\"@id\":\"https:\/\/peoplesphere.be\/fr\/taux-de-chomage-stable-dans-la-zone-ocde-a-hauteur-de-48\/\"},\"wordCount\":316,\"publisher\":{\"@id\":\"https:\/\/peoplesphere.be\/fr\/#organization\"},\"keywords\":[\"ch\u00f4mage\",\"emploi\",\"OCDE\"],\"articleSection\":[\"Actualit\u00e9s\",\"Digital\"],\"inLanguage\":\"fr-FR\"},{\"@type\":\"WebPage\",\"@id\":\"https:\/\/peoplesphere.be\/fr\/taux-de-chomage-stable-dans-la-zone-ocde-a-hauteur-de-48\/\",\"url\":\"https:\/\/peoplesphere.be\/fr\/taux-de-chomage-stable-dans-la-zone-ocde-a-hauteur-de-48\/\",\"name\":\"Taux de ch\u00f4mage stable dans la zone OCDE \u00e0 hauteur de 4,8%. - Peoplesphere\",\"isPartOf\":{\"@id\":\"https:\/\/peoplesphere.be\/fr\/#website\"},\"datePublished\":\"2023-11-14T14:17:29+00:00\",\"dateModified\":\"2023-11-14T14:17:29+00:00\",\"breadcrumb\":{\"@id\":\"https:\/\/peoplesphere.be\/fr\/taux-de-chomage-stable-dans-la-zone-ocde-a-hauteur-de-48\/#breadcrumb\"},\"inLanguage\":\"fr-FR\",\"potentialAction\":[{\"@type\":\"ReadAction\",\"target\":[\"https:\/\/peoplesphere.be\/fr\/taux-de-chomage-stable-dans-la-zone-ocde-a-hauteur-de-48\/\"]}]},{\"@type\":\"BreadcrumbList\",\"@id\":\"https:\/\/peoplesphere.be\/fr\/taux-de-chomage-stable-dans-la-zone-ocde-a-hauteur-de-48\/#breadcrumb\",\"itemListElement\":[{\"@type\":\"ListItem\",\"position\":1,\"name\":\"Accueil\",\"item\":\"https:\/\/peoplesphere.be\/fr\/\"},{\"@type\":\"ListItem\",\"position\":2,\"name\":\"Taux de ch\u00f4mage stable dans la zone OCDE \u00e0 hauteur de 4,8%.\"}]},{\"@type\":\"WebSite\",\"@id\":\"https:\/\/peoplesphere.be\/fr\/#website\",\"url\":\"https:\/\/peoplesphere.be\/fr\/\",\"name\":\"Peoplesphere\",\"description\":\"The People Managers Magazine\",\"publisher\":{\"@id\":\"https:\/\/peoplesphere.be\/fr\/#organization\"},\"potentialAction\":[{\"@type\":\"SearchAction\",\"target\":{\"@type\":\"EntryPoint\",\"urlTemplate\":\"https:\/\/peoplesphere.be\/fr\/?s={search_term_string}\"},\"query-input\":\"required name=search_term_string\"}],\"inLanguage\":\"fr-FR\"},{\"@type\":\"Organization\",\"@id\":\"https:\/\/peoplesphere.be\/fr\/#organization\",\"name\":\"Peoplesphere Company srl\",\"url\":\"https:\/\/peoplesphere.be\/fr\/\",\"logo\":{\"@type\":\"ImageObject\",\"inLanguage\":\"fr-FR\",\"@id\":\"https:\/\/peoplesphere.be\/fr\/#\/schema\/logo\/image\/\",\"url\":\"https:\/\/peoplesphere.be\/fr\/wp-content\/uploads\/2023\/07\/peoplesphere-lgo-new-generik.jpg\",\"contentUrl\":\"https:\/\/peoplesphere.be\/fr\/wp-content\/uploads\/2023\/07\/peoplesphere-lgo-new-generik.jpg\",\"width\":1031,\"height\":1479,\"caption\":\"Peoplesphere Company srl\"},\"image\":{\"@id\":\"https:\/\/peoplesphere.be\/fr\/#\/schema\/logo\/image\/\"},\"sameAs\":[\"https:\/\/www.facebook.com\/peoplesphere\",\"https:\/\/twitter.com\/PeoplesphereMag\",\"https:\/\/www.linkedin.com\/company\/7587361?trk\",\"http:\/\/youtube.com\/peoplesphere\"]},{\"@type\":\"Person\",\"@id\":\"https:\/\/peoplesphere.be\/fr\/#\/schema\/person\/7976225ff17988604334abb7b3536a7e\",\"name\":\"Jean-Paul Erhard\",\"image\":{\"@type\":\"ImageObject\",\"inLanguage\":\"fr-FR\",\"@id\":\"https:\/\/peoplesphere.be\/fr\/#\/schema\/person\/image\/\",\"url\":\"https:\/\/secure.gravatar.com\/avatar\/f941e681460179738071629a51574930?s=96&d=mm&r=g\",\"contentUrl\":\"https:\/\/secure.gravatar.com\/avatar\/f941e681460179738071629a51574930?s=96&d=mm&r=g\",\"caption\":\"Jean-Paul Erhard\"},\"url\":\"https:\/\/peoplesphere.be\/fr\/author\/jpe\/\"}]}<\/script>\n<!-- \/ Yoast SEO plugin. -->","yoast_head_json":{"title":"Taux de ch\u00f4mage stable dans la zone OCDE \u00e0 hauteur de 4,8%. - Peoplesphere","robots":{"index":"index","follow":"follow","max-snippet":"max-snippet:-1","max-image-preview":"max-image-preview:large","max-video-preview":"max-video-preview:-1"},"canonical":"https:\/\/peoplesphere.be\/fr\/taux-de-chomage-stable-dans-la-zone-ocde-a-hauteur-de-48\/","og_locale":"fr_FR","og_type":"article","og_title":"Taux de ch\u00f4mage stable dans la zone OCDE \u00e0 hauteur de 4,8%. - Peoplesphere","og_description":"Le taux de ch\u00f4mage dans la zone OCDE est rest\u00e9 stable \u00e0 4.8 % en septembre 2023, se maintenant en-dessous de 5.0% depuis juillet 2022. En septembre 2023, le taux de ch\u00f4mage mensuel a augment\u00e9 dans 16 pays de l&rsquo;OCDE, [&hellip;]","og_url":"https:\/\/peoplesphere.be\/fr\/taux-de-chomage-stable-dans-la-zone-ocde-a-hauteur-de-48\/","og_site_name":"Peoplesphere","article_publisher":"https:\/\/www.facebook.com\/peoplesphere","article_published_time":"2023-11-14T14:17:29+00:00","og_image":[{"url":"http:\/\/www.peoplesphere.be\/fr\/wp-content\/uploads\/2016\/07\/facebook-default-posting-1200x628px.jpg"}],"author":"Jean-Paul Erhard","twitter_card":"summary_large_image","twitter_creator":"@PeoplesphereMag","twitter_site":"@PeoplesphereMag","twitter_misc":{"\u00c9crit par":"Jean-Paul Erhard","Dur\u00e9e de lecture estim\u00e9e":"2 minutes"},"schema":{"@context":"https:\/\/schema.org","@graph":[{"@type":"Article","@id":"https:\/\/peoplesphere.be\/fr\/taux-de-chomage-stable-dans-la-zone-ocde-a-hauteur-de-48\/#article","isPartOf":{"@id":"https:\/\/peoplesphere.be\/fr\/taux-de-chomage-stable-dans-la-zone-ocde-a-hauteur-de-48\/"},"author":{"name":"Jean-Paul Erhard","@id":"https:\/\/peoplesphere.be\/fr\/#\/schema\/person\/7976225ff17988604334abb7b3536a7e"},"headline":"Taux de ch\u00f4mage stable dans la zone OCDE \u00e0 hauteur de 4,8%.","datePublished":"2023-11-14T14:17:29+00:00","dateModified":"2023-11-14T14:17:29+00:00","mainEntityOfPage":{"@id":"https:\/\/peoplesphere.be\/fr\/taux-de-chomage-stable-dans-la-zone-ocde-a-hauteur-de-48\/"},"wordCount":316,"publisher":{"@id":"https:\/\/peoplesphere.be\/fr\/#organization"},"keywords":["ch\u00f4mage","emploi","OCDE"],"articleSection":["Actualit\u00e9s","Digital"],"inLanguage":"fr-FR"},{"@type":"WebPage","@id":"https:\/\/peoplesphere.be\/fr\/taux-de-chomage-stable-dans-la-zone-ocde-a-hauteur-de-48\/","url":"https:\/\/peoplesphere.be\/fr\/taux-de-chomage-stable-dans-la-zone-ocde-a-hauteur-de-48\/","name":"Taux de ch\u00f4mage stable dans la zone OCDE \u00e0 hauteur de 4,8%. - Peoplesphere","isPartOf":{"@id":"https:\/\/peoplesphere.be\/fr\/#website"},"datePublished":"2023-11-14T14:17:29+00:00","dateModified":"2023-11-14T14:17:29+00:00","breadcrumb":{"@id":"https:\/\/peoplesphere.be\/fr\/taux-de-chomage-stable-dans-la-zone-ocde-a-hauteur-de-48\/#breadcrumb"},"inLanguage":"fr-FR","potentialAction":[{"@type":"ReadAction","target":["https:\/\/peoplesphere.be\/fr\/taux-de-chomage-stable-dans-la-zone-ocde-a-hauteur-de-48\/"]}]},{"@type":"BreadcrumbList","@id":"https:\/\/peoplesphere.be\/fr\/taux-de-chomage-stable-dans-la-zone-ocde-a-hauteur-de-48\/#breadcrumb","itemListElement":[{"@type":"ListItem","position":1,"name":"Accueil","item":"https:\/\/peoplesphere.be\/fr\/"},{"@type":"ListItem","position":2,"name":"Taux de ch\u00f4mage stable dans la zone OCDE \u00e0 hauteur de 4,8%."}]},{"@type":"WebSite","@id":"https:\/\/peoplesphere.be\/fr\/#website","url":"https:\/\/peoplesphere.be\/fr\/","name":"Peoplesphere","description":"The People Managers Magazine","publisher":{"@id":"https:\/\/peoplesphere.be\/fr\/#organization"},"potentialAction":[{"@type":"SearchAction","target":{"@type":"EntryPoint","urlTemplate":"https:\/\/peoplesphere.be\/fr\/?s={search_term_string}"},"query-input":"required name=search_term_string"}],"inLanguage":"fr-FR"},{"@type":"Organization","@id":"https:\/\/peoplesphere.be\/fr\/#organization","name":"Peoplesphere Company srl","url":"https:\/\/peoplesphere.be\/fr\/","logo":{"@type":"ImageObject","inLanguage":"fr-FR","@id":"https:\/\/peoplesphere.be\/fr\/#\/schema\/logo\/image\/","url":"https:\/\/peoplesphere.be\/fr\/wp-content\/uploads\/2023\/07\/peoplesphere-lgo-new-generik.jpg","contentUrl":"https:\/\/peoplesphere.be\/fr\/wp-content\/uploads\/2023\/07\/peoplesphere-lgo-new-generik.jpg","width":1031,"height":1479,"caption":"Peoplesphere Company srl"},"image":{"@id":"https:\/\/peoplesphere.be\/fr\/#\/schema\/logo\/image\/"},"sameAs":["https:\/\/www.facebook.com\/peoplesphere","https:\/\/twitter.com\/PeoplesphereMag","https:\/\/www.linkedin.com\/company\/7587361?trk","http:\/\/youtube.com\/peoplesphere"]},{"@type":"Person","@id":"https:\/\/peoplesphere.be\/fr\/#\/schema\/person\/7976225ff17988604334abb7b3536a7e","name":"Jean-Paul Erhard","image":{"@type":"ImageObject","inLanguage":"fr-FR","@id":"https:\/\/peoplesphere.be\/fr\/#\/schema\/person\/image\/","url":"https:\/\/secure.gravatar.com\/avatar\/f941e681460179738071629a51574930?s=96&d=mm&r=g","contentUrl":"https:\/\/secure.gravatar.com\/avatar\/f941e681460179738071629a51574930?s=96&d=mm&r=g","caption":"Jean-Paul Erhard"},"url":"https:\/\/peoplesphere.be\/fr\/author\/jpe\/"}]}},"_links":{"self":[{"href":"https:\/\/peoplesphere.be\/fr\/wp-json\/wp\/v2\/posts\/15268"}],"collection":[{"href":"https:\/\/peoplesphere.be\/fr\/wp-json\/wp\/v2\/posts"}],"about":[{"href":"https:\/\/peoplesphere.be\/fr\/wp-json\/wp\/v2\/types\/post"}],"author":[{"embeddable":true,"href":"https:\/\/peoplesphere.be\/fr\/wp-json\/wp\/v2\/users\/2"}],"replies":[{"embeddable":true,"href":"https:\/\/peoplesphere.be\/fr\/wp-json\/wp\/v2\/comments?post=15268"}],"version-history":[{"count":1,"href":"https:\/\/peoplesphere.be\/fr\/wp-json\/wp\/v2\/posts\/15268\/revisions"}],"predecessor-version":[{"id":15269,"href":"https:\/\/peoplesphere.be\/fr\/wp-json\/wp\/v2\/posts\/15268\/revisions\/15269"}],"wp:attachment":[{"href":"https:\/\/peoplesphere.be\/fr\/wp-json\/wp\/v2\/media?parent=15268"}],"wp:term":[{"taxonomy":"category","embeddable":true,"href":"https:\/\/peoplesphere.be\/fr\/wp-json\/wp\/v2\/categories?post=15268"},{"taxonomy":"post_tag","embeddable":true,"href":"https:\/\/peoplesphere.be\/fr\/wp-json\/wp\/v2\/tags?post=15268"}],"curies":[{"name":"wp","href":"https:\/\/api.w.org\/{rel}","templated":true}]}}