









{"id":15273,"date":"2023-11-15T15:24:21","date_gmt":"2023-11-15T13:24:21","guid":{"rendered":"https:\/\/peoplesphere.be\/fr\/?p=15273"},"modified":"2023-11-15T15:24:21","modified_gmt":"2023-11-15T13:24:21","slug":"les-plans-de-pension-complementaire-un-outil-desormais-indispensable-pour-fideliser-les-talents","status":"publish","type":"post","link":"https:\/\/peoplesphere.be\/fr\/les-plans-de-pension-complementaire-un-outil-desormais-indispensable-pour-fideliser-les-talents\/","title":{"rendered":"Les plans de pension compl\u00e9mentaire, un outil d\u00e9sormais indispensable pour fid\u00e9liser les talents?"},"content":{"rendered":"<p>Pour la 10e \u00e9dition du Aon Pension Survey, version 2024, les plans de pensions de 285 entreprises belges ont \u00e9t\u00e9 analys\u00e9s, compar\u00e9s aux r\u00e9sultats des pr\u00e9c\u00e9dentes \u00e9tudes et synth\u00e9tis\u00e9s en 12 tendances. La pension compl\u00e9mentaire semble se profiler comme \u00ab\u00a0le\u00a0\u00bb nouvel argument de recrutement et de fid\u00e9lisation des talents !<!--more--><\/p>\n<p>Aon, fournisseur mondial de solutions en mati\u00e8re de risque, de retraite et de sant\u00e9, \u00e9tudie depuis pr\u00e8s de 30 ans l\u2019\u00e9volution des plans de pension compl\u00e9mentaire en Belgique. Cette 10e \u00e9dition, fait apparaitre de nouvelles tendances depuis 2018, dont une opportunit\u00e9 majeure en termes de recrutement, ainsi qu\u2019un risque financier pour les employeurs dont les plans de pension sont investis en branche 21.<\/p>\n<p>L\u2019\u00e9tude Aon Pension Survey 2024 compare les avantages extra-l\u00e9gaux, retraite et d\u00e9c\u00e8s des plans de pension compl\u00e9mentaire en Belgique. Elle a \u00e9t\u00e9 men\u00e9e aupr\u00e8s de 285 entreprises de 14 secteurs, repr\u00e9sentant pas moins de 300.000 salari\u00e9s ! Au total, 552 plans de pension ont \u00e9t\u00e9 analys\u00e9s, mettant au jour de grandes disparit\u00e9s.<\/p>\n<p>Tr\u00e8s diversifi\u00e9s, les plans de pensions belges int\u00e8grent directement, indirectement ou pas la pension l\u00e9gale ; sont en \u00ab but \u00e0 atteindre \u00bb ou \u00ab charges fix\u00e9es \u00bb ; et sont financ\u00e9s via une compagnie d\u2019assurances ou par un fonds de pension. Pour comparer de mani\u00e8re scientifique les avantages octroy\u00e9s aux salari\u00e9s belges, Aon a imagin\u00e9 trois personnages \u2013 un cadre, un employ\u00e9 et un ouvrier \u2013 qui sont engag\u00e9s par leur entreprise \u00e0 l\u2019\u00e2ge de 30 ans, qui y font une carri\u00e8re compl\u00e8te et qui prennent leur retraite \u00e0 67 ans. Chaque plan a \u00e9t\u00e9 analys\u00e9 en fonction de ce sc\u00e9nario.<\/p>\n<p><strong><em>Pension compl\u00e9mentaire, un must pour palier une faible pension l\u00e9gale<\/em><\/strong><\/p>\n<p>En Belgique, la pension l\u00e9gale est moins \u00e9lev\u00e9e que dans la plupart des pays voisins. Aujourd\u2019hui, pour une carri\u00e8re compl\u00e8te, un ouvrier moyen re\u00e7oit 62% de son dernier salaire brut, un employ\u00e9 moyen 59% et un cadre 48%. Ces diff\u00e9rences s&rsquo;expliquent par le plafond de la pension, qui limite la pension l\u00e9gale pour les salaires les plus \u00e9lev\u00e9s.<\/p>\n<p>On comprend d\u00e8s lors que la constitution d\u2019une pension compl\u00e9mentaire soit un sujet de pr\u00e9occupation majeur pour les salari\u00e9s, en vue d\u2019att\u00e9nuer la chute brutale de leur niveau de vie une fois \u00e0 la pension. D\u2019autant que tout le monde ne part pas \u00e0 taux plein : on constate m\u00eame depuis cinq ans une baisse du pourcentage de salari\u00e9s qui prennent leur pension \u00e0 l&rsquo;\u00e2ge l\u00e9gal (65 ans actuellement). Qu\u2019en sera-t-il en 2030 lorsqu\u2019il sera de 67 ans ?<\/p>\n<p><strong><em>Un argument tr\u00e8s comp\u00e9titif dans la chasse aux talents !<\/em><\/strong><\/p>\n<p>Pour l&#8217;employeur, la pension compl\u00e9mentaire, comme r\u00e9mun\u00e9ration alternative, est donc un argument de poids pour attirer et fid\u00e9liser des talents. Si son ou ses plans de pensions se distinguent positivement par rapport au march\u00e9 belge et\/ou \u00e0 son secteur d\u2019activit\u00e9, une entreprise \u00e0 tout int\u00e9r\u00eat \u00e0 communiquer cet avantage concurrentiel \u00e0 son personnel et dans ses offres d\u2019emploi. \u00c0 l\u2019inverse, si son plan de pension n\u2019est pas attractif, elle devrait r\u00e9fl\u00e9chir \u00e0 l\u2019optimiser, surtout si elle fait face \u00e0 une p\u00e9nurie de talents.<\/p>\n<p><em>\u00ab\u00a0C\u2019est un enseignement majeur de l\u2019\u00e9dition 2024 : la pension compl\u00e9mentaire devient un argument de recrutement. Les salari\u00e9s doivent prendre conscience qu\u2019elle aura un impact important sur leurs ressources financi\u00e8res futures et que tous les plans de pension ne se valent pas. Les jeunes qui arrivent sur le march\u00e9 de l\u2019emploi et les salari\u00e9s qui changent d\u2019employeur doivent aborder le sujet lors de leurs entretiens d\u2019embauche et comparer aussi bien le salaire propos\u00e9 que les avantages extra-l\u00e9gaux et le plan de pension compl\u00e9mentaire\u00a0\u00bb<\/em>, d\u00e9clare Colette de Dessus les Moustier, Aon Senior Sales Manager, qui a con\u00e7u l\u2019\u00e9tude en 1996 et qui la dirige toujours aujourd\u2019hui.<\/p>\n<p>Aon Pension Survey 2024 \u00e9tablit un benchmark national mais aussi sectoriel des plans de pension. Au niveau sectoriel, la diff\u00e9rence de g\u00e9n\u00e9rosit\u00e9 en termes de retraite, va du simple au triple ! En t\u00eate du classement, le secteurs \u00ab Banque et finance \u00bb octroie les plus \u00ab belles \u00bb retraites d\u2019entreprise, tandis que le secteur \u00ab Automobile \u00bb se trouve en queue de peloton.<\/p>\n<p>Ainsi, sur base des plans m\u00e9dians de l\u2018\u00e9tude, un cadre entr\u00e9 \u00e0 30 ans dans une entreprise automobile obtiendra, \u00e0 sa retraite \u00e0 67 ans, un capital valant 16 fois son dernier salaire mensuel, alors que s\u2019il avait prest\u00e9 une carri\u00e8re similaire avec un salaire \u00e9quivalent dans une entreprise bancaire, il aurait obtenu un capital de 43 fois son dernier salaire mensuel.<\/p>\n<p><strong><em>Un nouveau risque se profile pour les employeurs<\/em><\/strong><\/p>\n<p>Depuis la cr\u00e9ation de l\u2019\u00e9tude, les plans de pension en \u00ab\u00a0but \u00e0 atteindre\u00a0\u00bb (l\u2019employeur a une obligation de r\u00e9sultats envers ses salari\u00e9s par rapport aux avantages retraite pr\u00e9vus) diminuent au profit des plans en \u00ab\u00a0charge fix\u00e9e\u00a0\u00bb (l\u2019employeur a une obligation de moyens et verse une contribution p\u00e9riodique \u00e0 l\u2019organisme de pension). V\u00e9ritables outils de r\u00e9mun\u00e9ration fiscalement plus int\u00e9ressants pour le salari\u00e9 et l\u2019entreprise, les plans de pension en \u00ab\u00a0charge fix\u00e9e\u00a0\u00bb repr\u00e9sentent aujourd\u2019hui pr\u00e8s de 90% de plans de pension compl\u00e9mentaire (contre 30% en 1996).<\/p>\n<p><em>\u00ab\u00a0Nous constatons aujourd\u2019hui une nouvelle tendance de diminution des plans de pension investis en branche 21 au profit des plans investis en branche 23 ou fonds de pension (actuellement 22% des plans en \u2018charge fix\u00e9e\u2019). En assurance, si la branche 21 constitue toujours aujourd\u2019hui le v\u00e9hicule majoritaire, on d\u00e9tecte clairement une \u00e9mergence de la branche 23\u00a0\u00bb,<\/em> explique Colette de Dessus les Moustier.<\/p>\n<p><em>\u00ab\u00a0En effet, la \u2018g\u00e9n\u00e9rosit\u00e9\u2019 d\u2019un plan en \u2018charge fix\u00e9e\u2019 est directement li\u00e9e aux rendements financiers obtenus par l\u2019organisme de placement. L\u2019article 24 de la Loi sur les pensions compl\u00e9mentaires impose toutefois aux employeurs de garantir \u00e0 leurs salari\u00e9s un rendement minimum (actuellement de 1,75%) li\u00e9 au taux des OLO\u2019s \u00e0 10 ans. Or ces derniers sont en hausse depuis la mi-2022. Nous estimons que d\u2019ici \u00e0 2025, le rendement minimum garanti par les employeurs augmentera jusqu\u2019\u00e0 2,50%&#8230; un rendement difficilement atteignable avec les placements tr\u00e8s prudents de la branche 21, contrairement aux placements plus dynamiques de la branche 23. Les employeurs concern\u00e9s devront alors combler le probable sous-financement non couvert par l\u2019assureur lors du d\u00e9part \u00e0 la retraite de leurs salari\u00e9s.\u00a0\u00bb<\/em><\/p>\n<p>Il est donc important que les employeurs qui proposent des r\u00e9gimes en \u00ab\u00a0charge fix\u00e9e\u00a0\u00bb au travers de la branche 21 soient conscients de cette \u00e9volution qui augmente la valeur intrins\u00e8que de leur plan de pension vis-\u00e0-vis de leurs salari\u00e9s\u2026 mais \u00e0 leurs d\u00e9pens. Et qu\u2019ils chiffrent les risques encourus pour adapter leurs provisions.<\/p>\n<p><strong><em>Passer \u00e0 la branche 23, quelle plus-value pour les salari\u00e9s ?<\/em><\/strong><\/p>\n<p>Aon a compar\u00e9, au sein des 285 entreprises analys\u00e9es, les prestations obtenues dans le plan m\u00e9dian des cadres lorsque celui-ci est investi soit en branche 21, soit en branche 23 ou fonds de pension.<\/p>\n<p>En branche 21, le plan m\u00e9dian octroie \u00e0 notre cadre type au terme de sa carri\u00e8re, 28 fois sa derni\u00e8re r\u00e9mun\u00e9ration, soit 440.000 EUR dans notre sc\u00e9nario. En branche 23 ou fonds de pension le plan m\u00e9dian octroie \u00e0 notre cadre type, 39 fois sa derni\u00e8re r\u00e9mun\u00e9ration, soit 603.000 EUR. Cette diff\u00e9rence de 37% correspond \u00e0 un capital de l\u2019ordre de 163.000 EUR au 67e anniversaire du cadre ayant d\u00e9but\u00e9 son affiliation au plan \u00e0 l\u2019\u00e2ge de 30 ans.<\/p>\n<p>On voit ici que le choix du v\u00e9hicule de financement par l\u2019entreprise peut avoir un gros impact financier pour le salari\u00e9.<\/p>\n","protected":false},"excerpt":{"rendered":"<p>Pour la 10e \u00e9dition du Aon Pension Survey, version 2024, les plans de pensions de 285 entreprises belges ont \u00e9t\u00e9 analys\u00e9s, compar\u00e9s aux r\u00e9sultats des pr\u00e9c\u00e9dentes \u00e9tudes et synth\u00e9tis\u00e9s en 12 tendances. La pension compl\u00e9mentaire semble se profiler comme \u00ab\u00a0le\u00a0\u00bb [&hellip;]<\/p>\n","protected":false},"author":2,"featured_media":0,"comment_status":"closed","ping_status":"open","sticky":false,"template":"","format":"standard","meta":[],"categories":[65,10],"tags":[519,430,1683,1659,374,299],"yoast_head":"<!-- This site is optimized with the Yoast SEO plugin v21.0 - https:\/\/yoast.com\/wordpress\/plugins\/seo\/ -->\n<title>Les plans de pension compl\u00e9mentaire, un outil d\u00e9sormais indispensable pour fid\u00e9liser les talents? - Peoplesphere<\/title>\n<meta name=\"robots\" content=\"index, follow, max-snippet:-1, max-image-preview:large, max-video-preview:-1\" \/>\n<link rel=\"canonical\" href=\"https:\/\/peoplesphere.be\/fr\/les-plans-de-pension-complementaire-un-outil-desormais-indispensable-pour-fideliser-les-talents\/\" \/>\n<meta property=\"og:locale\" content=\"fr_FR\" \/>\n<meta property=\"og:type\" content=\"article\" \/>\n<meta property=\"og:title\" content=\"Les plans de pension compl\u00e9mentaire, un outil d\u00e9sormais indispensable pour fid\u00e9liser les talents? - Peoplesphere\" \/>\n<meta property=\"og:description\" content=\"Pour la 10e \u00e9dition du Aon Pension Survey, version 2024, les plans de pensions de 285 entreprises belges ont \u00e9t\u00e9 analys\u00e9s, compar\u00e9s aux r\u00e9sultats des pr\u00e9c\u00e9dentes \u00e9tudes et synth\u00e9tis\u00e9s en 12 tendances. La pension compl\u00e9mentaire semble se profiler comme \u00ab\u00a0le\u00a0\u00bb [&hellip;]\" \/>\n<meta property=\"og:url\" content=\"https:\/\/peoplesphere.be\/fr\/les-plans-de-pension-complementaire-un-outil-desormais-indispensable-pour-fideliser-les-talents\/\" \/>\n<meta property=\"og:site_name\" content=\"Peoplesphere\" \/>\n<meta property=\"article:publisher\" content=\"https:\/\/www.facebook.com\/peoplesphere\" \/>\n<meta property=\"article:published_time\" content=\"2023-11-15T13:24:21+00:00\" \/>\n<meta property=\"og:image\" content=\"http:\/\/www.peoplesphere.be\/fr\/wp-content\/uploads\/2016\/07\/facebook-default-posting-1200x628px.jpg\" \/>\n<meta name=\"author\" content=\"Jean-Paul Erhard\" \/>\n<meta name=\"twitter:card\" content=\"summary_large_image\" \/>\n<meta name=\"twitter:creator\" content=\"@PeoplesphereMag\" \/>\n<meta name=\"twitter:site\" content=\"@PeoplesphereMag\" \/>\n<meta name=\"twitter:label1\" content=\"\u00c9crit par\" \/>\n\t<meta name=\"twitter:data1\" content=\"Jean-Paul Erhard\" \/>\n\t<meta name=\"twitter:label2\" content=\"Dur\u00e9e de lecture estim\u00e9e\" \/>\n\t<meta name=\"twitter:data2\" content=\"7 minutes\" \/>\n<script type=\"application\/ld+json\" class=\"yoast-schema-graph\">{\"@context\":\"https:\/\/schema.org\",\"@graph\":[{\"@type\":\"Article\",\"@id\":\"https:\/\/peoplesphere.be\/fr\/les-plans-de-pension-complementaire-un-outil-desormais-indispensable-pour-fideliser-les-talents\/#article\",\"isPartOf\":{\"@id\":\"https:\/\/peoplesphere.be\/fr\/les-plans-de-pension-complementaire-un-outil-desormais-indispensable-pour-fideliser-les-talents\/\"},\"author\":{\"name\":\"Jean-Paul Erhard\",\"@id\":\"https:\/\/peoplesphere.be\/fr\/#\/schema\/person\/7976225ff17988604334abb7b3536a7e\"},\"headline\":\"Les plans de pension compl\u00e9mentaire, un outil d\u00e9sormais indispensable pour fid\u00e9liser les talents?\",\"datePublished\":\"2023-11-15T13:24:21+00:00\",\"dateModified\":\"2023-11-15T13:24:21+00:00\",\"mainEntityOfPage\":{\"@id\":\"https:\/\/peoplesphere.be\/fr\/les-plans-de-pension-complementaire-un-outil-desormais-indispensable-pour-fideliser-les-talents\/\"},\"wordCount\":1296,\"publisher\":{\"@id\":\"https:\/\/peoplesphere.be\/fr\/#organization\"},\"keywords\":[\"attractivit\u00e9\",\"\u00e9pargne\",\"pension compl\u00e9mentaire\",\"plan de pension\",\"r\u00e9mun\u00e9rations\",\"r\u00e9tention\"],\"articleSection\":[\"Actualit\u00e9s\",\"Digital\"],\"inLanguage\":\"fr-FR\"},{\"@type\":\"WebPage\",\"@id\":\"https:\/\/peoplesphere.be\/fr\/les-plans-de-pension-complementaire-un-outil-desormais-indispensable-pour-fideliser-les-talents\/\",\"url\":\"https:\/\/peoplesphere.be\/fr\/les-plans-de-pension-complementaire-un-outil-desormais-indispensable-pour-fideliser-les-talents\/\",\"name\":\"Les plans de pension compl\u00e9mentaire, un outil d\u00e9sormais indispensable pour fid\u00e9liser les talents? - Peoplesphere\",\"isPartOf\":{\"@id\":\"https:\/\/peoplesphere.be\/fr\/#website\"},\"datePublished\":\"2023-11-15T13:24:21+00:00\",\"dateModified\":\"2023-11-15T13:24:21+00:00\",\"breadcrumb\":{\"@id\":\"https:\/\/peoplesphere.be\/fr\/les-plans-de-pension-complementaire-un-outil-desormais-indispensable-pour-fideliser-les-talents\/#breadcrumb\"},\"inLanguage\":\"fr-FR\",\"potentialAction\":[{\"@type\":\"ReadAction\",\"target\":[\"https:\/\/peoplesphere.be\/fr\/les-plans-de-pension-complementaire-un-outil-desormais-indispensable-pour-fideliser-les-talents\/\"]}]},{\"@type\":\"BreadcrumbList\",\"@id\":\"https:\/\/peoplesphere.be\/fr\/les-plans-de-pension-complementaire-un-outil-desormais-indispensable-pour-fideliser-les-talents\/#breadcrumb\",\"itemListElement\":[{\"@type\":\"ListItem\",\"position\":1,\"name\":\"Accueil\",\"item\":\"https:\/\/peoplesphere.be\/fr\/\"},{\"@type\":\"ListItem\",\"position\":2,\"name\":\"Les plans de pension compl\u00e9mentaire, un outil d\u00e9sormais indispensable pour fid\u00e9liser les talents?\"}]},{\"@type\":\"WebSite\",\"@id\":\"https:\/\/peoplesphere.be\/fr\/#website\",\"url\":\"https:\/\/peoplesphere.be\/fr\/\",\"name\":\"Peoplesphere\",\"description\":\"The People Managers Magazine\",\"publisher\":{\"@id\":\"https:\/\/peoplesphere.be\/fr\/#organization\"},\"potentialAction\":[{\"@type\":\"SearchAction\",\"target\":{\"@type\":\"EntryPoint\",\"urlTemplate\":\"https:\/\/peoplesphere.be\/fr\/?s={search_term_string}\"},\"query-input\":\"required name=search_term_string\"}],\"inLanguage\":\"fr-FR\"},{\"@type\":\"Organization\",\"@id\":\"https:\/\/peoplesphere.be\/fr\/#organization\",\"name\":\"Peoplesphere Company srl\",\"url\":\"https:\/\/peoplesphere.be\/fr\/\",\"logo\":{\"@type\":\"ImageObject\",\"inLanguage\":\"fr-FR\",\"@id\":\"https:\/\/peoplesphere.be\/fr\/#\/schema\/logo\/image\/\",\"url\":\"https:\/\/peoplesphere.be\/fr\/wp-content\/uploads\/2023\/07\/peoplesphere-lgo-new-generik.jpg\",\"contentUrl\":\"https:\/\/peoplesphere.be\/fr\/wp-content\/uploads\/2023\/07\/peoplesphere-lgo-new-generik.jpg\",\"width\":1031,\"height\":1479,\"caption\":\"Peoplesphere Company srl\"},\"image\":{\"@id\":\"https:\/\/peoplesphere.be\/fr\/#\/schema\/logo\/image\/\"},\"sameAs\":[\"https:\/\/www.facebook.com\/peoplesphere\",\"https:\/\/twitter.com\/PeoplesphereMag\",\"https:\/\/www.linkedin.com\/company\/7587361?trk\",\"http:\/\/youtube.com\/peoplesphere\"]},{\"@type\":\"Person\",\"@id\":\"https:\/\/peoplesphere.be\/fr\/#\/schema\/person\/7976225ff17988604334abb7b3536a7e\",\"name\":\"Jean-Paul Erhard\",\"image\":{\"@type\":\"ImageObject\",\"inLanguage\":\"fr-FR\",\"@id\":\"https:\/\/peoplesphere.be\/fr\/#\/schema\/person\/image\/\",\"url\":\"https:\/\/secure.gravatar.com\/avatar\/f941e681460179738071629a51574930?s=96&d=mm&r=g\",\"contentUrl\":\"https:\/\/secure.gravatar.com\/avatar\/f941e681460179738071629a51574930?s=96&d=mm&r=g\",\"caption\":\"Jean-Paul Erhard\"},\"url\":\"https:\/\/peoplesphere.be\/fr\/author\/jpe\/\"}]}<\/script>\n<!-- \/ Yoast SEO plugin. -->","yoast_head_json":{"title":"Les plans de pension compl\u00e9mentaire, un outil d\u00e9sormais indispensable pour fid\u00e9liser les talents? - Peoplesphere","robots":{"index":"index","follow":"follow","max-snippet":"max-snippet:-1","max-image-preview":"max-image-preview:large","max-video-preview":"max-video-preview:-1"},"canonical":"https:\/\/peoplesphere.be\/fr\/les-plans-de-pension-complementaire-un-outil-desormais-indispensable-pour-fideliser-les-talents\/","og_locale":"fr_FR","og_type":"article","og_title":"Les plans de pension compl\u00e9mentaire, un outil d\u00e9sormais indispensable pour fid\u00e9liser les talents? - Peoplesphere","og_description":"Pour la 10e \u00e9dition du Aon Pension Survey, version 2024, les plans de pensions de 285 entreprises belges ont \u00e9t\u00e9 analys\u00e9s, compar\u00e9s aux r\u00e9sultats des pr\u00e9c\u00e9dentes \u00e9tudes et synth\u00e9tis\u00e9s en 12 tendances. La pension compl\u00e9mentaire semble se profiler comme \u00ab\u00a0le\u00a0\u00bb [&hellip;]","og_url":"https:\/\/peoplesphere.be\/fr\/les-plans-de-pension-complementaire-un-outil-desormais-indispensable-pour-fideliser-les-talents\/","og_site_name":"Peoplesphere","article_publisher":"https:\/\/www.facebook.com\/peoplesphere","article_published_time":"2023-11-15T13:24:21+00:00","og_image":[{"url":"http:\/\/www.peoplesphere.be\/fr\/wp-content\/uploads\/2016\/07\/facebook-default-posting-1200x628px.jpg"}],"author":"Jean-Paul Erhard","twitter_card":"summary_large_image","twitter_creator":"@PeoplesphereMag","twitter_site":"@PeoplesphereMag","twitter_misc":{"\u00c9crit par":"Jean-Paul Erhard","Dur\u00e9e de lecture estim\u00e9e":"7 minutes"},"schema":{"@context":"https:\/\/schema.org","@graph":[{"@type":"Article","@id":"https:\/\/peoplesphere.be\/fr\/les-plans-de-pension-complementaire-un-outil-desormais-indispensable-pour-fideliser-les-talents\/#article","isPartOf":{"@id":"https:\/\/peoplesphere.be\/fr\/les-plans-de-pension-complementaire-un-outil-desormais-indispensable-pour-fideliser-les-talents\/"},"author":{"name":"Jean-Paul Erhard","@id":"https:\/\/peoplesphere.be\/fr\/#\/schema\/person\/7976225ff17988604334abb7b3536a7e"},"headline":"Les plans de pension compl\u00e9mentaire, un outil d\u00e9sormais indispensable pour fid\u00e9liser les talents?","datePublished":"2023-11-15T13:24:21+00:00","dateModified":"2023-11-15T13:24:21+00:00","mainEntityOfPage":{"@id":"https:\/\/peoplesphere.be\/fr\/les-plans-de-pension-complementaire-un-outil-desormais-indispensable-pour-fideliser-les-talents\/"},"wordCount":1296,"publisher":{"@id":"https:\/\/peoplesphere.be\/fr\/#organization"},"keywords":["attractivit\u00e9","\u00e9pargne","pension compl\u00e9mentaire","plan de pension","r\u00e9mun\u00e9rations","r\u00e9tention"],"articleSection":["Actualit\u00e9s","Digital"],"inLanguage":"fr-FR"},{"@type":"WebPage","@id":"https:\/\/peoplesphere.be\/fr\/les-plans-de-pension-complementaire-un-outil-desormais-indispensable-pour-fideliser-les-talents\/","url":"https:\/\/peoplesphere.be\/fr\/les-plans-de-pension-complementaire-un-outil-desormais-indispensable-pour-fideliser-les-talents\/","name":"Les plans de pension compl\u00e9mentaire, un outil d\u00e9sormais indispensable pour fid\u00e9liser les talents? - Peoplesphere","isPartOf":{"@id":"https:\/\/peoplesphere.be\/fr\/#website"},"datePublished":"2023-11-15T13:24:21+00:00","dateModified":"2023-11-15T13:24:21+00:00","breadcrumb":{"@id":"https:\/\/peoplesphere.be\/fr\/les-plans-de-pension-complementaire-un-outil-desormais-indispensable-pour-fideliser-les-talents\/#breadcrumb"},"inLanguage":"fr-FR","potentialAction":[{"@type":"ReadAction","target":["https:\/\/peoplesphere.be\/fr\/les-plans-de-pension-complementaire-un-outil-desormais-indispensable-pour-fideliser-les-talents\/"]}]},{"@type":"BreadcrumbList","@id":"https:\/\/peoplesphere.be\/fr\/les-plans-de-pension-complementaire-un-outil-desormais-indispensable-pour-fideliser-les-talents\/#breadcrumb","itemListElement":[{"@type":"ListItem","position":1,"name":"Accueil","item":"https:\/\/peoplesphere.be\/fr\/"},{"@type":"ListItem","position":2,"name":"Les plans de pension compl\u00e9mentaire, un outil d\u00e9sormais indispensable pour fid\u00e9liser les talents?"}]},{"@type":"WebSite","@id":"https:\/\/peoplesphere.be\/fr\/#website","url":"https:\/\/peoplesphere.be\/fr\/","name":"Peoplesphere","description":"The People Managers Magazine","publisher":{"@id":"https:\/\/peoplesphere.be\/fr\/#organization"},"potentialAction":[{"@type":"SearchAction","target":{"@type":"EntryPoint","urlTemplate":"https:\/\/peoplesphere.be\/fr\/?s={search_term_string}"},"query-input":"required name=search_term_string"}],"inLanguage":"fr-FR"},{"@type":"Organization","@id":"https:\/\/peoplesphere.be\/fr\/#organization","name":"Peoplesphere Company srl","url":"https:\/\/peoplesphere.be\/fr\/","logo":{"@type":"ImageObject","inLanguage":"fr-FR","@id":"https:\/\/peoplesphere.be\/fr\/#\/schema\/logo\/image\/","url":"https:\/\/peoplesphere.be\/fr\/wp-content\/uploads\/2023\/07\/peoplesphere-lgo-new-generik.jpg","contentUrl":"https:\/\/peoplesphere.be\/fr\/wp-content\/uploads\/2023\/07\/peoplesphere-lgo-new-generik.jpg","width":1031,"height":1479,"caption":"Peoplesphere Company srl"},"image":{"@id":"https:\/\/peoplesphere.be\/fr\/#\/schema\/logo\/image\/"},"sameAs":["https:\/\/www.facebook.com\/peoplesphere","https:\/\/twitter.com\/PeoplesphereMag","https:\/\/www.linkedin.com\/company\/7587361?trk","http:\/\/youtube.com\/peoplesphere"]},{"@type":"Person","@id":"https:\/\/peoplesphere.be\/fr\/#\/schema\/person\/7976225ff17988604334abb7b3536a7e","name":"Jean-Paul Erhard","image":{"@type":"ImageObject","inLanguage":"fr-FR","@id":"https:\/\/peoplesphere.be\/fr\/#\/schema\/person\/image\/","url":"https:\/\/secure.gravatar.com\/avatar\/f941e681460179738071629a51574930?s=96&d=mm&r=g","contentUrl":"https:\/\/secure.gravatar.com\/avatar\/f941e681460179738071629a51574930?s=96&d=mm&r=g","caption":"Jean-Paul Erhard"},"url":"https:\/\/peoplesphere.be\/fr\/author\/jpe\/"}]}},"_links":{"self":[{"href":"https:\/\/peoplesphere.be\/fr\/wp-json\/wp\/v2\/posts\/15273"}],"collection":[{"href":"https:\/\/peoplesphere.be\/fr\/wp-json\/wp\/v2\/posts"}],"about":[{"href":"https:\/\/peoplesphere.be\/fr\/wp-json\/wp\/v2\/types\/post"}],"author":[{"embeddable":true,"href":"https:\/\/peoplesphere.be\/fr\/wp-json\/wp\/v2\/users\/2"}],"replies":[{"embeddable":true,"href":"https:\/\/peoplesphere.be\/fr\/wp-json\/wp\/v2\/comments?post=15273"}],"version-history":[{"count":1,"href":"https:\/\/peoplesphere.be\/fr\/wp-json\/wp\/v2\/posts\/15273\/revisions"}],"predecessor-version":[{"id":15274,"href":"https:\/\/peoplesphere.be\/fr\/wp-json\/wp\/v2\/posts\/15273\/revisions\/15274"}],"wp:attachment":[{"href":"https:\/\/peoplesphere.be\/fr\/wp-json\/wp\/v2\/media?parent=15273"}],"wp:term":[{"taxonomy":"category","embeddable":true,"href":"https:\/\/peoplesphere.be\/fr\/wp-json\/wp\/v2\/categories?post=15273"},{"taxonomy":"post_tag","embeddable":true,"href":"https:\/\/peoplesphere.be\/fr\/wp-json\/wp\/v2\/tags?post=15273"}],"curies":[{"name":"wp","href":"https:\/\/api.w.org\/{rel}","templated":true}]}}