









{"id":15285,"date":"2023-11-17T08:11:58","date_gmt":"2023-11-17T06:11:58","guid":{"rendered":"https:\/\/peoplesphere.be\/fr\/?p=15285"},"modified":"2023-11-17T08:11:58","modified_gmt":"2023-11-17T06:11:58","slug":"pour-le-secteur-des-titres-services-en-wallonie-la-reforme-en-cours-peut-representer-un-danger-mortel-pour-les-entreprises","status":"publish","type":"post","link":"https:\/\/peoplesphere.be\/fr\/pour-le-secteur-des-titres-services-en-wallonie-la-reforme-en-cours-peut-representer-un-danger-mortel-pour-les-entreprises\/","title":{"rendered":"Pour le secteur des titres-services en Wallonie, la r\u00e9forme en cours peut repr\u00e9senter un danger mortel pour les entreprises."},"content":{"rendered":"<p>Le Gouvernement wallon vient d\u2019adopter un avant-projet d\u2019arr\u00eat\u00e9 qui finalise la r\u00e9forme du dispositif des titres-services. Annonc\u00e9 comme un troph\u00e9e, il pourrait bien avoir la peau du secteur en Wallonie. En effet, lors d\u2019une ultime tentative de concertation, il est apparu que cette r\u00e9forme n\u2019\u00e9tait soutenue par aucune analyse \u00e9conomique ou d\u2019impact \u00e9conomique et financi\u00e8re sur les entreprises titres-services agr\u00e9\u00e9es. Selon Federgon, si le projet a \u00e9t\u00e9 amend\u00e9 sur deux points, pour gommer des erreurs d\u2019appr\u00e9ciation de l\u2019effet d\u2019une indexation trop tardive du prix du titre-service au client, il reste d\u00e9vastateur sur le plan \u00e9conomique pour les entreprises titres-services.<!--more--><\/p>\n<p>La f\u00e9d\u00e9ration de prestataires de services RH qui repr\u00e9sente entre autres les entreprises titres-services explique qu&rsquo;il faut sauver le syst\u00e8me des titres-services en Wallonie: la responsabilit\u00e9 du Gouvernement wallon est engag\u00e9e devant chaque entreprise, chaque aide-m\u00e9nag\u00e8re et chaque m\u00e9nage utilisateur.<\/p>\n<p><em>\u00ab\u00a0Nous sentons bien que le Gouvernement veut en finir avec ce projet mais, ici, il adopte un texte sans avoir eu aucun mod\u00e8le \u00e9conomique pour en mesurer les effets. C\u2019est affolant. La r\u00e9forme est bas\u00e9e sur des approximations et non sur des chiffres. Nos membres ont d\u00e9voil\u00e9 leurs chiffres, fait tourner les mod\u00e8les en toute transparence devant les Cabinets en charge du dossier. Sans gu\u00e8re d\u2019effets. La r\u00e9forme va tuer les petites et moyennes entreprises wallonnes. Les difficult\u00e9s vont appara\u00eetre d\u00e8s le paiement des p\u00e9cules de vacances en avril prochain. Si faute de rentabilit\u00e9, les banques ne pr\u00e9financent plus ce co\u00fbt, il faudra un plan de sauvetage public pour les financer. Le ministre Dermagne r\u00e9pondra-t-il pr\u00e9sent pour ces entreprises qui seront mises en tr\u00e8s grande difficult\u00e9 suite \u00e0 cette r\u00e9forme ?\u00a0\u00bb<\/em>, interroge Arnaud le Grelle, Directeur Wallonie-Bruxelles chez Federgon.<\/p>\n<p>Seules deux solutions sont possibles pour emp\u00eacher un krach massif qui arrivera au moment des \u00e9lections de 2024 : <em>\u00ab\u00a0Augmenter le prix du titre-service \u00e0 11\u20ac d\u00e8s le 1er janvier ou plafonner, plut\u00f4t qu\u2019interdire, les frais compl\u00e9mentaires \u00e0 hauteur de 20% de la valeur faciale. Ces solutions sont raisonnables. Le prix du titre, s\u2019il avait \u00e9t\u00e9 normalement index\u00e9 au cours du temps, serait d\u00e9j\u00e0 sup\u00e9rieur \u00e0 12\u20ac. Et limiter plut\u00f4t qu\u2019interdire les frais compl\u00e9mentaires factur\u00e9s aux clients \u00e9vite les abus, ce qui est dans le r\u00f4le de la ministre de l\u2019Emploi. Le Gouvernement wallon donne l\u2019impression de ne pas se soucier des cons\u00e9quences de ses actes. Tuer nos entreprises, en particulier, celles qui font le maillage local du syst\u00e8me, de par leur taille et leur proximit\u00e9, ne peut \u00eatre le but du Gouvernement wallon ? Federgon en appelle \u00e0 la responsabilit\u00e9 des ministres du Gouvernement wallon. Comment les ministres de l\u2019\u00c9conomie et de l\u2019Emploi wallons peuvent-ils autant m\u00e9conna\u00eetre la r\u00e9alit\u00e9 \u00e9conomique ? Il faut sauver le syst\u00e8me. Les deux solutions pr\u00e9sent\u00e9es sont raisonnables\u00a0\u00bb.<\/em><\/p>\n<p>Federgon continue de plaider pour une refonte du syst\u00e8me \u00e0 l\u2019issue des \u00e9lections mais en appelle \u00e0 chacun, d\u00e8s aujourd\u2019hui, pour assurer la survie imm\u00e9diate du syst\u00e8me, faute de quoi, cette discussion sera sans utilit\u00e9.<\/p>\n","protected":false},"excerpt":{"rendered":"<p>Le Gouvernement wallon vient d\u2019adopter un avant-projet d\u2019arr\u00eat\u00e9 qui finalise la r\u00e9forme du dispositif des titres-services. Annonc\u00e9 comme un troph\u00e9e, il pourrait bien avoir la peau du secteur en Wallonie. En effet, lors d\u2019une ultime tentative de concertation, il est [&hellip;]<\/p>\n","protected":false},"author":2,"featured_media":0,"comment_status":"closed","ping_status":"open","sticky":false,"template":"","format":"standard","meta":[],"categories":[65,10],"tags":[11,198,687,826,28],"yoast_head":"<!-- This site is optimized with the Yoast SEO plugin v21.0 - https:\/\/yoast.com\/wordpress\/plugins\/seo\/ -->\n<title>Pour le secteur des titres-services en Wallonie, la r\u00e9forme en cours peut repr\u00e9senter un danger mortel pour les entreprises. - Peoplesphere<\/title>\n<meta name=\"robots\" content=\"index, follow, max-snippet:-1, max-image-preview:large, max-video-preview:-1\" \/>\n<link rel=\"canonical\" href=\"https:\/\/peoplesphere.be\/fr\/pour-le-secteur-des-titres-services-en-wallonie-la-reforme-en-cours-peut-representer-un-danger-mortel-pour-les-entreprises\/\" \/>\n<meta property=\"og:locale\" content=\"fr_FR\" \/>\n<meta property=\"og:type\" content=\"article\" \/>\n<meta property=\"og:title\" content=\"Pour le secteur des titres-services en Wallonie, la r\u00e9forme en cours peut repr\u00e9senter un danger mortel pour les entreprises. - Peoplesphere\" \/>\n<meta property=\"og:description\" content=\"Le Gouvernement wallon vient d\u2019adopter un avant-projet d\u2019arr\u00eat\u00e9 qui finalise la r\u00e9forme du dispositif des titres-services. Annonc\u00e9 comme un troph\u00e9e, il pourrait bien avoir la peau du secteur en Wallonie. En effet, lors d\u2019une ultime tentative de concertation, il est [&hellip;]\" \/>\n<meta property=\"og:url\" content=\"https:\/\/peoplesphere.be\/fr\/pour-le-secteur-des-titres-services-en-wallonie-la-reforme-en-cours-peut-representer-un-danger-mortel-pour-les-entreprises\/\" \/>\n<meta property=\"og:site_name\" content=\"Peoplesphere\" \/>\n<meta property=\"article:publisher\" content=\"https:\/\/www.facebook.com\/peoplesphere\" \/>\n<meta property=\"article:published_time\" content=\"2023-11-17T06:11:58+00:00\" \/>\n<meta property=\"og:image\" content=\"http:\/\/www.peoplesphere.be\/fr\/wp-content\/uploads\/2016\/07\/facebook-default-posting-1200x628px.jpg\" \/>\n<meta name=\"author\" content=\"Jean-Paul Erhard\" \/>\n<meta name=\"twitter:card\" content=\"summary_large_image\" \/>\n<meta name=\"twitter:creator\" content=\"@PeoplesphereMag\" \/>\n<meta name=\"twitter:site\" content=\"@PeoplesphereMag\" \/>\n<meta name=\"twitter:label1\" content=\"\u00c9crit par\" \/>\n\t<meta name=\"twitter:data1\" content=\"Jean-Paul Erhard\" \/>\n\t<meta name=\"twitter:label2\" content=\"Dur\u00e9e de lecture estim\u00e9e\" \/>\n\t<meta name=\"twitter:data2\" content=\"3 minutes\" \/>\n<script type=\"application\/ld+json\" class=\"yoast-schema-graph\">{\"@context\":\"https:\/\/schema.org\",\"@graph\":[{\"@type\":\"Article\",\"@id\":\"https:\/\/peoplesphere.be\/fr\/pour-le-secteur-des-titres-services-en-wallonie-la-reforme-en-cours-peut-representer-un-danger-mortel-pour-les-entreprises\/#article\",\"isPartOf\":{\"@id\":\"https:\/\/peoplesphere.be\/fr\/pour-le-secteur-des-titres-services-en-wallonie-la-reforme-en-cours-peut-representer-un-danger-mortel-pour-les-entreprises\/\"},\"author\":{\"name\":\"Jean-Paul Erhard\",\"@id\":\"https:\/\/peoplesphere.be\/fr\/#\/schema\/person\/7976225ff17988604334abb7b3536a7e\"},\"headline\":\"Pour le secteur des titres-services en Wallonie, la r\u00e9forme en cours peut repr\u00e9senter un danger mortel pour les entreprises.\",\"datePublished\":\"2023-11-17T06:11:58+00:00\",\"dateModified\":\"2023-11-17T06:11:58+00:00\",\"mainEntityOfPage\":{\"@id\":\"https:\/\/peoplesphere.be\/fr\/pour-le-secteur-des-titres-services-en-wallonie-la-reforme-en-cours-peut-representer-un-danger-mortel-pour-les-entreprises\/\"},\"wordCount\":566,\"publisher\":{\"@id\":\"https:\/\/peoplesphere.be\/fr\/#organization\"},\"keywords\":[\"emploi\",\"federgon\",\"r\u00e9forme\",\"titres-services\",\"Wallonie\"],\"articleSection\":[\"Actualit\u00e9s\",\"Digital\"],\"inLanguage\":\"fr-FR\"},{\"@type\":\"WebPage\",\"@id\":\"https:\/\/peoplesphere.be\/fr\/pour-le-secteur-des-titres-services-en-wallonie-la-reforme-en-cours-peut-representer-un-danger-mortel-pour-les-entreprises\/\",\"url\":\"https:\/\/peoplesphere.be\/fr\/pour-le-secteur-des-titres-services-en-wallonie-la-reforme-en-cours-peut-representer-un-danger-mortel-pour-les-entreprises\/\",\"name\":\"Pour le secteur des titres-services en Wallonie, la r\u00e9forme en cours peut repr\u00e9senter un danger mortel pour les entreprises. - Peoplesphere\",\"isPartOf\":{\"@id\":\"https:\/\/peoplesphere.be\/fr\/#website\"},\"datePublished\":\"2023-11-17T06:11:58+00:00\",\"dateModified\":\"2023-11-17T06:11:58+00:00\",\"breadcrumb\":{\"@id\":\"https:\/\/peoplesphere.be\/fr\/pour-le-secteur-des-titres-services-en-wallonie-la-reforme-en-cours-peut-representer-un-danger-mortel-pour-les-entreprises\/#breadcrumb\"},\"inLanguage\":\"fr-FR\",\"potentialAction\":[{\"@type\":\"ReadAction\",\"target\":[\"https:\/\/peoplesphere.be\/fr\/pour-le-secteur-des-titres-services-en-wallonie-la-reforme-en-cours-peut-representer-un-danger-mortel-pour-les-entreprises\/\"]}]},{\"@type\":\"BreadcrumbList\",\"@id\":\"https:\/\/peoplesphere.be\/fr\/pour-le-secteur-des-titres-services-en-wallonie-la-reforme-en-cours-peut-representer-un-danger-mortel-pour-les-entreprises\/#breadcrumb\",\"itemListElement\":[{\"@type\":\"ListItem\",\"position\":1,\"name\":\"Accueil\",\"item\":\"https:\/\/peoplesphere.be\/fr\/\"},{\"@type\":\"ListItem\",\"position\":2,\"name\":\"Pour le secteur des titres-services en Wallonie, la r\u00e9forme en cours peut repr\u00e9senter un danger mortel pour les entreprises.\"}]},{\"@type\":\"WebSite\",\"@id\":\"https:\/\/peoplesphere.be\/fr\/#website\",\"url\":\"https:\/\/peoplesphere.be\/fr\/\",\"name\":\"Peoplesphere\",\"description\":\"The People Managers Magazine\",\"publisher\":{\"@id\":\"https:\/\/peoplesphere.be\/fr\/#organization\"},\"potentialAction\":[{\"@type\":\"SearchAction\",\"target\":{\"@type\":\"EntryPoint\",\"urlTemplate\":\"https:\/\/peoplesphere.be\/fr\/?s={search_term_string}\"},\"query-input\":\"required name=search_term_string\"}],\"inLanguage\":\"fr-FR\"},{\"@type\":\"Organization\",\"@id\":\"https:\/\/peoplesphere.be\/fr\/#organization\",\"name\":\"Peoplesphere Company srl\",\"url\":\"https:\/\/peoplesphere.be\/fr\/\",\"logo\":{\"@type\":\"ImageObject\",\"inLanguage\":\"fr-FR\",\"@id\":\"https:\/\/peoplesphere.be\/fr\/#\/schema\/logo\/image\/\",\"url\":\"https:\/\/peoplesphere.be\/fr\/wp-content\/uploads\/2023\/07\/peoplesphere-lgo-new-generik.jpg\",\"contentUrl\":\"https:\/\/peoplesphere.be\/fr\/wp-content\/uploads\/2023\/07\/peoplesphere-lgo-new-generik.jpg\",\"width\":1031,\"height\":1479,\"caption\":\"Peoplesphere Company srl\"},\"image\":{\"@id\":\"https:\/\/peoplesphere.be\/fr\/#\/schema\/logo\/image\/\"},\"sameAs\":[\"https:\/\/www.facebook.com\/peoplesphere\",\"https:\/\/twitter.com\/PeoplesphereMag\",\"https:\/\/www.linkedin.com\/company\/7587361?trk\",\"http:\/\/youtube.com\/peoplesphere\"]},{\"@type\":\"Person\",\"@id\":\"https:\/\/peoplesphere.be\/fr\/#\/schema\/person\/7976225ff17988604334abb7b3536a7e\",\"name\":\"Jean-Paul Erhard\",\"image\":{\"@type\":\"ImageObject\",\"inLanguage\":\"fr-FR\",\"@id\":\"https:\/\/peoplesphere.be\/fr\/#\/schema\/person\/image\/\",\"url\":\"https:\/\/secure.gravatar.com\/avatar\/f941e681460179738071629a51574930?s=96&d=mm&r=g\",\"contentUrl\":\"https:\/\/secure.gravatar.com\/avatar\/f941e681460179738071629a51574930?s=96&d=mm&r=g\",\"caption\":\"Jean-Paul Erhard\"},\"url\":\"https:\/\/peoplesphere.be\/fr\/author\/jpe\/\"}]}<\/script>\n<!-- \/ Yoast SEO plugin. -->","yoast_head_json":{"title":"Pour le secteur des titres-services en Wallonie, la r\u00e9forme en cours peut repr\u00e9senter un danger mortel pour les entreprises. - Peoplesphere","robots":{"index":"index","follow":"follow","max-snippet":"max-snippet:-1","max-image-preview":"max-image-preview:large","max-video-preview":"max-video-preview:-1"},"canonical":"https:\/\/peoplesphere.be\/fr\/pour-le-secteur-des-titres-services-en-wallonie-la-reforme-en-cours-peut-representer-un-danger-mortel-pour-les-entreprises\/","og_locale":"fr_FR","og_type":"article","og_title":"Pour le secteur des titres-services en Wallonie, la r\u00e9forme en cours peut repr\u00e9senter un danger mortel pour les entreprises. - Peoplesphere","og_description":"Le Gouvernement wallon vient d\u2019adopter un avant-projet d\u2019arr\u00eat\u00e9 qui finalise la r\u00e9forme du dispositif des titres-services. Annonc\u00e9 comme un troph\u00e9e, il pourrait bien avoir la peau du secteur en Wallonie. En effet, lors d\u2019une ultime tentative de concertation, il est [&hellip;]","og_url":"https:\/\/peoplesphere.be\/fr\/pour-le-secteur-des-titres-services-en-wallonie-la-reforme-en-cours-peut-representer-un-danger-mortel-pour-les-entreprises\/","og_site_name":"Peoplesphere","article_publisher":"https:\/\/www.facebook.com\/peoplesphere","article_published_time":"2023-11-17T06:11:58+00:00","og_image":[{"url":"http:\/\/www.peoplesphere.be\/fr\/wp-content\/uploads\/2016\/07\/facebook-default-posting-1200x628px.jpg"}],"author":"Jean-Paul Erhard","twitter_card":"summary_large_image","twitter_creator":"@PeoplesphereMag","twitter_site":"@PeoplesphereMag","twitter_misc":{"\u00c9crit par":"Jean-Paul Erhard","Dur\u00e9e de lecture estim\u00e9e":"3 minutes"},"schema":{"@context":"https:\/\/schema.org","@graph":[{"@type":"Article","@id":"https:\/\/peoplesphere.be\/fr\/pour-le-secteur-des-titres-services-en-wallonie-la-reforme-en-cours-peut-representer-un-danger-mortel-pour-les-entreprises\/#article","isPartOf":{"@id":"https:\/\/peoplesphere.be\/fr\/pour-le-secteur-des-titres-services-en-wallonie-la-reforme-en-cours-peut-representer-un-danger-mortel-pour-les-entreprises\/"},"author":{"name":"Jean-Paul Erhard","@id":"https:\/\/peoplesphere.be\/fr\/#\/schema\/person\/7976225ff17988604334abb7b3536a7e"},"headline":"Pour le secteur des titres-services en Wallonie, la r\u00e9forme en cours peut repr\u00e9senter un danger mortel pour les entreprises.","datePublished":"2023-11-17T06:11:58+00:00","dateModified":"2023-11-17T06:11:58+00:00","mainEntityOfPage":{"@id":"https:\/\/peoplesphere.be\/fr\/pour-le-secteur-des-titres-services-en-wallonie-la-reforme-en-cours-peut-representer-un-danger-mortel-pour-les-entreprises\/"},"wordCount":566,"publisher":{"@id":"https:\/\/peoplesphere.be\/fr\/#organization"},"keywords":["emploi","federgon","r\u00e9forme","titres-services","Wallonie"],"articleSection":["Actualit\u00e9s","Digital"],"inLanguage":"fr-FR"},{"@type":"WebPage","@id":"https:\/\/peoplesphere.be\/fr\/pour-le-secteur-des-titres-services-en-wallonie-la-reforme-en-cours-peut-representer-un-danger-mortel-pour-les-entreprises\/","url":"https:\/\/peoplesphere.be\/fr\/pour-le-secteur-des-titres-services-en-wallonie-la-reforme-en-cours-peut-representer-un-danger-mortel-pour-les-entreprises\/","name":"Pour le secteur des titres-services en Wallonie, la r\u00e9forme en cours peut repr\u00e9senter un danger mortel pour les entreprises. - Peoplesphere","isPartOf":{"@id":"https:\/\/peoplesphere.be\/fr\/#website"},"datePublished":"2023-11-17T06:11:58+00:00","dateModified":"2023-11-17T06:11:58+00:00","breadcrumb":{"@id":"https:\/\/peoplesphere.be\/fr\/pour-le-secteur-des-titres-services-en-wallonie-la-reforme-en-cours-peut-representer-un-danger-mortel-pour-les-entreprises\/#breadcrumb"},"inLanguage":"fr-FR","potentialAction":[{"@type":"ReadAction","target":["https:\/\/peoplesphere.be\/fr\/pour-le-secteur-des-titres-services-en-wallonie-la-reforme-en-cours-peut-representer-un-danger-mortel-pour-les-entreprises\/"]}]},{"@type":"BreadcrumbList","@id":"https:\/\/peoplesphere.be\/fr\/pour-le-secteur-des-titres-services-en-wallonie-la-reforme-en-cours-peut-representer-un-danger-mortel-pour-les-entreprises\/#breadcrumb","itemListElement":[{"@type":"ListItem","position":1,"name":"Accueil","item":"https:\/\/peoplesphere.be\/fr\/"},{"@type":"ListItem","position":2,"name":"Pour le secteur des titres-services en Wallonie, la r\u00e9forme en cours peut repr\u00e9senter un danger mortel pour les entreprises."}]},{"@type":"WebSite","@id":"https:\/\/peoplesphere.be\/fr\/#website","url":"https:\/\/peoplesphere.be\/fr\/","name":"Peoplesphere","description":"The People Managers Magazine","publisher":{"@id":"https:\/\/peoplesphere.be\/fr\/#organization"},"potentialAction":[{"@type":"SearchAction","target":{"@type":"EntryPoint","urlTemplate":"https:\/\/peoplesphere.be\/fr\/?s={search_term_string}"},"query-input":"required name=search_term_string"}],"inLanguage":"fr-FR"},{"@type":"Organization","@id":"https:\/\/peoplesphere.be\/fr\/#organization","name":"Peoplesphere Company srl","url":"https:\/\/peoplesphere.be\/fr\/","logo":{"@type":"ImageObject","inLanguage":"fr-FR","@id":"https:\/\/peoplesphere.be\/fr\/#\/schema\/logo\/image\/","url":"https:\/\/peoplesphere.be\/fr\/wp-content\/uploads\/2023\/07\/peoplesphere-lgo-new-generik.jpg","contentUrl":"https:\/\/peoplesphere.be\/fr\/wp-content\/uploads\/2023\/07\/peoplesphere-lgo-new-generik.jpg","width":1031,"height":1479,"caption":"Peoplesphere Company srl"},"image":{"@id":"https:\/\/peoplesphere.be\/fr\/#\/schema\/logo\/image\/"},"sameAs":["https:\/\/www.facebook.com\/peoplesphere","https:\/\/twitter.com\/PeoplesphereMag","https:\/\/www.linkedin.com\/company\/7587361?trk","http:\/\/youtube.com\/peoplesphere"]},{"@type":"Person","@id":"https:\/\/peoplesphere.be\/fr\/#\/schema\/person\/7976225ff17988604334abb7b3536a7e","name":"Jean-Paul Erhard","image":{"@type":"ImageObject","inLanguage":"fr-FR","@id":"https:\/\/peoplesphere.be\/fr\/#\/schema\/person\/image\/","url":"https:\/\/secure.gravatar.com\/avatar\/f941e681460179738071629a51574930?s=96&d=mm&r=g","contentUrl":"https:\/\/secure.gravatar.com\/avatar\/f941e681460179738071629a51574930?s=96&d=mm&r=g","caption":"Jean-Paul Erhard"},"url":"https:\/\/peoplesphere.be\/fr\/author\/jpe\/"}]}},"_links":{"self":[{"href":"https:\/\/peoplesphere.be\/fr\/wp-json\/wp\/v2\/posts\/15285"}],"collection":[{"href":"https:\/\/peoplesphere.be\/fr\/wp-json\/wp\/v2\/posts"}],"about":[{"href":"https:\/\/peoplesphere.be\/fr\/wp-json\/wp\/v2\/types\/post"}],"author":[{"embeddable":true,"href":"https:\/\/peoplesphere.be\/fr\/wp-json\/wp\/v2\/users\/2"}],"replies":[{"embeddable":true,"href":"https:\/\/peoplesphere.be\/fr\/wp-json\/wp\/v2\/comments?post=15285"}],"version-history":[{"count":1,"href":"https:\/\/peoplesphere.be\/fr\/wp-json\/wp\/v2\/posts\/15285\/revisions"}],"predecessor-version":[{"id":15286,"href":"https:\/\/peoplesphere.be\/fr\/wp-json\/wp\/v2\/posts\/15285\/revisions\/15286"}],"wp:attachment":[{"href":"https:\/\/peoplesphere.be\/fr\/wp-json\/wp\/v2\/media?parent=15285"}],"wp:term":[{"taxonomy":"category","embeddable":true,"href":"https:\/\/peoplesphere.be\/fr\/wp-json\/wp\/v2\/categories?post=15285"},{"taxonomy":"post_tag","embeddable":true,"href":"https:\/\/peoplesphere.be\/fr\/wp-json\/wp\/v2\/tags?post=15285"}],"curies":[{"name":"wp","href":"https:\/\/api.w.org\/{rel}","templated":true}]}}