









{"id":15304,"date":"2023-11-22T07:23:45","date_gmt":"2023-11-22T05:23:45","guid":{"rendered":"https:\/\/peoplesphere.be\/fr\/?p=15304"},"modified":"2023-11-22T07:23:45","modified_gmt":"2023-11-22T05:23:45","slug":"nos-entreprises-en-retard-sur-le-plan-de-la-formation-les-5-jours-obligatoires-prevus-dans-le-deal-pour-lemploi-ne-sont-pas-a-lagenda","status":"publish","type":"post","link":"https:\/\/peoplesphere.be\/fr\/nos-entreprises-en-retard-sur-le-plan-de-la-formation-les-5-jours-obligatoires-prevus-dans-le-deal-pour-lemploi-ne-sont-pas-a-lagenda\/","title":{"rendered":"Nos entreprises en retard sur le plan de la formation: les 5 jours obligatoires pr\u00e9vus dans le deal pour l&#8217;emploi ne sont pas \u00e0 l&rsquo;agenda."},"content":{"rendered":"<p>Un an apr\u00e8s l&rsquo;introduction du plan de formation obligatoire pour les soci\u00e9t\u00e9s avec au moins 20 travailleurs, il appara\u00eet que les employ\u00e9s belges accusent un retard en mati\u00e8re de formation. C&rsquo;est ce qui ressort d&rsquo;une analyse r\u00e9alis\u00e9e par Bright Plus, partenaire RH, entre juin 2022 et juin 2023, en collaboration avec iVox et le Dr Hermina van Coillie, experte en motivation. En moyenne, les employ\u00e9s belges suivent 27,2 heures de formation, soit 3,4 jours par an.<!--more--><\/p>\n<p>Ce chiffre est non seulement inf\u00e9rieur \u00e0 l&rsquo;obligation actuelle de quatre jours par \u00e9quivalent temps plein (ETP), mais reste \u00e9galement loin de l&rsquo;objectif impos\u00e9 de cinq jours de formation programm\u00e9s en 2024.<\/p>\n<p>Le deal pour l\u2019emploi met l&rsquo;accent sur les droits individuels \u00e0 la formation pour les travailleurs. Contrairement \u00e0 l&rsquo;ancien droit collectif \u00e0 la formation, les entreprises de 20 travailleurs ou plus doivent d\u00e9sormais \u00e9tablir un plan de formation pr\u00e9voyant un temps de formation minimum par travailleur. Ce-dernier \u00e9tait de quatre jours en 2023 et s\u2019\u00e9l\u00e8vera \u00e0 cinq jours \u00e0 partir de 2024 par ETP. Il existe actuellement une proposition visant \u00e0 contr\u00f4ler la juste application de cette r\u00e8gle au sein des entreprises concern\u00e9es. En effet, les employeurs pourraient bient\u00f4t \u00eatre oblig\u00e9s d\u2019enregistrer toutes les journ\u00e9es de formation avec le risque d\u2019\u00eatre r\u00e9pertori\u00e9s publiquement s\u2019ils ne respectent pas ces exigences.<\/p>\n<p>En moyenne, les employ\u00e9s belges suivent 27,2 heures de formation, soit 3,4 jours par an. Pour l&rsquo;instant, les journ\u00e9es de formation obligatoires n&rsquo;ont donc pas encore eu l\u2019effet souhait\u00e9 sur le lieu de travail belge.<\/p>\n<p><strong><em>Aucune g\u00e9n\u00e9ration n&rsquo;est pr\u00eate pour l&rsquo;ann\u00e9e prochaine<\/em><\/strong><\/p>\n<p>Selon l&rsquo;analyse de Bright Plus, seuls les membres de la g\u00e9n\u00e9ration Z ayant un contrat d&#8217;employ\u00e9 ont atteint l\u2019actuel seuil minimum de quatre jours de formation, avec en moyenne 4,8 jours de formation suivis par an. Cela s&rsquo;explique principalement par leur exp\u00e9rience plus limit\u00e9e, les obligeant \u00e0 suivre davantage de formations d&rsquo;int\u00e9gration ou de formation de base au d\u00e9but de leur carri\u00e8re. La g\u00e9n\u00e9ration Y suit en moyenne 3,7 jours de formation, la g\u00e9n\u00e9ration X 3 et les baby-boomers que 2,1. Aucune g\u00e9n\u00e9ration n\u2019atteint pour le moment le seuil minimum de cinq jours de formation qui sera obligatoire \u00e0 partir de janvier 2024. En effet, un tiers des employ\u00e9s belges ne suit m\u00eame aucune formation. Parmi les baby-boomers, ce chiffre s&rsquo;\u00e9l\u00e8ve m\u00eame \u00e0 plus de la moiti\u00e9 (51,6%).<\/p>\n<p><strong><em>L\u2019\u00e9cart entre l\u2019intention et l\u2019action<\/em><\/strong><\/p>\n<p>Cette situation va \u00e0 l\u2019encontre de la demande claire des employ\u00e9s pour plus de formations, c\u2019est-\u00e0-dire, b\u00e9n\u00e9ficier en moyenne de 61,6 heures ou de 7,7 jours par an. Il existe donc un \u00e9cart \u00e9vident entre l&rsquo;intention et l&rsquo;action. Parmi les explications les plus cit\u00e9es par les employ\u00e9s, le manque de temps et l&rsquo;offre de formation peu claire, voire peu pertinente. Cependant, 1 employ\u00e9 sur 10 d\u00e9clare ne pas vouloir suivre de formation. Nous observons, dans ce contexte, que les baby-boomers se montrent nettement plus r\u00e9ticents (28,2% d&rsquo;entre eux ne veulent pas suivre de formation).<\/p>\n<p>Selon Linda Cappelle, directrice g\u00e9n\u00e9rale de Bright Plus : \u00ab\u00a0<em>Combler l\u2019\u00e9cart entre l&rsquo;intention et l&rsquo;action est essentiel sur le march\u00e9 du travail d\u2019aujourd\u2019hui, qui \u00e9volue rapidement. Les employeurs doivent donc investir dans une offre de formation qui correspond davantage aux besoins sp\u00e9cifiques, aux ambitions et aux projets \u00e0 long terme de leurs collaborateurs, mais aussi aux besoins du march\u00e9 du travail actuel et futur. Une formation ne sera efficace que si elle est utile ou int\u00e9ressante, et si l&rsquo;on y consacre suffisamment de temps. En effet, la formation vient souvent s&rsquo;ajouter au travail quotidien et elle est encore trop souvent per\u00e7ue comme une s\u00e9ance de cours pr\u00e9sentiel d&rsquo;une journ\u00e9e enti\u00e8re. Cependant, il est possible de faire preuve de cr\u00e9ativit\u00e9 \u00e0 travers des formations en ligne plus courtes, des webinaires ou des moments d&rsquo;apprentissage interne et rapide qui peuvent \u00e9galement \u00eatre consid\u00e9r\u00e9s comme des formations et qui contribuent positivement au d\u00e9veloppement des collaborateurs\u00a0\u00bb.<\/em><\/p>\n<p>L&rsquo;enqu\u00eate r\u00e9v\u00e8le \u00e9galement que la taille de l&rsquo;\u00e9quipe a un impact. En effet, plus l&rsquo;\u00e9quipe dans laquelle l&#8217;employ\u00e9 travaille est grande, plus il participe en moyenne \u00e0 des journ\u00e9es de formation. Cela pourrait s&rsquo;expliquer par le fait que le travail peut \u00eatre plus facilement redistribu\u00e9 ou pris en charge par les coll\u00e8gues pendant les jours de formation, ou qu&rsquo;il existe un climat de formation positif o\u00f9 les coll\u00e8gues se motivent mutuellement \u00e0 suivre des formations.<\/p>\n<p><strong><em>Le r\u00f4le central de la motivation<\/em><\/strong><\/p>\n<p>Une politique de formation r\u00e9fl\u00e9chie et personnalis\u00e9e constitue la cl\u00e9 pour encourager efficacement les collaborateurs \u00e0 suivre des formations et \u00e0 ne pas les percevoir comme une simple obligation de la part du manager. En effet, 11,1% des baby-boomers le confirment, alors que seuls 1,9% de la g\u00e9n\u00e9ration Z sont d\u2019accord avec cette affirmation.<\/p>\n<p>La motivation positive semble \u00e9galement plus \u00e9lev\u00e9e chez les jeunes collaborateurs : six membres de la g\u00e9n\u00e9ration Z sur dix (58,3%) estiment qu&rsquo;il est utile de suivre une formation pour rester \u00e0 jour avec les nouvelles comp\u00e9tences. En revanche, chez les baby-boomers, cette proportion est beaucoup plus faible (45%). En effet, 55,3% des membres de la g\u00e9n\u00e9ration Z suivent une formation pour \u00e9voluer dans leur fonction, alors que les baby-boomers approchent la fin de leur carri\u00e8re (19,2%).<\/p>\n<p>La formation vient souvent s\u2019ajouter au travail quotidien. Pr\u00e9voir suffisamment de temps \u00e0 cet effet peut \u00eatre une solution. Il faut ensuite miser sur l\u2019utilit\u00e9 et la pertinence de la formation pour le travail quotidien.<\/p>\n<p>Dr Hermina Van Coillie, experte en motivation, souligne : \u00ab\u00a0<em>Il est essentiel de comprendre la vision que les collaborateurs ont de leur travail et comment ils envisagent leur avenir professionnel. Logiquement, il existe des diff\u00e9rences en fonction de l&rsquo;anciennet\u00e9 et de l&rsquo;\u00e2ge des employ\u00e9s. En mettant l&rsquo;accent sur une politique qui non seulement soutient les employ\u00e9s dans leur d\u00e9veloppement professionnel, mais respecte \u00e9galement leur autonomie, les employeurs cr\u00e9ent un environnement o\u00f9 l&rsquo;apprentissage et le d\u00e9veloppement ne sont pas uniquement une obligation, mais deviennent aussi une source pr\u00e9cieuse de motivation et de satisfaction. Il ne s&rsquo;agit pas simplement de proposer des formations. Il faut cr\u00e9er une culture o\u00f9 l&rsquo;apprentissage est synonyme de croissance et de progr\u00e8s, tant sur le plan professionnel que personnel\u00a0\u00bb.<\/em><\/p>\n<p>&nbsp;<\/p>\n<p><em>Source: enqu\u00eate en ligne r\u00e9alis\u00e9e par le bureau d&rsquo;\u00e9tudes iVOX pour le compte de Bright Plus entre le 16 et le 30 juin 2023 aupr\u00e8s de 1.204 travailleurs belges employ\u00e9s au moins \u00e0 mi-temps dans un bureau, repr\u00e9sentatif en termes de sexe, de langue, d\u2019\u00e2ge et d\u2019\u00e9ducation. La marge d&rsquo;erreur maximale parmi les 1.204 Belges est de 2,74%.<\/em><\/p>\n","protected":false},"excerpt":{"rendered":"<p>Un an apr\u00e8s l&rsquo;introduction du plan de formation obligatoire pour les soci\u00e9t\u00e9s avec au moins 20 travailleurs, il appara\u00eet que les employ\u00e9s belges accusent un retard en mati\u00e8re de formation. C&rsquo;est ce qui ressort d&rsquo;une analyse r\u00e9alis\u00e9e par Bright Plus, [&hellip;]<\/p>\n","protected":false},"author":2,"featured_media":15305,"comment_status":"closed","ping_status":"open","sticky":false,"template":"","format":"standard","meta":[],"categories":[65,10],"tags":[116,48,646,500,90],"yoast_head":"<!-- This site is optimized with the Yoast SEO plugin v21.0 - https:\/\/yoast.com\/wordpress\/plugins\/seo\/ -->\n<title>Nos entreprises en retard sur le plan de la formation: les 5 jours obligatoires pr\u00e9vus dans le deal pour l&#039;emploi ne sont pas \u00e0 l&#039;agenda. - Peoplesphere<\/title>\n<meta name=\"robots\" content=\"index, follow, max-snippet:-1, max-image-preview:large, max-video-preview:-1\" \/>\n<link rel=\"canonical\" href=\"https:\/\/peoplesphere.be\/fr\/nos-entreprises-en-retard-sur-le-plan-de-la-formation-les-5-jours-obligatoires-prevus-dans-le-deal-pour-lemploi-ne-sont-pas-a-lagenda\/\" \/>\n<meta property=\"og:locale\" content=\"fr_FR\" \/>\n<meta property=\"og:type\" content=\"article\" \/>\n<meta property=\"og:title\" content=\"Nos entreprises en retard sur le plan de la formation: les 5 jours obligatoires pr\u00e9vus dans le deal pour l&#039;emploi ne sont pas \u00e0 l&#039;agenda. - Peoplesphere\" \/>\n<meta property=\"og:description\" content=\"Un an apr\u00e8s l&rsquo;introduction du plan de formation obligatoire pour les soci\u00e9t\u00e9s avec au moins 20 travailleurs, il appara\u00eet que les employ\u00e9s belges accusent un retard en mati\u00e8re de formation. C&rsquo;est ce qui ressort d&rsquo;une analyse r\u00e9alis\u00e9e par Bright Plus, [&hellip;]\" \/>\n<meta property=\"og:url\" content=\"https:\/\/peoplesphere.be\/fr\/nos-entreprises-en-retard-sur-le-plan-de-la-formation-les-5-jours-obligatoires-prevus-dans-le-deal-pour-lemploi-ne-sont-pas-a-lagenda\/\" \/>\n<meta property=\"og:site_name\" content=\"Peoplesphere\" \/>\n<meta property=\"article:publisher\" content=\"https:\/\/www.facebook.com\/peoplesphere\" \/>\n<meta property=\"article:published_time\" content=\"2023-11-22T05:23:45+00:00\" \/>\n<meta property=\"og:image\" content=\"https:\/\/peoplesphere.be\/fr\/wp-content\/uploads\/2023\/11\/20231122trainingbrightplus.jpg\" \/>\n\t<meta property=\"og:image:width\" content=\"1200\" \/>\n\t<meta property=\"og:image:height\" content=\"800\" \/>\n\t<meta property=\"og:image:type\" content=\"image\/jpeg\" \/>\n<meta name=\"author\" content=\"Jean-Paul Erhard\" \/>\n<meta name=\"twitter:card\" content=\"summary_large_image\" \/>\n<meta name=\"twitter:creator\" content=\"@PeoplesphereMag\" \/>\n<meta name=\"twitter:site\" content=\"@PeoplesphereMag\" \/>\n<meta name=\"twitter:label1\" content=\"\u00c9crit par\" \/>\n\t<meta name=\"twitter:data1\" content=\"Jean-Paul Erhard\" \/>\n\t<meta name=\"twitter:label2\" content=\"Dur\u00e9e de lecture estim\u00e9e\" \/>\n\t<meta name=\"twitter:data2\" content=\"6 minutes\" \/>\n<script type=\"application\/ld+json\" class=\"yoast-schema-graph\">{\"@context\":\"https:\/\/schema.org\",\"@graph\":[{\"@type\":\"Article\",\"@id\":\"https:\/\/peoplesphere.be\/fr\/nos-entreprises-en-retard-sur-le-plan-de-la-formation-les-5-jours-obligatoires-prevus-dans-le-deal-pour-lemploi-ne-sont-pas-a-lagenda\/#article\",\"isPartOf\":{\"@id\":\"https:\/\/peoplesphere.be\/fr\/nos-entreprises-en-retard-sur-le-plan-de-la-formation-les-5-jours-obligatoires-prevus-dans-le-deal-pour-lemploi-ne-sont-pas-a-lagenda\/\"},\"author\":{\"name\":\"Jean-Paul Erhard\",\"@id\":\"https:\/\/peoplesphere.be\/fr\/#\/schema\/person\/7976225ff17988604334abb7b3536a7e\"},\"headline\":\"Nos entreprises en retard sur le plan de la formation: les 5 jours obligatoires pr\u00e9vus dans le deal pour l&#8217;emploi ne sont pas \u00e0 l&rsquo;agenda.\",\"datePublished\":\"2023-11-22T05:23:45+00:00\",\"dateModified\":\"2023-11-22T05:23:45+00:00\",\"mainEntityOfPage\":{\"@id\":\"https:\/\/peoplesphere.be\/fr\/nos-entreprises-en-retard-sur-le-plan-de-la-formation-les-5-jours-obligatoires-prevus-dans-le-deal-pour-lemploi-ne-sont-pas-a-lagenda\/\"},\"wordCount\":1160,\"publisher\":{\"@id\":\"https:\/\/peoplesphere.be\/fr\/#organization\"},\"keywords\":[\"comp\u00e9tences\",\"Formation\",\"g\u00e9n\u00e9rations\",\"horaires de travail\",\"motivation\"],\"articleSection\":[\"Actualit\u00e9s\",\"Digital\"],\"inLanguage\":\"fr-FR\"},{\"@type\":\"WebPage\",\"@id\":\"https:\/\/peoplesphere.be\/fr\/nos-entreprises-en-retard-sur-le-plan-de-la-formation-les-5-jours-obligatoires-prevus-dans-le-deal-pour-lemploi-ne-sont-pas-a-lagenda\/\",\"url\":\"https:\/\/peoplesphere.be\/fr\/nos-entreprises-en-retard-sur-le-plan-de-la-formation-les-5-jours-obligatoires-prevus-dans-le-deal-pour-lemploi-ne-sont-pas-a-lagenda\/\",\"name\":\"Nos entreprises en retard sur le plan de la formation: les 5 jours obligatoires pr\u00e9vus dans le deal pour l'emploi ne sont pas \u00e0 l'agenda. - Peoplesphere\",\"isPartOf\":{\"@id\":\"https:\/\/peoplesphere.be\/fr\/#website\"},\"datePublished\":\"2023-11-22T05:23:45+00:00\",\"dateModified\":\"2023-11-22T05:23:45+00:00\",\"breadcrumb\":{\"@id\":\"https:\/\/peoplesphere.be\/fr\/nos-entreprises-en-retard-sur-le-plan-de-la-formation-les-5-jours-obligatoires-prevus-dans-le-deal-pour-lemploi-ne-sont-pas-a-lagenda\/#breadcrumb\"},\"inLanguage\":\"fr-FR\",\"potentialAction\":[{\"@type\":\"ReadAction\",\"target\":[\"https:\/\/peoplesphere.be\/fr\/nos-entreprises-en-retard-sur-le-plan-de-la-formation-les-5-jours-obligatoires-prevus-dans-le-deal-pour-lemploi-ne-sont-pas-a-lagenda\/\"]}]},{\"@type\":\"BreadcrumbList\",\"@id\":\"https:\/\/peoplesphere.be\/fr\/nos-entreprises-en-retard-sur-le-plan-de-la-formation-les-5-jours-obligatoires-prevus-dans-le-deal-pour-lemploi-ne-sont-pas-a-lagenda\/#breadcrumb\",\"itemListElement\":[{\"@type\":\"ListItem\",\"position\":1,\"name\":\"Accueil\",\"item\":\"https:\/\/peoplesphere.be\/fr\/\"},{\"@type\":\"ListItem\",\"position\":2,\"name\":\"Nos entreprises en retard sur le plan de la formation: les 5 jours obligatoires pr\u00e9vus dans le deal pour l&#8217;emploi ne sont pas \u00e0 l&rsquo;agenda.\"}]},{\"@type\":\"WebSite\",\"@id\":\"https:\/\/peoplesphere.be\/fr\/#website\",\"url\":\"https:\/\/peoplesphere.be\/fr\/\",\"name\":\"Peoplesphere\",\"description\":\"The People Managers Magazine\",\"publisher\":{\"@id\":\"https:\/\/peoplesphere.be\/fr\/#organization\"},\"potentialAction\":[{\"@type\":\"SearchAction\",\"target\":{\"@type\":\"EntryPoint\",\"urlTemplate\":\"https:\/\/peoplesphere.be\/fr\/?s={search_term_string}\"},\"query-input\":\"required name=search_term_string\"}],\"inLanguage\":\"fr-FR\"},{\"@type\":\"Organization\",\"@id\":\"https:\/\/peoplesphere.be\/fr\/#organization\",\"name\":\"Peoplesphere Company srl\",\"url\":\"https:\/\/peoplesphere.be\/fr\/\",\"logo\":{\"@type\":\"ImageObject\",\"inLanguage\":\"fr-FR\",\"@id\":\"https:\/\/peoplesphere.be\/fr\/#\/schema\/logo\/image\/\",\"url\":\"https:\/\/peoplesphere.be\/fr\/wp-content\/uploads\/2023\/07\/peoplesphere-lgo-new-generik.jpg\",\"contentUrl\":\"https:\/\/peoplesphere.be\/fr\/wp-content\/uploads\/2023\/07\/peoplesphere-lgo-new-generik.jpg\",\"width\":1031,\"height\":1479,\"caption\":\"Peoplesphere Company srl\"},\"image\":{\"@id\":\"https:\/\/peoplesphere.be\/fr\/#\/schema\/logo\/image\/\"},\"sameAs\":[\"https:\/\/www.facebook.com\/peoplesphere\",\"https:\/\/twitter.com\/PeoplesphereMag\",\"https:\/\/www.linkedin.com\/company\/7587361?trk\",\"http:\/\/youtube.com\/peoplesphere\"]},{\"@type\":\"Person\",\"@id\":\"https:\/\/peoplesphere.be\/fr\/#\/schema\/person\/7976225ff17988604334abb7b3536a7e\",\"name\":\"Jean-Paul Erhard\",\"image\":{\"@type\":\"ImageObject\",\"inLanguage\":\"fr-FR\",\"@id\":\"https:\/\/peoplesphere.be\/fr\/#\/schema\/person\/image\/\",\"url\":\"https:\/\/secure.gravatar.com\/avatar\/f941e681460179738071629a51574930?s=96&d=mm&r=g\",\"contentUrl\":\"https:\/\/secure.gravatar.com\/avatar\/f941e681460179738071629a51574930?s=96&d=mm&r=g\",\"caption\":\"Jean-Paul Erhard\"},\"url\":\"https:\/\/peoplesphere.be\/fr\/author\/jpe\/\"}]}<\/script>\n<!-- \/ Yoast SEO plugin. -->","yoast_head_json":{"title":"Nos entreprises en retard sur le plan de la formation: les 5 jours obligatoires pr\u00e9vus dans le deal pour l'emploi ne sont pas \u00e0 l'agenda. - Peoplesphere","robots":{"index":"index","follow":"follow","max-snippet":"max-snippet:-1","max-image-preview":"max-image-preview:large","max-video-preview":"max-video-preview:-1"},"canonical":"https:\/\/peoplesphere.be\/fr\/nos-entreprises-en-retard-sur-le-plan-de-la-formation-les-5-jours-obligatoires-prevus-dans-le-deal-pour-lemploi-ne-sont-pas-a-lagenda\/","og_locale":"fr_FR","og_type":"article","og_title":"Nos entreprises en retard sur le plan de la formation: les 5 jours obligatoires pr\u00e9vus dans le deal pour l'emploi ne sont pas \u00e0 l'agenda. - Peoplesphere","og_description":"Un an apr\u00e8s l&rsquo;introduction du plan de formation obligatoire pour les soci\u00e9t\u00e9s avec au moins 20 travailleurs, il appara\u00eet que les employ\u00e9s belges accusent un retard en mati\u00e8re de formation. C&rsquo;est ce qui ressort d&rsquo;une analyse r\u00e9alis\u00e9e par Bright Plus, [&hellip;]","og_url":"https:\/\/peoplesphere.be\/fr\/nos-entreprises-en-retard-sur-le-plan-de-la-formation-les-5-jours-obligatoires-prevus-dans-le-deal-pour-lemploi-ne-sont-pas-a-lagenda\/","og_site_name":"Peoplesphere","article_publisher":"https:\/\/www.facebook.com\/peoplesphere","article_published_time":"2023-11-22T05:23:45+00:00","og_image":[{"width":1200,"height":800,"url":"https:\/\/peoplesphere.be\/fr\/wp-content\/uploads\/2023\/11\/20231122trainingbrightplus.jpg","type":"image\/jpeg"}],"author":"Jean-Paul Erhard","twitter_card":"summary_large_image","twitter_creator":"@PeoplesphereMag","twitter_site":"@PeoplesphereMag","twitter_misc":{"\u00c9crit par":"Jean-Paul Erhard","Dur\u00e9e de lecture estim\u00e9e":"6 minutes"},"schema":{"@context":"https:\/\/schema.org","@graph":[{"@type":"Article","@id":"https:\/\/peoplesphere.be\/fr\/nos-entreprises-en-retard-sur-le-plan-de-la-formation-les-5-jours-obligatoires-prevus-dans-le-deal-pour-lemploi-ne-sont-pas-a-lagenda\/#article","isPartOf":{"@id":"https:\/\/peoplesphere.be\/fr\/nos-entreprises-en-retard-sur-le-plan-de-la-formation-les-5-jours-obligatoires-prevus-dans-le-deal-pour-lemploi-ne-sont-pas-a-lagenda\/"},"author":{"name":"Jean-Paul Erhard","@id":"https:\/\/peoplesphere.be\/fr\/#\/schema\/person\/7976225ff17988604334abb7b3536a7e"},"headline":"Nos entreprises en retard sur le plan de la formation: les 5 jours obligatoires pr\u00e9vus dans le deal pour l&#8217;emploi ne sont pas \u00e0 l&rsquo;agenda.","datePublished":"2023-11-22T05:23:45+00:00","dateModified":"2023-11-22T05:23:45+00:00","mainEntityOfPage":{"@id":"https:\/\/peoplesphere.be\/fr\/nos-entreprises-en-retard-sur-le-plan-de-la-formation-les-5-jours-obligatoires-prevus-dans-le-deal-pour-lemploi-ne-sont-pas-a-lagenda\/"},"wordCount":1160,"publisher":{"@id":"https:\/\/peoplesphere.be\/fr\/#organization"},"keywords":["comp\u00e9tences","Formation","g\u00e9n\u00e9rations","horaires de travail","motivation"],"articleSection":["Actualit\u00e9s","Digital"],"inLanguage":"fr-FR"},{"@type":"WebPage","@id":"https:\/\/peoplesphere.be\/fr\/nos-entreprises-en-retard-sur-le-plan-de-la-formation-les-5-jours-obligatoires-prevus-dans-le-deal-pour-lemploi-ne-sont-pas-a-lagenda\/","url":"https:\/\/peoplesphere.be\/fr\/nos-entreprises-en-retard-sur-le-plan-de-la-formation-les-5-jours-obligatoires-prevus-dans-le-deal-pour-lemploi-ne-sont-pas-a-lagenda\/","name":"Nos entreprises en retard sur le plan de la formation: les 5 jours obligatoires pr\u00e9vus dans le deal pour l'emploi ne sont pas \u00e0 l'agenda. - Peoplesphere","isPartOf":{"@id":"https:\/\/peoplesphere.be\/fr\/#website"},"datePublished":"2023-11-22T05:23:45+00:00","dateModified":"2023-11-22T05:23:45+00:00","breadcrumb":{"@id":"https:\/\/peoplesphere.be\/fr\/nos-entreprises-en-retard-sur-le-plan-de-la-formation-les-5-jours-obligatoires-prevus-dans-le-deal-pour-lemploi-ne-sont-pas-a-lagenda\/#breadcrumb"},"inLanguage":"fr-FR","potentialAction":[{"@type":"ReadAction","target":["https:\/\/peoplesphere.be\/fr\/nos-entreprises-en-retard-sur-le-plan-de-la-formation-les-5-jours-obligatoires-prevus-dans-le-deal-pour-lemploi-ne-sont-pas-a-lagenda\/"]}]},{"@type":"BreadcrumbList","@id":"https:\/\/peoplesphere.be\/fr\/nos-entreprises-en-retard-sur-le-plan-de-la-formation-les-5-jours-obligatoires-prevus-dans-le-deal-pour-lemploi-ne-sont-pas-a-lagenda\/#breadcrumb","itemListElement":[{"@type":"ListItem","position":1,"name":"Accueil","item":"https:\/\/peoplesphere.be\/fr\/"},{"@type":"ListItem","position":2,"name":"Nos entreprises en retard sur le plan de la formation: les 5 jours obligatoires pr\u00e9vus dans le deal pour l&#8217;emploi ne sont pas \u00e0 l&rsquo;agenda."}]},{"@type":"WebSite","@id":"https:\/\/peoplesphere.be\/fr\/#website","url":"https:\/\/peoplesphere.be\/fr\/","name":"Peoplesphere","description":"The People Managers Magazine","publisher":{"@id":"https:\/\/peoplesphere.be\/fr\/#organization"},"potentialAction":[{"@type":"SearchAction","target":{"@type":"EntryPoint","urlTemplate":"https:\/\/peoplesphere.be\/fr\/?s={search_term_string}"},"query-input":"required name=search_term_string"}],"inLanguage":"fr-FR"},{"@type":"Organization","@id":"https:\/\/peoplesphere.be\/fr\/#organization","name":"Peoplesphere Company srl","url":"https:\/\/peoplesphere.be\/fr\/","logo":{"@type":"ImageObject","inLanguage":"fr-FR","@id":"https:\/\/peoplesphere.be\/fr\/#\/schema\/logo\/image\/","url":"https:\/\/peoplesphere.be\/fr\/wp-content\/uploads\/2023\/07\/peoplesphere-lgo-new-generik.jpg","contentUrl":"https:\/\/peoplesphere.be\/fr\/wp-content\/uploads\/2023\/07\/peoplesphere-lgo-new-generik.jpg","width":1031,"height":1479,"caption":"Peoplesphere Company srl"},"image":{"@id":"https:\/\/peoplesphere.be\/fr\/#\/schema\/logo\/image\/"},"sameAs":["https:\/\/www.facebook.com\/peoplesphere","https:\/\/twitter.com\/PeoplesphereMag","https:\/\/www.linkedin.com\/company\/7587361?trk","http:\/\/youtube.com\/peoplesphere"]},{"@type":"Person","@id":"https:\/\/peoplesphere.be\/fr\/#\/schema\/person\/7976225ff17988604334abb7b3536a7e","name":"Jean-Paul Erhard","image":{"@type":"ImageObject","inLanguage":"fr-FR","@id":"https:\/\/peoplesphere.be\/fr\/#\/schema\/person\/image\/","url":"https:\/\/secure.gravatar.com\/avatar\/f941e681460179738071629a51574930?s=96&d=mm&r=g","contentUrl":"https:\/\/secure.gravatar.com\/avatar\/f941e681460179738071629a51574930?s=96&d=mm&r=g","caption":"Jean-Paul Erhard"},"url":"https:\/\/peoplesphere.be\/fr\/author\/jpe\/"}]}},"_links":{"self":[{"href":"https:\/\/peoplesphere.be\/fr\/wp-json\/wp\/v2\/posts\/15304"}],"collection":[{"href":"https:\/\/peoplesphere.be\/fr\/wp-json\/wp\/v2\/posts"}],"about":[{"href":"https:\/\/peoplesphere.be\/fr\/wp-json\/wp\/v2\/types\/post"}],"author":[{"embeddable":true,"href":"https:\/\/peoplesphere.be\/fr\/wp-json\/wp\/v2\/users\/2"}],"replies":[{"embeddable":true,"href":"https:\/\/peoplesphere.be\/fr\/wp-json\/wp\/v2\/comments?post=15304"}],"version-history":[{"count":1,"href":"https:\/\/peoplesphere.be\/fr\/wp-json\/wp\/v2\/posts\/15304\/revisions"}],"predecessor-version":[{"id":15306,"href":"https:\/\/peoplesphere.be\/fr\/wp-json\/wp\/v2\/posts\/15304\/revisions\/15306"}],"wp:featuredmedia":[{"embeddable":true,"href":"https:\/\/peoplesphere.be\/fr\/wp-json\/wp\/v2\/media\/15305"}],"wp:attachment":[{"href":"https:\/\/peoplesphere.be\/fr\/wp-json\/wp\/v2\/media?parent=15304"}],"wp:term":[{"taxonomy":"category","embeddable":true,"href":"https:\/\/peoplesphere.be\/fr\/wp-json\/wp\/v2\/categories?post=15304"},{"taxonomy":"post_tag","embeddable":true,"href":"https:\/\/peoplesphere.be\/fr\/wp-json\/wp\/v2\/tags?post=15304"}],"curies":[{"name":"wp","href":"https:\/\/api.w.org\/{rel}","templated":true}]}}