









{"id":15307,"date":"2023-11-22T07:48:10","date_gmt":"2023-11-22T05:48:10","guid":{"rendered":"https:\/\/peoplesphere.be\/fr\/?p=15307"},"modified":"2023-11-22T07:48:10","modified_gmt":"2023-11-22T05:48:10","slug":"fracture-numerique-il-reste-5-de-la-population-belge-qui-nest-pas-en-ligne","status":"publish","type":"post","link":"https:\/\/peoplesphere.be\/fr\/fracture-numerique-il-reste-5-de-la-population-belge-qui-nest-pas-en-ligne\/","title":{"rendered":"Fracture num\u00e9rique? Il reste 5% de la population belge qui n&rsquo;est pas en ligne."},"content":{"rendered":"<p>L&rsquo;utilisation d\u2019internet a poursuivi sa hausse en 2023 : 95% des Belges de 16 \u00e0 74 ans utilisent internet contre 89% en 2018 et 82% en 2013. C\u2019est ce qu\u2019il ressort des derniers r\u00e9sultats de l\u2019enqu\u00eate sur l\u2019utilisation des TIC aupr\u00e8s des m\u00e9nages organis\u00e9e annuellement par Statbel, l\u2019office belge de statistique. Parmi les 5% restants, 2% n\u2019avaient plus utilis\u00e9 internet depuis au moins trois mois avant l\u2019enqu\u00eate et 3% n\u2019ont encore jamais utilis\u00e9 Internet.<!--more--><\/p>\n<p>Certaines cat\u00e9gories de la population sont clairement moins connect\u00e9es que d\u2019autres. Ainsi, 16% des 65 et 74 ans et 18% des personnes souffrant de probl\u00e8mes de sant\u00e9 de longue dur\u00e9e n\u2019utilisent pas internet ou ne l\u2019ont, en tous cas, pas utilis\u00e9 dans les trois mois pr\u00e9c\u00e9dant l\u2019enqu\u00eate.<\/p>\n<p><strong><em>La disparition de l\u2019ordinateur fixe<\/em><\/strong><\/p>\n<p>Le smartphone est devenu l\u2019appareil par excellence pour l\u2019acc\u00e8s \u00e0 internet : 92% des internautes surfent via leur smartphone ou leur GSM. Ils sont dans quasi toutes les mains des 16-24 ans (99%) mais leur usage diminue avec l\u2019\u00e2ge pour n\u2019\u00eatre utilis\u00e9s que par 76% des internautes de 65 \u00e0 74 ans. Les autres appareils les plus utilis\u00e9s sont l\u2019ordinateur portable (laptop) (69%) et la tablette (35%) qui d\u00e9tr\u00f4nent l\u2019ordinateur fixe (desktop) qui n\u2019est plus utilis\u00e9 que par 32% des internautes.<\/p>\n<p><strong><em>Le commerce \u00e9lectronique \u00e0 nouveau en hausse<\/em><\/strong><\/p>\n<p>L&rsquo;utilisation du commerce \u00e9lectronique augmente \u00e0 nouveau. 65% des Belges ont command\u00e9 des biens ou services sur internet au cours des trois derniers mois soit 2 points de pourcentage de plus qu\u2019en 2022. Cela reste l\u00e9g\u00e8rement inf\u00e9rieur \u00e0 2021 o\u00f9 66% de la population a achet\u00e9 en ligne mais est bien au-dessus des 55% de 2019.<\/p>\n<p><strong><em>L\u2019identification \u00e9lectronique se g\u00e9n\u00e9ralise<\/em><\/strong><\/p>\n<p>Enfin, 77% des Belges utilisent une identification \u00e9lectronique avanc\u00e9e, par exemple via une carte d&rsquo;identit\u00e9 \u00e9lectronique ou l&rsquo;application ITSME: six sur dix lors de contacts avec l\u2019administration et plus d\u2019un tiers pour des services offerts par les entreprises.<\/p>\n<p>&nbsp;<\/p>\n<p><em>Source: Statbel<\/em><\/p>\n","protected":false},"excerpt":{"rendered":"<p>L&rsquo;utilisation d\u2019internet a poursuivi sa hausse en 2023 : 95% des Belges de 16 \u00e0 74 ans utilisent internet contre 89% en 2018 et 82% en 2013. C\u2019est ce qu\u2019il ressort des derniers r\u00e9sultats de l\u2019enqu\u00eate sur l\u2019utilisation des TIC [&hellip;]<\/p>\n","protected":false},"author":2,"featured_media":15308,"comment_status":"closed","ping_status":"open","sticky":false,"template":"","format":"standard","meta":[],"categories":[65,10],"tags":[116,77,3248],"yoast_head":"<!-- This site is optimized with the Yoast SEO plugin v21.0 - https:\/\/yoast.com\/wordpress\/plugins\/seo\/ -->\n<title>Fracture num\u00e9rique? Il reste 5% de la population belge qui n&#039;est pas en ligne. - Peoplesphere<\/title>\n<meta name=\"robots\" content=\"index, follow, max-snippet:-1, max-image-preview:large, max-video-preview:-1\" \/>\n<link rel=\"canonical\" href=\"https:\/\/peoplesphere.be\/fr\/fracture-numerique-il-reste-5-de-la-population-belge-qui-nest-pas-en-ligne\/\" \/>\n<meta property=\"og:locale\" content=\"fr_FR\" \/>\n<meta property=\"og:type\" content=\"article\" \/>\n<meta property=\"og:title\" content=\"Fracture num\u00e9rique? Il reste 5% de la population belge qui n&#039;est pas en ligne. - Peoplesphere\" \/>\n<meta property=\"og:description\" content=\"L&rsquo;utilisation d\u2019internet a poursuivi sa hausse en 2023 : 95% des Belges de 16 \u00e0 74 ans utilisent internet contre 89% en 2018 et 82% en 2013. C\u2019est ce qu\u2019il ressort des derniers r\u00e9sultats de l\u2019enqu\u00eate sur l\u2019utilisation des TIC [&hellip;]\" \/>\n<meta property=\"og:url\" content=\"https:\/\/peoplesphere.be\/fr\/fracture-numerique-il-reste-5-de-la-population-belge-qui-nest-pas-en-ligne\/\" \/>\n<meta property=\"og:site_name\" content=\"Peoplesphere\" \/>\n<meta property=\"article:publisher\" content=\"https:\/\/www.facebook.com\/peoplesphere\" \/>\n<meta property=\"article:published_time\" content=\"2023-11-22T05:48:10+00:00\" \/>\n<meta property=\"og:image\" content=\"https:\/\/peoplesphere.be\/fr\/wp-content\/uploads\/2023\/11\/20231122fracturenumerique.jpeg\" \/>\n\t<meta property=\"og:image:width\" content=\"430\" \/>\n\t<meta property=\"og:image:height\" content=\"287\" \/>\n\t<meta property=\"og:image:type\" content=\"image\/jpeg\" \/>\n<meta name=\"author\" content=\"Jean-Paul Erhard\" \/>\n<meta name=\"twitter:card\" content=\"summary_large_image\" \/>\n<meta name=\"twitter:creator\" content=\"@PeoplesphereMag\" \/>\n<meta name=\"twitter:site\" content=\"@PeoplesphereMag\" \/>\n<meta name=\"twitter:label1\" content=\"\u00c9crit par\" \/>\n\t<meta name=\"twitter:data1\" content=\"Jean-Paul Erhard\" \/>\n\t<meta name=\"twitter:label2\" content=\"Dur\u00e9e de lecture estim\u00e9e\" \/>\n\t<meta name=\"twitter:data2\" content=\"2 minutes\" \/>\n<script type=\"application\/ld+json\" class=\"yoast-schema-graph\">{\"@context\":\"https:\/\/schema.org\",\"@graph\":[{\"@type\":\"Article\",\"@id\":\"https:\/\/peoplesphere.be\/fr\/fracture-numerique-il-reste-5-de-la-population-belge-qui-nest-pas-en-ligne\/#article\",\"isPartOf\":{\"@id\":\"https:\/\/peoplesphere.be\/fr\/fracture-numerique-il-reste-5-de-la-population-belge-qui-nest-pas-en-ligne\/\"},\"author\":{\"name\":\"Jean-Paul Erhard\",\"@id\":\"https:\/\/peoplesphere.be\/fr\/#\/schema\/person\/7976225ff17988604334abb7b3536a7e\"},\"headline\":\"Fracture num\u00e9rique? Il reste 5% de la population belge qui n&rsquo;est pas en ligne.\",\"datePublished\":\"2023-11-22T05:48:10+00:00\",\"dateModified\":\"2023-11-22T05:48:10+00:00\",\"mainEntityOfPage\":{\"@id\":\"https:\/\/peoplesphere.be\/fr\/fracture-numerique-il-reste-5-de-la-population-belge-qui-nest-pas-en-ligne\/\"},\"wordCount\":339,\"publisher\":{\"@id\":\"https:\/\/peoplesphere.be\/fr\/#organization\"},\"keywords\":[\"comp\u00e9tences\",\"digital\",\"fracture num\u00e9rique\"],\"articleSection\":[\"Actualit\u00e9s\",\"Digital\"],\"inLanguage\":\"fr-FR\"},{\"@type\":\"WebPage\",\"@id\":\"https:\/\/peoplesphere.be\/fr\/fracture-numerique-il-reste-5-de-la-population-belge-qui-nest-pas-en-ligne\/\",\"url\":\"https:\/\/peoplesphere.be\/fr\/fracture-numerique-il-reste-5-de-la-population-belge-qui-nest-pas-en-ligne\/\",\"name\":\"Fracture num\u00e9rique? Il reste 5% de la population belge qui n'est pas en ligne. - Peoplesphere\",\"isPartOf\":{\"@id\":\"https:\/\/peoplesphere.be\/fr\/#website\"},\"datePublished\":\"2023-11-22T05:48:10+00:00\",\"dateModified\":\"2023-11-22T05:48:10+00:00\",\"breadcrumb\":{\"@id\":\"https:\/\/peoplesphere.be\/fr\/fracture-numerique-il-reste-5-de-la-population-belge-qui-nest-pas-en-ligne\/#breadcrumb\"},\"inLanguage\":\"fr-FR\",\"potentialAction\":[{\"@type\":\"ReadAction\",\"target\":[\"https:\/\/peoplesphere.be\/fr\/fracture-numerique-il-reste-5-de-la-population-belge-qui-nest-pas-en-ligne\/\"]}]},{\"@type\":\"BreadcrumbList\",\"@id\":\"https:\/\/peoplesphere.be\/fr\/fracture-numerique-il-reste-5-de-la-population-belge-qui-nest-pas-en-ligne\/#breadcrumb\",\"itemListElement\":[{\"@type\":\"ListItem\",\"position\":1,\"name\":\"Accueil\",\"item\":\"https:\/\/peoplesphere.be\/fr\/\"},{\"@type\":\"ListItem\",\"position\":2,\"name\":\"Fracture num\u00e9rique? Il reste 5% de la population belge qui n&rsquo;est pas en ligne.\"}]},{\"@type\":\"WebSite\",\"@id\":\"https:\/\/peoplesphere.be\/fr\/#website\",\"url\":\"https:\/\/peoplesphere.be\/fr\/\",\"name\":\"Peoplesphere\",\"description\":\"The People Managers Magazine\",\"publisher\":{\"@id\":\"https:\/\/peoplesphere.be\/fr\/#organization\"},\"potentialAction\":[{\"@type\":\"SearchAction\",\"target\":{\"@type\":\"EntryPoint\",\"urlTemplate\":\"https:\/\/peoplesphere.be\/fr\/?s={search_term_string}\"},\"query-input\":\"required name=search_term_string\"}],\"inLanguage\":\"fr-FR\"},{\"@type\":\"Organization\",\"@id\":\"https:\/\/peoplesphere.be\/fr\/#organization\",\"name\":\"Peoplesphere Company srl\",\"url\":\"https:\/\/peoplesphere.be\/fr\/\",\"logo\":{\"@type\":\"ImageObject\",\"inLanguage\":\"fr-FR\",\"@id\":\"https:\/\/peoplesphere.be\/fr\/#\/schema\/logo\/image\/\",\"url\":\"https:\/\/peoplesphere.be\/fr\/wp-content\/uploads\/2023\/07\/peoplesphere-lgo-new-generik.jpg\",\"contentUrl\":\"https:\/\/peoplesphere.be\/fr\/wp-content\/uploads\/2023\/07\/peoplesphere-lgo-new-generik.jpg\",\"width\":1031,\"height\":1479,\"caption\":\"Peoplesphere Company srl\"},\"image\":{\"@id\":\"https:\/\/peoplesphere.be\/fr\/#\/schema\/logo\/image\/\"},\"sameAs\":[\"https:\/\/www.facebook.com\/peoplesphere\",\"https:\/\/twitter.com\/PeoplesphereMag\",\"https:\/\/www.linkedin.com\/company\/7587361?trk\",\"http:\/\/youtube.com\/peoplesphere\"]},{\"@type\":\"Person\",\"@id\":\"https:\/\/peoplesphere.be\/fr\/#\/schema\/person\/7976225ff17988604334abb7b3536a7e\",\"name\":\"Jean-Paul Erhard\",\"image\":{\"@type\":\"ImageObject\",\"inLanguage\":\"fr-FR\",\"@id\":\"https:\/\/peoplesphere.be\/fr\/#\/schema\/person\/image\/\",\"url\":\"https:\/\/secure.gravatar.com\/avatar\/f941e681460179738071629a51574930?s=96&d=mm&r=g\",\"contentUrl\":\"https:\/\/secure.gravatar.com\/avatar\/f941e681460179738071629a51574930?s=96&d=mm&r=g\",\"caption\":\"Jean-Paul Erhard\"},\"url\":\"https:\/\/peoplesphere.be\/fr\/author\/jpe\/\"}]}<\/script>\n<!-- \/ Yoast SEO plugin. -->","yoast_head_json":{"title":"Fracture num\u00e9rique? Il reste 5% de la population belge qui n'est pas en ligne. - Peoplesphere","robots":{"index":"index","follow":"follow","max-snippet":"max-snippet:-1","max-image-preview":"max-image-preview:large","max-video-preview":"max-video-preview:-1"},"canonical":"https:\/\/peoplesphere.be\/fr\/fracture-numerique-il-reste-5-de-la-population-belge-qui-nest-pas-en-ligne\/","og_locale":"fr_FR","og_type":"article","og_title":"Fracture num\u00e9rique? Il reste 5% de la population belge qui n'est pas en ligne. - Peoplesphere","og_description":"L&rsquo;utilisation d\u2019internet a poursuivi sa hausse en 2023 : 95% des Belges de 16 \u00e0 74 ans utilisent internet contre 89% en 2018 et 82% en 2013. C\u2019est ce qu\u2019il ressort des derniers r\u00e9sultats de l\u2019enqu\u00eate sur l\u2019utilisation des TIC [&hellip;]","og_url":"https:\/\/peoplesphere.be\/fr\/fracture-numerique-il-reste-5-de-la-population-belge-qui-nest-pas-en-ligne\/","og_site_name":"Peoplesphere","article_publisher":"https:\/\/www.facebook.com\/peoplesphere","article_published_time":"2023-11-22T05:48:10+00:00","og_image":[{"width":430,"height":287,"url":"https:\/\/peoplesphere.be\/fr\/wp-content\/uploads\/2023\/11\/20231122fracturenumerique.jpeg","type":"image\/jpeg"}],"author":"Jean-Paul Erhard","twitter_card":"summary_large_image","twitter_creator":"@PeoplesphereMag","twitter_site":"@PeoplesphereMag","twitter_misc":{"\u00c9crit par":"Jean-Paul Erhard","Dur\u00e9e de lecture estim\u00e9e":"2 minutes"},"schema":{"@context":"https:\/\/schema.org","@graph":[{"@type":"Article","@id":"https:\/\/peoplesphere.be\/fr\/fracture-numerique-il-reste-5-de-la-population-belge-qui-nest-pas-en-ligne\/#article","isPartOf":{"@id":"https:\/\/peoplesphere.be\/fr\/fracture-numerique-il-reste-5-de-la-population-belge-qui-nest-pas-en-ligne\/"},"author":{"name":"Jean-Paul Erhard","@id":"https:\/\/peoplesphere.be\/fr\/#\/schema\/person\/7976225ff17988604334abb7b3536a7e"},"headline":"Fracture num\u00e9rique? Il reste 5% de la population belge qui n&rsquo;est pas en ligne.","datePublished":"2023-11-22T05:48:10+00:00","dateModified":"2023-11-22T05:48:10+00:00","mainEntityOfPage":{"@id":"https:\/\/peoplesphere.be\/fr\/fracture-numerique-il-reste-5-de-la-population-belge-qui-nest-pas-en-ligne\/"},"wordCount":339,"publisher":{"@id":"https:\/\/peoplesphere.be\/fr\/#organization"},"keywords":["comp\u00e9tences","digital","fracture num\u00e9rique"],"articleSection":["Actualit\u00e9s","Digital"],"inLanguage":"fr-FR"},{"@type":"WebPage","@id":"https:\/\/peoplesphere.be\/fr\/fracture-numerique-il-reste-5-de-la-population-belge-qui-nest-pas-en-ligne\/","url":"https:\/\/peoplesphere.be\/fr\/fracture-numerique-il-reste-5-de-la-population-belge-qui-nest-pas-en-ligne\/","name":"Fracture num\u00e9rique? Il reste 5% de la population belge qui n'est pas en ligne. - Peoplesphere","isPartOf":{"@id":"https:\/\/peoplesphere.be\/fr\/#website"},"datePublished":"2023-11-22T05:48:10+00:00","dateModified":"2023-11-22T05:48:10+00:00","breadcrumb":{"@id":"https:\/\/peoplesphere.be\/fr\/fracture-numerique-il-reste-5-de-la-population-belge-qui-nest-pas-en-ligne\/#breadcrumb"},"inLanguage":"fr-FR","potentialAction":[{"@type":"ReadAction","target":["https:\/\/peoplesphere.be\/fr\/fracture-numerique-il-reste-5-de-la-population-belge-qui-nest-pas-en-ligne\/"]}]},{"@type":"BreadcrumbList","@id":"https:\/\/peoplesphere.be\/fr\/fracture-numerique-il-reste-5-de-la-population-belge-qui-nest-pas-en-ligne\/#breadcrumb","itemListElement":[{"@type":"ListItem","position":1,"name":"Accueil","item":"https:\/\/peoplesphere.be\/fr\/"},{"@type":"ListItem","position":2,"name":"Fracture num\u00e9rique? Il reste 5% de la population belge qui n&rsquo;est pas en ligne."}]},{"@type":"WebSite","@id":"https:\/\/peoplesphere.be\/fr\/#website","url":"https:\/\/peoplesphere.be\/fr\/","name":"Peoplesphere","description":"The People Managers Magazine","publisher":{"@id":"https:\/\/peoplesphere.be\/fr\/#organization"},"potentialAction":[{"@type":"SearchAction","target":{"@type":"EntryPoint","urlTemplate":"https:\/\/peoplesphere.be\/fr\/?s={search_term_string}"},"query-input":"required name=search_term_string"}],"inLanguage":"fr-FR"},{"@type":"Organization","@id":"https:\/\/peoplesphere.be\/fr\/#organization","name":"Peoplesphere Company srl","url":"https:\/\/peoplesphere.be\/fr\/","logo":{"@type":"ImageObject","inLanguage":"fr-FR","@id":"https:\/\/peoplesphere.be\/fr\/#\/schema\/logo\/image\/","url":"https:\/\/peoplesphere.be\/fr\/wp-content\/uploads\/2023\/07\/peoplesphere-lgo-new-generik.jpg","contentUrl":"https:\/\/peoplesphere.be\/fr\/wp-content\/uploads\/2023\/07\/peoplesphere-lgo-new-generik.jpg","width":1031,"height":1479,"caption":"Peoplesphere Company srl"},"image":{"@id":"https:\/\/peoplesphere.be\/fr\/#\/schema\/logo\/image\/"},"sameAs":["https:\/\/www.facebook.com\/peoplesphere","https:\/\/twitter.com\/PeoplesphereMag","https:\/\/www.linkedin.com\/company\/7587361?trk","http:\/\/youtube.com\/peoplesphere"]},{"@type":"Person","@id":"https:\/\/peoplesphere.be\/fr\/#\/schema\/person\/7976225ff17988604334abb7b3536a7e","name":"Jean-Paul Erhard","image":{"@type":"ImageObject","inLanguage":"fr-FR","@id":"https:\/\/peoplesphere.be\/fr\/#\/schema\/person\/image\/","url":"https:\/\/secure.gravatar.com\/avatar\/f941e681460179738071629a51574930?s=96&d=mm&r=g","contentUrl":"https:\/\/secure.gravatar.com\/avatar\/f941e681460179738071629a51574930?s=96&d=mm&r=g","caption":"Jean-Paul Erhard"},"url":"https:\/\/peoplesphere.be\/fr\/author\/jpe\/"}]}},"_links":{"self":[{"href":"https:\/\/peoplesphere.be\/fr\/wp-json\/wp\/v2\/posts\/15307"}],"collection":[{"href":"https:\/\/peoplesphere.be\/fr\/wp-json\/wp\/v2\/posts"}],"about":[{"href":"https:\/\/peoplesphere.be\/fr\/wp-json\/wp\/v2\/types\/post"}],"author":[{"embeddable":true,"href":"https:\/\/peoplesphere.be\/fr\/wp-json\/wp\/v2\/users\/2"}],"replies":[{"embeddable":true,"href":"https:\/\/peoplesphere.be\/fr\/wp-json\/wp\/v2\/comments?post=15307"}],"version-history":[{"count":1,"href":"https:\/\/peoplesphere.be\/fr\/wp-json\/wp\/v2\/posts\/15307\/revisions"}],"predecessor-version":[{"id":15309,"href":"https:\/\/peoplesphere.be\/fr\/wp-json\/wp\/v2\/posts\/15307\/revisions\/15309"}],"wp:featuredmedia":[{"embeddable":true,"href":"https:\/\/peoplesphere.be\/fr\/wp-json\/wp\/v2\/media\/15308"}],"wp:attachment":[{"href":"https:\/\/peoplesphere.be\/fr\/wp-json\/wp\/v2\/media?parent=15307"}],"wp:term":[{"taxonomy":"category","embeddable":true,"href":"https:\/\/peoplesphere.be\/fr\/wp-json\/wp\/v2\/categories?post=15307"},{"taxonomy":"post_tag","embeddable":true,"href":"https:\/\/peoplesphere.be\/fr\/wp-json\/wp\/v2\/tags?post=15307"}],"curies":[{"name":"wp","href":"https:\/\/api.w.org\/{rel}","templated":true}]}}