









{"id":15310,"date":"2023-11-22T16:59:05","date_gmt":"2023-11-22T14:59:05","guid":{"rendered":"https:\/\/peoplesphere.be\/fr\/?p=15310"},"modified":"2023-11-22T16:59:05","modified_gmt":"2023-11-22T14:59:05","slug":"deal-pour-lemploi-et-developpement-des-competences-les-employeurs-parient-sur-les-formations-internes-en-leadership","status":"publish","type":"post","link":"https:\/\/peoplesphere.be\/fr\/deal-pour-lemploi-et-developpement-des-competences-les-employeurs-parient-sur-les-formations-internes-en-leadership\/","title":{"rendered":"Deal pour l&#8217;emploi et d\u00e9veloppement des comp\u00e9tences: les employeurs parient sur les formations internes en leadership."},"content":{"rendered":"<p>Le deal pour l&#8217;emploi est un ensemble de mesures propos\u00e9 en 2022 dans le but d&rsquo;am\u00e9liorer l&rsquo;\u00e9quilibre entre vie professionnelle et vie priv\u00e9e pour les employ\u00e9s et d&rsquo;augmenter le taux d&#8217;emploi en Belgique. Le d\u00e9veloppement professionnel de l&#8217;employ\u00e9 y joue un r\u00f4le important et, un an apr\u00e8s l&rsquo;entr\u00e9e en vigueur de l&rsquo;accord sur l&#8217;emploi, le sp\u00e9cialiste du recrutement Robert Half a sond\u00e9 \u00e0 la fois les employeurs et les employ\u00e9s sur leurs opportunit\u00e9s de formation dans le cadre du Guide des Salaires 2024.<!--more--><\/p>\n<p>Il en ressort que les employ\u00e9s sont particuli\u00e8rement int\u00e9ress\u00e9s par des programmes de formation \u00e0 temps partiel et de b\u00e9n\u00e9ficier de jours de cong\u00e9 pay\u00e9s suppl\u00e9mentaires afin de suivre des formations externes.<\/p>\n<p>La mani\u00e8re dont les gens travaillent a consid\u00e9rablement \u00e9volu\u00e9 ces derni\u00e8res ann\u00e9es, avec le travail hybride devenant la norme et l&rsquo;\u00e9conomie des plateformes s&rsquo;imposant comme une valeur s\u00fbre. En raison de ces changements, le droit du travail \u00e9tait \u00e9galement en attente d&rsquo;une mise \u00e0 jour, r\u00e9alis\u00e9e en 2022 sous la forme du deal pour l&#8217;emploi. L\u2019un des piliers de cet accord est l\u2019am\u00e9lioration du soutien au d\u00e9veloppement professionnel de l&#8217;employ\u00e9, \u00e0 travers un plan de formation formel pour les entreprises de plus de 20 employ\u00e9s, ainsi qu&rsquo;un droit individuel \u00e0 la formation pour les entreprises du secteur priv\u00e9 employant au moins 10 salari\u00e9s \u00e0 temps plein. Un \u00e9norme avantage pour l&#8217;employ\u00e9 qui r\u00e9fl\u00e9chit r\u00e9guli\u00e8rement \u00e0 son d\u00e9veloppement professionnel.<\/p>\n<p><em>\u00ab\u00a0Les m\u00e9tiers et les techniques \u00e9voluent \u00e0 un rythme extr\u00eamement rapide. La formation est donc essentielle pour maintenir un bon \u00e9quilibre, proposer des solutions \u00e0 long terme pour pallier le manque de main-d&rsquo;\u0153uvre et aider les employ\u00e9s \u00e0 mettre \u00e0 jour leurs comp\u00e9tences tout au long de leur carri\u00e8re. Elle est donc indispensable pour garantir leur employabilit\u00e9. Il est \u00e9galement important de noter que le deal pour l&#8217;emploi oblige les entreprises \u00e0 proposer des formations mais les employ\u00e9s ne sont pas dans l\u2019obligation de les suivre. Les entreprises ont donc tout int\u00e9r\u00eat \u00e0 sensibiliser leurs employ\u00e9s \u00e0 l&rsquo;importance d&rsquo;une formation r\u00e9guli\u00e8re\u00a0\u00bb<\/em>, d\u00e9clare Jo\u00ebl Poilvache, Regional Managing Director chez Robert Half.<\/p>\n<p><strong><em>Identifier les formations pertinentes<\/em><\/strong><\/p>\n<p>Selon l&rsquo;enqu\u00eate sur les formations men\u00e9e dans le cadre du Guide des Salaires 2024 de Robert Half, 60% des employeurs proposent actuellement des formations internes, et 24% pr\u00e9voient de les introduire en 2024. Les employ\u00e9s, quant \u00e0 eux, montrent un plus grand int\u00e9r\u00eat pour d&rsquo;autres types de formations. 30% indiquent qu&rsquo;ils aimeraient suivre des programmes de formation \u00e0 temps partiel et recevoir des jours de cong\u00e9 pay\u00e9s suppl\u00e9mentaires pour suivre des formations externes.<\/p>\n<p><strong><em>Former les leaders de demain<\/em><\/strong><\/p>\n<p>Il est essentiel que l&#8217;employeur et l&#8217;employ\u00e9 se rejoignent dans cette d\u00e9marche car certaines formations d\u00e9passent l&rsquo;int\u00e9r\u00eat individuel et visent \u00e0 assurer l&rsquo;avenir m\u00eame de l&rsquo;entreprise. Il devient en effet de plus en plus difficile de pourvoir les postes vacants en raison d&rsquo;une p\u00e9nurie de personnel qualifi\u00e9. Les entreprises ont donc tout int\u00e9r\u00eat \u00e0 investir dans leurs propres effectifs afin d\u2019am\u00e9liorer leurs comp\u00e9tences. Actuellement, 51% des employeurs proposent une formation interne en leadership, et 25% ont l&rsquo;intention de le faire l\u2019ann\u00e9e prochaine.<\/p>\n<p><em>\u00ab\u00a0La formation en leadership interne n&rsquo;est pas seulement un investissement dans la croissance individuelle des employ\u00e9s. Elle est aussi une d\u00e9marche strat\u00e9gique afin d\u2019assurer l&rsquo;avenir de l&rsquo;entreprise. En cette p\u00e9riode de p\u00e9nurie de main-d&rsquo;\u0153uvre, il est crucial de maintenir un personnel motiv\u00e9, loyal et comp\u00e9tent. En formant les leaders internes, les employeurs offrent non seulement des opportunit\u00e9s de croissance verticale \u00e0 ceux qui le souhaitent, mais ils cr\u00e9ent \u00e9galement un vivier stable de talents au sein de l&rsquo;organisation. Cela contribue \u00e0 la pr\u00e9servation des connaissances institutionnelles et \u00e0 la capacit\u00e9 de r\u00e9agir rapidement et de mani\u00e8re flexible aux changements des conditions du march\u00e9\u00a0\u00bb<\/em>, ajoute Jo\u00ebl Poilvache.<\/p>\n<p><strong><em>Un pas de plus dans le d\u00e9veloppement<\/em><\/strong><\/p>\n<p>Il est \u00e9galement important de rappeler que le d\u00e9veloppement d&rsquo;un employ\u00e9 va au-del\u00e0 de la sph\u00e8re professionnelle. Une attitude positive \u00e0 l&rsquo;\u00e9gard de la formation et du d\u00e9veloppement personnel, au sens large du terme, est donc n\u00e9cessaire, tant du c\u00f4t\u00e9 de l&#8217;employeur que de l&#8217;employ\u00e9. Cela contribue \u00e0 la r\u00e9silience et \u00e0 l&rsquo;agilit\u00e9 des entreprises.<\/p>\n<p><em>\u00ab\u00a0Le d\u00e9veloppement d\u2019une personne ne concerne pas seulement le travail. Apprendre est aussi une attitude, une mentalit\u00e9 qui va souvent au-del\u00e0 du professionnel et englobe donc aussi le d\u00e9veloppement personnel. En tant qu&#8217;employeur, essayez d&rsquo;examiner l&rsquo;offre de formation et de revoir votre politique de mani\u00e8re critique. En encourageant la formation dans l&rsquo;environnement de travail, vous investissez dans vos employ\u00e9s et dans une culture d&rsquo;apprentissage positive. Et cela ne peut qu&rsquo;avoir un impact positif sur la r\u00e9tention de votre personnel\u00a0\u00bb,<\/em>\u00a0conclut Jo\u00ebl Poilvache de Robert Half.<\/p>\n<p>&nbsp;<\/p>\n<p><em>Source: Robert Half a men\u00e9 une enqu\u00eate de juin \u00e0 juillet 2023 aupr\u00e8s de 1.500 r\u00e9pondants \u00e0 l&rsquo;aide d&rsquo;une m\u00e9thode de collecte de donn\u00e9es en ligne. \u200b Parmi ces r\u00e9pondants, on retrouve 500 employeurs et 1.000 employ\u00e9s issus de d\u00e9partements financiers, RH, op\u00e9rationnels\/administratifs et informatiques. Ils proviennent d\u2019un \u00e9chantillon de PME et de grandes organisations, de toutes les r\u00e9gions de Belgique, actives \u00e0 la fois dans le secteur public, le secteur priv\u00e9 et les soci\u00e9t\u00e9s cot\u00e9es en bourse.<\/em><\/p>\n","protected":false},"excerpt":{"rendered":"<p>Le deal pour l&#8217;emploi est un ensemble de mesures propos\u00e9 en 2022 dans le but d&rsquo;am\u00e9liorer l&rsquo;\u00e9quilibre entre vie professionnelle et vie priv\u00e9e pour les employ\u00e9s et d&rsquo;augmenter le taux d&#8217;emploi en Belgique. Le d\u00e9veloppement professionnel de l&#8217;employ\u00e9 y joue [&hellip;]<\/p>\n","protected":false},"author":2,"featured_media":0,"comment_status":"closed","ping_status":"open","sticky":false,"template":"","format":"standard","meta":[],"categories":[65,10],"tags":[116,209,48,189],"yoast_head":"<!-- This site is optimized with the Yoast SEO plugin v21.0 - https:\/\/yoast.com\/wordpress\/plugins\/seo\/ -->\n<title>Deal pour l&#039;emploi et d\u00e9veloppement des comp\u00e9tences: les employeurs parient sur les formations internes en leadership. - Peoplesphere<\/title>\n<meta name=\"robots\" content=\"index, follow, max-snippet:-1, max-image-preview:large, max-video-preview:-1\" \/>\n<link rel=\"canonical\" href=\"https:\/\/peoplesphere.be\/fr\/deal-pour-lemploi-et-developpement-des-competences-les-employeurs-parient-sur-les-formations-internes-en-leadership\/\" \/>\n<meta property=\"og:locale\" content=\"fr_FR\" \/>\n<meta property=\"og:type\" content=\"article\" \/>\n<meta property=\"og:title\" content=\"Deal pour l&#039;emploi et d\u00e9veloppement des comp\u00e9tences: les employeurs parient sur les formations internes en leadership. - Peoplesphere\" \/>\n<meta property=\"og:description\" content=\"Le deal pour l&#8217;emploi est un ensemble de mesures propos\u00e9 en 2022 dans le but d&rsquo;am\u00e9liorer l&rsquo;\u00e9quilibre entre vie professionnelle et vie priv\u00e9e pour les employ\u00e9s et d&rsquo;augmenter le taux d&#8217;emploi en Belgique. Le d\u00e9veloppement professionnel de l&#8217;employ\u00e9 y joue [&hellip;]\" \/>\n<meta property=\"og:url\" content=\"https:\/\/peoplesphere.be\/fr\/deal-pour-lemploi-et-developpement-des-competences-les-employeurs-parient-sur-les-formations-internes-en-leadership\/\" \/>\n<meta property=\"og:site_name\" content=\"Peoplesphere\" \/>\n<meta property=\"article:publisher\" content=\"https:\/\/www.facebook.com\/peoplesphere\" \/>\n<meta property=\"article:published_time\" content=\"2023-11-22T14:59:05+00:00\" \/>\n<meta property=\"og:image\" content=\"http:\/\/www.peoplesphere.be\/fr\/wp-content\/uploads\/2016\/07\/facebook-default-posting-1200x628px.jpg\" \/>\n<meta name=\"author\" content=\"Jean-Paul Erhard\" \/>\n<meta name=\"twitter:card\" content=\"summary_large_image\" \/>\n<meta name=\"twitter:creator\" content=\"@PeoplesphereMag\" \/>\n<meta name=\"twitter:site\" content=\"@PeoplesphereMag\" \/>\n<meta name=\"twitter:label1\" content=\"\u00c9crit par\" \/>\n\t<meta name=\"twitter:data1\" content=\"Jean-Paul Erhard\" \/>\n\t<meta name=\"twitter:label2\" content=\"Dur\u00e9e de lecture estim\u00e9e\" \/>\n\t<meta name=\"twitter:data2\" content=\"5 minutes\" \/>\n<script type=\"application\/ld+json\" class=\"yoast-schema-graph\">{\"@context\":\"https:\/\/schema.org\",\"@graph\":[{\"@type\":\"Article\",\"@id\":\"https:\/\/peoplesphere.be\/fr\/deal-pour-lemploi-et-developpement-des-competences-les-employeurs-parient-sur-les-formations-internes-en-leadership\/#article\",\"isPartOf\":{\"@id\":\"https:\/\/peoplesphere.be\/fr\/deal-pour-lemploi-et-developpement-des-competences-les-employeurs-parient-sur-les-formations-internes-en-leadership\/\"},\"author\":{\"name\":\"Jean-Paul Erhard\",\"@id\":\"https:\/\/peoplesphere.be\/fr\/#\/schema\/person\/7976225ff17988604334abb7b3536a7e\"},\"headline\":\"Deal pour l&#8217;emploi et d\u00e9veloppement des comp\u00e9tences: les employeurs parient sur les formations internes en leadership.\",\"datePublished\":\"2023-11-22T14:59:05+00:00\",\"dateModified\":\"2023-11-22T14:59:05+00:00\",\"mainEntityOfPage\":{\"@id\":\"https:\/\/peoplesphere.be\/fr\/deal-pour-lemploi-et-developpement-des-competences-les-employeurs-parient-sur-les-formations-internes-en-leadership\/\"},\"wordCount\":931,\"publisher\":{\"@id\":\"https:\/\/peoplesphere.be\/fr\/#organization\"},\"keywords\":[\"comp\u00e9tences\",\"d\u00e9veloppement personnel\",\"Formation\",\"leadership\"],\"articleSection\":[\"Actualit\u00e9s\",\"Digital\"],\"inLanguage\":\"fr-FR\"},{\"@type\":\"WebPage\",\"@id\":\"https:\/\/peoplesphere.be\/fr\/deal-pour-lemploi-et-developpement-des-competences-les-employeurs-parient-sur-les-formations-internes-en-leadership\/\",\"url\":\"https:\/\/peoplesphere.be\/fr\/deal-pour-lemploi-et-developpement-des-competences-les-employeurs-parient-sur-les-formations-internes-en-leadership\/\",\"name\":\"Deal pour l'emploi et d\u00e9veloppement des comp\u00e9tences: les employeurs parient sur les formations internes en leadership. - Peoplesphere\",\"isPartOf\":{\"@id\":\"https:\/\/peoplesphere.be\/fr\/#website\"},\"datePublished\":\"2023-11-22T14:59:05+00:00\",\"dateModified\":\"2023-11-22T14:59:05+00:00\",\"breadcrumb\":{\"@id\":\"https:\/\/peoplesphere.be\/fr\/deal-pour-lemploi-et-developpement-des-competences-les-employeurs-parient-sur-les-formations-internes-en-leadership\/#breadcrumb\"},\"inLanguage\":\"fr-FR\",\"potentialAction\":[{\"@type\":\"ReadAction\",\"target\":[\"https:\/\/peoplesphere.be\/fr\/deal-pour-lemploi-et-developpement-des-competences-les-employeurs-parient-sur-les-formations-internes-en-leadership\/\"]}]},{\"@type\":\"BreadcrumbList\",\"@id\":\"https:\/\/peoplesphere.be\/fr\/deal-pour-lemploi-et-developpement-des-competences-les-employeurs-parient-sur-les-formations-internes-en-leadership\/#breadcrumb\",\"itemListElement\":[{\"@type\":\"ListItem\",\"position\":1,\"name\":\"Accueil\",\"item\":\"https:\/\/peoplesphere.be\/fr\/\"},{\"@type\":\"ListItem\",\"position\":2,\"name\":\"Deal pour l&#8217;emploi et d\u00e9veloppement des comp\u00e9tences: les employeurs parient sur les formations internes en leadership.\"}]},{\"@type\":\"WebSite\",\"@id\":\"https:\/\/peoplesphere.be\/fr\/#website\",\"url\":\"https:\/\/peoplesphere.be\/fr\/\",\"name\":\"Peoplesphere\",\"description\":\"The People Managers Magazine\",\"publisher\":{\"@id\":\"https:\/\/peoplesphere.be\/fr\/#organization\"},\"potentialAction\":[{\"@type\":\"SearchAction\",\"target\":{\"@type\":\"EntryPoint\",\"urlTemplate\":\"https:\/\/peoplesphere.be\/fr\/?s={search_term_string}\"},\"query-input\":\"required name=search_term_string\"}],\"inLanguage\":\"fr-FR\"},{\"@type\":\"Organization\",\"@id\":\"https:\/\/peoplesphere.be\/fr\/#organization\",\"name\":\"Peoplesphere Company srl\",\"url\":\"https:\/\/peoplesphere.be\/fr\/\",\"logo\":{\"@type\":\"ImageObject\",\"inLanguage\":\"fr-FR\",\"@id\":\"https:\/\/peoplesphere.be\/fr\/#\/schema\/logo\/image\/\",\"url\":\"https:\/\/peoplesphere.be\/fr\/wp-content\/uploads\/2023\/07\/peoplesphere-lgo-new-generik.jpg\",\"contentUrl\":\"https:\/\/peoplesphere.be\/fr\/wp-content\/uploads\/2023\/07\/peoplesphere-lgo-new-generik.jpg\",\"width\":1031,\"height\":1479,\"caption\":\"Peoplesphere Company srl\"},\"image\":{\"@id\":\"https:\/\/peoplesphere.be\/fr\/#\/schema\/logo\/image\/\"},\"sameAs\":[\"https:\/\/www.facebook.com\/peoplesphere\",\"https:\/\/twitter.com\/PeoplesphereMag\",\"https:\/\/www.linkedin.com\/company\/7587361?trk\",\"http:\/\/youtube.com\/peoplesphere\"]},{\"@type\":\"Person\",\"@id\":\"https:\/\/peoplesphere.be\/fr\/#\/schema\/person\/7976225ff17988604334abb7b3536a7e\",\"name\":\"Jean-Paul Erhard\",\"image\":{\"@type\":\"ImageObject\",\"inLanguage\":\"fr-FR\",\"@id\":\"https:\/\/peoplesphere.be\/fr\/#\/schema\/person\/image\/\",\"url\":\"https:\/\/secure.gravatar.com\/avatar\/f941e681460179738071629a51574930?s=96&d=mm&r=g\",\"contentUrl\":\"https:\/\/secure.gravatar.com\/avatar\/f941e681460179738071629a51574930?s=96&d=mm&r=g\",\"caption\":\"Jean-Paul Erhard\"},\"url\":\"https:\/\/peoplesphere.be\/fr\/author\/jpe\/\"}]}<\/script>\n<!-- \/ Yoast SEO plugin. -->","yoast_head_json":{"title":"Deal pour l'emploi et d\u00e9veloppement des comp\u00e9tences: les employeurs parient sur les formations internes en leadership. - Peoplesphere","robots":{"index":"index","follow":"follow","max-snippet":"max-snippet:-1","max-image-preview":"max-image-preview:large","max-video-preview":"max-video-preview:-1"},"canonical":"https:\/\/peoplesphere.be\/fr\/deal-pour-lemploi-et-developpement-des-competences-les-employeurs-parient-sur-les-formations-internes-en-leadership\/","og_locale":"fr_FR","og_type":"article","og_title":"Deal pour l'emploi et d\u00e9veloppement des comp\u00e9tences: les employeurs parient sur les formations internes en leadership. - Peoplesphere","og_description":"Le deal pour l&#8217;emploi est un ensemble de mesures propos\u00e9 en 2022 dans le but d&rsquo;am\u00e9liorer l&rsquo;\u00e9quilibre entre vie professionnelle et vie priv\u00e9e pour les employ\u00e9s et d&rsquo;augmenter le taux d&#8217;emploi en Belgique. Le d\u00e9veloppement professionnel de l&#8217;employ\u00e9 y joue [&hellip;]","og_url":"https:\/\/peoplesphere.be\/fr\/deal-pour-lemploi-et-developpement-des-competences-les-employeurs-parient-sur-les-formations-internes-en-leadership\/","og_site_name":"Peoplesphere","article_publisher":"https:\/\/www.facebook.com\/peoplesphere","article_published_time":"2023-11-22T14:59:05+00:00","og_image":[{"url":"http:\/\/www.peoplesphere.be\/fr\/wp-content\/uploads\/2016\/07\/facebook-default-posting-1200x628px.jpg"}],"author":"Jean-Paul Erhard","twitter_card":"summary_large_image","twitter_creator":"@PeoplesphereMag","twitter_site":"@PeoplesphereMag","twitter_misc":{"\u00c9crit par":"Jean-Paul Erhard","Dur\u00e9e de lecture estim\u00e9e":"5 minutes"},"schema":{"@context":"https:\/\/schema.org","@graph":[{"@type":"Article","@id":"https:\/\/peoplesphere.be\/fr\/deal-pour-lemploi-et-developpement-des-competences-les-employeurs-parient-sur-les-formations-internes-en-leadership\/#article","isPartOf":{"@id":"https:\/\/peoplesphere.be\/fr\/deal-pour-lemploi-et-developpement-des-competences-les-employeurs-parient-sur-les-formations-internes-en-leadership\/"},"author":{"name":"Jean-Paul Erhard","@id":"https:\/\/peoplesphere.be\/fr\/#\/schema\/person\/7976225ff17988604334abb7b3536a7e"},"headline":"Deal pour l&#8217;emploi et d\u00e9veloppement des comp\u00e9tences: les employeurs parient sur les formations internes en leadership.","datePublished":"2023-11-22T14:59:05+00:00","dateModified":"2023-11-22T14:59:05+00:00","mainEntityOfPage":{"@id":"https:\/\/peoplesphere.be\/fr\/deal-pour-lemploi-et-developpement-des-competences-les-employeurs-parient-sur-les-formations-internes-en-leadership\/"},"wordCount":931,"publisher":{"@id":"https:\/\/peoplesphere.be\/fr\/#organization"},"keywords":["comp\u00e9tences","d\u00e9veloppement personnel","Formation","leadership"],"articleSection":["Actualit\u00e9s","Digital"],"inLanguage":"fr-FR"},{"@type":"WebPage","@id":"https:\/\/peoplesphere.be\/fr\/deal-pour-lemploi-et-developpement-des-competences-les-employeurs-parient-sur-les-formations-internes-en-leadership\/","url":"https:\/\/peoplesphere.be\/fr\/deal-pour-lemploi-et-developpement-des-competences-les-employeurs-parient-sur-les-formations-internes-en-leadership\/","name":"Deal pour l'emploi et d\u00e9veloppement des comp\u00e9tences: les employeurs parient sur les formations internes en leadership. - Peoplesphere","isPartOf":{"@id":"https:\/\/peoplesphere.be\/fr\/#website"},"datePublished":"2023-11-22T14:59:05+00:00","dateModified":"2023-11-22T14:59:05+00:00","breadcrumb":{"@id":"https:\/\/peoplesphere.be\/fr\/deal-pour-lemploi-et-developpement-des-competences-les-employeurs-parient-sur-les-formations-internes-en-leadership\/#breadcrumb"},"inLanguage":"fr-FR","potentialAction":[{"@type":"ReadAction","target":["https:\/\/peoplesphere.be\/fr\/deal-pour-lemploi-et-developpement-des-competences-les-employeurs-parient-sur-les-formations-internes-en-leadership\/"]}]},{"@type":"BreadcrumbList","@id":"https:\/\/peoplesphere.be\/fr\/deal-pour-lemploi-et-developpement-des-competences-les-employeurs-parient-sur-les-formations-internes-en-leadership\/#breadcrumb","itemListElement":[{"@type":"ListItem","position":1,"name":"Accueil","item":"https:\/\/peoplesphere.be\/fr\/"},{"@type":"ListItem","position":2,"name":"Deal pour l&#8217;emploi et d\u00e9veloppement des comp\u00e9tences: les employeurs parient sur les formations internes en leadership."}]},{"@type":"WebSite","@id":"https:\/\/peoplesphere.be\/fr\/#website","url":"https:\/\/peoplesphere.be\/fr\/","name":"Peoplesphere","description":"The People Managers Magazine","publisher":{"@id":"https:\/\/peoplesphere.be\/fr\/#organization"},"potentialAction":[{"@type":"SearchAction","target":{"@type":"EntryPoint","urlTemplate":"https:\/\/peoplesphere.be\/fr\/?s={search_term_string}"},"query-input":"required name=search_term_string"}],"inLanguage":"fr-FR"},{"@type":"Organization","@id":"https:\/\/peoplesphere.be\/fr\/#organization","name":"Peoplesphere Company srl","url":"https:\/\/peoplesphere.be\/fr\/","logo":{"@type":"ImageObject","inLanguage":"fr-FR","@id":"https:\/\/peoplesphere.be\/fr\/#\/schema\/logo\/image\/","url":"https:\/\/peoplesphere.be\/fr\/wp-content\/uploads\/2023\/07\/peoplesphere-lgo-new-generik.jpg","contentUrl":"https:\/\/peoplesphere.be\/fr\/wp-content\/uploads\/2023\/07\/peoplesphere-lgo-new-generik.jpg","width":1031,"height":1479,"caption":"Peoplesphere Company srl"},"image":{"@id":"https:\/\/peoplesphere.be\/fr\/#\/schema\/logo\/image\/"},"sameAs":["https:\/\/www.facebook.com\/peoplesphere","https:\/\/twitter.com\/PeoplesphereMag","https:\/\/www.linkedin.com\/company\/7587361?trk","http:\/\/youtube.com\/peoplesphere"]},{"@type":"Person","@id":"https:\/\/peoplesphere.be\/fr\/#\/schema\/person\/7976225ff17988604334abb7b3536a7e","name":"Jean-Paul Erhard","image":{"@type":"ImageObject","inLanguage":"fr-FR","@id":"https:\/\/peoplesphere.be\/fr\/#\/schema\/person\/image\/","url":"https:\/\/secure.gravatar.com\/avatar\/f941e681460179738071629a51574930?s=96&d=mm&r=g","contentUrl":"https:\/\/secure.gravatar.com\/avatar\/f941e681460179738071629a51574930?s=96&d=mm&r=g","caption":"Jean-Paul Erhard"},"url":"https:\/\/peoplesphere.be\/fr\/author\/jpe\/"}]}},"_links":{"self":[{"href":"https:\/\/peoplesphere.be\/fr\/wp-json\/wp\/v2\/posts\/15310"}],"collection":[{"href":"https:\/\/peoplesphere.be\/fr\/wp-json\/wp\/v2\/posts"}],"about":[{"href":"https:\/\/peoplesphere.be\/fr\/wp-json\/wp\/v2\/types\/post"}],"author":[{"embeddable":true,"href":"https:\/\/peoplesphere.be\/fr\/wp-json\/wp\/v2\/users\/2"}],"replies":[{"embeddable":true,"href":"https:\/\/peoplesphere.be\/fr\/wp-json\/wp\/v2\/comments?post=15310"}],"version-history":[{"count":1,"href":"https:\/\/peoplesphere.be\/fr\/wp-json\/wp\/v2\/posts\/15310\/revisions"}],"predecessor-version":[{"id":15311,"href":"https:\/\/peoplesphere.be\/fr\/wp-json\/wp\/v2\/posts\/15310\/revisions\/15311"}],"wp:attachment":[{"href":"https:\/\/peoplesphere.be\/fr\/wp-json\/wp\/v2\/media?parent=15310"}],"wp:term":[{"taxonomy":"category","embeddable":true,"href":"https:\/\/peoplesphere.be\/fr\/wp-json\/wp\/v2\/categories?post=15310"},{"taxonomy":"post_tag","embeddable":true,"href":"https:\/\/peoplesphere.be\/fr\/wp-json\/wp\/v2\/tags?post=15310"}],"curies":[{"name":"wp","href":"https:\/\/api.w.org\/{rel}","templated":true}]}}