









{"id":15354,"date":"2023-12-01T04:51:48","date_gmt":"2023-12-01T02:51:48","guid":{"rendered":"https:\/\/peoplesphere.be\/fr\/?p=15354"},"modified":"2023-12-01T04:51:48","modified_gmt":"2023-12-01T02:51:48","slug":"droit-a-la-deconnexion-plus-de-80-des-travailleurs-recoivent-des-communications-liees-a-leur-travail-en-dehors-des-heures-normales-de-travail","status":"publish","type":"post","link":"https:\/\/peoplesphere.be\/fr\/droit-a-la-deconnexion-plus-de-80-des-travailleurs-recoivent-des-communications-liees-a-leur-travail-en-dehors-des-heures-normales-de-travail\/","title":{"rendered":"Droit \u00e0 la d\u00e9connexion? Plus de 80 % des travailleurs re\u00e7oivent des communications li\u00e9es \u00e0 leur travail en dehors des heures normales de travail."},"content":{"rendered":"<p>Plus de 80 % des travailleurs interrog\u00e9s dans le cadre d&rsquo;une enqu\u00eate command\u00e9e par Eurofound aupr\u00e8s de salari\u00e9s en Belgique, en France, en Italie et en Espagne d\u00e9clarent recevoir des communications li\u00e9es \u00e0 leur travail en dehors de leurs heures de travail contractuelles au cours d&rsquo;une semaine de travail normale. Pr\u00e8s des trois quarts ont d\u00e9clar\u00e9 avoir \u00e9t\u00e9 contact\u00e9s par des coll\u00e8gues en dehors des heures de travail tous les jours ou certains jours. La grande majorit\u00e9 (pr\u00e8s de 9 sur 10) des personnes interrog\u00e9es ont r\u00e9pondu \u00e0 au moins une partie de ces communications.<!--more--><\/p>\n<p>Le nouveau rapport d&rsquo;Eurofound intitul\u00e9<strong><em> &lsquo;Right to disconnect : Implementation and impact at company level&rsquo;<\/em><\/strong> examine l&rsquo;impact du droit \u00e0 la d\u00e9connexion sur le temps de travail, l&rsquo;\u00e9quilibre entre vie professionnelle et vie priv\u00e9e et le bien-\u00eatre dans quatre pays, et propose une analyse plus large de la mani\u00e8re dont la culture du \u00ab\u00a0toujours en action\u00a0\u00bb conduit les employ\u00e9s en Europe \u00e0 travailler des heures suppl\u00e9mentaires et souvent non r\u00e9mun\u00e9r\u00e9es.<\/p>\n<p>L&rsquo;\u00e9tude d&rsquo;Eurofound montre qu&rsquo;une application ad\u00e9quate des politiques de droit \u00e0 la d\u00e9connexion est cruciale pour leur efficacit\u00e9. Environ 45% des travailleurs interrog\u00e9s ont r\u00e9pondu qu&rsquo;une politique de droit \u00e0 la d\u00e9connexion \u00e9tait en place dans leur entreprise. Parmi eux, 80% consid\u00e8rent que cette politique s&rsquo;applique \u00e0 eux, mais seulement la moiti\u00e9 des personnes interrog\u00e9es dans des entreprises disposant d&rsquo;une politique de droit \u00e0 la d\u00e9connexion sont conscientes que des mesures ont \u00e9t\u00e9 prises pour la mettre en \u0153uvre.<\/p>\n<p>Les mesures les plus courantes prises pour favoriser la d\u00e9connexion des outils num\u00e9riques li\u00e9s au travail sont des mesures visant \u00e0 emp\u00eacher l&rsquo;envoi de courriels professionnels \u00e0 certaines heures. Les mesures non contraignantes, telles que la formation et la sensibilisation, sont consid\u00e9r\u00e9es comme moins r\u00e9pandues par les employ\u00e9s.<\/p>\n<p>De nombreux salari\u00e9s se sentent fortement oblig\u00e9s de r\u00e9pondre aux communications professionnelles en dehors des heures de travail : se sentir responsable de ses missions (82%), vouloir rester \u00ab\u00a0au courant\u00a0\u00bb (75%), parce qu&rsquo;on s&rsquo;y attend (75%), craindre un impact n\u00e9gatif en cas d&rsquo;absence de r\u00e9ponse (61%) et esp\u00e9rer une meilleure progression de carri\u00e8re (50%) sont les raisons les plus fr\u00e9quemment invoqu\u00e9es pour justifier cette obligation.<\/p>\n<p>Si la plupart des r\u00e9pondants \u00e0 l&rsquo;enqu\u00eate sont satisfaits de leurs conditions de travail, environ 45% d&rsquo;entre eux estiment que le fait d&rsquo;\u00eatre contact\u00e9 en dehors des heures de travail nuit \u00e0 l&rsquo;\u00e9quilibre entre leur vie professionnelle et leur vie priv\u00e9e, ainsi qu&rsquo;\u00e0 leur sant\u00e9 et \u00e0 leur bien-\u00eatre, les femmes \u00e9tant plus nombreuses que les hommes \u00e0 le signaler. Les personnes \u00e2g\u00e9es de 25 \u00e0 39 ans sont plus nombreuses \u00e0 \u00eatre affect\u00e9es, probablement parce que beaucoup d&rsquo;entre elles ont de jeunes enfants. Les travailleurs \u00e0 distance sont \u00e9galement plus touch\u00e9s que ceux qui travaillent enti\u00e8rement dans les locaux de leur employeur.<\/p>\n<p>Le rapport conclut que, lorsque des politiques de droit \u00e0 la d\u00e9connexion ont \u00e9t\u00e9 mises en place, elles ont un effet positif sur l&rsquo;\u00e9quilibre entre vie professionnelle et vie priv\u00e9e, la sant\u00e9 et le bien-\u00eatre, et la satisfaction globale au travail.<\/p>\n<p>Les donn\u00e9es disponibles au niveau des entreprises montrent que la mise en \u0153uvre d&rsquo;une politique de droit \u00e0 la d\u00e9connexion n&rsquo;est pas suffisante en soi pour provoquer un changement culturel sur le lieu de travail ; la politique doit s&rsquo;accompagner d&rsquo;une sensibilisation, d&rsquo;une formation et de mesures efficaces visant \u00e0 limiter la connexion en dehors des heures de travail, selon des modalit\u00e9s adapt\u00e9es \u00e0 des environnements de travail sp\u00e9cifiques.<\/p>\n<p>Suite \u00e0 l&rsquo;augmentation du t\u00e9l\u00e9travail pendant la pand\u00e9mie, le droit \u00e0 la d\u00e9connexion a fait l&rsquo;objet d&rsquo;un d\u00e9bat politique de plus en plus important.<\/p>\n<p>Depuis 2020, six \u00c9tats membres ont adopt\u00e9 ou modifi\u00e9 une l\u00e9gislation pr\u00e9voyant un droit \u00e0 la d\u00e9connexion (Belgique, Croatie, Gr\u00e8ce, Luxembourg, Portugal et Slovaquie). Ces pays s&rsquo;ajoutent \u00e0 ceux qui disposaient d\u00e9j\u00e0 d&rsquo;une l\u00e9gislation en la mati\u00e8re avant la pand\u00e9mie (Belgique, France, Italie et Espagne). Dans ces pays, les donn\u00e9es disponibles montrent une augmentation des accords sectoriels et d&rsquo;entreprise incluant un droit \u00e0 la d\u00e9connexion. En janvier 2021, le Parlement europ\u00e9en a adopt\u00e9 une r\u00e9solution sur la question. R\u00e9cemment, les n\u00e9gociations interprofessionnelles des partenaires sociaux europ\u00e9ens se sont achev\u00e9es sans accord.<\/p>\n<p>Rapport complet \u00e0 t\u00e9l\u00e9charger en cliquant sur ce lien<br \/>\n<a href=\"https:\/\/www.eurofound.europa.eu\/en\/publications\/2023\/right-disconnect-implementation-and-impact-company-level\">https:\/\/www.eurofound.europa.eu\/en\/publications\/2023\/right-disconnect-implementation-and-impact-company-level<\/a><\/p>\n<p>&nbsp;<\/p>\n<p><em>Source: Eurofound &#8211; <\/em><em>Visuel : Alexandra\/Adobe Stock<\/em><\/p>\n","protected":false},"excerpt":{"rendered":"<p>Plus de 80 % des travailleurs interrog\u00e9s dans le cadre d&rsquo;une enqu\u00eate command\u00e9e par Eurofound aupr\u00e8s de salari\u00e9s en Belgique, en France, en Italie et en Espagne d\u00e9clarent recevoir des communications li\u00e9es \u00e0 leur travail en dehors de leurs heures [&hellip;]<\/p>\n","protected":false},"author":2,"featured_media":15355,"comment_status":"closed","ping_status":"open","sticky":false,"template":"","format":"standard","meta":[],"categories":[65,10],"tags":[96,1103,18],"yoast_head":"<!-- This site is optimized with the Yoast SEO plugin v21.0 - https:\/\/yoast.com\/wordpress\/plugins\/seo\/ -->\n<title>Droit \u00e0 la d\u00e9connexion? Plus de 80 % des travailleurs re\u00e7oivent des communications li\u00e9es \u00e0 leur travail en dehors des heures normales de travail. - Peoplesphere<\/title>\n<meta name=\"robots\" content=\"index, follow, max-snippet:-1, max-image-preview:large, max-video-preview:-1\" \/>\n<link rel=\"canonical\" href=\"https:\/\/peoplesphere.be\/fr\/droit-a-la-deconnexion-plus-de-80-des-travailleurs-recoivent-des-communications-liees-a-leur-travail-en-dehors-des-heures-normales-de-travail\/\" \/>\n<meta property=\"og:locale\" content=\"fr_FR\" \/>\n<meta property=\"og:type\" content=\"article\" \/>\n<meta property=\"og:title\" content=\"Droit \u00e0 la d\u00e9connexion? Plus de 80 % des travailleurs re\u00e7oivent des communications li\u00e9es \u00e0 leur travail en dehors des heures normales de travail. - Peoplesphere\" \/>\n<meta property=\"og:description\" content=\"Plus de 80 % des travailleurs interrog\u00e9s dans le cadre d&rsquo;une enqu\u00eate command\u00e9e par Eurofound aupr\u00e8s de salari\u00e9s en Belgique, en France, en Italie et en Espagne d\u00e9clarent recevoir des communications li\u00e9es \u00e0 leur travail en dehors de leurs heures [&hellip;]\" \/>\n<meta property=\"og:url\" content=\"https:\/\/peoplesphere.be\/fr\/droit-a-la-deconnexion-plus-de-80-des-travailleurs-recoivent-des-communications-liees-a-leur-travail-en-dehors-des-heures-normales-de-travail\/\" \/>\n<meta property=\"og:site_name\" content=\"Peoplesphere\" \/>\n<meta property=\"article:publisher\" content=\"https:\/\/www.facebook.com\/peoplesphere\" \/>\n<meta property=\"article:published_time\" content=\"2023-12-01T02:51:48+00:00\" \/>\n<meta property=\"og:image\" content=\"https:\/\/peoplesphere.be\/fr\/wp-content\/uploads\/2023\/12\/20231130deconnexion.jpg\" \/>\n\t<meta property=\"og:image:width\" content=\"1000\" \/>\n\t<meta property=\"og:image:height\" content=\"562\" \/>\n\t<meta property=\"og:image:type\" content=\"image\/jpeg\" \/>\n<meta name=\"author\" content=\"Jean-Paul Erhard\" \/>\n<meta name=\"twitter:card\" content=\"summary_large_image\" \/>\n<meta name=\"twitter:creator\" content=\"@PeoplesphereMag\" \/>\n<meta name=\"twitter:site\" content=\"@PeoplesphereMag\" \/>\n<meta name=\"twitter:label1\" content=\"\u00c9crit par\" \/>\n\t<meta name=\"twitter:data1\" content=\"Jean-Paul Erhard\" \/>\n\t<meta name=\"twitter:label2\" content=\"Dur\u00e9e de lecture estim\u00e9e\" \/>\n\t<meta name=\"twitter:data2\" content=\"4 minutes\" \/>\n<script type=\"application\/ld+json\" class=\"yoast-schema-graph\">{\"@context\":\"https:\/\/schema.org\",\"@graph\":[{\"@type\":\"Article\",\"@id\":\"https:\/\/peoplesphere.be\/fr\/droit-a-la-deconnexion-plus-de-80-des-travailleurs-recoivent-des-communications-liees-a-leur-travail-en-dehors-des-heures-normales-de-travail\/#article\",\"isPartOf\":{\"@id\":\"https:\/\/peoplesphere.be\/fr\/droit-a-la-deconnexion-plus-de-80-des-travailleurs-recoivent-des-communications-liees-a-leur-travail-en-dehors-des-heures-normales-de-travail\/\"},\"author\":{\"name\":\"Jean-Paul Erhard\",\"@id\":\"https:\/\/peoplesphere.be\/fr\/#\/schema\/person\/7976225ff17988604334abb7b3536a7e\"},\"headline\":\"Droit \u00e0 la d\u00e9connexion? Plus de 80 % des travailleurs re\u00e7oivent des communications li\u00e9es \u00e0 leur travail en dehors des heures normales de travail.\",\"datePublished\":\"2023-12-01T02:51:48+00:00\",\"dateModified\":\"2023-12-01T02:51:48+00:00\",\"mainEntityOfPage\":{\"@id\":\"https:\/\/peoplesphere.be\/fr\/droit-a-la-deconnexion-plus-de-80-des-travailleurs-recoivent-des-communications-liees-a-leur-travail-en-dehors-des-heures-normales-de-travail\/\"},\"wordCount\":779,\"publisher\":{\"@id\":\"https:\/\/peoplesphere.be\/fr\/#organization\"},\"keywords\":[\"bien-\u00eatre\",\"d\u00e9connexion\",\"Stress\"],\"articleSection\":[\"Actualit\u00e9s\",\"Digital\"],\"inLanguage\":\"fr-FR\"},{\"@type\":\"WebPage\",\"@id\":\"https:\/\/peoplesphere.be\/fr\/droit-a-la-deconnexion-plus-de-80-des-travailleurs-recoivent-des-communications-liees-a-leur-travail-en-dehors-des-heures-normales-de-travail\/\",\"url\":\"https:\/\/peoplesphere.be\/fr\/droit-a-la-deconnexion-plus-de-80-des-travailleurs-recoivent-des-communications-liees-a-leur-travail-en-dehors-des-heures-normales-de-travail\/\",\"name\":\"Droit \u00e0 la d\u00e9connexion? Plus de 80 % des travailleurs re\u00e7oivent des communications li\u00e9es \u00e0 leur travail en dehors des heures normales de travail. - Peoplesphere\",\"isPartOf\":{\"@id\":\"https:\/\/peoplesphere.be\/fr\/#website\"},\"datePublished\":\"2023-12-01T02:51:48+00:00\",\"dateModified\":\"2023-12-01T02:51:48+00:00\",\"breadcrumb\":{\"@id\":\"https:\/\/peoplesphere.be\/fr\/droit-a-la-deconnexion-plus-de-80-des-travailleurs-recoivent-des-communications-liees-a-leur-travail-en-dehors-des-heures-normales-de-travail\/#breadcrumb\"},\"inLanguage\":\"fr-FR\",\"potentialAction\":[{\"@type\":\"ReadAction\",\"target\":[\"https:\/\/peoplesphere.be\/fr\/droit-a-la-deconnexion-plus-de-80-des-travailleurs-recoivent-des-communications-liees-a-leur-travail-en-dehors-des-heures-normales-de-travail\/\"]}]},{\"@type\":\"BreadcrumbList\",\"@id\":\"https:\/\/peoplesphere.be\/fr\/droit-a-la-deconnexion-plus-de-80-des-travailleurs-recoivent-des-communications-liees-a-leur-travail-en-dehors-des-heures-normales-de-travail\/#breadcrumb\",\"itemListElement\":[{\"@type\":\"ListItem\",\"position\":1,\"name\":\"Accueil\",\"item\":\"https:\/\/peoplesphere.be\/fr\/\"},{\"@type\":\"ListItem\",\"position\":2,\"name\":\"Droit \u00e0 la d\u00e9connexion? Plus de 80 % des travailleurs re\u00e7oivent des communications li\u00e9es \u00e0 leur travail en dehors des heures normales de travail.\"}]},{\"@type\":\"WebSite\",\"@id\":\"https:\/\/peoplesphere.be\/fr\/#website\",\"url\":\"https:\/\/peoplesphere.be\/fr\/\",\"name\":\"Peoplesphere\",\"description\":\"The People Managers Magazine\",\"publisher\":{\"@id\":\"https:\/\/peoplesphere.be\/fr\/#organization\"},\"potentialAction\":[{\"@type\":\"SearchAction\",\"target\":{\"@type\":\"EntryPoint\",\"urlTemplate\":\"https:\/\/peoplesphere.be\/fr\/?s={search_term_string}\"},\"query-input\":\"required name=search_term_string\"}],\"inLanguage\":\"fr-FR\"},{\"@type\":\"Organization\",\"@id\":\"https:\/\/peoplesphere.be\/fr\/#organization\",\"name\":\"Peoplesphere Company srl\",\"url\":\"https:\/\/peoplesphere.be\/fr\/\",\"logo\":{\"@type\":\"ImageObject\",\"inLanguage\":\"fr-FR\",\"@id\":\"https:\/\/peoplesphere.be\/fr\/#\/schema\/logo\/image\/\",\"url\":\"https:\/\/peoplesphere.be\/fr\/wp-content\/uploads\/2023\/07\/peoplesphere-lgo-new-generik.jpg\",\"contentUrl\":\"https:\/\/peoplesphere.be\/fr\/wp-content\/uploads\/2023\/07\/peoplesphere-lgo-new-generik.jpg\",\"width\":1031,\"height\":1479,\"caption\":\"Peoplesphere Company srl\"},\"image\":{\"@id\":\"https:\/\/peoplesphere.be\/fr\/#\/schema\/logo\/image\/\"},\"sameAs\":[\"https:\/\/www.facebook.com\/peoplesphere\",\"https:\/\/twitter.com\/PeoplesphereMag\",\"https:\/\/www.linkedin.com\/company\/7587361?trk\",\"http:\/\/youtube.com\/peoplesphere\"]},{\"@type\":\"Person\",\"@id\":\"https:\/\/peoplesphere.be\/fr\/#\/schema\/person\/7976225ff17988604334abb7b3536a7e\",\"name\":\"Jean-Paul Erhard\",\"image\":{\"@type\":\"ImageObject\",\"inLanguage\":\"fr-FR\",\"@id\":\"https:\/\/peoplesphere.be\/fr\/#\/schema\/person\/image\/\",\"url\":\"https:\/\/secure.gravatar.com\/avatar\/f941e681460179738071629a51574930?s=96&d=mm&r=g\",\"contentUrl\":\"https:\/\/secure.gravatar.com\/avatar\/f941e681460179738071629a51574930?s=96&d=mm&r=g\",\"caption\":\"Jean-Paul Erhard\"},\"url\":\"https:\/\/peoplesphere.be\/fr\/author\/jpe\/\"}]}<\/script>\n<!-- \/ Yoast SEO plugin. -->","yoast_head_json":{"title":"Droit \u00e0 la d\u00e9connexion? Plus de 80 % des travailleurs re\u00e7oivent des communications li\u00e9es \u00e0 leur travail en dehors des heures normales de travail. - Peoplesphere","robots":{"index":"index","follow":"follow","max-snippet":"max-snippet:-1","max-image-preview":"max-image-preview:large","max-video-preview":"max-video-preview:-1"},"canonical":"https:\/\/peoplesphere.be\/fr\/droit-a-la-deconnexion-plus-de-80-des-travailleurs-recoivent-des-communications-liees-a-leur-travail-en-dehors-des-heures-normales-de-travail\/","og_locale":"fr_FR","og_type":"article","og_title":"Droit \u00e0 la d\u00e9connexion? Plus de 80 % des travailleurs re\u00e7oivent des communications li\u00e9es \u00e0 leur travail en dehors des heures normales de travail. - Peoplesphere","og_description":"Plus de 80 % des travailleurs interrog\u00e9s dans le cadre d&rsquo;une enqu\u00eate command\u00e9e par Eurofound aupr\u00e8s de salari\u00e9s en Belgique, en France, en Italie et en Espagne d\u00e9clarent recevoir des communications li\u00e9es \u00e0 leur travail en dehors de leurs heures [&hellip;]","og_url":"https:\/\/peoplesphere.be\/fr\/droit-a-la-deconnexion-plus-de-80-des-travailleurs-recoivent-des-communications-liees-a-leur-travail-en-dehors-des-heures-normales-de-travail\/","og_site_name":"Peoplesphere","article_publisher":"https:\/\/www.facebook.com\/peoplesphere","article_published_time":"2023-12-01T02:51:48+00:00","og_image":[{"width":1000,"height":562,"url":"https:\/\/peoplesphere.be\/fr\/wp-content\/uploads\/2023\/12\/20231130deconnexion.jpg","type":"image\/jpeg"}],"author":"Jean-Paul Erhard","twitter_card":"summary_large_image","twitter_creator":"@PeoplesphereMag","twitter_site":"@PeoplesphereMag","twitter_misc":{"\u00c9crit par":"Jean-Paul Erhard","Dur\u00e9e de lecture estim\u00e9e":"4 minutes"},"schema":{"@context":"https:\/\/schema.org","@graph":[{"@type":"Article","@id":"https:\/\/peoplesphere.be\/fr\/droit-a-la-deconnexion-plus-de-80-des-travailleurs-recoivent-des-communications-liees-a-leur-travail-en-dehors-des-heures-normales-de-travail\/#article","isPartOf":{"@id":"https:\/\/peoplesphere.be\/fr\/droit-a-la-deconnexion-plus-de-80-des-travailleurs-recoivent-des-communications-liees-a-leur-travail-en-dehors-des-heures-normales-de-travail\/"},"author":{"name":"Jean-Paul Erhard","@id":"https:\/\/peoplesphere.be\/fr\/#\/schema\/person\/7976225ff17988604334abb7b3536a7e"},"headline":"Droit \u00e0 la d\u00e9connexion? Plus de 80 % des travailleurs re\u00e7oivent des communications li\u00e9es \u00e0 leur travail en dehors des heures normales de travail.","datePublished":"2023-12-01T02:51:48+00:00","dateModified":"2023-12-01T02:51:48+00:00","mainEntityOfPage":{"@id":"https:\/\/peoplesphere.be\/fr\/droit-a-la-deconnexion-plus-de-80-des-travailleurs-recoivent-des-communications-liees-a-leur-travail-en-dehors-des-heures-normales-de-travail\/"},"wordCount":779,"publisher":{"@id":"https:\/\/peoplesphere.be\/fr\/#organization"},"keywords":["bien-\u00eatre","d\u00e9connexion","Stress"],"articleSection":["Actualit\u00e9s","Digital"],"inLanguage":"fr-FR"},{"@type":"WebPage","@id":"https:\/\/peoplesphere.be\/fr\/droit-a-la-deconnexion-plus-de-80-des-travailleurs-recoivent-des-communications-liees-a-leur-travail-en-dehors-des-heures-normales-de-travail\/","url":"https:\/\/peoplesphere.be\/fr\/droit-a-la-deconnexion-plus-de-80-des-travailleurs-recoivent-des-communications-liees-a-leur-travail-en-dehors-des-heures-normales-de-travail\/","name":"Droit \u00e0 la d\u00e9connexion? Plus de 80 % des travailleurs re\u00e7oivent des communications li\u00e9es \u00e0 leur travail en dehors des heures normales de travail. - Peoplesphere","isPartOf":{"@id":"https:\/\/peoplesphere.be\/fr\/#website"},"datePublished":"2023-12-01T02:51:48+00:00","dateModified":"2023-12-01T02:51:48+00:00","breadcrumb":{"@id":"https:\/\/peoplesphere.be\/fr\/droit-a-la-deconnexion-plus-de-80-des-travailleurs-recoivent-des-communications-liees-a-leur-travail-en-dehors-des-heures-normales-de-travail\/#breadcrumb"},"inLanguage":"fr-FR","potentialAction":[{"@type":"ReadAction","target":["https:\/\/peoplesphere.be\/fr\/droit-a-la-deconnexion-plus-de-80-des-travailleurs-recoivent-des-communications-liees-a-leur-travail-en-dehors-des-heures-normales-de-travail\/"]}]},{"@type":"BreadcrumbList","@id":"https:\/\/peoplesphere.be\/fr\/droit-a-la-deconnexion-plus-de-80-des-travailleurs-recoivent-des-communications-liees-a-leur-travail-en-dehors-des-heures-normales-de-travail\/#breadcrumb","itemListElement":[{"@type":"ListItem","position":1,"name":"Accueil","item":"https:\/\/peoplesphere.be\/fr\/"},{"@type":"ListItem","position":2,"name":"Droit \u00e0 la d\u00e9connexion? Plus de 80 % des travailleurs re\u00e7oivent des communications li\u00e9es \u00e0 leur travail en dehors des heures normales de travail."}]},{"@type":"WebSite","@id":"https:\/\/peoplesphere.be\/fr\/#website","url":"https:\/\/peoplesphere.be\/fr\/","name":"Peoplesphere","description":"The People Managers Magazine","publisher":{"@id":"https:\/\/peoplesphere.be\/fr\/#organization"},"potentialAction":[{"@type":"SearchAction","target":{"@type":"EntryPoint","urlTemplate":"https:\/\/peoplesphere.be\/fr\/?s={search_term_string}"},"query-input":"required name=search_term_string"}],"inLanguage":"fr-FR"},{"@type":"Organization","@id":"https:\/\/peoplesphere.be\/fr\/#organization","name":"Peoplesphere Company srl","url":"https:\/\/peoplesphere.be\/fr\/","logo":{"@type":"ImageObject","inLanguage":"fr-FR","@id":"https:\/\/peoplesphere.be\/fr\/#\/schema\/logo\/image\/","url":"https:\/\/peoplesphere.be\/fr\/wp-content\/uploads\/2023\/07\/peoplesphere-lgo-new-generik.jpg","contentUrl":"https:\/\/peoplesphere.be\/fr\/wp-content\/uploads\/2023\/07\/peoplesphere-lgo-new-generik.jpg","width":1031,"height":1479,"caption":"Peoplesphere Company srl"},"image":{"@id":"https:\/\/peoplesphere.be\/fr\/#\/schema\/logo\/image\/"},"sameAs":["https:\/\/www.facebook.com\/peoplesphere","https:\/\/twitter.com\/PeoplesphereMag","https:\/\/www.linkedin.com\/company\/7587361?trk","http:\/\/youtube.com\/peoplesphere"]},{"@type":"Person","@id":"https:\/\/peoplesphere.be\/fr\/#\/schema\/person\/7976225ff17988604334abb7b3536a7e","name":"Jean-Paul Erhard","image":{"@type":"ImageObject","inLanguage":"fr-FR","@id":"https:\/\/peoplesphere.be\/fr\/#\/schema\/person\/image\/","url":"https:\/\/secure.gravatar.com\/avatar\/f941e681460179738071629a51574930?s=96&d=mm&r=g","contentUrl":"https:\/\/secure.gravatar.com\/avatar\/f941e681460179738071629a51574930?s=96&d=mm&r=g","caption":"Jean-Paul Erhard"},"url":"https:\/\/peoplesphere.be\/fr\/author\/jpe\/"}]}},"_links":{"self":[{"href":"https:\/\/peoplesphere.be\/fr\/wp-json\/wp\/v2\/posts\/15354"}],"collection":[{"href":"https:\/\/peoplesphere.be\/fr\/wp-json\/wp\/v2\/posts"}],"about":[{"href":"https:\/\/peoplesphere.be\/fr\/wp-json\/wp\/v2\/types\/post"}],"author":[{"embeddable":true,"href":"https:\/\/peoplesphere.be\/fr\/wp-json\/wp\/v2\/users\/2"}],"replies":[{"embeddable":true,"href":"https:\/\/peoplesphere.be\/fr\/wp-json\/wp\/v2\/comments?post=15354"}],"version-history":[{"count":1,"href":"https:\/\/peoplesphere.be\/fr\/wp-json\/wp\/v2\/posts\/15354\/revisions"}],"predecessor-version":[{"id":15356,"href":"https:\/\/peoplesphere.be\/fr\/wp-json\/wp\/v2\/posts\/15354\/revisions\/15356"}],"wp:featuredmedia":[{"embeddable":true,"href":"https:\/\/peoplesphere.be\/fr\/wp-json\/wp\/v2\/media\/15355"}],"wp:attachment":[{"href":"https:\/\/peoplesphere.be\/fr\/wp-json\/wp\/v2\/media?parent=15354"}],"wp:term":[{"taxonomy":"category","embeddable":true,"href":"https:\/\/peoplesphere.be\/fr\/wp-json\/wp\/v2\/categories?post=15354"},{"taxonomy":"post_tag","embeddable":true,"href":"https:\/\/peoplesphere.be\/fr\/wp-json\/wp\/v2\/tags?post=15354"}],"curies":[{"name":"wp","href":"https:\/\/api.w.org\/{rel}","templated":true}]}}