









{"id":15360,"date":"2023-12-04T09:30:14","date_gmt":"2023-12-04T07:30:14","guid":{"rendered":"https:\/\/peoplesphere.be\/fr\/?p=15360"},"modified":"2023-12-04T09:30:14","modified_gmt":"2023-12-04T07:30:14","slug":"vers-la-prolongation-de-la-date-demission-de-la-prime-pouvoir-dachat-jusquau-31-mars-2024","status":"publish","type":"post","link":"https:\/\/peoplesphere.be\/fr\/vers-la-prolongation-de-la-date-demission-de-la-prime-pouvoir-dachat-jusquau-31-mars-2024\/","title":{"rendered":"Vers la prolongation de la date d&rsquo;\u00e9mission de la prime pouvoir d&rsquo;achat jusqu&rsquo;au 31 mars 2024."},"content":{"rendered":"<p>Sur proposition du ministre du Travail Pierre-Yves Dermagne et du ministre des Affaires sociales Frank Vandenbroucke, le Conseil des ministres a approuv\u00e9 un projet d\u2019arr\u00eat\u00e9 royal visant \u00e0 prolonger jusqu\u2019au 31 mars 2024 la date d\u2019\u00e9mission de la prime pouvoir d\u2019achat.<!--more--><\/p>\n<p>L\u2019arr\u00eat\u00e9 royal du 23 avril 2023 concernant la prime pouvoir d&rsquo;achat ouvre la possibilit\u00e9 pour les entreprises qui ont obtenu de bons r\u00e9sultats pendant la crise de proc\u00e9der, \u00e0 partir du 1er juin 2023, \u00e0 l&rsquo;octroi d&rsquo;une prime pouvoir d&rsquo;achat unique exon\u00e9r\u00e9e de cotisations de s\u00e9curit\u00e9 sociale.<\/p>\n<p>L\u2019objectif du projet d\u2019arr\u00eat\u00e9 royal est de prolonger, jusqu\u2019au 31 mars 2024, la date d\u2019\u00e9mission de la prime pouvoir d\u2019achat pour autant que le droit \u00e0 la prime pouvoir d\u2019achat naisse avant le 1er janvier 2024. Il s\u2019agit de la m\u00eame adaptation que celle introduite il y a deux ans pour la prime corona par l\u2019arr\u00eat\u00e9 royal du 19 d\u00e9cembre 2021. Les secr\u00e9tariat sociaux et les partenaires sociaux ont fait savoir que la m\u00eame prolongation de la prime pouvoir d\u2019achat est n\u00e9cessaire.<\/p>\n<p>Le projet est transmis pour avis au Conseil d&rsquo;Etat.<\/p>\n<p>&nbsp;<\/p>\n<p><em>Source : Cabinet du Vice-Premier ministre et ministre de l\u2019Economie et du Travail &#8211; Projet d\u2019arr\u00eat\u00e9 royal modifiant l&rsquo;article 19quinquies de l&rsquo;arr\u00eat\u00e9 royal du 28 novembre 1969 pris en ex\u00e9cution de la loi du 27 juin 1969 r\u00e9visant l&rsquo;arr\u00eat\u00e9-loi du 28 d\u00e9cembre 1944 concernant la s\u00e9curit\u00e9 sociale des travailleurs, concernant la prime pouvoir d\u2019achat<\/em><\/p>\n","protected":false},"excerpt":{"rendered":"<p>Sur proposition du ministre du Travail Pierre-Yves Dermagne et du ministre des Affaires sociales Frank Vandenbroucke, le Conseil des ministres a approuv\u00e9 un projet d\u2019arr\u00eat\u00e9 royal visant \u00e0 prolonger jusqu\u2019au 31 mars 2024 la date d\u2019\u00e9mission de la prime pouvoir [&hellip;]<\/p>\n","protected":false},"author":2,"featured_media":0,"comment_status":"closed","ping_status":"open","sticky":false,"template":"","format":"standard","meta":[],"categories":[65,10],"tags":[231,754,3823,374],"yoast_head":"<!-- This site is optimized with the Yoast SEO plugin v21.0 - https:\/\/yoast.com\/wordpress\/plugins\/seo\/ -->\n<title>Vers la prolongation de la date d&#039;\u00e9mission de la prime pouvoir d&#039;achat jusqu&#039;au 31 mars 2024. - Peoplesphere<\/title>\n<meta name=\"robots\" content=\"index, follow, max-snippet:-1, max-image-preview:large, max-video-preview:-1\" \/>\n<link rel=\"canonical\" href=\"https:\/\/peoplesphere.be\/fr\/vers-la-prolongation-de-la-date-demission-de-la-prime-pouvoir-dachat-jusquau-31-mars-2024\/\" \/>\n<meta property=\"og:locale\" content=\"fr_FR\" \/>\n<meta property=\"og:type\" content=\"article\" \/>\n<meta property=\"og:title\" content=\"Vers la prolongation de la date d&#039;\u00e9mission de la prime pouvoir d&#039;achat jusqu&#039;au 31 mars 2024. - Peoplesphere\" \/>\n<meta property=\"og:description\" content=\"Sur proposition du ministre du Travail Pierre-Yves Dermagne et du ministre des Affaires sociales Frank Vandenbroucke, le Conseil des ministres a approuv\u00e9 un projet d\u2019arr\u00eat\u00e9 royal visant \u00e0 prolonger jusqu\u2019au 31 mars 2024 la date d\u2019\u00e9mission de la prime pouvoir [&hellip;]\" \/>\n<meta property=\"og:url\" content=\"https:\/\/peoplesphere.be\/fr\/vers-la-prolongation-de-la-date-demission-de-la-prime-pouvoir-dachat-jusquau-31-mars-2024\/\" \/>\n<meta property=\"og:site_name\" content=\"Peoplesphere\" \/>\n<meta property=\"article:publisher\" content=\"https:\/\/www.facebook.com\/peoplesphere\" \/>\n<meta property=\"article:published_time\" content=\"2023-12-04T07:30:14+00:00\" \/>\n<meta property=\"og:image\" content=\"http:\/\/www.peoplesphere.be\/fr\/wp-content\/uploads\/2016\/07\/facebook-default-posting-1200x628px.jpg\" \/>\n<meta name=\"author\" content=\"Jean-Paul Erhard\" \/>\n<meta name=\"twitter:card\" content=\"summary_large_image\" \/>\n<meta name=\"twitter:creator\" content=\"@PeoplesphereMag\" \/>\n<meta name=\"twitter:site\" content=\"@PeoplesphereMag\" \/>\n<meta name=\"twitter:label1\" content=\"\u00c9crit par\" \/>\n\t<meta name=\"twitter:data1\" content=\"Jean-Paul Erhard\" \/>\n\t<meta name=\"twitter:label2\" content=\"Dur\u00e9e de lecture estim\u00e9e\" \/>\n\t<meta name=\"twitter:data2\" content=\"2 minutes\" \/>\n<script type=\"application\/ld+json\" class=\"yoast-schema-graph\">{\"@context\":\"https:\/\/schema.org\",\"@graph\":[{\"@type\":\"Article\",\"@id\":\"https:\/\/peoplesphere.be\/fr\/vers-la-prolongation-de-la-date-demission-de-la-prime-pouvoir-dachat-jusquau-31-mars-2024\/#article\",\"isPartOf\":{\"@id\":\"https:\/\/peoplesphere.be\/fr\/vers-la-prolongation-de-la-date-demission-de-la-prime-pouvoir-dachat-jusquau-31-mars-2024\/\"},\"author\":{\"name\":\"Jean-Paul Erhard\",\"@id\":\"https:\/\/peoplesphere.be\/fr\/#\/schema\/person\/7976225ff17988604334abb7b3536a7e\"},\"headline\":\"Vers la prolongation de la date d&rsquo;\u00e9mission de la prime pouvoir d&rsquo;achat jusqu&rsquo;au 31 mars 2024.\",\"datePublished\":\"2023-12-04T07:30:14+00:00\",\"dateModified\":\"2023-12-04T07:30:14+00:00\",\"mainEntityOfPage\":{\"@id\":\"https:\/\/peoplesphere.be\/fr\/vers-la-prolongation-de-la-date-demission-de-la-prime-pouvoir-dachat-jusquau-31-mars-2024\/\"},\"wordCount\":267,\"publisher\":{\"@id\":\"https:\/\/peoplesphere.be\/fr\/#organization\"},\"keywords\":[\"bonus\",\"inflation\",\"prime pouvoir d'achat\",\"r\u00e9mun\u00e9rations\"],\"articleSection\":[\"Actualit\u00e9s\",\"Digital\"],\"inLanguage\":\"fr-FR\"},{\"@type\":\"WebPage\",\"@id\":\"https:\/\/peoplesphere.be\/fr\/vers-la-prolongation-de-la-date-demission-de-la-prime-pouvoir-dachat-jusquau-31-mars-2024\/\",\"url\":\"https:\/\/peoplesphere.be\/fr\/vers-la-prolongation-de-la-date-demission-de-la-prime-pouvoir-dachat-jusquau-31-mars-2024\/\",\"name\":\"Vers la prolongation de la date d'\u00e9mission de la prime pouvoir d'achat jusqu'au 31 mars 2024. - Peoplesphere\",\"isPartOf\":{\"@id\":\"https:\/\/peoplesphere.be\/fr\/#website\"},\"datePublished\":\"2023-12-04T07:30:14+00:00\",\"dateModified\":\"2023-12-04T07:30:14+00:00\",\"breadcrumb\":{\"@id\":\"https:\/\/peoplesphere.be\/fr\/vers-la-prolongation-de-la-date-demission-de-la-prime-pouvoir-dachat-jusquau-31-mars-2024\/#breadcrumb\"},\"inLanguage\":\"fr-FR\",\"potentialAction\":[{\"@type\":\"ReadAction\",\"target\":[\"https:\/\/peoplesphere.be\/fr\/vers-la-prolongation-de-la-date-demission-de-la-prime-pouvoir-dachat-jusquau-31-mars-2024\/\"]}]},{\"@type\":\"BreadcrumbList\",\"@id\":\"https:\/\/peoplesphere.be\/fr\/vers-la-prolongation-de-la-date-demission-de-la-prime-pouvoir-dachat-jusquau-31-mars-2024\/#breadcrumb\",\"itemListElement\":[{\"@type\":\"ListItem\",\"position\":1,\"name\":\"Accueil\",\"item\":\"https:\/\/peoplesphere.be\/fr\/\"},{\"@type\":\"ListItem\",\"position\":2,\"name\":\"Vers la prolongation de la date d&rsquo;\u00e9mission de la prime pouvoir d&rsquo;achat jusqu&rsquo;au 31 mars 2024.\"}]},{\"@type\":\"WebSite\",\"@id\":\"https:\/\/peoplesphere.be\/fr\/#website\",\"url\":\"https:\/\/peoplesphere.be\/fr\/\",\"name\":\"Peoplesphere\",\"description\":\"The People Managers Magazine\",\"publisher\":{\"@id\":\"https:\/\/peoplesphere.be\/fr\/#organization\"},\"potentialAction\":[{\"@type\":\"SearchAction\",\"target\":{\"@type\":\"EntryPoint\",\"urlTemplate\":\"https:\/\/peoplesphere.be\/fr\/?s={search_term_string}\"},\"query-input\":\"required name=search_term_string\"}],\"inLanguage\":\"fr-FR\"},{\"@type\":\"Organization\",\"@id\":\"https:\/\/peoplesphere.be\/fr\/#organization\",\"name\":\"Peoplesphere Company srl\",\"url\":\"https:\/\/peoplesphere.be\/fr\/\",\"logo\":{\"@type\":\"ImageObject\",\"inLanguage\":\"fr-FR\",\"@id\":\"https:\/\/peoplesphere.be\/fr\/#\/schema\/logo\/image\/\",\"url\":\"https:\/\/peoplesphere.be\/fr\/wp-content\/uploads\/2023\/07\/peoplesphere-lgo-new-generik.jpg\",\"contentUrl\":\"https:\/\/peoplesphere.be\/fr\/wp-content\/uploads\/2023\/07\/peoplesphere-lgo-new-generik.jpg\",\"width\":1031,\"height\":1479,\"caption\":\"Peoplesphere Company srl\"},\"image\":{\"@id\":\"https:\/\/peoplesphere.be\/fr\/#\/schema\/logo\/image\/\"},\"sameAs\":[\"https:\/\/www.facebook.com\/peoplesphere\",\"https:\/\/twitter.com\/PeoplesphereMag\",\"https:\/\/www.linkedin.com\/company\/7587361?trk\",\"http:\/\/youtube.com\/peoplesphere\"]},{\"@type\":\"Person\",\"@id\":\"https:\/\/peoplesphere.be\/fr\/#\/schema\/person\/7976225ff17988604334abb7b3536a7e\",\"name\":\"Jean-Paul Erhard\",\"image\":{\"@type\":\"ImageObject\",\"inLanguage\":\"fr-FR\",\"@id\":\"https:\/\/peoplesphere.be\/fr\/#\/schema\/person\/image\/\",\"url\":\"https:\/\/secure.gravatar.com\/avatar\/f941e681460179738071629a51574930?s=96&d=mm&r=g\",\"contentUrl\":\"https:\/\/secure.gravatar.com\/avatar\/f941e681460179738071629a51574930?s=96&d=mm&r=g\",\"caption\":\"Jean-Paul Erhard\"},\"url\":\"https:\/\/peoplesphere.be\/fr\/author\/jpe\/\"}]}<\/script>\n<!-- \/ Yoast SEO plugin. -->","yoast_head_json":{"title":"Vers la prolongation de la date d'\u00e9mission de la prime pouvoir d'achat jusqu'au 31 mars 2024. - Peoplesphere","robots":{"index":"index","follow":"follow","max-snippet":"max-snippet:-1","max-image-preview":"max-image-preview:large","max-video-preview":"max-video-preview:-1"},"canonical":"https:\/\/peoplesphere.be\/fr\/vers-la-prolongation-de-la-date-demission-de-la-prime-pouvoir-dachat-jusquau-31-mars-2024\/","og_locale":"fr_FR","og_type":"article","og_title":"Vers la prolongation de la date d'\u00e9mission de la prime pouvoir d'achat jusqu'au 31 mars 2024. - Peoplesphere","og_description":"Sur proposition du ministre du Travail Pierre-Yves Dermagne et du ministre des Affaires sociales Frank Vandenbroucke, le Conseil des ministres a approuv\u00e9 un projet d\u2019arr\u00eat\u00e9 royal visant \u00e0 prolonger jusqu\u2019au 31 mars 2024 la date d\u2019\u00e9mission de la prime pouvoir [&hellip;]","og_url":"https:\/\/peoplesphere.be\/fr\/vers-la-prolongation-de-la-date-demission-de-la-prime-pouvoir-dachat-jusquau-31-mars-2024\/","og_site_name":"Peoplesphere","article_publisher":"https:\/\/www.facebook.com\/peoplesphere","article_published_time":"2023-12-04T07:30:14+00:00","og_image":[{"url":"http:\/\/www.peoplesphere.be\/fr\/wp-content\/uploads\/2016\/07\/facebook-default-posting-1200x628px.jpg"}],"author":"Jean-Paul Erhard","twitter_card":"summary_large_image","twitter_creator":"@PeoplesphereMag","twitter_site":"@PeoplesphereMag","twitter_misc":{"\u00c9crit par":"Jean-Paul Erhard","Dur\u00e9e de lecture estim\u00e9e":"2 minutes"},"schema":{"@context":"https:\/\/schema.org","@graph":[{"@type":"Article","@id":"https:\/\/peoplesphere.be\/fr\/vers-la-prolongation-de-la-date-demission-de-la-prime-pouvoir-dachat-jusquau-31-mars-2024\/#article","isPartOf":{"@id":"https:\/\/peoplesphere.be\/fr\/vers-la-prolongation-de-la-date-demission-de-la-prime-pouvoir-dachat-jusquau-31-mars-2024\/"},"author":{"name":"Jean-Paul Erhard","@id":"https:\/\/peoplesphere.be\/fr\/#\/schema\/person\/7976225ff17988604334abb7b3536a7e"},"headline":"Vers la prolongation de la date d&rsquo;\u00e9mission de la prime pouvoir d&rsquo;achat jusqu&rsquo;au 31 mars 2024.","datePublished":"2023-12-04T07:30:14+00:00","dateModified":"2023-12-04T07:30:14+00:00","mainEntityOfPage":{"@id":"https:\/\/peoplesphere.be\/fr\/vers-la-prolongation-de-la-date-demission-de-la-prime-pouvoir-dachat-jusquau-31-mars-2024\/"},"wordCount":267,"publisher":{"@id":"https:\/\/peoplesphere.be\/fr\/#organization"},"keywords":["bonus","inflation","prime pouvoir d'achat","r\u00e9mun\u00e9rations"],"articleSection":["Actualit\u00e9s","Digital"],"inLanguage":"fr-FR"},{"@type":"WebPage","@id":"https:\/\/peoplesphere.be\/fr\/vers-la-prolongation-de-la-date-demission-de-la-prime-pouvoir-dachat-jusquau-31-mars-2024\/","url":"https:\/\/peoplesphere.be\/fr\/vers-la-prolongation-de-la-date-demission-de-la-prime-pouvoir-dachat-jusquau-31-mars-2024\/","name":"Vers la prolongation de la date d'\u00e9mission de la prime pouvoir d'achat jusqu'au 31 mars 2024. - Peoplesphere","isPartOf":{"@id":"https:\/\/peoplesphere.be\/fr\/#website"},"datePublished":"2023-12-04T07:30:14+00:00","dateModified":"2023-12-04T07:30:14+00:00","breadcrumb":{"@id":"https:\/\/peoplesphere.be\/fr\/vers-la-prolongation-de-la-date-demission-de-la-prime-pouvoir-dachat-jusquau-31-mars-2024\/#breadcrumb"},"inLanguage":"fr-FR","potentialAction":[{"@type":"ReadAction","target":["https:\/\/peoplesphere.be\/fr\/vers-la-prolongation-de-la-date-demission-de-la-prime-pouvoir-dachat-jusquau-31-mars-2024\/"]}]},{"@type":"BreadcrumbList","@id":"https:\/\/peoplesphere.be\/fr\/vers-la-prolongation-de-la-date-demission-de-la-prime-pouvoir-dachat-jusquau-31-mars-2024\/#breadcrumb","itemListElement":[{"@type":"ListItem","position":1,"name":"Accueil","item":"https:\/\/peoplesphere.be\/fr\/"},{"@type":"ListItem","position":2,"name":"Vers la prolongation de la date d&rsquo;\u00e9mission de la prime pouvoir d&rsquo;achat jusqu&rsquo;au 31 mars 2024."}]},{"@type":"WebSite","@id":"https:\/\/peoplesphere.be\/fr\/#website","url":"https:\/\/peoplesphere.be\/fr\/","name":"Peoplesphere","description":"The People Managers Magazine","publisher":{"@id":"https:\/\/peoplesphere.be\/fr\/#organization"},"potentialAction":[{"@type":"SearchAction","target":{"@type":"EntryPoint","urlTemplate":"https:\/\/peoplesphere.be\/fr\/?s={search_term_string}"},"query-input":"required name=search_term_string"}],"inLanguage":"fr-FR"},{"@type":"Organization","@id":"https:\/\/peoplesphere.be\/fr\/#organization","name":"Peoplesphere Company srl","url":"https:\/\/peoplesphere.be\/fr\/","logo":{"@type":"ImageObject","inLanguage":"fr-FR","@id":"https:\/\/peoplesphere.be\/fr\/#\/schema\/logo\/image\/","url":"https:\/\/peoplesphere.be\/fr\/wp-content\/uploads\/2023\/07\/peoplesphere-lgo-new-generik.jpg","contentUrl":"https:\/\/peoplesphere.be\/fr\/wp-content\/uploads\/2023\/07\/peoplesphere-lgo-new-generik.jpg","width":1031,"height":1479,"caption":"Peoplesphere Company srl"},"image":{"@id":"https:\/\/peoplesphere.be\/fr\/#\/schema\/logo\/image\/"},"sameAs":["https:\/\/www.facebook.com\/peoplesphere","https:\/\/twitter.com\/PeoplesphereMag","https:\/\/www.linkedin.com\/company\/7587361?trk","http:\/\/youtube.com\/peoplesphere"]},{"@type":"Person","@id":"https:\/\/peoplesphere.be\/fr\/#\/schema\/person\/7976225ff17988604334abb7b3536a7e","name":"Jean-Paul Erhard","image":{"@type":"ImageObject","inLanguage":"fr-FR","@id":"https:\/\/peoplesphere.be\/fr\/#\/schema\/person\/image\/","url":"https:\/\/secure.gravatar.com\/avatar\/f941e681460179738071629a51574930?s=96&d=mm&r=g","contentUrl":"https:\/\/secure.gravatar.com\/avatar\/f941e681460179738071629a51574930?s=96&d=mm&r=g","caption":"Jean-Paul Erhard"},"url":"https:\/\/peoplesphere.be\/fr\/author\/jpe\/"}]}},"_links":{"self":[{"href":"https:\/\/peoplesphere.be\/fr\/wp-json\/wp\/v2\/posts\/15360"}],"collection":[{"href":"https:\/\/peoplesphere.be\/fr\/wp-json\/wp\/v2\/posts"}],"about":[{"href":"https:\/\/peoplesphere.be\/fr\/wp-json\/wp\/v2\/types\/post"}],"author":[{"embeddable":true,"href":"https:\/\/peoplesphere.be\/fr\/wp-json\/wp\/v2\/users\/2"}],"replies":[{"embeddable":true,"href":"https:\/\/peoplesphere.be\/fr\/wp-json\/wp\/v2\/comments?post=15360"}],"version-history":[{"count":1,"href":"https:\/\/peoplesphere.be\/fr\/wp-json\/wp\/v2\/posts\/15360\/revisions"}],"predecessor-version":[{"id":15361,"href":"https:\/\/peoplesphere.be\/fr\/wp-json\/wp\/v2\/posts\/15360\/revisions\/15361"}],"wp:attachment":[{"href":"https:\/\/peoplesphere.be\/fr\/wp-json\/wp\/v2\/media?parent=15360"}],"wp:term":[{"taxonomy":"category","embeddable":true,"href":"https:\/\/peoplesphere.be\/fr\/wp-json\/wp\/v2\/categories?post=15360"},{"taxonomy":"post_tag","embeddable":true,"href":"https:\/\/peoplesphere.be\/fr\/wp-json\/wp\/v2\/tags?post=15360"}],"curies":[{"name":"wp","href":"https:\/\/api.w.org\/{rel}","templated":true}]}}