









{"id":15362,"date":"2023-12-04T10:24:30","date_gmt":"2023-12-04T08:24:30","guid":{"rendered":"https:\/\/peoplesphere.be\/fr\/?p=15362"},"modified":"2023-12-04T10:24:30","modified_gmt":"2023-12-04T08:24:30","slug":"lunion-wallonne-des-entreprises-sentoure-de-3-partenaires-rh-pour-consolider-son-action-vers-les-80-000-entreprises-wallonnes","status":"publish","type":"post","link":"https:\/\/peoplesphere.be\/fr\/lunion-wallonne-des-entreprises-sentoure-de-3-partenaires-rh-pour-consolider-son-action-vers-les-80-000-entreprises-wallonnes\/","title":{"rendered":"L\u2019Union Wallonne des Entreprises s\u2019entoure de 3 partenaires RH pour consolider son action vers les 80.000 entreprises wallonnes."},"content":{"rendered":"<p>L\u2019UWE peut d\u00e9sormais compter sur Group S, Daoust et Mensura, trois partenaires exclusifs reconnus pour leurs expertises sp\u00e9cifiques et compl\u00e9mentaires dans le domaine des Ressources Humaines. A l\u2019agenda commun des partenaires : la th\u00e9matique du bien-\u00eatre en priorit\u00e9, avant d\u2019\u00e9voquer d\u2019autres d\u00e9fis RH majeurs auxquelles nos entreprises sont confront\u00e9es.<!--more--><\/p>\n<p>Avec ce triple partenariat, l\u2019UWE compte mieux informer et mieux sensibiliser les entreprises aux enjeux d\u2019une politique RH transversale forte au profit de l\u2019a(tra)ctivit\u00e9 \u00e9conomique de notre r\u00e9gion. Group S, Daoust et Mensura sont des acteurs incontournables du march\u00e9 de l\u2019emploi en Belgique et couvrent ensemble la plupart des pr\u00e9occupations RH des employeurs.<br \/>\nParmi les th\u00e9matiques identifi\u00e9es d\u00e8s \u00e0 pr\u00e9sent par l\u2019UWE figurent l\u2019accompagnement des demandeurs d\u2019emploi, les enjeux de formation, les absences au travail, les maladies de longues dur\u00e9es, le harc\u00e8lement (comment r\u00e9agir, avec quels outils). Ce sont autant des sujets strat\u00e9giques pour l\u2019UWE comme pour ses f\u00e9d\u00e9rations membres.<\/p>\n<p>C\u00e9cile NEVEN, CEO de l\u2019UWE : \u00ab\u00a0<em>Nos entreprises sont confront\u00e9es \u00e0 d\u2019innombrables d\u00e9fis relatifs au march\u00e9 de l\u2019emploi, il est essentiel pour l\u2019Union Wallonne des Entreprises de s\u2019entourer d\u2019acteurs forts et exp\u00e9riment\u00e9s afin de soutenir les entrepreneurs dans le recrutement des talents, dans l\u2019accompagnement administratif, et dans le maintien du bien-\u00eatre des travailleurs\u00a0\u00bb.<\/em><\/p>\n<p>Maxime DEREMINCE, COO de Daoust : <em>\u00ab\u00a0Daoust est tr\u00e8s enthousiaste \u00e0 l\u2019id\u00e9e de ce partenariat avec l\u2019Union Wallonne des Entreprises. Fort de notre pr\u00e9sence \u00e0 travers plus de 35 JobCenters en Wallonie, notre objectif est d\u2019apporter un soutien solide aux entreprises de la r\u00e9gion \u00e0 travers ce partenariat. Nous nous engageons \u00e0 leurs c\u00f4t\u00e9s comme partenaire du march\u00e9 de l\u2019emploi avec pour ambition d\u2019insuffler la fiert\u00e9 de travailler \u00e0 toute cette r\u00e9gion.\u00a0\u00bb<\/em><\/p>\n<p>Marc PEETERS, CEO de Group S : <em>\u00ab\u00a0Group S est particuli\u00e8rement enthousiaste \u00e0 l\u2019id\u00e9e d\u2019apporter sa contribution aux nouveaux projets port\u00e9s par l\u2019Union Wallonne des Entreprises. En tant qu\u2019acteur majeur du secteur des Ressources Humaines, nous souhaitons partager une vision commune pour une Wallonie en mouvement. C\u2019est pour cela que Group S s\u2019engage \u00e0 mettre son c\u00f4t\u00e9 humain et sa technologie au service des entreprises wallonnes.\u00a0\u00bb<\/em><\/p>\n<p>Dr. Gretel SCHRIJVERS, CEO de Mensura group : <em>\u00ab\u00a0En tant qu\u2019acteur national dot\u00e9 d\u2019une forte repr\u00e9sentation r\u00e9gionale, nous visons \u00e0 \u00eatre bien ancr\u00e9s dans tous les secteurs, dans toutes les r\u00e9gions du pays. En tant que partenaire de premi\u00e8re ligne pour toutes les entreprises, des petits ind\u00e9pendants aux grandes multinationales, nous construisons un solide r\u00e9seau de partenaires afin d\u2019aider au mieux nos clients dans leurs op\u00e9rations quotidiennes et leurs objectifs strat\u00e9giques. Nous sommes heureux de nous associer \u00e0 l\u2019UWE pour aider les employeurs \u00e0 pr\u00e9server leur capital humain, \u00e0 promouvoir leur bien-\u00eatre et \u00e0 \u00e9viter l\u2019absent\u00e9isme.\u00a0\u00bb<\/em><\/p>\n<p>&nbsp;<\/p>\n<p><em>Source: UWE<\/em><\/p>\n","protected":false},"excerpt":{"rendered":"<p>L\u2019UWE peut d\u00e9sormais compter sur Group S, Daoust et Mensura, trois partenaires exclusifs reconnus pour leurs expertises sp\u00e9cifiques et compl\u00e9mentaires dans le domaine des Ressources Humaines. A l\u2019agenda commun des partenaires : la th\u00e9matique du bien-\u00eatre en priorit\u00e9, avant d\u2019\u00e9voquer [&hellip;]<\/p>\n","protected":false},"author":2,"featured_media":15363,"comment_status":"closed","ping_status":"open","sticky":false,"template":"","format":"standard","meta":[],"categories":[65,10],"tags":[96,3929,461,969],"yoast_head":"<!-- This site is optimized with the Yoast SEO plugin v21.0 - https:\/\/yoast.com\/wordpress\/plugins\/seo\/ -->\n<title>L\u2019Union Wallonne des Entreprises s\u2019entoure de 3 partenaires RH pour consolider son action vers les 80.000 entreprises wallonnes. - Peoplesphere<\/title>\n<meta name=\"robots\" content=\"index, follow, max-snippet:-1, max-image-preview:large, max-video-preview:-1\" \/>\n<link rel=\"canonical\" href=\"https:\/\/peoplesphere.be\/fr\/lunion-wallonne-des-entreprises-sentoure-de-3-partenaires-rh-pour-consolider-son-action-vers-les-80-000-entreprises-wallonnes\/\" \/>\n<meta property=\"og:locale\" content=\"fr_FR\" \/>\n<meta property=\"og:type\" content=\"article\" \/>\n<meta property=\"og:title\" content=\"L\u2019Union Wallonne des Entreprises s\u2019entoure de 3 partenaires RH pour consolider son action vers les 80.000 entreprises wallonnes. - Peoplesphere\" \/>\n<meta property=\"og:description\" content=\"L\u2019UWE peut d\u00e9sormais compter sur Group S, Daoust et Mensura, trois partenaires exclusifs reconnus pour leurs expertises sp\u00e9cifiques et compl\u00e9mentaires dans le domaine des Ressources Humaines. A l\u2019agenda commun des partenaires : la th\u00e9matique du bien-\u00eatre en priorit\u00e9, avant d\u2019\u00e9voquer [&hellip;]\" \/>\n<meta property=\"og:url\" content=\"https:\/\/peoplesphere.be\/fr\/lunion-wallonne-des-entreprises-sentoure-de-3-partenaires-rh-pour-consolider-son-action-vers-les-80-000-entreprises-wallonnes\/\" \/>\n<meta property=\"og:site_name\" content=\"Peoplesphere\" \/>\n<meta property=\"article:publisher\" content=\"https:\/\/www.facebook.com\/peoplesphere\" \/>\n<meta property=\"article:published_time\" content=\"2023-12-04T08:24:30+00:00\" \/>\n<meta property=\"og:image\" content=\"https:\/\/peoplesphere.be\/fr\/wp-content\/uploads\/2023\/12\/20231204uwesponsors.jpg\" \/>\n\t<meta property=\"og:image:width\" content=\"800\" \/>\n\t<meta property=\"og:image:height\" content=\"343\" \/>\n\t<meta property=\"og:image:type\" content=\"image\/jpeg\" \/>\n<meta name=\"author\" content=\"Jean-Paul Erhard\" \/>\n<meta name=\"twitter:card\" content=\"summary_large_image\" \/>\n<meta name=\"twitter:creator\" content=\"@PeoplesphereMag\" \/>\n<meta name=\"twitter:site\" content=\"@PeoplesphereMag\" \/>\n<meta name=\"twitter:label1\" content=\"\u00c9crit par\" \/>\n\t<meta name=\"twitter:data1\" content=\"Jean-Paul Erhard\" \/>\n\t<meta name=\"twitter:label2\" content=\"Dur\u00e9e de lecture estim\u00e9e\" \/>\n\t<meta name=\"twitter:data2\" content=\"3 minutes\" \/>\n<script type=\"application\/ld+json\" class=\"yoast-schema-graph\">{\"@context\":\"https:\/\/schema.org\",\"@graph\":[{\"@type\":\"Article\",\"@id\":\"https:\/\/peoplesphere.be\/fr\/lunion-wallonne-des-entreprises-sentoure-de-3-partenaires-rh-pour-consolider-son-action-vers-les-80-000-entreprises-wallonnes\/#article\",\"isPartOf\":{\"@id\":\"https:\/\/peoplesphere.be\/fr\/lunion-wallonne-des-entreprises-sentoure-de-3-partenaires-rh-pour-consolider-son-action-vers-les-80-000-entreprises-wallonnes\/\"},\"author\":{\"name\":\"Jean-Paul Erhard\",\"@id\":\"https:\/\/peoplesphere.be\/fr\/#\/schema\/person\/7976225ff17988604334abb7b3536a7e\"},\"headline\":\"L\u2019Union Wallonne des Entreprises s\u2019entoure de 3 partenaires RH pour consolider son action vers les 80.000 entreprises wallonnes.\",\"datePublished\":\"2023-12-04T08:24:30+00:00\",\"dateModified\":\"2023-12-04T08:24:30+00:00\",\"mainEntityOfPage\":{\"@id\":\"https:\/\/peoplesphere.be\/fr\/lunion-wallonne-des-entreprises-sentoure-de-3-partenaires-rh-pour-consolider-son-action-vers-les-80-000-entreprises-wallonnes\/\"},\"wordCount\":522,\"publisher\":{\"@id\":\"https:\/\/peoplesphere.be\/fr\/#organization\"},\"keywords\":[\"bien-\u00eatre\",\"\u00e9co-syst\u00e8me\",\"RH\",\"UWE\"],\"articleSection\":[\"Actualit\u00e9s\",\"Digital\"],\"inLanguage\":\"fr-FR\"},{\"@type\":\"WebPage\",\"@id\":\"https:\/\/peoplesphere.be\/fr\/lunion-wallonne-des-entreprises-sentoure-de-3-partenaires-rh-pour-consolider-son-action-vers-les-80-000-entreprises-wallonnes\/\",\"url\":\"https:\/\/peoplesphere.be\/fr\/lunion-wallonne-des-entreprises-sentoure-de-3-partenaires-rh-pour-consolider-son-action-vers-les-80-000-entreprises-wallonnes\/\",\"name\":\"L\u2019Union Wallonne des Entreprises s\u2019entoure de 3 partenaires RH pour consolider son action vers les 80.000 entreprises wallonnes. - Peoplesphere\",\"isPartOf\":{\"@id\":\"https:\/\/peoplesphere.be\/fr\/#website\"},\"datePublished\":\"2023-12-04T08:24:30+00:00\",\"dateModified\":\"2023-12-04T08:24:30+00:00\",\"breadcrumb\":{\"@id\":\"https:\/\/peoplesphere.be\/fr\/lunion-wallonne-des-entreprises-sentoure-de-3-partenaires-rh-pour-consolider-son-action-vers-les-80-000-entreprises-wallonnes\/#breadcrumb\"},\"inLanguage\":\"fr-FR\",\"potentialAction\":[{\"@type\":\"ReadAction\",\"target\":[\"https:\/\/peoplesphere.be\/fr\/lunion-wallonne-des-entreprises-sentoure-de-3-partenaires-rh-pour-consolider-son-action-vers-les-80-000-entreprises-wallonnes\/\"]}]},{\"@type\":\"BreadcrumbList\",\"@id\":\"https:\/\/peoplesphere.be\/fr\/lunion-wallonne-des-entreprises-sentoure-de-3-partenaires-rh-pour-consolider-son-action-vers-les-80-000-entreprises-wallonnes\/#breadcrumb\",\"itemListElement\":[{\"@type\":\"ListItem\",\"position\":1,\"name\":\"Accueil\",\"item\":\"https:\/\/peoplesphere.be\/fr\/\"},{\"@type\":\"ListItem\",\"position\":2,\"name\":\"L\u2019Union Wallonne des Entreprises s\u2019entoure de 3 partenaires RH pour consolider son action vers les 80.000 entreprises wallonnes.\"}]},{\"@type\":\"WebSite\",\"@id\":\"https:\/\/peoplesphere.be\/fr\/#website\",\"url\":\"https:\/\/peoplesphere.be\/fr\/\",\"name\":\"Peoplesphere\",\"description\":\"The People Managers Magazine\",\"publisher\":{\"@id\":\"https:\/\/peoplesphere.be\/fr\/#organization\"},\"potentialAction\":[{\"@type\":\"SearchAction\",\"target\":{\"@type\":\"EntryPoint\",\"urlTemplate\":\"https:\/\/peoplesphere.be\/fr\/?s={search_term_string}\"},\"query-input\":\"required name=search_term_string\"}],\"inLanguage\":\"fr-FR\"},{\"@type\":\"Organization\",\"@id\":\"https:\/\/peoplesphere.be\/fr\/#organization\",\"name\":\"Peoplesphere Company srl\",\"url\":\"https:\/\/peoplesphere.be\/fr\/\",\"logo\":{\"@type\":\"ImageObject\",\"inLanguage\":\"fr-FR\",\"@id\":\"https:\/\/peoplesphere.be\/fr\/#\/schema\/logo\/image\/\",\"url\":\"https:\/\/peoplesphere.be\/fr\/wp-content\/uploads\/2023\/07\/peoplesphere-lgo-new-generik.jpg\",\"contentUrl\":\"https:\/\/peoplesphere.be\/fr\/wp-content\/uploads\/2023\/07\/peoplesphere-lgo-new-generik.jpg\",\"width\":1031,\"height\":1479,\"caption\":\"Peoplesphere Company srl\"},\"image\":{\"@id\":\"https:\/\/peoplesphere.be\/fr\/#\/schema\/logo\/image\/\"},\"sameAs\":[\"https:\/\/www.facebook.com\/peoplesphere\",\"https:\/\/twitter.com\/PeoplesphereMag\",\"https:\/\/www.linkedin.com\/company\/7587361?trk\",\"http:\/\/youtube.com\/peoplesphere\"]},{\"@type\":\"Person\",\"@id\":\"https:\/\/peoplesphere.be\/fr\/#\/schema\/person\/7976225ff17988604334abb7b3536a7e\",\"name\":\"Jean-Paul Erhard\",\"image\":{\"@type\":\"ImageObject\",\"inLanguage\":\"fr-FR\",\"@id\":\"https:\/\/peoplesphere.be\/fr\/#\/schema\/person\/image\/\",\"url\":\"https:\/\/secure.gravatar.com\/avatar\/f941e681460179738071629a51574930?s=96&d=mm&r=g\",\"contentUrl\":\"https:\/\/secure.gravatar.com\/avatar\/f941e681460179738071629a51574930?s=96&d=mm&r=g\",\"caption\":\"Jean-Paul Erhard\"},\"url\":\"https:\/\/peoplesphere.be\/fr\/author\/jpe\/\"}]}<\/script>\n<!-- \/ Yoast SEO plugin. -->","yoast_head_json":{"title":"L\u2019Union Wallonne des Entreprises s\u2019entoure de 3 partenaires RH pour consolider son action vers les 80.000 entreprises wallonnes. - Peoplesphere","robots":{"index":"index","follow":"follow","max-snippet":"max-snippet:-1","max-image-preview":"max-image-preview:large","max-video-preview":"max-video-preview:-1"},"canonical":"https:\/\/peoplesphere.be\/fr\/lunion-wallonne-des-entreprises-sentoure-de-3-partenaires-rh-pour-consolider-son-action-vers-les-80-000-entreprises-wallonnes\/","og_locale":"fr_FR","og_type":"article","og_title":"L\u2019Union Wallonne des Entreprises s\u2019entoure de 3 partenaires RH pour consolider son action vers les 80.000 entreprises wallonnes. - Peoplesphere","og_description":"L\u2019UWE peut d\u00e9sormais compter sur Group S, Daoust et Mensura, trois partenaires exclusifs reconnus pour leurs expertises sp\u00e9cifiques et compl\u00e9mentaires dans le domaine des Ressources Humaines. A l\u2019agenda commun des partenaires : la th\u00e9matique du bien-\u00eatre en priorit\u00e9, avant d\u2019\u00e9voquer [&hellip;]","og_url":"https:\/\/peoplesphere.be\/fr\/lunion-wallonne-des-entreprises-sentoure-de-3-partenaires-rh-pour-consolider-son-action-vers-les-80-000-entreprises-wallonnes\/","og_site_name":"Peoplesphere","article_publisher":"https:\/\/www.facebook.com\/peoplesphere","article_published_time":"2023-12-04T08:24:30+00:00","og_image":[{"width":800,"height":343,"url":"https:\/\/peoplesphere.be\/fr\/wp-content\/uploads\/2023\/12\/20231204uwesponsors.jpg","type":"image\/jpeg"}],"author":"Jean-Paul Erhard","twitter_card":"summary_large_image","twitter_creator":"@PeoplesphereMag","twitter_site":"@PeoplesphereMag","twitter_misc":{"\u00c9crit par":"Jean-Paul Erhard","Dur\u00e9e de lecture estim\u00e9e":"3 minutes"},"schema":{"@context":"https:\/\/schema.org","@graph":[{"@type":"Article","@id":"https:\/\/peoplesphere.be\/fr\/lunion-wallonne-des-entreprises-sentoure-de-3-partenaires-rh-pour-consolider-son-action-vers-les-80-000-entreprises-wallonnes\/#article","isPartOf":{"@id":"https:\/\/peoplesphere.be\/fr\/lunion-wallonne-des-entreprises-sentoure-de-3-partenaires-rh-pour-consolider-son-action-vers-les-80-000-entreprises-wallonnes\/"},"author":{"name":"Jean-Paul Erhard","@id":"https:\/\/peoplesphere.be\/fr\/#\/schema\/person\/7976225ff17988604334abb7b3536a7e"},"headline":"L\u2019Union Wallonne des Entreprises s\u2019entoure de 3 partenaires RH pour consolider son action vers les 80.000 entreprises wallonnes.","datePublished":"2023-12-04T08:24:30+00:00","dateModified":"2023-12-04T08:24:30+00:00","mainEntityOfPage":{"@id":"https:\/\/peoplesphere.be\/fr\/lunion-wallonne-des-entreprises-sentoure-de-3-partenaires-rh-pour-consolider-son-action-vers-les-80-000-entreprises-wallonnes\/"},"wordCount":522,"publisher":{"@id":"https:\/\/peoplesphere.be\/fr\/#organization"},"keywords":["bien-\u00eatre","\u00e9co-syst\u00e8me","RH","UWE"],"articleSection":["Actualit\u00e9s","Digital"],"inLanguage":"fr-FR"},{"@type":"WebPage","@id":"https:\/\/peoplesphere.be\/fr\/lunion-wallonne-des-entreprises-sentoure-de-3-partenaires-rh-pour-consolider-son-action-vers-les-80-000-entreprises-wallonnes\/","url":"https:\/\/peoplesphere.be\/fr\/lunion-wallonne-des-entreprises-sentoure-de-3-partenaires-rh-pour-consolider-son-action-vers-les-80-000-entreprises-wallonnes\/","name":"L\u2019Union Wallonne des Entreprises s\u2019entoure de 3 partenaires RH pour consolider son action vers les 80.000 entreprises wallonnes. - Peoplesphere","isPartOf":{"@id":"https:\/\/peoplesphere.be\/fr\/#website"},"datePublished":"2023-12-04T08:24:30+00:00","dateModified":"2023-12-04T08:24:30+00:00","breadcrumb":{"@id":"https:\/\/peoplesphere.be\/fr\/lunion-wallonne-des-entreprises-sentoure-de-3-partenaires-rh-pour-consolider-son-action-vers-les-80-000-entreprises-wallonnes\/#breadcrumb"},"inLanguage":"fr-FR","potentialAction":[{"@type":"ReadAction","target":["https:\/\/peoplesphere.be\/fr\/lunion-wallonne-des-entreprises-sentoure-de-3-partenaires-rh-pour-consolider-son-action-vers-les-80-000-entreprises-wallonnes\/"]}]},{"@type":"BreadcrumbList","@id":"https:\/\/peoplesphere.be\/fr\/lunion-wallonne-des-entreprises-sentoure-de-3-partenaires-rh-pour-consolider-son-action-vers-les-80-000-entreprises-wallonnes\/#breadcrumb","itemListElement":[{"@type":"ListItem","position":1,"name":"Accueil","item":"https:\/\/peoplesphere.be\/fr\/"},{"@type":"ListItem","position":2,"name":"L\u2019Union Wallonne des Entreprises s\u2019entoure de 3 partenaires RH pour consolider son action vers les 80.000 entreprises wallonnes."}]},{"@type":"WebSite","@id":"https:\/\/peoplesphere.be\/fr\/#website","url":"https:\/\/peoplesphere.be\/fr\/","name":"Peoplesphere","description":"The People Managers Magazine","publisher":{"@id":"https:\/\/peoplesphere.be\/fr\/#organization"},"potentialAction":[{"@type":"SearchAction","target":{"@type":"EntryPoint","urlTemplate":"https:\/\/peoplesphere.be\/fr\/?s={search_term_string}"},"query-input":"required name=search_term_string"}],"inLanguage":"fr-FR"},{"@type":"Organization","@id":"https:\/\/peoplesphere.be\/fr\/#organization","name":"Peoplesphere Company srl","url":"https:\/\/peoplesphere.be\/fr\/","logo":{"@type":"ImageObject","inLanguage":"fr-FR","@id":"https:\/\/peoplesphere.be\/fr\/#\/schema\/logo\/image\/","url":"https:\/\/peoplesphere.be\/fr\/wp-content\/uploads\/2023\/07\/peoplesphere-lgo-new-generik.jpg","contentUrl":"https:\/\/peoplesphere.be\/fr\/wp-content\/uploads\/2023\/07\/peoplesphere-lgo-new-generik.jpg","width":1031,"height":1479,"caption":"Peoplesphere Company srl"},"image":{"@id":"https:\/\/peoplesphere.be\/fr\/#\/schema\/logo\/image\/"},"sameAs":["https:\/\/www.facebook.com\/peoplesphere","https:\/\/twitter.com\/PeoplesphereMag","https:\/\/www.linkedin.com\/company\/7587361?trk","http:\/\/youtube.com\/peoplesphere"]},{"@type":"Person","@id":"https:\/\/peoplesphere.be\/fr\/#\/schema\/person\/7976225ff17988604334abb7b3536a7e","name":"Jean-Paul Erhard","image":{"@type":"ImageObject","inLanguage":"fr-FR","@id":"https:\/\/peoplesphere.be\/fr\/#\/schema\/person\/image\/","url":"https:\/\/secure.gravatar.com\/avatar\/f941e681460179738071629a51574930?s=96&d=mm&r=g","contentUrl":"https:\/\/secure.gravatar.com\/avatar\/f941e681460179738071629a51574930?s=96&d=mm&r=g","caption":"Jean-Paul Erhard"},"url":"https:\/\/peoplesphere.be\/fr\/author\/jpe\/"}]}},"_links":{"self":[{"href":"https:\/\/peoplesphere.be\/fr\/wp-json\/wp\/v2\/posts\/15362"}],"collection":[{"href":"https:\/\/peoplesphere.be\/fr\/wp-json\/wp\/v2\/posts"}],"about":[{"href":"https:\/\/peoplesphere.be\/fr\/wp-json\/wp\/v2\/types\/post"}],"author":[{"embeddable":true,"href":"https:\/\/peoplesphere.be\/fr\/wp-json\/wp\/v2\/users\/2"}],"replies":[{"embeddable":true,"href":"https:\/\/peoplesphere.be\/fr\/wp-json\/wp\/v2\/comments?post=15362"}],"version-history":[{"count":1,"href":"https:\/\/peoplesphere.be\/fr\/wp-json\/wp\/v2\/posts\/15362\/revisions"}],"predecessor-version":[{"id":15364,"href":"https:\/\/peoplesphere.be\/fr\/wp-json\/wp\/v2\/posts\/15362\/revisions\/15364"}],"wp:featuredmedia":[{"embeddable":true,"href":"https:\/\/peoplesphere.be\/fr\/wp-json\/wp\/v2\/media\/15363"}],"wp:attachment":[{"href":"https:\/\/peoplesphere.be\/fr\/wp-json\/wp\/v2\/media?parent=15362"}],"wp:term":[{"taxonomy":"category","embeddable":true,"href":"https:\/\/peoplesphere.be\/fr\/wp-json\/wp\/v2\/categories?post=15362"},{"taxonomy":"post_tag","embeddable":true,"href":"https:\/\/peoplesphere.be\/fr\/wp-json\/wp\/v2\/tags?post=15362"}],"curies":[{"name":"wp","href":"https:\/\/api.w.org\/{rel}","templated":true}]}}