









{"id":15378,"date":"2023-12-06T07:30:57","date_gmt":"2023-12-06T05:30:57","guid":{"rendered":"https:\/\/peoplesphere.be\/fr\/?p=15378"},"modified":"2023-12-06T15:29:43","modified_gmt":"2023-12-06T13:29:43","slug":"les-assurances-groupe-confrontees-aux-nouveaux-besoin-de-sante-et-a-la-question-de-legalite-des-genres","status":"publish","type":"post","link":"https:\/\/peoplesphere.be\/fr\/les-assurances-groupe-confrontees-aux-nouveaux-besoin-de-sante-et-a-la-question-de-legalite-des-genres\/","title":{"rendered":"Les assurances groupe confront\u00e9es aux nouveaux besoins de sant\u00e9 et \u00e0 la question de l&rsquo;\u00e9galit\u00e9 des genres."},"content":{"rendered":"<p>Mercer Marsh Benefits m\u00e8ne une enqu\u00eate mondiale sur les assurances maladie apr\u00e8s la pand\u00e9mie. Depuis la pand\u00e9mie de coronavirus, les co\u00fbts des soins de sant\u00e9 ne cessent de grimper. Dans le m\u00eame temps, les besoins des patients ont chang\u00e9 \u2013 et donc aussi ceux des travailleurs dans le cadre de leur assurance groupe. La question est donc : que (ne) couvrent (pas) les assureurs et en quoi cela r\u00e9pond-il aux attentes des travailleurs \u00e0 l&rsquo;heure actuelle ? L&rsquo;enqu\u00eate r\u00e9v\u00e8le de gros points noirs chez les assureurs europ\u00e9ens, en particulier dans le domaine de la sant\u00e9 mentale et des traitements typiquement f\u00e9minins.<!--more--><\/p>\n<p>Comment les assureurs et les employeurs abordent-ils la situation ? Le cabinet de conseil Mercer Marsh Benefits a interrog\u00e9 223 assureurs dans 58 pays, dont la Belgique.<\/p>\n<p>D&rsquo;apr\u00e8s les principaux assureurs europ\u00e9ens, la qualit\u00e9 (48%) et l&rsquo;accessibilit\u00e9 (73%) des soins de sant\u00e9 publics se sont consid\u00e9rablement d\u00e9t\u00e9rior\u00e9es depuis la pand\u00e9mie, tandis que la qualit\u00e9 (40%) des soins de sant\u00e9 priv\u00e9s semble s&rsquo;\u00eatre am\u00e9lior\u00e9e.<\/p>\n<p>Ils constatent par ailleurs que l&rsquo;abordabilit\u00e9 des soins s&rsquo;est fortement aggrav\u00e9e (50% dans le priv\u00e9, 35% dans le public).<\/p>\n<h3><strong><em>Les soins de sant\u00e9 mentale pas encore assez couverts<\/em><\/strong><\/h3>\n<p>Malgr\u00e9 l&rsquo;attention croissante accord\u00e9e \u00e0 la sant\u00e9 mentale des collaborateurs, il subsiste encore de grandes lacunes au niveau de l&rsquo;approche actuelle des assureurs m\u00e9dicaux \u00e0 ce sujet. Les soins traditionnels, comme les th\u00e9rapies, les traitements cliniques et les m\u00e9dicaments, sont g\u00e9n\u00e9ralement couverts. \u200b<\/p>\n<p>Dans le m\u00eame temps, l&rsquo;enqu\u00eate constate que si 85% des assureurs affirment couvrir l&rsquo;accompagnement psychologique ou psychiatrique, cela reste dans la moiti\u00e9 des cas limit\u00e9 \u00e0 10 s\u00e9ances maximum. Dans la pratique, l&rsquo;assurance groupe offre donc un soutien insuffisant.<\/p>\n<p>En outre, pr\u00e8s de la moiti\u00e9 des travailleurs indiquent avoir besoin d&rsquo;une \u00ab\u00a0couverture\u00a0\u00bb des soins et services pour les jeunes, les adolescents et leurs parents dans le domaine de la sant\u00e9 mentale, de la socialisation et des probl\u00e8mes d&rsquo;apprentissage des jeunes. Des \u00e9l\u00e9ments compris toutefois chez seulement un tiers des assureurs.<\/p>\n<p>42% n\u00e9cessitent \u00e9galement des th\u00e9rapies de sant\u00e9 mentale alternatives, qui ne sont couvertes que par 17% des assureurs, et pr\u00e8s de la moiti\u00e9 des autres n&rsquo;envisagent pas non plus d&rsquo;y rem\u00e9dier.<\/p>\n<p>Les assurances maladie priv\u00e9es accordent une plus grande attention aux soins de sant\u00e9 mentale, mais cela reste une carence pour de nombreuses entreprises, et la couverture est moins syst\u00e9matique que pour certains autres domaines de la sant\u00e9. La sant\u00e9 \u00e9motionnelle et mentale repr\u00e9sente un facteur de risque de plus en plus important et les employeurs doivent prendre conscience de l&rsquo;ampleur et de la qualit\u00e9 du soutien des.<\/p>\n<h3><strong><em>Attention insuffisante aux probl\u00e8mes de sant\u00e9 f\u00e9minins<\/em><\/strong><\/h3>\n<p>Les assureurs ne prennent en charge les probl\u00e8mes de sant\u00e9 f\u00e9minine que de mani\u00e8re sporadique. Il appara\u00eet ainsi que plus de la moiti\u00e9 des assureurs europ\u00e9ens ne couvrent pas la m\u00e9decine reproductive ou les soins typiquement f\u00e9minins dans leurs plans.<\/p>\n<p>Les principaux sont les suivants :<\/p>\n<ul>\n<li>Cong\u00e9lation des ovocytes ou du sperme (60%)<\/li>\n<li>Mat\u00e9riel et aide pour l&rsquo;allaitement (coaching, tirage du lait, stockage hygi\u00e9nique\u2026) (63%)<\/li>\n<li>Planning familial pour la conception (55%)<\/li>\n<\/ul>\n<p>Les soins n\u00e9cessaires en mati\u00e8re de fertilit\u00e9 (FIV, par ex.) ne sont pas non plus couverts par pr\u00e8s de 40 % des assureurs europ\u00e9ens, pas plus que les soins et l&rsquo;assistance durant la m\u00e9nopause.<\/p>\n<p>Les employeurs qui souhaitent am\u00e9liorer l&rsquo;\u00e9galit\u00e9 des genres au travail feraient bien de voir avec leur assureur comment ils peuvent r\u00e9pondre \u00e0 ces besoins r\u00e9els. Ces soins de sant\u00e9 typiquement f\u00e9minins repr\u00e9sentent actuellement une lacune qu&rsquo;il faut absolument combler.<\/p>\n<p>&nbsp;<\/p>\n<p><em>Source: Mercer<\/em><\/p>\n","protected":false},"excerpt":{"rendered":"<p>Mercer Marsh Benefits m\u00e8ne une enqu\u00eate mondiale sur les assurances maladie apr\u00e8s la pand\u00e9mie. Depuis la pand\u00e9mie de coronavirus, les co\u00fbts des soins de sant\u00e9 ne cessent de grimper. Dans le m\u00eame temps, les besoins des patients ont chang\u00e9 \u2013 [&hellip;]<\/p>\n","protected":false},"author":2,"featured_media":15379,"comment_status":"closed","ping_status":"open","sticky":false,"template":"","format":"standard","meta":[],"categories":[65,10],"tags":[375,372,3722,42,358,17,240],"yoast_head":"<!-- This site is optimized with the Yoast SEO plugin v21.0 - https:\/\/yoast.com\/wordpress\/plugins\/seo\/ -->\n<title>Les assurances groupe confront\u00e9es aux nouveaux besoins de sant\u00e9 et \u00e0 la question de l&#039;\u00e9galit\u00e9 des genres. - Peoplesphere<\/title>\n<meta name=\"robots\" content=\"index, follow, max-snippet:-1, max-image-preview:large, max-video-preview:-1\" \/>\n<link rel=\"canonical\" href=\"https:\/\/peoplesphere.be\/fr\/les-assurances-groupe-confrontees-aux-nouveaux-besoin-de-sante-et-a-la-question-de-legalite-des-genres\/\" \/>\n<meta property=\"og:locale\" content=\"fr_FR\" \/>\n<meta property=\"og:type\" content=\"article\" \/>\n<meta property=\"og:title\" content=\"Les assurances groupe confront\u00e9es aux nouveaux besoins de sant\u00e9 et \u00e0 la question de l&#039;\u00e9galit\u00e9 des genres. - Peoplesphere\" \/>\n<meta property=\"og:description\" content=\"Mercer Marsh Benefits m\u00e8ne une enqu\u00eate mondiale sur les assurances maladie apr\u00e8s la pand\u00e9mie. Depuis la pand\u00e9mie de coronavirus, les co\u00fbts des soins de sant\u00e9 ne cessent de grimper. Dans le m\u00eame temps, les besoins des patients ont chang\u00e9 \u2013 [&hellip;]\" \/>\n<meta property=\"og:url\" content=\"https:\/\/peoplesphere.be\/fr\/les-assurances-groupe-confrontees-aux-nouveaux-besoin-de-sante-et-a-la-question-de-legalite-des-genres\/\" \/>\n<meta property=\"og:site_name\" content=\"Peoplesphere\" \/>\n<meta property=\"article:publisher\" content=\"https:\/\/www.facebook.com\/peoplesphere\" \/>\n<meta property=\"article:published_time\" content=\"2023-12-06T05:30:57+00:00\" \/>\n<meta property=\"article:modified_time\" content=\"2023-12-06T13:29:43+00:00\" \/>\n<meta property=\"og:image\" content=\"https:\/\/peoplesphere.be\/fr\/wp-content\/uploads\/2023\/12\/20231206healtcarewomerecut.jpg\" \/>\n\t<meta property=\"og:image:width\" content=\"1178\" \/>\n\t<meta property=\"og:image:height\" content=\"600\" \/>\n\t<meta property=\"og:image:type\" content=\"image\/jpeg\" \/>\n<meta name=\"author\" content=\"Jean-Paul Erhard\" \/>\n<meta name=\"twitter:card\" content=\"summary_large_image\" \/>\n<meta name=\"twitter:creator\" content=\"@PeoplesphereMag\" \/>\n<meta name=\"twitter:site\" content=\"@PeoplesphereMag\" \/>\n<meta name=\"twitter:label1\" content=\"\u00c9crit par\" \/>\n\t<meta name=\"twitter:data1\" content=\"Jean-Paul Erhard\" \/>\n\t<meta name=\"twitter:label2\" content=\"Dur\u00e9e de lecture estim\u00e9e\" \/>\n\t<meta name=\"twitter:data2\" content=\"3 minutes\" \/>\n<script type=\"application\/ld+json\" class=\"yoast-schema-graph\">{\"@context\":\"https:\/\/schema.org\",\"@graph\":[{\"@type\":\"Article\",\"@id\":\"https:\/\/peoplesphere.be\/fr\/les-assurances-groupe-confrontees-aux-nouveaux-besoin-de-sante-et-a-la-question-de-legalite-des-genres\/#article\",\"isPartOf\":{\"@id\":\"https:\/\/peoplesphere.be\/fr\/les-assurances-groupe-confrontees-aux-nouveaux-besoin-de-sante-et-a-la-question-de-legalite-des-genres\/\"},\"author\":{\"name\":\"Jean-Paul Erhard\",\"@id\":\"https:\/\/peoplesphere.be\/fr\/#\/schema\/person\/7976225ff17988604334abb7b3536a7e\"},\"headline\":\"Les assurances groupe confront\u00e9es aux nouveaux besoins de sant\u00e9 et \u00e0 la question de l&rsquo;\u00e9galit\u00e9 des genres.\",\"datePublished\":\"2023-12-06T05:30:57+00:00\",\"dateModified\":\"2023-12-06T13:29:43+00:00\",\"mainEntityOfPage\":{\"@id\":\"https:\/\/peoplesphere.be\/fr\/les-assurances-groupe-confrontees-aux-nouveaux-besoin-de-sante-et-a-la-question-de-legalite-des-genres\/\"},\"wordCount\":635,\"publisher\":{\"@id\":\"https:\/\/peoplesphere.be\/fr\/#organization\"},\"keywords\":[\"assurance groupe\",\"assurances\",\"\u00e9galit\u00e9 des genre\",\"Pr\u00e9vention\",\"r\u00e9mun\u00e9rations alternatives\",\"Sant\u00e9\",\"soins de sant\u00e9\"],\"articleSection\":[\"Actualit\u00e9s\",\"Digital\"],\"inLanguage\":\"fr-FR\"},{\"@type\":\"WebPage\",\"@id\":\"https:\/\/peoplesphere.be\/fr\/les-assurances-groupe-confrontees-aux-nouveaux-besoin-de-sante-et-a-la-question-de-legalite-des-genres\/\",\"url\":\"https:\/\/peoplesphere.be\/fr\/les-assurances-groupe-confrontees-aux-nouveaux-besoin-de-sante-et-a-la-question-de-legalite-des-genres\/\",\"name\":\"Les assurances groupe confront\u00e9es aux nouveaux besoins de sant\u00e9 et \u00e0 la question de l'\u00e9galit\u00e9 des genres. - Peoplesphere\",\"isPartOf\":{\"@id\":\"https:\/\/peoplesphere.be\/fr\/#website\"},\"datePublished\":\"2023-12-06T05:30:57+00:00\",\"dateModified\":\"2023-12-06T13:29:43+00:00\",\"breadcrumb\":{\"@id\":\"https:\/\/peoplesphere.be\/fr\/les-assurances-groupe-confrontees-aux-nouveaux-besoin-de-sante-et-a-la-question-de-legalite-des-genres\/#breadcrumb\"},\"inLanguage\":\"fr-FR\",\"potentialAction\":[{\"@type\":\"ReadAction\",\"target\":[\"https:\/\/peoplesphere.be\/fr\/les-assurances-groupe-confrontees-aux-nouveaux-besoin-de-sante-et-a-la-question-de-legalite-des-genres\/\"]}]},{\"@type\":\"BreadcrumbList\",\"@id\":\"https:\/\/peoplesphere.be\/fr\/les-assurances-groupe-confrontees-aux-nouveaux-besoin-de-sante-et-a-la-question-de-legalite-des-genres\/#breadcrumb\",\"itemListElement\":[{\"@type\":\"ListItem\",\"position\":1,\"name\":\"Accueil\",\"item\":\"https:\/\/peoplesphere.be\/fr\/\"},{\"@type\":\"ListItem\",\"position\":2,\"name\":\"Les assurances groupe confront\u00e9es aux nouveaux besoins de sant\u00e9 et \u00e0 la question de l&rsquo;\u00e9galit\u00e9 des genres.\"}]},{\"@type\":\"WebSite\",\"@id\":\"https:\/\/peoplesphere.be\/fr\/#website\",\"url\":\"https:\/\/peoplesphere.be\/fr\/\",\"name\":\"Peoplesphere\",\"description\":\"The People Managers Magazine\",\"publisher\":{\"@id\":\"https:\/\/peoplesphere.be\/fr\/#organization\"},\"potentialAction\":[{\"@type\":\"SearchAction\",\"target\":{\"@type\":\"EntryPoint\",\"urlTemplate\":\"https:\/\/peoplesphere.be\/fr\/?s={search_term_string}\"},\"query-input\":\"required name=search_term_string\"}],\"inLanguage\":\"fr-FR\"},{\"@type\":\"Organization\",\"@id\":\"https:\/\/peoplesphere.be\/fr\/#organization\",\"name\":\"Peoplesphere Company srl\",\"url\":\"https:\/\/peoplesphere.be\/fr\/\",\"logo\":{\"@type\":\"ImageObject\",\"inLanguage\":\"fr-FR\",\"@id\":\"https:\/\/peoplesphere.be\/fr\/#\/schema\/logo\/image\/\",\"url\":\"https:\/\/peoplesphere.be\/fr\/wp-content\/uploads\/2023\/07\/peoplesphere-lgo-new-generik.jpg\",\"contentUrl\":\"https:\/\/peoplesphere.be\/fr\/wp-content\/uploads\/2023\/07\/peoplesphere-lgo-new-generik.jpg\",\"width\":1031,\"height\":1479,\"caption\":\"Peoplesphere Company srl\"},\"image\":{\"@id\":\"https:\/\/peoplesphere.be\/fr\/#\/schema\/logo\/image\/\"},\"sameAs\":[\"https:\/\/www.facebook.com\/peoplesphere\",\"https:\/\/twitter.com\/PeoplesphereMag\",\"https:\/\/www.linkedin.com\/company\/7587361?trk\",\"http:\/\/youtube.com\/peoplesphere\"]},{\"@type\":\"Person\",\"@id\":\"https:\/\/peoplesphere.be\/fr\/#\/schema\/person\/7976225ff17988604334abb7b3536a7e\",\"name\":\"Jean-Paul Erhard\",\"image\":{\"@type\":\"ImageObject\",\"inLanguage\":\"fr-FR\",\"@id\":\"https:\/\/peoplesphere.be\/fr\/#\/schema\/person\/image\/\",\"url\":\"https:\/\/secure.gravatar.com\/avatar\/f941e681460179738071629a51574930?s=96&d=mm&r=g\",\"contentUrl\":\"https:\/\/secure.gravatar.com\/avatar\/f941e681460179738071629a51574930?s=96&d=mm&r=g\",\"caption\":\"Jean-Paul Erhard\"},\"url\":\"https:\/\/peoplesphere.be\/fr\/author\/jpe\/\"}]}<\/script>\n<!-- \/ Yoast SEO plugin. -->","yoast_head_json":{"title":"Les assurances groupe confront\u00e9es aux nouveaux besoins de sant\u00e9 et \u00e0 la question de l'\u00e9galit\u00e9 des genres. - Peoplesphere","robots":{"index":"index","follow":"follow","max-snippet":"max-snippet:-1","max-image-preview":"max-image-preview:large","max-video-preview":"max-video-preview:-1"},"canonical":"https:\/\/peoplesphere.be\/fr\/les-assurances-groupe-confrontees-aux-nouveaux-besoin-de-sante-et-a-la-question-de-legalite-des-genres\/","og_locale":"fr_FR","og_type":"article","og_title":"Les assurances groupe confront\u00e9es aux nouveaux besoins de sant\u00e9 et \u00e0 la question de l'\u00e9galit\u00e9 des genres. - Peoplesphere","og_description":"Mercer Marsh Benefits m\u00e8ne une enqu\u00eate mondiale sur les assurances maladie apr\u00e8s la pand\u00e9mie. Depuis la pand\u00e9mie de coronavirus, les co\u00fbts des soins de sant\u00e9 ne cessent de grimper. Dans le m\u00eame temps, les besoins des patients ont chang\u00e9 \u2013 [&hellip;]","og_url":"https:\/\/peoplesphere.be\/fr\/les-assurances-groupe-confrontees-aux-nouveaux-besoin-de-sante-et-a-la-question-de-legalite-des-genres\/","og_site_name":"Peoplesphere","article_publisher":"https:\/\/www.facebook.com\/peoplesphere","article_published_time":"2023-12-06T05:30:57+00:00","article_modified_time":"2023-12-06T13:29:43+00:00","og_image":[{"width":1178,"height":600,"url":"https:\/\/peoplesphere.be\/fr\/wp-content\/uploads\/2023\/12\/20231206healtcarewomerecut.jpg","type":"image\/jpeg"}],"author":"Jean-Paul Erhard","twitter_card":"summary_large_image","twitter_creator":"@PeoplesphereMag","twitter_site":"@PeoplesphereMag","twitter_misc":{"\u00c9crit par":"Jean-Paul Erhard","Dur\u00e9e de lecture estim\u00e9e":"3 minutes"},"schema":{"@context":"https:\/\/schema.org","@graph":[{"@type":"Article","@id":"https:\/\/peoplesphere.be\/fr\/les-assurances-groupe-confrontees-aux-nouveaux-besoin-de-sante-et-a-la-question-de-legalite-des-genres\/#article","isPartOf":{"@id":"https:\/\/peoplesphere.be\/fr\/les-assurances-groupe-confrontees-aux-nouveaux-besoin-de-sante-et-a-la-question-de-legalite-des-genres\/"},"author":{"name":"Jean-Paul Erhard","@id":"https:\/\/peoplesphere.be\/fr\/#\/schema\/person\/7976225ff17988604334abb7b3536a7e"},"headline":"Les assurances groupe confront\u00e9es aux nouveaux besoins de sant\u00e9 et \u00e0 la question de l&rsquo;\u00e9galit\u00e9 des genres.","datePublished":"2023-12-06T05:30:57+00:00","dateModified":"2023-12-06T13:29:43+00:00","mainEntityOfPage":{"@id":"https:\/\/peoplesphere.be\/fr\/les-assurances-groupe-confrontees-aux-nouveaux-besoin-de-sante-et-a-la-question-de-legalite-des-genres\/"},"wordCount":635,"publisher":{"@id":"https:\/\/peoplesphere.be\/fr\/#organization"},"keywords":["assurance groupe","assurances","\u00e9galit\u00e9 des genre","Pr\u00e9vention","r\u00e9mun\u00e9rations alternatives","Sant\u00e9","soins de sant\u00e9"],"articleSection":["Actualit\u00e9s","Digital"],"inLanguage":"fr-FR"},{"@type":"WebPage","@id":"https:\/\/peoplesphere.be\/fr\/les-assurances-groupe-confrontees-aux-nouveaux-besoin-de-sante-et-a-la-question-de-legalite-des-genres\/","url":"https:\/\/peoplesphere.be\/fr\/les-assurances-groupe-confrontees-aux-nouveaux-besoin-de-sante-et-a-la-question-de-legalite-des-genres\/","name":"Les assurances groupe confront\u00e9es aux nouveaux besoins de sant\u00e9 et \u00e0 la question de l'\u00e9galit\u00e9 des genres. - Peoplesphere","isPartOf":{"@id":"https:\/\/peoplesphere.be\/fr\/#website"},"datePublished":"2023-12-06T05:30:57+00:00","dateModified":"2023-12-06T13:29:43+00:00","breadcrumb":{"@id":"https:\/\/peoplesphere.be\/fr\/les-assurances-groupe-confrontees-aux-nouveaux-besoin-de-sante-et-a-la-question-de-legalite-des-genres\/#breadcrumb"},"inLanguage":"fr-FR","potentialAction":[{"@type":"ReadAction","target":["https:\/\/peoplesphere.be\/fr\/les-assurances-groupe-confrontees-aux-nouveaux-besoin-de-sante-et-a-la-question-de-legalite-des-genres\/"]}]},{"@type":"BreadcrumbList","@id":"https:\/\/peoplesphere.be\/fr\/les-assurances-groupe-confrontees-aux-nouveaux-besoin-de-sante-et-a-la-question-de-legalite-des-genres\/#breadcrumb","itemListElement":[{"@type":"ListItem","position":1,"name":"Accueil","item":"https:\/\/peoplesphere.be\/fr\/"},{"@type":"ListItem","position":2,"name":"Les assurances groupe confront\u00e9es aux nouveaux besoins de sant\u00e9 et \u00e0 la question de l&rsquo;\u00e9galit\u00e9 des genres."}]},{"@type":"WebSite","@id":"https:\/\/peoplesphere.be\/fr\/#website","url":"https:\/\/peoplesphere.be\/fr\/","name":"Peoplesphere","description":"The People Managers Magazine","publisher":{"@id":"https:\/\/peoplesphere.be\/fr\/#organization"},"potentialAction":[{"@type":"SearchAction","target":{"@type":"EntryPoint","urlTemplate":"https:\/\/peoplesphere.be\/fr\/?s={search_term_string}"},"query-input":"required name=search_term_string"}],"inLanguage":"fr-FR"},{"@type":"Organization","@id":"https:\/\/peoplesphere.be\/fr\/#organization","name":"Peoplesphere Company srl","url":"https:\/\/peoplesphere.be\/fr\/","logo":{"@type":"ImageObject","inLanguage":"fr-FR","@id":"https:\/\/peoplesphere.be\/fr\/#\/schema\/logo\/image\/","url":"https:\/\/peoplesphere.be\/fr\/wp-content\/uploads\/2023\/07\/peoplesphere-lgo-new-generik.jpg","contentUrl":"https:\/\/peoplesphere.be\/fr\/wp-content\/uploads\/2023\/07\/peoplesphere-lgo-new-generik.jpg","width":1031,"height":1479,"caption":"Peoplesphere Company srl"},"image":{"@id":"https:\/\/peoplesphere.be\/fr\/#\/schema\/logo\/image\/"},"sameAs":["https:\/\/www.facebook.com\/peoplesphere","https:\/\/twitter.com\/PeoplesphereMag","https:\/\/www.linkedin.com\/company\/7587361?trk","http:\/\/youtube.com\/peoplesphere"]},{"@type":"Person","@id":"https:\/\/peoplesphere.be\/fr\/#\/schema\/person\/7976225ff17988604334abb7b3536a7e","name":"Jean-Paul Erhard","image":{"@type":"ImageObject","inLanguage":"fr-FR","@id":"https:\/\/peoplesphere.be\/fr\/#\/schema\/person\/image\/","url":"https:\/\/secure.gravatar.com\/avatar\/f941e681460179738071629a51574930?s=96&d=mm&r=g","contentUrl":"https:\/\/secure.gravatar.com\/avatar\/f941e681460179738071629a51574930?s=96&d=mm&r=g","caption":"Jean-Paul Erhard"},"url":"https:\/\/peoplesphere.be\/fr\/author\/jpe\/"}]}},"_links":{"self":[{"href":"https:\/\/peoplesphere.be\/fr\/wp-json\/wp\/v2\/posts\/15378"}],"collection":[{"href":"https:\/\/peoplesphere.be\/fr\/wp-json\/wp\/v2\/posts"}],"about":[{"href":"https:\/\/peoplesphere.be\/fr\/wp-json\/wp\/v2\/types\/post"}],"author":[{"embeddable":true,"href":"https:\/\/peoplesphere.be\/fr\/wp-json\/wp\/v2\/users\/2"}],"replies":[{"embeddable":true,"href":"https:\/\/peoplesphere.be\/fr\/wp-json\/wp\/v2\/comments?post=15378"}],"version-history":[{"count":2,"href":"https:\/\/peoplesphere.be\/fr\/wp-json\/wp\/v2\/posts\/15378\/revisions"}],"predecessor-version":[{"id":15383,"href":"https:\/\/peoplesphere.be\/fr\/wp-json\/wp\/v2\/posts\/15378\/revisions\/15383"}],"wp:featuredmedia":[{"embeddable":true,"href":"https:\/\/peoplesphere.be\/fr\/wp-json\/wp\/v2\/media\/15379"}],"wp:attachment":[{"href":"https:\/\/peoplesphere.be\/fr\/wp-json\/wp\/v2\/media?parent=15378"}],"wp:term":[{"taxonomy":"category","embeddable":true,"href":"https:\/\/peoplesphere.be\/fr\/wp-json\/wp\/v2\/categories?post=15378"},{"taxonomy":"post_tag","embeddable":true,"href":"https:\/\/peoplesphere.be\/fr\/wp-json\/wp\/v2\/tags?post=15378"}],"curies":[{"name":"wp","href":"https:\/\/api.w.org\/{rel}","templated":true}]}}