









{"id":15388,"date":"2023-12-07T11:59:30","date_gmt":"2023-12-07T09:59:30","guid":{"rendered":"https:\/\/peoplesphere.be\/fr\/?p=15388"},"modified":"2023-12-07T11:59:30","modified_gmt":"2023-12-07T09:59:30","slug":"la-dure-realite-du-confidence-gap-confirmee-par-une-etude-belge-ou-comment-notre-societe-erode-la-confiance-en-soi-des-jeunes-filles-femmes","status":"publish","type":"post","link":"https:\/\/peoplesphere.be\/fr\/la-dure-realite-du-confidence-gap-confirmee-par-une-etude-belge-ou-comment-notre-societe-erode-la-confiance-en-soi-des-jeunes-filles-femmes\/","title":{"rendered":"La dure r\u00e9alit\u00e9 du &lsquo;Confidence Gap&rsquo; confirm\u00e9e par une \u00e9tude belge, ou comment notre soci\u00e9t\u00e9 \u00e9rode la confiance en soi des jeunes filles\/femmes&#8230;"},"content":{"rendered":"<p>Il existe bel et bien une importante diff\u00e9rence de confiance en soi entre les gar\u00e7ons et les filles en Belgique. C\u2019est ce qui ressort d\u2019une nouvelle \u00e9tude r\u00e9alis\u00e9e par le d\u00e9partement RH de l\u2019assureur AXA Belgium et par l\u2019agence Trendwolves qui \u00e9tude les tendances chez les jeunes. Selon cette \u00e9tude, la confiance en soi des jeunes filles d\u00e9cro\u00eet consid\u00e9rablement d\u00e8s l\u2019\u00e2ge de 15 ans. L\u2019\u00e9cart entre les genres commence donc \u00e0 se creuser entre 15 et 19 ans et \u2013 fait remarquable \u2013 s\u2019inscrit de mani\u00e8re d\u00e9finitive entre 20 et 24 ans.<!--more--><\/p>\n<p>L\u2019avenir et la construction du monde inclusif de demain sont entre les mains des jeunes g\u00e9n\u00e9rations aux visions diff\u00e9rentes, aux id\u00e9aux nouveaux, aux sensibilit\u00e9s contemporaines et \u00e0 la fr\u00e9n\u00e9sie juv\u00e9nile. Or, la confiance en soi est l\u2019un des ingr\u00e9dients-cl\u00e9s pour aborder l\u2019avenir avec une image de soi positive, pour faire des choix \u00e9clair\u00e9s et pour prendre les r\u00eanes de sa propre destin\u00e9e (professionnelle). L\u2019assureur AXA Belgium et l\u2019agence Trendwolves ont interrog\u00e9 plus de 1.350 jeunes belges \u00e2g\u00e9s de 10 \u00e0 24 ans sur leur confiance en soi et leur image de soi.<\/p>\n<p><em>\u201cAvec cette recherche, nous voulons mieux comprendre le monde des (tr\u00e8s) jeunes g\u00e9n\u00e9rations &#8211; et en particulier des filles. Je pense qu\u2019il est important que nous prenions le pouls en collectant des donn\u00e9es et, si nous le souhaitons, que nous puissions adapter notre politique RH aux besoins des jeunes g\u00e9n\u00e9rations. Ce n\u2019est un secret pour personne que toutes les entreprises sont confront\u00e9es \u00e0 des d\u00e9fis importants en mati\u00e8re de recrutement, de formation et de r\u00e9tention du personnel dans les ann\u00e9es \u00e0 venir. Nous voulons aussi soutenir les jeunes pour qu\u2019ils puissent commencer leur vie professionnelle avec plus de confiance en eux. Les donn\u00e9es montrent qu\u2019il est tr\u00e8s important pour la confiance en soi des filles et des jeunes femmes d\u2019\u00eatre en s\u00e9curit\u00e9, d\u2019\u00eatre avec des personnes en qui elles ont confiance et chez qui elles se sentent accept\u00e9es.\u201d<\/em> &#8211; Els Jans, Chief People Officer chez AXA Belgium<\/p>\n<p>M\u00eame dans la tranche d\u2019\u00e2ge inf\u00e9rieure (10-14 ans), le manque de confiance en soi chez les filles est plus important que chez les gar\u00e7ons (73% contre 64%). Cependant, plus ils sont \u00e2g\u00e9s, plus la confiance en soi des gar\u00e7ons augmente. Dans l\u2019ensemble, 70% des filles disent qu\u2019elles ne se sentent souvent pas en s\u00e9curit\u00e9 (contre 53% chez les gar\u00e7ons). Parmi les filles de 10 \u00e0 14 ans, 62% d\u00e9clarent avoir une image positive d&rsquo;elles-m\u00eames, mais ce chiffre diminue avec l&rsquo;\u00e2ge : parmi les 15-19 ans, il est de 57%, et parmi les 20-24 ans, il n&rsquo;est que de 48%.<\/p>\n<h3><strong><em>Les gar\u00e7ons sont nettement plus confiants en leurs capacit\u00e9s et en leurs chances de r\u00e9ussite<\/em><\/strong><\/h3>\n<p>Aujourd\u2019hui, toute entreprise florissante a pour priorit\u00e9 RH d\u2019accompagner et d\u2019aider son personnel \u00e0 gagner en assurance et \u00e0 prendre sa carri\u00e8re en main. Il s\u2019av\u00e8re toutefois indispensable de renforcer la confiance en soi chez les jeunes, et en particulier les jeunes filles, avant leur entr\u00e9e dans le monde du travail. 29% des filles comparent leurs r\u00e9sultats scolaires \u00e0 ceux de leurs camarades du m\u00eame \u00e2ge. Et cette mentalit\u00e9 \u00ab\u00a0elle a mieux r\u00e9ussi que moi\u00a0\u00bb a \u00e0 son tour une incidence n\u00e9gative sur leurs projets d\u2019avenir ou sur l\u2019id\u00e9e qu\u2019elles se font de leurs propres chances de r\u00e9ussite (51% des filles doutent fortement de leur r\u00e9ussite future contre 38% des gar\u00e7ons). D\u2019apr\u00e8s les entretiens qualitatifs men\u00e9s dans le cadre de l\u2019\u00e9tude <em>\u00ab\u00a0La confiance en soi : un d\u00e9calage qui se creuse\u00a0\u00bb,<\/em> la confiance en soi est au plus bas lorsque les filles doivent \u00eatre performantes, par exemple lors de tests ou en p\u00e9riode d\u2019examens. Les gar\u00e7ons d\u00e9clarent, quant \u00e0 eux, subir moins de pression \u00e0 cet \u00e9gard.<\/p>\n<p>Notons que la moiti\u00e9 des filles interrog\u00e9es d\u00e9clarent penser que les gar\u00e7ons et les hommes ont plus de chances de r\u00e9ussir et de s\u2019imposer dans notre soci\u00e9t\u00e9 que les filles et les femmes. Parmi les gar\u00e7ons interrog\u00e9s, 70% d\u2019entre eux sont intimement convaincus de l\u2019\u00e9galit\u00e9 des chances dans la vie (personnelle et professionnelle) entre les hommes et les femmes.<\/p>\n<h3><strong><em>Pour plus de la moiti\u00e9 des jeunes n\u00e9s \u00e0 l\u2019\u00e8re du num\u00e9rique, les r\u00e9seaux sociaux ont un impact n\u00e9gatif sur l\u2019image de soi<\/em><\/strong><\/h3>\n<p>Chez les filles, c\u2019est dans la tranche d\u2019\u00e2ge des 15-19 ans que l\u2019int\u00e9r\u00eat pour la mode (33%) et l\u2019importance des r\u00e9seaux sociaux (43%) et des amis (53%) atteignent leur apog\u00e9e. Cet \u00e2ge marque aussi un tournant dans la confiance en soi, voire son effondrement. Rien de surprenant \u00e0 cela : l\u2019influence des r\u00e9seaux sociaux sur nos jeunes est consid\u00e9rable. Les chiffres r\u00e9cents de Mediawijs montrent que cette ann\u00e9e, Instagram est la deuxi\u00e8me application la plus populaire chez les 13-18 ans (80%), derri\u00e8re WhatsApp (92%).<\/p>\n<p>Filles et gar\u00e7ons d\u00e9clarent \u00eatre fortement influenc\u00e9s par les r\u00e9seaux sociaux, de mani\u00e8re positive ou n\u00e9gative. Plus de la moiti\u00e9 (60%) de ces natifs du num\u00e9rique reconnaissent l\u2019incidence n\u00e9gative des r\u00e9seaux sociaux sur l\u2019image qu\u2019ils se font d\u2019eux-m\u00eames. Les filles en particulier se comparent souvent entre elles sur les r\u00e9seaux sociaux, en particulier en ce qui concerne leur physique et l\u2019image que leur corps leur renvoie (46% contre 28% chez les gar\u00e7ons). Chez les filles, 69% d\u2019entre elles comparent leur physique \u00e0 celui de jeunes filles du m\u00eame \u00e2ge.<\/p>\n<p>V\u00e9ritables fans de sport, les gar\u00e7ons (54% contre 22% des filles interrog\u00e9es) sont \u00e9galement tr\u00e8s port\u00e9s sur la technologie (33% contre 6,5% des filles interrog\u00e9es). Ces r\u00e9sultats peuvent expliquer pourquoi les gar\u00e7ons ont davantage tendance \u00e0 s\u2019orienter vers des \u00e9tudes et des emplois dans le domaine des math\u00e9matiques et des sciences.<\/p>\n<p><em>\u201cLe manque de confiance en soi des filles belges que nous pouvons d\u00e9duire de nos recherches a un impact social plus large et laisse des traces tout au long de leur vie, par exemple en termes de choix de domaine d\u2019\u00e9tudes et de confiance en soi sur le lieu de travail.\u00a0\u00bb<\/em> &#8211; Maarten Leyts, CEO de Trendwolves<\/p>\n<p>&nbsp;<\/p>\n<p>Source : Axa Belgium<\/p>\n","protected":false},"excerpt":{"rendered":"<p>Il existe bel et bien une importante diff\u00e9rence de confiance en soi entre les gar\u00e7ons et les filles en Belgique. C\u2019est ce qui ressort d\u2019une nouvelle \u00e9tude r\u00e9alis\u00e9e par le d\u00e9partement RH de l\u2019assureur AXA Belgium et par l\u2019agence Trendwolves [&hellip;]<\/p>\n","protected":false},"author":2,"featured_media":15389,"comment_status":"closed","ping_status":"open","sticky":false,"template":"","format":"standard","meta":[],"categories":[65,10],"tags":[3935,3936,292,577,1464],"yoast_head":"<!-- This site is optimized with the Yoast SEO plugin v21.0 - https:\/\/yoast.com\/wordpress\/plugins\/seo\/ -->\n<title>La dure r\u00e9alit\u00e9 du &#039;Confidence Gap&#039; confirm\u00e9e par une \u00e9tude belge, ou comment notre soci\u00e9t\u00e9 \u00e9rode la confiance en soi des jeunes filles\/femmes... - Peoplesphere<\/title>\n<meta name=\"robots\" content=\"index, follow, max-snippet:-1, max-image-preview:large, max-video-preview:-1\" \/>\n<link rel=\"canonical\" href=\"https:\/\/peoplesphere.be\/fr\/la-dure-realite-du-confidence-gap-confirmee-par-une-etude-belge-ou-comment-notre-societe-erode-la-confiance-en-soi-des-jeunes-filles-femmes\/\" \/>\n<meta property=\"og:locale\" content=\"fr_FR\" \/>\n<meta property=\"og:type\" content=\"article\" \/>\n<meta property=\"og:title\" content=\"La dure r\u00e9alit\u00e9 du &#039;Confidence Gap&#039; confirm\u00e9e par une \u00e9tude belge, ou comment notre soci\u00e9t\u00e9 \u00e9rode la confiance en soi des jeunes filles\/femmes... - Peoplesphere\" \/>\n<meta property=\"og:description\" content=\"Il existe bel et bien une importante diff\u00e9rence de confiance en soi entre les gar\u00e7ons et les filles en Belgique. C\u2019est ce qui ressort d\u2019une nouvelle \u00e9tude r\u00e9alis\u00e9e par le d\u00e9partement RH de l\u2019assureur AXA Belgium et par l\u2019agence Trendwolves [&hellip;]\" \/>\n<meta property=\"og:url\" content=\"https:\/\/peoplesphere.be\/fr\/la-dure-realite-du-confidence-gap-confirmee-par-une-etude-belge-ou-comment-notre-societe-erode-la-confiance-en-soi-des-jeunes-filles-femmes\/\" \/>\n<meta property=\"og:site_name\" content=\"Peoplesphere\" \/>\n<meta property=\"article:publisher\" content=\"https:\/\/www.facebook.com\/peoplesphere\" \/>\n<meta property=\"article:published_time\" content=\"2023-12-07T09:59:30+00:00\" \/>\n<meta property=\"og:image\" content=\"https:\/\/peoplesphere.be\/fr\/wp-content\/uploads\/2023\/12\/20231207confidencegap.jpg\" \/>\n\t<meta property=\"og:image:width\" content=\"1160\" \/>\n\t<meta property=\"og:image:height\" content=\"746\" \/>\n\t<meta property=\"og:image:type\" content=\"image\/jpeg\" \/>\n<meta name=\"author\" content=\"Jean-Paul Erhard\" \/>\n<meta name=\"twitter:card\" content=\"summary_large_image\" \/>\n<meta name=\"twitter:creator\" content=\"@PeoplesphereMag\" \/>\n<meta name=\"twitter:site\" content=\"@PeoplesphereMag\" \/>\n<meta name=\"twitter:label1\" content=\"\u00c9crit par\" \/>\n\t<meta name=\"twitter:data1\" content=\"Jean-Paul Erhard\" \/>\n\t<meta name=\"twitter:label2\" content=\"Dur\u00e9e de lecture estim\u00e9e\" \/>\n\t<meta name=\"twitter:data2\" content=\"5 minutes\" \/>\n<script type=\"application\/ld+json\" class=\"yoast-schema-graph\">{\"@context\":\"https:\/\/schema.org\",\"@graph\":[{\"@type\":\"Article\",\"@id\":\"https:\/\/peoplesphere.be\/fr\/la-dure-realite-du-confidence-gap-confirmee-par-une-etude-belge-ou-comment-notre-societe-erode-la-confiance-en-soi-des-jeunes-filles-femmes\/#article\",\"isPartOf\":{\"@id\":\"https:\/\/peoplesphere.be\/fr\/la-dure-realite-du-confidence-gap-confirmee-par-une-etude-belge-ou-comment-notre-societe-erode-la-confiance-en-soi-des-jeunes-filles-femmes\/\"},\"author\":{\"name\":\"Jean-Paul Erhard\",\"@id\":\"https:\/\/peoplesphere.be\/fr\/#\/schema\/person\/7976225ff17988604334abb7b3536a7e\"},\"headline\":\"La dure r\u00e9alit\u00e9 du &lsquo;Confidence Gap&rsquo; confirm\u00e9e par une \u00e9tude belge, ou comment notre soci\u00e9t\u00e9 \u00e9rode la confiance en soi des jeunes filles\/femmes&#8230;\",\"datePublished\":\"2023-12-07T09:59:30+00:00\",\"dateModified\":\"2023-12-07T09:59:30+00:00\",\"mainEntityOfPage\":{\"@id\":\"https:\/\/peoplesphere.be\/fr\/la-dure-realite-du-confidence-gap-confirmee-par-une-etude-belge-ou-comment-notre-societe-erode-la-confiance-en-soi-des-jeunes-filles-femmes\/\"},\"wordCount\":1114,\"publisher\":{\"@id\":\"https:\/\/peoplesphere.be\/fr\/#organization\"},\"keywords\":[\"confiance en soi\",\"Confidence Gap\",\"\u00e9galit\u00e9 des genres\",\"empowerment\",\"soci\u00e9t\u00e9\"],\"articleSection\":[\"Actualit\u00e9s\",\"Digital\"],\"inLanguage\":\"fr-FR\"},{\"@type\":\"WebPage\",\"@id\":\"https:\/\/peoplesphere.be\/fr\/la-dure-realite-du-confidence-gap-confirmee-par-une-etude-belge-ou-comment-notre-societe-erode-la-confiance-en-soi-des-jeunes-filles-femmes\/\",\"url\":\"https:\/\/peoplesphere.be\/fr\/la-dure-realite-du-confidence-gap-confirmee-par-une-etude-belge-ou-comment-notre-societe-erode-la-confiance-en-soi-des-jeunes-filles-femmes\/\",\"name\":\"La dure r\u00e9alit\u00e9 du 'Confidence Gap' confirm\u00e9e par une \u00e9tude belge, ou comment notre soci\u00e9t\u00e9 \u00e9rode la confiance en soi des jeunes filles\/femmes... - Peoplesphere\",\"isPartOf\":{\"@id\":\"https:\/\/peoplesphere.be\/fr\/#website\"},\"datePublished\":\"2023-12-07T09:59:30+00:00\",\"dateModified\":\"2023-12-07T09:59:30+00:00\",\"breadcrumb\":{\"@id\":\"https:\/\/peoplesphere.be\/fr\/la-dure-realite-du-confidence-gap-confirmee-par-une-etude-belge-ou-comment-notre-societe-erode-la-confiance-en-soi-des-jeunes-filles-femmes\/#breadcrumb\"},\"inLanguage\":\"fr-FR\",\"potentialAction\":[{\"@type\":\"ReadAction\",\"target\":[\"https:\/\/peoplesphere.be\/fr\/la-dure-realite-du-confidence-gap-confirmee-par-une-etude-belge-ou-comment-notre-societe-erode-la-confiance-en-soi-des-jeunes-filles-femmes\/\"]}]},{\"@type\":\"BreadcrumbList\",\"@id\":\"https:\/\/peoplesphere.be\/fr\/la-dure-realite-du-confidence-gap-confirmee-par-une-etude-belge-ou-comment-notre-societe-erode-la-confiance-en-soi-des-jeunes-filles-femmes\/#breadcrumb\",\"itemListElement\":[{\"@type\":\"ListItem\",\"position\":1,\"name\":\"Accueil\",\"item\":\"https:\/\/peoplesphere.be\/fr\/\"},{\"@type\":\"ListItem\",\"position\":2,\"name\":\"La dure r\u00e9alit\u00e9 du &lsquo;Confidence Gap&rsquo; confirm\u00e9e par une \u00e9tude belge, ou comment notre soci\u00e9t\u00e9 \u00e9rode la confiance en soi des jeunes filles\/femmes&#8230;\"}]},{\"@type\":\"WebSite\",\"@id\":\"https:\/\/peoplesphere.be\/fr\/#website\",\"url\":\"https:\/\/peoplesphere.be\/fr\/\",\"name\":\"Peoplesphere\",\"description\":\"The People Managers Magazine\",\"publisher\":{\"@id\":\"https:\/\/peoplesphere.be\/fr\/#organization\"},\"potentialAction\":[{\"@type\":\"SearchAction\",\"target\":{\"@type\":\"EntryPoint\",\"urlTemplate\":\"https:\/\/peoplesphere.be\/fr\/?s={search_term_string}\"},\"query-input\":\"required name=search_term_string\"}],\"inLanguage\":\"fr-FR\"},{\"@type\":\"Organization\",\"@id\":\"https:\/\/peoplesphere.be\/fr\/#organization\",\"name\":\"Peoplesphere Company srl\",\"url\":\"https:\/\/peoplesphere.be\/fr\/\",\"logo\":{\"@type\":\"ImageObject\",\"inLanguage\":\"fr-FR\",\"@id\":\"https:\/\/peoplesphere.be\/fr\/#\/schema\/logo\/image\/\",\"url\":\"https:\/\/peoplesphere.be\/fr\/wp-content\/uploads\/2023\/07\/peoplesphere-lgo-new-generik.jpg\",\"contentUrl\":\"https:\/\/peoplesphere.be\/fr\/wp-content\/uploads\/2023\/07\/peoplesphere-lgo-new-generik.jpg\",\"width\":1031,\"height\":1479,\"caption\":\"Peoplesphere Company srl\"},\"image\":{\"@id\":\"https:\/\/peoplesphere.be\/fr\/#\/schema\/logo\/image\/\"},\"sameAs\":[\"https:\/\/www.facebook.com\/peoplesphere\",\"https:\/\/twitter.com\/PeoplesphereMag\",\"https:\/\/www.linkedin.com\/company\/7587361?trk\",\"http:\/\/youtube.com\/peoplesphere\"]},{\"@type\":\"Person\",\"@id\":\"https:\/\/peoplesphere.be\/fr\/#\/schema\/person\/7976225ff17988604334abb7b3536a7e\",\"name\":\"Jean-Paul Erhard\",\"image\":{\"@type\":\"ImageObject\",\"inLanguage\":\"fr-FR\",\"@id\":\"https:\/\/peoplesphere.be\/fr\/#\/schema\/person\/image\/\",\"url\":\"https:\/\/secure.gravatar.com\/avatar\/f941e681460179738071629a51574930?s=96&d=mm&r=g\",\"contentUrl\":\"https:\/\/secure.gravatar.com\/avatar\/f941e681460179738071629a51574930?s=96&d=mm&r=g\",\"caption\":\"Jean-Paul Erhard\"},\"url\":\"https:\/\/peoplesphere.be\/fr\/author\/jpe\/\"}]}<\/script>\n<!-- \/ Yoast SEO plugin. -->","yoast_head_json":{"title":"La dure r\u00e9alit\u00e9 du 'Confidence Gap' confirm\u00e9e par une \u00e9tude belge, ou comment notre soci\u00e9t\u00e9 \u00e9rode la confiance en soi des jeunes filles\/femmes... - Peoplesphere","robots":{"index":"index","follow":"follow","max-snippet":"max-snippet:-1","max-image-preview":"max-image-preview:large","max-video-preview":"max-video-preview:-1"},"canonical":"https:\/\/peoplesphere.be\/fr\/la-dure-realite-du-confidence-gap-confirmee-par-une-etude-belge-ou-comment-notre-societe-erode-la-confiance-en-soi-des-jeunes-filles-femmes\/","og_locale":"fr_FR","og_type":"article","og_title":"La dure r\u00e9alit\u00e9 du 'Confidence Gap' confirm\u00e9e par une \u00e9tude belge, ou comment notre soci\u00e9t\u00e9 \u00e9rode la confiance en soi des jeunes filles\/femmes... - Peoplesphere","og_description":"Il existe bel et bien une importante diff\u00e9rence de confiance en soi entre les gar\u00e7ons et les filles en Belgique. C\u2019est ce qui ressort d\u2019une nouvelle \u00e9tude r\u00e9alis\u00e9e par le d\u00e9partement RH de l\u2019assureur AXA Belgium et par l\u2019agence Trendwolves [&hellip;]","og_url":"https:\/\/peoplesphere.be\/fr\/la-dure-realite-du-confidence-gap-confirmee-par-une-etude-belge-ou-comment-notre-societe-erode-la-confiance-en-soi-des-jeunes-filles-femmes\/","og_site_name":"Peoplesphere","article_publisher":"https:\/\/www.facebook.com\/peoplesphere","article_published_time":"2023-12-07T09:59:30+00:00","og_image":[{"width":1160,"height":746,"url":"https:\/\/peoplesphere.be\/fr\/wp-content\/uploads\/2023\/12\/20231207confidencegap.jpg","type":"image\/jpeg"}],"author":"Jean-Paul Erhard","twitter_card":"summary_large_image","twitter_creator":"@PeoplesphereMag","twitter_site":"@PeoplesphereMag","twitter_misc":{"\u00c9crit par":"Jean-Paul Erhard","Dur\u00e9e de lecture estim\u00e9e":"5 minutes"},"schema":{"@context":"https:\/\/schema.org","@graph":[{"@type":"Article","@id":"https:\/\/peoplesphere.be\/fr\/la-dure-realite-du-confidence-gap-confirmee-par-une-etude-belge-ou-comment-notre-societe-erode-la-confiance-en-soi-des-jeunes-filles-femmes\/#article","isPartOf":{"@id":"https:\/\/peoplesphere.be\/fr\/la-dure-realite-du-confidence-gap-confirmee-par-une-etude-belge-ou-comment-notre-societe-erode-la-confiance-en-soi-des-jeunes-filles-femmes\/"},"author":{"name":"Jean-Paul Erhard","@id":"https:\/\/peoplesphere.be\/fr\/#\/schema\/person\/7976225ff17988604334abb7b3536a7e"},"headline":"La dure r\u00e9alit\u00e9 du &lsquo;Confidence Gap&rsquo; confirm\u00e9e par une \u00e9tude belge, ou comment notre soci\u00e9t\u00e9 \u00e9rode la confiance en soi des jeunes filles\/femmes&#8230;","datePublished":"2023-12-07T09:59:30+00:00","dateModified":"2023-12-07T09:59:30+00:00","mainEntityOfPage":{"@id":"https:\/\/peoplesphere.be\/fr\/la-dure-realite-du-confidence-gap-confirmee-par-une-etude-belge-ou-comment-notre-societe-erode-la-confiance-en-soi-des-jeunes-filles-femmes\/"},"wordCount":1114,"publisher":{"@id":"https:\/\/peoplesphere.be\/fr\/#organization"},"keywords":["confiance en soi","Confidence Gap","\u00e9galit\u00e9 des genres","empowerment","soci\u00e9t\u00e9"],"articleSection":["Actualit\u00e9s","Digital"],"inLanguage":"fr-FR"},{"@type":"WebPage","@id":"https:\/\/peoplesphere.be\/fr\/la-dure-realite-du-confidence-gap-confirmee-par-une-etude-belge-ou-comment-notre-societe-erode-la-confiance-en-soi-des-jeunes-filles-femmes\/","url":"https:\/\/peoplesphere.be\/fr\/la-dure-realite-du-confidence-gap-confirmee-par-une-etude-belge-ou-comment-notre-societe-erode-la-confiance-en-soi-des-jeunes-filles-femmes\/","name":"La dure r\u00e9alit\u00e9 du 'Confidence Gap' confirm\u00e9e par une \u00e9tude belge, ou comment notre soci\u00e9t\u00e9 \u00e9rode la confiance en soi des jeunes filles\/femmes... - Peoplesphere","isPartOf":{"@id":"https:\/\/peoplesphere.be\/fr\/#website"},"datePublished":"2023-12-07T09:59:30+00:00","dateModified":"2023-12-07T09:59:30+00:00","breadcrumb":{"@id":"https:\/\/peoplesphere.be\/fr\/la-dure-realite-du-confidence-gap-confirmee-par-une-etude-belge-ou-comment-notre-societe-erode-la-confiance-en-soi-des-jeunes-filles-femmes\/#breadcrumb"},"inLanguage":"fr-FR","potentialAction":[{"@type":"ReadAction","target":["https:\/\/peoplesphere.be\/fr\/la-dure-realite-du-confidence-gap-confirmee-par-une-etude-belge-ou-comment-notre-societe-erode-la-confiance-en-soi-des-jeunes-filles-femmes\/"]}]},{"@type":"BreadcrumbList","@id":"https:\/\/peoplesphere.be\/fr\/la-dure-realite-du-confidence-gap-confirmee-par-une-etude-belge-ou-comment-notre-societe-erode-la-confiance-en-soi-des-jeunes-filles-femmes\/#breadcrumb","itemListElement":[{"@type":"ListItem","position":1,"name":"Accueil","item":"https:\/\/peoplesphere.be\/fr\/"},{"@type":"ListItem","position":2,"name":"La dure r\u00e9alit\u00e9 du &lsquo;Confidence Gap&rsquo; confirm\u00e9e par une \u00e9tude belge, ou comment notre soci\u00e9t\u00e9 \u00e9rode la confiance en soi des jeunes filles\/femmes&#8230;"}]},{"@type":"WebSite","@id":"https:\/\/peoplesphere.be\/fr\/#website","url":"https:\/\/peoplesphere.be\/fr\/","name":"Peoplesphere","description":"The People Managers Magazine","publisher":{"@id":"https:\/\/peoplesphere.be\/fr\/#organization"},"potentialAction":[{"@type":"SearchAction","target":{"@type":"EntryPoint","urlTemplate":"https:\/\/peoplesphere.be\/fr\/?s={search_term_string}"},"query-input":"required name=search_term_string"}],"inLanguage":"fr-FR"},{"@type":"Organization","@id":"https:\/\/peoplesphere.be\/fr\/#organization","name":"Peoplesphere Company srl","url":"https:\/\/peoplesphere.be\/fr\/","logo":{"@type":"ImageObject","inLanguage":"fr-FR","@id":"https:\/\/peoplesphere.be\/fr\/#\/schema\/logo\/image\/","url":"https:\/\/peoplesphere.be\/fr\/wp-content\/uploads\/2023\/07\/peoplesphere-lgo-new-generik.jpg","contentUrl":"https:\/\/peoplesphere.be\/fr\/wp-content\/uploads\/2023\/07\/peoplesphere-lgo-new-generik.jpg","width":1031,"height":1479,"caption":"Peoplesphere Company srl"},"image":{"@id":"https:\/\/peoplesphere.be\/fr\/#\/schema\/logo\/image\/"},"sameAs":["https:\/\/www.facebook.com\/peoplesphere","https:\/\/twitter.com\/PeoplesphereMag","https:\/\/www.linkedin.com\/company\/7587361?trk","http:\/\/youtube.com\/peoplesphere"]},{"@type":"Person","@id":"https:\/\/peoplesphere.be\/fr\/#\/schema\/person\/7976225ff17988604334abb7b3536a7e","name":"Jean-Paul Erhard","image":{"@type":"ImageObject","inLanguage":"fr-FR","@id":"https:\/\/peoplesphere.be\/fr\/#\/schema\/person\/image\/","url":"https:\/\/secure.gravatar.com\/avatar\/f941e681460179738071629a51574930?s=96&d=mm&r=g","contentUrl":"https:\/\/secure.gravatar.com\/avatar\/f941e681460179738071629a51574930?s=96&d=mm&r=g","caption":"Jean-Paul Erhard"},"url":"https:\/\/peoplesphere.be\/fr\/author\/jpe\/"}]}},"_links":{"self":[{"href":"https:\/\/peoplesphere.be\/fr\/wp-json\/wp\/v2\/posts\/15388"}],"collection":[{"href":"https:\/\/peoplesphere.be\/fr\/wp-json\/wp\/v2\/posts"}],"about":[{"href":"https:\/\/peoplesphere.be\/fr\/wp-json\/wp\/v2\/types\/post"}],"author":[{"embeddable":true,"href":"https:\/\/peoplesphere.be\/fr\/wp-json\/wp\/v2\/users\/2"}],"replies":[{"embeddable":true,"href":"https:\/\/peoplesphere.be\/fr\/wp-json\/wp\/v2\/comments?post=15388"}],"version-history":[{"count":1,"href":"https:\/\/peoplesphere.be\/fr\/wp-json\/wp\/v2\/posts\/15388\/revisions"}],"predecessor-version":[{"id":15390,"href":"https:\/\/peoplesphere.be\/fr\/wp-json\/wp\/v2\/posts\/15388\/revisions\/15390"}],"wp:featuredmedia":[{"embeddable":true,"href":"https:\/\/peoplesphere.be\/fr\/wp-json\/wp\/v2\/media\/15389"}],"wp:attachment":[{"href":"https:\/\/peoplesphere.be\/fr\/wp-json\/wp\/v2\/media?parent=15388"}],"wp:term":[{"taxonomy":"category","embeddable":true,"href":"https:\/\/peoplesphere.be\/fr\/wp-json\/wp\/v2\/categories?post=15388"},{"taxonomy":"post_tag","embeddable":true,"href":"https:\/\/peoplesphere.be\/fr\/wp-json\/wp\/v2\/tags?post=15388"}],"curies":[{"name":"wp","href":"https:\/\/api.w.org\/{rel}","templated":true}]}}