









{"id":15399,"date":"2023-12-11T07:23:11","date_gmt":"2023-12-11T05:23:11","guid":{"rendered":"https:\/\/peoplesphere.be\/fr\/?p=15399"},"modified":"2023-12-11T07:23:11","modified_gmt":"2023-12-11T05:23:11","slug":"fin-dannee-au-ralenti-pour-nos-entreprises-43-des-travailleurs-ont-plus-de-40-heures-de-conges-legaux-a-prendre-avant-le-31-decembre","status":"publish","type":"post","link":"https:\/\/peoplesphere.be\/fr\/fin-dannee-au-ralenti-pour-nos-entreprises-43-des-travailleurs-ont-plus-de-40-heures-de-conges-legaux-a-prendre-avant-le-31-decembre\/","title":{"rendered":"Fin d&rsquo;ann\u00e9e au ralenti pour nos entreprises: 43% des travailleurs ont plus de 40 heures de cong\u00e9s l\u00e9gaux \u00e0 prendre avant le 31 d\u00e9cembre."},"content":{"rendered":"<p>Plus de quatre travailleurs belges sur dix (43%) ont encore plus de 40 heures en r\u00e9serve. Selon l&rsquo;analyse men\u00e9e par Acerta, pr\u00e8s d\u2019une personne sur cinq a m\u00eame encore plus de 80 heures (10 jours ouvrables) \u00e0 prendre. Il s\u2019agit d\u2019une nette augmentation par rapport \u00e0 la m\u00eame p\u00e9riode l\u2019ann\u00e9e derni\u00e8re. Le secr\u00e9tariat social pr\u00e9vient que la continuit\u00e9 peut ainsi \u00eatre mise sous pression dans certaines entreprises, les vacances l\u00e9gales n\u2019\u00e9tant transf\u00e9rables \u00e0 l\u2019ann\u00e9e suivante qu\u2019\u00e0 partir de 2024 dans certains cas sp\u00e9cifiques. \u200b \u200b \u200b \u200b<!--more--><\/p>\n<p>Les vacances de No\u00ebl approchent et 43,6% des travailleurs belges ont encore plus de 40 heures \u00e0 prendre. Pour 17,7%, il s\u2019agit m\u00eame de plus de 80 heures, selon les chiffres d\u2019Acerta. Cela repr\u00e9sente une augmentation par rapport \u00e0 l\u2019ann\u00e9e derni\u00e8re \u00e0 la m\u00eame \u00e9poque.<\/p>\n<p>Laura Couchard, experte vacances chez Acerta Consult, explique : \u00ab\u00a0<em>Les travailleurs ne peuvent pas encore transf\u00e9rer leurs vacances \u00e0 l\u2019ann\u00e9e prochaine cette ann\u00e9e. Cette r\u00e8gle sert de protection : prendre\/recevoir du temps en tant que travailleur pour recharger les batteries est b\u00e9n\u00e9fique pour tout le monde. Le fait que les travailleurs aient encore une r\u00e9serve importante d\u2019heures de vacances, de RTT, etc., ne pose pas forc\u00e9ment probl\u00e8me, si les entreprises \u00e9tablissent un planning correct dans les temps. En effet, \u00e0 moins qu\u2019une entreprise ne pr\u00e9voie une fermeture collective prochainement, la continuit\u00e9 devra \u00eatre assur\u00e9e.\u00a0\u00bb<\/em><\/p>\n<h3><strong><em>Les r\u00e8gles en mati\u00e8re de prise de vacances l\u00e9gales modifi\u00e9es seulement \u00e0 partir du 1er janvier 2024<\/em><\/strong><\/h3>\n<p>Laura Couchard ajoute : \u00ab\u00a0<em>Les r\u00e8gles relatives aux vacances l\u00e9gales sont rest\u00e9es plut\u00f4t stables pendant des ann\u00e9es, mais il y aura du changement d\u00e8s le 1er janvier 2024. Si un collaborateur tombe malade au cours d\u2019une p\u00e9riode de vacances, les jours figurant sur le certificat m\u00e9dical seront convertis en maladie et ce nombre de jours sera lib\u00e9r\u00e9 comme des &lsquo;jours de vacances restant \u00e0 prendre&rsquo;. Cela peut avoir un impact sur le report de vacances l\u00e9gales. En principe, il n\u2019est pas possible de transf\u00e9rer des jours de vacances \u00e0 l\u2019ann\u00e9e suivante. Mais en supposant qu\u2019un travailleur ait fix\u00e9 ses 3 derniers jours de vacances les 27, 30 et 31 d\u00e9cembre 2024 et qu\u2019il tombe malade le 27 d\u00e9cembre, selon les nouvelles r\u00e8gles, ces jours de vacances seraient donc lib\u00e9r\u00e9s et dans ce cas transf\u00e9rables, puisqu\u2019il n\u2019est plus possible de les prendre en 2024. La maladie n\u2019est pas la seule circonstance rendant les vacances l\u00e9gales transf\u00e9rables ; il en va de m\u00eame pour l\u2019accident du travail, la maladie professionnelle, le cong\u00e9 de maternit\u00e9 ou d\u2019accouchement, le cong\u00e9 pr\u00e9ventif (ou prophylactique) ainsi que le cong\u00e9 d\u2019adoption, de naissance, d\u2019accueil et parental d\u2019accueil, si ceux-ci emp\u00eachent la prise de vacances au cours de l\u2019ann\u00e9e proprement dite. Les r\u00e8gles relatives au paiement des vacances en cas de d\u00e9part seront \u00e9galement adapt\u00e9es. Auparavant, ce r\u00e8glement se faisait en une fois, ce qui \u00e9tait per\u00e7u comme une pilule difficile \u00e0 avaler tant par l\u2019employeur que par le travailleur, d\u00e9sormais. il se fera d\u00e9sormais par \u00e9tapes.\u00a0\u00bb<\/em><\/p>\n<p>&nbsp;<\/p>\n<p><em>Source: les donn\u00e9es recueillies sont bas\u00e9es sur les donn\u00e9es r\u00e9elles en novembre 2023 d\u2019un ensemble de 260 000 travailleurs en service aupr\u00e8s de plus de 40 000 employeurs issus du secteur priv\u00e9, dont rel\u00e8vent aussi bien des PME que des grandes entreprises. \u200b Au vu de la diversit\u00e9 des secteurs, des r\u00e9gions, des sexes, des \u00e2ges et autres caract\u00e9ristiques, nous pouvons consid\u00e9rer que l\u2019ensemble des donn\u00e9es \u00e9tudi\u00e9es est repr\u00e9sentatif du march\u00e9 belge du travail. \u200b<\/em><\/p>\n","protected":false},"excerpt":{"rendered":"<p>Plus de quatre travailleurs belges sur dix (43%) ont encore plus de 40 heures en r\u00e9serve. Selon l&rsquo;analyse men\u00e9e par Acerta, pr\u00e8s d\u2019une personne sur cinq a m\u00eame encore plus de 80 heures (10 jours ouvrables) \u00e0 prendre. Il s\u2019agit [&hellip;]<\/p>\n","protected":false},"author":2,"featured_media":0,"comment_status":"closed","ping_status":"open","sticky":false,"template":"","format":"standard","meta":[],"categories":[65,10],"tags":[3940,21,3939,3938],"yoast_head":"<!-- This site is optimized with the Yoast SEO plugin v21.0 - https:\/\/yoast.com\/wordpress\/plugins\/seo\/ -->\n<title>Fin d&#039;ann\u00e9e au ralenti pour nos entreprises: 43% des travailleurs ont plus de 40 heures de cong\u00e9s l\u00e9gaux \u00e0 prendre avant le 31 d\u00e9cembre. - Peoplesphere<\/title>\n<meta name=\"robots\" content=\"index, follow, max-snippet:-1, max-image-preview:large, max-video-preview:-1\" \/>\n<link rel=\"canonical\" href=\"https:\/\/peoplesphere.be\/fr\/fin-dannee-au-ralenti-pour-nos-entreprises-43-des-travailleurs-ont-plus-de-40-heures-de-conges-legaux-a-prendre-avant-le-31-decembre\/\" \/>\n<meta property=\"og:locale\" content=\"fr_FR\" \/>\n<meta property=\"og:type\" content=\"article\" \/>\n<meta property=\"og:title\" content=\"Fin d&#039;ann\u00e9e au ralenti pour nos entreprises: 43% des travailleurs ont plus de 40 heures de cong\u00e9s l\u00e9gaux \u00e0 prendre avant le 31 d\u00e9cembre. - Peoplesphere\" \/>\n<meta property=\"og:description\" content=\"Plus de quatre travailleurs belges sur dix (43%) ont encore plus de 40 heures en r\u00e9serve. Selon l&rsquo;analyse men\u00e9e par Acerta, pr\u00e8s d\u2019une personne sur cinq a m\u00eame encore plus de 80 heures (10 jours ouvrables) \u00e0 prendre. Il s\u2019agit [&hellip;]\" \/>\n<meta property=\"og:url\" content=\"https:\/\/peoplesphere.be\/fr\/fin-dannee-au-ralenti-pour-nos-entreprises-43-des-travailleurs-ont-plus-de-40-heures-de-conges-legaux-a-prendre-avant-le-31-decembre\/\" \/>\n<meta property=\"og:site_name\" content=\"Peoplesphere\" \/>\n<meta property=\"article:publisher\" content=\"https:\/\/www.facebook.com\/peoplesphere\" \/>\n<meta property=\"article:published_time\" content=\"2023-12-11T05:23:11+00:00\" \/>\n<meta property=\"og:image\" content=\"http:\/\/www.peoplesphere.be\/fr\/wp-content\/uploads\/2016\/07\/facebook-default-posting-1200x628px.jpg\" \/>\n<meta name=\"author\" content=\"Jean-Paul Erhard\" \/>\n<meta name=\"twitter:card\" content=\"summary_large_image\" \/>\n<meta name=\"twitter:creator\" content=\"@PeoplesphereMag\" \/>\n<meta name=\"twitter:site\" content=\"@PeoplesphereMag\" \/>\n<meta name=\"twitter:label1\" content=\"\u00c9crit par\" \/>\n\t<meta name=\"twitter:data1\" content=\"Jean-Paul Erhard\" \/>\n\t<meta name=\"twitter:label2\" content=\"Dur\u00e9e de lecture estim\u00e9e\" \/>\n\t<meta name=\"twitter:data2\" content=\"3 minutes\" \/>\n<script type=\"application\/ld+json\" class=\"yoast-schema-graph\">{\"@context\":\"https:\/\/schema.org\",\"@graph\":[{\"@type\":\"Article\",\"@id\":\"https:\/\/peoplesphere.be\/fr\/fin-dannee-au-ralenti-pour-nos-entreprises-43-des-travailleurs-ont-plus-de-40-heures-de-conges-legaux-a-prendre-avant-le-31-decembre\/#article\",\"isPartOf\":{\"@id\":\"https:\/\/peoplesphere.be\/fr\/fin-dannee-au-ralenti-pour-nos-entreprises-43-des-travailleurs-ont-plus-de-40-heures-de-conges-legaux-a-prendre-avant-le-31-decembre\/\"},\"author\":{\"name\":\"Jean-Paul Erhard\",\"@id\":\"https:\/\/peoplesphere.be\/fr\/#\/schema\/person\/7976225ff17988604334abb7b3536a7e\"},\"headline\":\"Fin d&rsquo;ann\u00e9e au ralenti pour nos entreprises: 43% des travailleurs ont plus de 40 heures de cong\u00e9s l\u00e9gaux \u00e0 prendre avant le 31 d\u00e9cembre.\",\"datePublished\":\"2023-12-11T05:23:11+00:00\",\"dateModified\":\"2023-12-11T05:23:11+00:00\",\"mainEntityOfPage\":{\"@id\":\"https:\/\/peoplesphere.be\/fr\/fin-dannee-au-ralenti-pour-nos-entreprises-43-des-travailleurs-ont-plus-de-40-heures-de-conges-legaux-a-prendre-avant-le-31-decembre\/\"},\"wordCount\":655,\"publisher\":{\"@id\":\"https:\/\/peoplesphere.be\/fr\/#organization\"},\"keywords\":[\"cong\u00e9s de fin d'ann\u00e9e\",\"Organisation\",\"report\",\"vacances l\u00e9gales\"],\"articleSection\":[\"Actualit\u00e9s\",\"Digital\"],\"inLanguage\":\"fr-FR\"},{\"@type\":\"WebPage\",\"@id\":\"https:\/\/peoplesphere.be\/fr\/fin-dannee-au-ralenti-pour-nos-entreprises-43-des-travailleurs-ont-plus-de-40-heures-de-conges-legaux-a-prendre-avant-le-31-decembre\/\",\"url\":\"https:\/\/peoplesphere.be\/fr\/fin-dannee-au-ralenti-pour-nos-entreprises-43-des-travailleurs-ont-plus-de-40-heures-de-conges-legaux-a-prendre-avant-le-31-decembre\/\",\"name\":\"Fin d'ann\u00e9e au ralenti pour nos entreprises: 43% des travailleurs ont plus de 40 heures de cong\u00e9s l\u00e9gaux \u00e0 prendre avant le 31 d\u00e9cembre. - Peoplesphere\",\"isPartOf\":{\"@id\":\"https:\/\/peoplesphere.be\/fr\/#website\"},\"datePublished\":\"2023-12-11T05:23:11+00:00\",\"dateModified\":\"2023-12-11T05:23:11+00:00\",\"breadcrumb\":{\"@id\":\"https:\/\/peoplesphere.be\/fr\/fin-dannee-au-ralenti-pour-nos-entreprises-43-des-travailleurs-ont-plus-de-40-heures-de-conges-legaux-a-prendre-avant-le-31-decembre\/#breadcrumb\"},\"inLanguage\":\"fr-FR\",\"potentialAction\":[{\"@type\":\"ReadAction\",\"target\":[\"https:\/\/peoplesphere.be\/fr\/fin-dannee-au-ralenti-pour-nos-entreprises-43-des-travailleurs-ont-plus-de-40-heures-de-conges-legaux-a-prendre-avant-le-31-decembre\/\"]}]},{\"@type\":\"BreadcrumbList\",\"@id\":\"https:\/\/peoplesphere.be\/fr\/fin-dannee-au-ralenti-pour-nos-entreprises-43-des-travailleurs-ont-plus-de-40-heures-de-conges-legaux-a-prendre-avant-le-31-decembre\/#breadcrumb\",\"itemListElement\":[{\"@type\":\"ListItem\",\"position\":1,\"name\":\"Accueil\",\"item\":\"https:\/\/peoplesphere.be\/fr\/\"},{\"@type\":\"ListItem\",\"position\":2,\"name\":\"Fin d&rsquo;ann\u00e9e au ralenti pour nos entreprises: 43% des travailleurs ont plus de 40 heures de cong\u00e9s l\u00e9gaux \u00e0 prendre avant le 31 d\u00e9cembre.\"}]},{\"@type\":\"WebSite\",\"@id\":\"https:\/\/peoplesphere.be\/fr\/#website\",\"url\":\"https:\/\/peoplesphere.be\/fr\/\",\"name\":\"Peoplesphere\",\"description\":\"The People Managers Magazine\",\"publisher\":{\"@id\":\"https:\/\/peoplesphere.be\/fr\/#organization\"},\"potentialAction\":[{\"@type\":\"SearchAction\",\"target\":{\"@type\":\"EntryPoint\",\"urlTemplate\":\"https:\/\/peoplesphere.be\/fr\/?s={search_term_string}\"},\"query-input\":\"required name=search_term_string\"}],\"inLanguage\":\"fr-FR\"},{\"@type\":\"Organization\",\"@id\":\"https:\/\/peoplesphere.be\/fr\/#organization\",\"name\":\"Peoplesphere Company srl\",\"url\":\"https:\/\/peoplesphere.be\/fr\/\",\"logo\":{\"@type\":\"ImageObject\",\"inLanguage\":\"fr-FR\",\"@id\":\"https:\/\/peoplesphere.be\/fr\/#\/schema\/logo\/image\/\",\"url\":\"https:\/\/peoplesphere.be\/fr\/wp-content\/uploads\/2023\/07\/peoplesphere-lgo-new-generik.jpg\",\"contentUrl\":\"https:\/\/peoplesphere.be\/fr\/wp-content\/uploads\/2023\/07\/peoplesphere-lgo-new-generik.jpg\",\"width\":1031,\"height\":1479,\"caption\":\"Peoplesphere Company srl\"},\"image\":{\"@id\":\"https:\/\/peoplesphere.be\/fr\/#\/schema\/logo\/image\/\"},\"sameAs\":[\"https:\/\/www.facebook.com\/peoplesphere\",\"https:\/\/twitter.com\/PeoplesphereMag\",\"https:\/\/www.linkedin.com\/company\/7587361?trk\",\"http:\/\/youtube.com\/peoplesphere\"]},{\"@type\":\"Person\",\"@id\":\"https:\/\/peoplesphere.be\/fr\/#\/schema\/person\/7976225ff17988604334abb7b3536a7e\",\"name\":\"Jean-Paul Erhard\",\"image\":{\"@type\":\"ImageObject\",\"inLanguage\":\"fr-FR\",\"@id\":\"https:\/\/peoplesphere.be\/fr\/#\/schema\/person\/image\/\",\"url\":\"https:\/\/secure.gravatar.com\/avatar\/f941e681460179738071629a51574930?s=96&d=mm&r=g\",\"contentUrl\":\"https:\/\/secure.gravatar.com\/avatar\/f941e681460179738071629a51574930?s=96&d=mm&r=g\",\"caption\":\"Jean-Paul Erhard\"},\"url\":\"https:\/\/peoplesphere.be\/fr\/author\/jpe\/\"}]}<\/script>\n<!-- \/ Yoast SEO plugin. -->","yoast_head_json":{"title":"Fin d'ann\u00e9e au ralenti pour nos entreprises: 43% des travailleurs ont plus de 40 heures de cong\u00e9s l\u00e9gaux \u00e0 prendre avant le 31 d\u00e9cembre. - Peoplesphere","robots":{"index":"index","follow":"follow","max-snippet":"max-snippet:-1","max-image-preview":"max-image-preview:large","max-video-preview":"max-video-preview:-1"},"canonical":"https:\/\/peoplesphere.be\/fr\/fin-dannee-au-ralenti-pour-nos-entreprises-43-des-travailleurs-ont-plus-de-40-heures-de-conges-legaux-a-prendre-avant-le-31-decembre\/","og_locale":"fr_FR","og_type":"article","og_title":"Fin d'ann\u00e9e au ralenti pour nos entreprises: 43% des travailleurs ont plus de 40 heures de cong\u00e9s l\u00e9gaux \u00e0 prendre avant le 31 d\u00e9cembre. - Peoplesphere","og_description":"Plus de quatre travailleurs belges sur dix (43%) ont encore plus de 40 heures en r\u00e9serve. Selon l&rsquo;analyse men\u00e9e par Acerta, pr\u00e8s d\u2019une personne sur cinq a m\u00eame encore plus de 80 heures (10 jours ouvrables) \u00e0 prendre. Il s\u2019agit [&hellip;]","og_url":"https:\/\/peoplesphere.be\/fr\/fin-dannee-au-ralenti-pour-nos-entreprises-43-des-travailleurs-ont-plus-de-40-heures-de-conges-legaux-a-prendre-avant-le-31-decembre\/","og_site_name":"Peoplesphere","article_publisher":"https:\/\/www.facebook.com\/peoplesphere","article_published_time":"2023-12-11T05:23:11+00:00","og_image":[{"url":"http:\/\/www.peoplesphere.be\/fr\/wp-content\/uploads\/2016\/07\/facebook-default-posting-1200x628px.jpg"}],"author":"Jean-Paul Erhard","twitter_card":"summary_large_image","twitter_creator":"@PeoplesphereMag","twitter_site":"@PeoplesphereMag","twitter_misc":{"\u00c9crit par":"Jean-Paul Erhard","Dur\u00e9e de lecture estim\u00e9e":"3 minutes"},"schema":{"@context":"https:\/\/schema.org","@graph":[{"@type":"Article","@id":"https:\/\/peoplesphere.be\/fr\/fin-dannee-au-ralenti-pour-nos-entreprises-43-des-travailleurs-ont-plus-de-40-heures-de-conges-legaux-a-prendre-avant-le-31-decembre\/#article","isPartOf":{"@id":"https:\/\/peoplesphere.be\/fr\/fin-dannee-au-ralenti-pour-nos-entreprises-43-des-travailleurs-ont-plus-de-40-heures-de-conges-legaux-a-prendre-avant-le-31-decembre\/"},"author":{"name":"Jean-Paul Erhard","@id":"https:\/\/peoplesphere.be\/fr\/#\/schema\/person\/7976225ff17988604334abb7b3536a7e"},"headline":"Fin d&rsquo;ann\u00e9e au ralenti pour nos entreprises: 43% des travailleurs ont plus de 40 heures de cong\u00e9s l\u00e9gaux \u00e0 prendre avant le 31 d\u00e9cembre.","datePublished":"2023-12-11T05:23:11+00:00","dateModified":"2023-12-11T05:23:11+00:00","mainEntityOfPage":{"@id":"https:\/\/peoplesphere.be\/fr\/fin-dannee-au-ralenti-pour-nos-entreprises-43-des-travailleurs-ont-plus-de-40-heures-de-conges-legaux-a-prendre-avant-le-31-decembre\/"},"wordCount":655,"publisher":{"@id":"https:\/\/peoplesphere.be\/fr\/#organization"},"keywords":["cong\u00e9s de fin d'ann\u00e9e","Organisation","report","vacances l\u00e9gales"],"articleSection":["Actualit\u00e9s","Digital"],"inLanguage":"fr-FR"},{"@type":"WebPage","@id":"https:\/\/peoplesphere.be\/fr\/fin-dannee-au-ralenti-pour-nos-entreprises-43-des-travailleurs-ont-plus-de-40-heures-de-conges-legaux-a-prendre-avant-le-31-decembre\/","url":"https:\/\/peoplesphere.be\/fr\/fin-dannee-au-ralenti-pour-nos-entreprises-43-des-travailleurs-ont-plus-de-40-heures-de-conges-legaux-a-prendre-avant-le-31-decembre\/","name":"Fin d'ann\u00e9e au ralenti pour nos entreprises: 43% des travailleurs ont plus de 40 heures de cong\u00e9s l\u00e9gaux \u00e0 prendre avant le 31 d\u00e9cembre. - Peoplesphere","isPartOf":{"@id":"https:\/\/peoplesphere.be\/fr\/#website"},"datePublished":"2023-12-11T05:23:11+00:00","dateModified":"2023-12-11T05:23:11+00:00","breadcrumb":{"@id":"https:\/\/peoplesphere.be\/fr\/fin-dannee-au-ralenti-pour-nos-entreprises-43-des-travailleurs-ont-plus-de-40-heures-de-conges-legaux-a-prendre-avant-le-31-decembre\/#breadcrumb"},"inLanguage":"fr-FR","potentialAction":[{"@type":"ReadAction","target":["https:\/\/peoplesphere.be\/fr\/fin-dannee-au-ralenti-pour-nos-entreprises-43-des-travailleurs-ont-plus-de-40-heures-de-conges-legaux-a-prendre-avant-le-31-decembre\/"]}]},{"@type":"BreadcrumbList","@id":"https:\/\/peoplesphere.be\/fr\/fin-dannee-au-ralenti-pour-nos-entreprises-43-des-travailleurs-ont-plus-de-40-heures-de-conges-legaux-a-prendre-avant-le-31-decembre\/#breadcrumb","itemListElement":[{"@type":"ListItem","position":1,"name":"Accueil","item":"https:\/\/peoplesphere.be\/fr\/"},{"@type":"ListItem","position":2,"name":"Fin d&rsquo;ann\u00e9e au ralenti pour nos entreprises: 43% des travailleurs ont plus de 40 heures de cong\u00e9s l\u00e9gaux \u00e0 prendre avant le 31 d\u00e9cembre."}]},{"@type":"WebSite","@id":"https:\/\/peoplesphere.be\/fr\/#website","url":"https:\/\/peoplesphere.be\/fr\/","name":"Peoplesphere","description":"The People Managers Magazine","publisher":{"@id":"https:\/\/peoplesphere.be\/fr\/#organization"},"potentialAction":[{"@type":"SearchAction","target":{"@type":"EntryPoint","urlTemplate":"https:\/\/peoplesphere.be\/fr\/?s={search_term_string}"},"query-input":"required name=search_term_string"}],"inLanguage":"fr-FR"},{"@type":"Organization","@id":"https:\/\/peoplesphere.be\/fr\/#organization","name":"Peoplesphere Company srl","url":"https:\/\/peoplesphere.be\/fr\/","logo":{"@type":"ImageObject","inLanguage":"fr-FR","@id":"https:\/\/peoplesphere.be\/fr\/#\/schema\/logo\/image\/","url":"https:\/\/peoplesphere.be\/fr\/wp-content\/uploads\/2023\/07\/peoplesphere-lgo-new-generik.jpg","contentUrl":"https:\/\/peoplesphere.be\/fr\/wp-content\/uploads\/2023\/07\/peoplesphere-lgo-new-generik.jpg","width":1031,"height":1479,"caption":"Peoplesphere Company srl"},"image":{"@id":"https:\/\/peoplesphere.be\/fr\/#\/schema\/logo\/image\/"},"sameAs":["https:\/\/www.facebook.com\/peoplesphere","https:\/\/twitter.com\/PeoplesphereMag","https:\/\/www.linkedin.com\/company\/7587361?trk","http:\/\/youtube.com\/peoplesphere"]},{"@type":"Person","@id":"https:\/\/peoplesphere.be\/fr\/#\/schema\/person\/7976225ff17988604334abb7b3536a7e","name":"Jean-Paul Erhard","image":{"@type":"ImageObject","inLanguage":"fr-FR","@id":"https:\/\/peoplesphere.be\/fr\/#\/schema\/person\/image\/","url":"https:\/\/secure.gravatar.com\/avatar\/f941e681460179738071629a51574930?s=96&d=mm&r=g","contentUrl":"https:\/\/secure.gravatar.com\/avatar\/f941e681460179738071629a51574930?s=96&d=mm&r=g","caption":"Jean-Paul Erhard"},"url":"https:\/\/peoplesphere.be\/fr\/author\/jpe\/"}]}},"_links":{"self":[{"href":"https:\/\/peoplesphere.be\/fr\/wp-json\/wp\/v2\/posts\/15399"}],"collection":[{"href":"https:\/\/peoplesphere.be\/fr\/wp-json\/wp\/v2\/posts"}],"about":[{"href":"https:\/\/peoplesphere.be\/fr\/wp-json\/wp\/v2\/types\/post"}],"author":[{"embeddable":true,"href":"https:\/\/peoplesphere.be\/fr\/wp-json\/wp\/v2\/users\/2"}],"replies":[{"embeddable":true,"href":"https:\/\/peoplesphere.be\/fr\/wp-json\/wp\/v2\/comments?post=15399"}],"version-history":[{"count":1,"href":"https:\/\/peoplesphere.be\/fr\/wp-json\/wp\/v2\/posts\/15399\/revisions"}],"predecessor-version":[{"id":15400,"href":"https:\/\/peoplesphere.be\/fr\/wp-json\/wp\/v2\/posts\/15399\/revisions\/15400"}],"wp:attachment":[{"href":"https:\/\/peoplesphere.be\/fr\/wp-json\/wp\/v2\/media?parent=15399"}],"wp:term":[{"taxonomy":"category","embeddable":true,"href":"https:\/\/peoplesphere.be\/fr\/wp-json\/wp\/v2\/categories?post=15399"},{"taxonomy":"post_tag","embeddable":true,"href":"https:\/\/peoplesphere.be\/fr\/wp-json\/wp\/v2\/tags?post=15399"}],"curies":[{"name":"wp","href":"https:\/\/api.w.org\/{rel}","templated":true}]}}