









{"id":15414,"date":"2023-12-12T09:56:31","date_gmt":"2023-12-12T07:56:31","guid":{"rendered":"https:\/\/peoplesphere.be\/fr\/?p=15414"},"modified":"2023-12-12T09:56:31","modified_gmt":"2023-12-12T07:56:31","slug":"perspectives-demploi-positives-dans-les-trois-regions-soutenues-par-les-difficultes-chroniques-des-entreprises-a-remplir-les-postes-vacants","status":"publish","type":"post","link":"https:\/\/peoplesphere.be\/fr\/perspectives-demploi-positives-dans-les-trois-regions-soutenues-par-les-difficultes-chroniques-des-entreprises-a-remplir-les-postes-vacants\/","title":{"rendered":"Perspectives d\u2019emploi positives dans les trois r\u00e9gions, soutenues par les difficult\u00e9s chroniques des entreprises \u00e0 remplir les postes vacants."},"content":{"rendered":"<p>Les p\u00e9nuries de talents maintiennent les intentions de recrutement \u00e0 un niveau \u00e9lev\u00e9 en Belgique pour le 1er trimestre 2024. Avec une Pr\u00e9vision Nette d\u2019Emploi en hausse pour le troisi\u00e8me trimestre cons\u00e9cutif \u00e0 +33%, les employeurs belges affichent leur volont\u00e9 de cr\u00e9er de nouveaux emplois au cours du 1er trimestre 2024, mais selon ManpowerGroup, les difficult\u00e9s rencontr\u00e9es par trois employeurs sur quatre pour remplir leurs postes vacants explique ce maintien des intentions de recrutement \u00e0 un niveau \u00e9lev\u00e9.<!--more--><\/p>\n<p>Selon le Barom\u00e8tre de l\u2019emploi de ManpowerGroup publi\u00e9 ce jour, des opportunit\u00e9s d\u2019emploi seront \u00e0 saisir dans tous les secteurs d\u2019activit\u00e9 au cours du 1er trimestre 2024. En effet, sur les 525 employeurs sond\u00e9s en octobre par ManpowerGroup, 46% pr\u00e9voient d\u2019augmenter leurs effectifs d\u2019ici la fin du mois de mars 2024, tandis que seulement 13% d\u2019entre eux pr\u00e9voient de les r\u00e9duire. 38% des employeurs interrog\u00e9s n\u2019anticipent aucun changement. Apr\u00e8s correction des variations saisonni\u00e8res, la Pr\u00e9vision Nette d\u2019Emploi \u2013 ou le diff\u00e9rentiel entre le pourcentage d\u2019employeurs pr\u00e9voyant des embauches et le pourcentage de ceux pr\u00e9voyant des r\u00e9ductions d\u2019effectifs \u2013 atteint la valeur positive de +33%. C\u2019est une hausse de 2 points par rapport au trimestre pr\u00e9c\u00e9dent, et de 10 points par rapport au 4\u00e8me trimestre 2022. Dans le m\u00eame temps, les p\u00e9nuries de talents touchent 74% des employeurs interrog\u00e9s en Belgique, en baisse de 6 points par rapport au mois de mars dernier.<\/p>\n<p><em>\u00ab\u00a0Les employeurs belges anticipent une activit\u00e9 de recrutement en hausse pour le troisi\u00e8me trimestre cons\u00e9cutif. La Pr\u00e9vision Nette d\u2019Emploi de la Belgique (+33%) se situe 10 points au-dessus de la moyenne europ\u00e9enne (+23%), pla\u00e7ant notre pays \u00e0 la deuxi\u00e8me place sur les 22 pays sond\u00e9s sur le continent europ\u00e9een, juste derri\u00e8re les Pays-Bas (+37%), alors que la tendance g\u00e9n\u00e9rale de notre enqu\u00eate indique un ralentissement des embauches au niveau international par rapport au trimestre pr\u00e9c\u00e9dent\u00a0\u00bb,<\/em> explique S\u00e9bastien Delfosse, Managing Director de ManpowerGroup BeLux. <em>\u00ab\u00a0Ces pr\u00e9visions positives pour notre pays s\u2019expliquent en grande partie par un report des intentions de recrutement pour des fonctions qui restent ouvertes \u00e0 cause des p\u00e9nuries de talents et des difficult\u00e9s rencontr\u00e9es par 3 employeurs sond\u00e9s sur 4 sur pour trouver les bons profils. Dans un contexte rempli d\u2019incertitudes tant au niveau \u00e9conomique que g\u00e9opolitique, les employeurs entameront donc cette ann\u00e9e 2024 en poursuivant leur transformation et en t\u00e2chant de retenir et d\u2019attirer les talents dont elles ont besoin.\u00a0\u00bb<\/em><\/p>\n<p>Les employeurs des trois r\u00e9gions du pays rapportent des intentions de recrutement positives pour le prochain trimestre : +34% en Flandre, +33% en Wallonie et +27% \u00e0 Bruxelles. Les perspectives d\u2019emploi progressent en Flandre et en Wallonie tant en comparaison trimestrielle qu\u2019annuelle, tandis que la Pr\u00e9vision Nette d\u2019Emploi est en recul \u00e0 Bruxelles pour atteindre son niveau le plus faible depuis le 2\u00e8me trimestre 2022. Les p\u00e9nuries de talents restent importantes dans les 3 r\u00e9gions : 74% en Flandre, 76% en Wallonie et 71% \u00e0 Bruxelles.<\/p>\n<h3><strong><em>Optimisme chez les employeurs des secteurs desT\u00e9l\u00e9coms, de l\u2019IT et de l\u2019\u00e9nergie<\/em><\/strong><\/h3>\n<p>Les employeurs de tous les 9 secteurs d\u2019activit\u00e9 sond\u00e9s pr\u00e9voient d\u2019augmenter leurs effectifs d\u2019ici la fin du mois de mars 2024.<\/p>\n<p>L\u2019activit\u00e9 de recrutement devrait \u00eatre particuli\u00e8rement importante dans trois secteurs : les T\u00e9l\u00e9coms (+51%) o\u00f9 pr\u00e8s de six employeurs sur 10 pr\u00e9voient des embauches au cours des trois prochains mois, l\u2019IT (+49%) et l\u2019Energie (+43%). Les employeurs de ces trois secteurs \u00e9prouvent \u00e9galement des difficult\u00e9s \u00e0 remplir leurs postes vacants, comme le rapportent 76% des employeurs interrog\u00e9s dans les secteurs des T\u00e9l\u00e9coms et de l\u2019Energie et 73% des employeurs du secteur de l\u2019IT. Les intentions de recrutement sont \u00e9galement assez favorables dans les secteurs de la Finance et de I\u2019immobilier (+36%), les Soins de sant\u00e9\/Sciences du vivant (+34%) et dans l\u2019Industrie manufacturi\u00e8re\/Construction (+34%). En revanche, l\u2019activit\u00e9 de recrutement devrait \u00eatre plus faible dans les Secteur des Services Publics &amp; non marchands\/Education\/Autres (+ 21%), du Transport\/Logistique\/ Automobile (+19%) et des Biens de Consommation\/ Services\/Horeca\/Retail (+8%).<\/p>\n<p>Selon l\u2019enqu\u00eate de ManpowerGroup, ce sont les employeurs des secteurs des Services publics et non marchands\/Education\/Autres (83% ) qui \u00e9prouvent les plus grosses difficult\u00e9s \u00e0 remplir leurs postes vacants.<\/p>\n<p>Depuis le quatri\u00e8me trimestre 2023, les intentions de recrutement sont en progression dans 4 des 9 secteurs sond\u00e9s et en recul dans 5 autres. Par rapport au 1er trimestre 2023, le climat d\u2019embauche s\u2019est am\u00e9lior\u00e9 dans 5 secteurs, et s\u2019est affaibli dans 3 secteurs.<\/p>\n<h3><strong><em>On recherche des ing\u00e9nieurs et des sp\u00e9cialistes IT<\/em><\/strong><\/h3>\n<p>Les entreprises continuent \u00e0 \u00e9prouver des grosses difficult\u00e9s \u00e0 trouver certains profils. Ce sont les ing\u00e9nieurs et les techniciens (28%), les fonctions IT\/Data (27%) et les fonctions logistiques (22%), HR (20%) et Manufacturing (18%) qui arrivent en t\u00eate du classement \u00e9tabli par ManpowerGroup. \u00ab\u00a0<em>Malgr\u00e9 l\u2019environnement \u00e9conomique d\u00e9favorable, les employeurs de tous secteurs sond\u00e9s sont sous pression pour trouver les profils qu\u2019lls recherchent et les recruteurs observent chaque jour le \u2018mismatch\u2019 persistant entre l\u2019offre et la demande de comp\u00e9tences\u00a0\u00bb<\/em>\u00a0constate S\u00e9bastien Delfosse. Cette situation est confirm\u00e9e par les derniers chiffres de l\u2019Office belge Statbel \u2013 qui a r\u00e9v\u00e9l\u00e9 que le taux de vacance d\u2019emploi au 2\u00e8me trimestre 2023 \u2013 le nombre d&#8217;emplois vacants par rapport au nombre total de postes au sein de l\u2019entreprise \u2013 reste tr\u00e8s important et s\u2019\u00e9l\u00e8ve \u00e0 4.63%, ce qui repr\u00e9sente 194.957 postes non pourvus, dont 67,36% en R\u00e9gion flamande, 19,69% en R\u00e9gion Bruxelles Capitale et 12,95% en Wallonie.<\/p>\n<h3><strong><em>La flexibilit\u00e9, moyen privil\u00e9gi\u00e9 pour attirer et retenir les talents<\/em><\/strong><\/h3>\n<p>Dans ce contexte de p\u00e9nurie de main-d\u2019\u0153uvre, les employeurs redoublent d\u2019efforts et de cr\u00e9ativit\u00e9 pour attirer et retenir les talents. Sans surprise,c\u2019est la flexibilit\u00e9 (55%) qui s\u2019impose comme l\u2019action principale choisie par les employeurs qu\u2019il s\u2019agisse d\u2019une flexibilit\u00e9 concernant le lieu de travail \u2013 travail au bureau, hybride ou t\u00e9l\u00e9travail \u2013 (37%) ou d\u2019une flexiblit\u00e9 au niveau des horaires (36%).<\/p>\n<p>\u00ab\u00a0<em>La flexibilit\u00e9 des horaires et le t\u00e9l\u00e9travail sont l\u2019un des premiers sujets abord\u00e9s par les candidats lors d\u2019un entretien d\u2019embauche\u00a0\u00bb<\/em>ajoute S\u00e9bastien Delfosse. Parmi les autres actions retenues, les employeurs ont cit\u00e9 la d\u00e9cision de \u2018conserver les talents m\u00eame s\u2019ils ne sont pas absolument n\u00e9cessaires \u00e0 court terme\u2019 (26%) , augmenter les salaires (24%), \u00e9largir le r\u00e9servoir de candidats via des actions li\u00e9es \u00e0 la diversit\u00e9 (Travailleus plus \u00e2g\u00e9s\u2026) (24%), r\u00e9duire les qualifications requises \u00e0 l\u2019embauche (22%), donner la priorit\u00e9 \u00e0 l\u2019automatisarion de certaines t\u00e2ches ou processus (20%) ou recruter au-del\u00e0 des fronti\u00e8res (18%).<\/p>\n<h3><strong><em>Ralentissement des embauches au niveau international<\/em><\/strong><\/h3>\n<p>Malgr\u00e9 un recul des intentions de recrutement par rapport au trimestre pr\u00e9c\u00e9dent dans 32 pays sur 41 et dans 16 pays sur 24 dans la r\u00e9gion EMEA (Europe, Moyen-Orient, Afrique), la Pr\u00e9vision Nette d\u2019Emploi reste positive dans tous les pays sond\u00e9s. Elle s\u2019\u00e9l\u00e8ve \u00e0 +26%, en baisse de 4 points par rapport au trimestre pr\u00e9c\u00e9dent mais en hausse de 3 points par rapport \u00e0 l\u2019an dernier. Les employeurs en Inde et aux Pays-Bas se montrent les plus optimistes (+37%), tandis que leurs homologues en Argentine se montrent les plus pessimistes (+2%).<\/p>\n<p>Avec une Pr\u00e9vision Nette d\u2019Emploi \u00e0 +33%, la Belgique se situe 10 points au-dessus de la moyenne europ\u00e9enne (+23%) Notre pays occupe la deuxi\u00e8me place sur 24 au niveau de la r\u00e9gion EMEA, derri\u00e8re les Pays-Bas (+37%), mais au m\u00eame niveau que la Suisse (+33%) et devant l\u2019Allemagne( +30%) mais devant le Royaume-Uni (+27%), la France (+20%), l\u2019Espagne (+19%), la Pologne ( +18%) et l\u2019Italie (+13%) .<br \/>\nAilleurs dans le monde, les perspectives d\u2019emploi sont en l\u00e9ger recul aux \u00c9tats-Unis (+34%) et en Chine (+33%), et restent tr\u00e8s faibles au Japon (+10%).<\/p>\n<p>&nbsp;<\/p>\n<p><em>Source: ManpowerGroup<\/em><\/p>\n","protected":false},"excerpt":{"rendered":"<p>Les p\u00e9nuries de talents maintiennent les intentions de recrutement \u00e0 un niveau \u00e9lev\u00e9 en Belgique pour le 1er trimestre 2024. Avec une Pr\u00e9vision Nette d\u2019Emploi en hausse pour le troisi\u00e8me trimestre cons\u00e9cutif \u00e0 +33%, les employeurs belges affichent leur volont\u00e9 [&hellip;]<\/p>\n","protected":false},"author":2,"featured_media":15415,"comment_status":"closed","ping_status":"open","sticky":false,"template":"","format":"standard","meta":[],"categories":[65,10],"tags":[11,371,264,72,450],"yoast_head":"<!-- This site is optimized with the Yoast SEO plugin v21.0 - https:\/\/yoast.com\/wordpress\/plugins\/seo\/ -->\n<title>Perspectives d\u2019emploi positives dans les trois r\u00e9gions, soutenues par les difficult\u00e9s chroniques des entreprises \u00e0 remplir les postes vacants. - Peoplesphere<\/title>\n<meta name=\"robots\" content=\"index, follow, max-snippet:-1, max-image-preview:large, max-video-preview:-1\" \/>\n<link rel=\"canonical\" href=\"https:\/\/peoplesphere.be\/fr\/perspectives-demploi-positives-dans-les-trois-regions-soutenues-par-les-difficultes-chroniques-des-entreprises-a-remplir-les-postes-vacants\/\" \/>\n<meta property=\"og:locale\" content=\"fr_FR\" \/>\n<meta property=\"og:type\" content=\"article\" \/>\n<meta property=\"og:title\" content=\"Perspectives d\u2019emploi positives dans les trois r\u00e9gions, soutenues par les difficult\u00e9s chroniques des entreprises \u00e0 remplir les postes vacants. - Peoplesphere\" \/>\n<meta property=\"og:description\" content=\"Les p\u00e9nuries de talents maintiennent les intentions de recrutement \u00e0 un niveau \u00e9lev\u00e9 en Belgique pour le 1er trimestre 2024. Avec une Pr\u00e9vision Nette d\u2019Emploi en hausse pour le troisi\u00e8me trimestre cons\u00e9cutif \u00e0 +33%, les employeurs belges affichent leur volont\u00e9 [&hellip;]\" \/>\n<meta property=\"og:url\" content=\"https:\/\/peoplesphere.be\/fr\/perspectives-demploi-positives-dans-les-trois-regions-soutenues-par-les-difficultes-chroniques-des-entreprises-a-remplir-les-postes-vacants\/\" \/>\n<meta property=\"og:site_name\" content=\"Peoplesphere\" \/>\n<meta property=\"article:publisher\" content=\"https:\/\/www.facebook.com\/peoplesphere\" \/>\n<meta property=\"article:published_time\" content=\"2023-12-12T07:56:31+00:00\" \/>\n<meta property=\"og:image\" content=\"https:\/\/peoplesphere.be\/fr\/wp-content\/uploads\/2023\/12\/20231212barometremanpower.jpg\" \/>\n\t<meta property=\"og:image:width\" content=\"1200\" \/>\n\t<meta property=\"og:image:height\" content=\"750\" \/>\n\t<meta property=\"og:image:type\" content=\"image\/jpeg\" \/>\n<meta name=\"author\" content=\"Jean-Paul Erhard\" \/>\n<meta name=\"twitter:card\" content=\"summary_large_image\" \/>\n<meta name=\"twitter:creator\" content=\"@PeoplesphereMag\" \/>\n<meta name=\"twitter:site\" content=\"@PeoplesphereMag\" \/>\n<meta name=\"twitter:label1\" content=\"\u00c9crit par\" \/>\n\t<meta name=\"twitter:data1\" content=\"Jean-Paul Erhard\" \/>\n\t<meta name=\"twitter:label2\" content=\"Dur\u00e9e de lecture estim\u00e9e\" \/>\n\t<meta name=\"twitter:data2\" content=\"7 minutes\" \/>\n<script type=\"application\/ld+json\" class=\"yoast-schema-graph\">{\"@context\":\"https:\/\/schema.org\",\"@graph\":[{\"@type\":\"Article\",\"@id\":\"https:\/\/peoplesphere.be\/fr\/perspectives-demploi-positives-dans-les-trois-regions-soutenues-par-les-difficultes-chroniques-des-entreprises-a-remplir-les-postes-vacants\/#article\",\"isPartOf\":{\"@id\":\"https:\/\/peoplesphere.be\/fr\/perspectives-demploi-positives-dans-les-trois-regions-soutenues-par-les-difficultes-chroniques-des-entreprises-a-remplir-les-postes-vacants\/\"},\"author\":{\"name\":\"Jean-Paul Erhard\",\"@id\":\"https:\/\/peoplesphere.be\/fr\/#\/schema\/person\/7976225ff17988604334abb7b3536a7e\"},\"headline\":\"Perspectives d\u2019emploi positives dans les trois r\u00e9gions, soutenues par les difficult\u00e9s chroniques des entreprises \u00e0 remplir les postes vacants.\",\"datePublished\":\"2023-12-12T07:56:31+00:00\",\"dateModified\":\"2023-12-12T07:56:31+00:00\",\"mainEntityOfPage\":{\"@id\":\"https:\/\/peoplesphere.be\/fr\/perspectives-demploi-positives-dans-les-trois-regions-soutenues-par-les-difficultes-chroniques-des-entreprises-a-remplir-les-postes-vacants\/\"},\"wordCount\":1323,\"publisher\":{\"@id\":\"https:\/\/peoplesphere.be\/fr\/#organization\"},\"keywords\":[\"emploi\",\"manpowergroup\",\"p\u00e9nuries\",\"recrutement\",\"talents\"],\"articleSection\":[\"Actualit\u00e9s\",\"Digital\"],\"inLanguage\":\"fr-FR\"},{\"@type\":\"WebPage\",\"@id\":\"https:\/\/peoplesphere.be\/fr\/perspectives-demploi-positives-dans-les-trois-regions-soutenues-par-les-difficultes-chroniques-des-entreprises-a-remplir-les-postes-vacants\/\",\"url\":\"https:\/\/peoplesphere.be\/fr\/perspectives-demploi-positives-dans-les-trois-regions-soutenues-par-les-difficultes-chroniques-des-entreprises-a-remplir-les-postes-vacants\/\",\"name\":\"Perspectives d\u2019emploi positives dans les trois r\u00e9gions, soutenues par les difficult\u00e9s chroniques des entreprises \u00e0 remplir les postes vacants. - Peoplesphere\",\"isPartOf\":{\"@id\":\"https:\/\/peoplesphere.be\/fr\/#website\"},\"datePublished\":\"2023-12-12T07:56:31+00:00\",\"dateModified\":\"2023-12-12T07:56:31+00:00\",\"breadcrumb\":{\"@id\":\"https:\/\/peoplesphere.be\/fr\/perspectives-demploi-positives-dans-les-trois-regions-soutenues-par-les-difficultes-chroniques-des-entreprises-a-remplir-les-postes-vacants\/#breadcrumb\"},\"inLanguage\":\"fr-FR\",\"potentialAction\":[{\"@type\":\"ReadAction\",\"target\":[\"https:\/\/peoplesphere.be\/fr\/perspectives-demploi-positives-dans-les-trois-regions-soutenues-par-les-difficultes-chroniques-des-entreprises-a-remplir-les-postes-vacants\/\"]}]},{\"@type\":\"BreadcrumbList\",\"@id\":\"https:\/\/peoplesphere.be\/fr\/perspectives-demploi-positives-dans-les-trois-regions-soutenues-par-les-difficultes-chroniques-des-entreprises-a-remplir-les-postes-vacants\/#breadcrumb\",\"itemListElement\":[{\"@type\":\"ListItem\",\"position\":1,\"name\":\"Accueil\",\"item\":\"https:\/\/peoplesphere.be\/fr\/\"},{\"@type\":\"ListItem\",\"position\":2,\"name\":\"Perspectives d\u2019emploi positives dans les trois r\u00e9gions, soutenues par les difficult\u00e9s chroniques des entreprises \u00e0 remplir les postes vacants.\"}]},{\"@type\":\"WebSite\",\"@id\":\"https:\/\/peoplesphere.be\/fr\/#website\",\"url\":\"https:\/\/peoplesphere.be\/fr\/\",\"name\":\"Peoplesphere\",\"description\":\"The People Managers Magazine\",\"publisher\":{\"@id\":\"https:\/\/peoplesphere.be\/fr\/#organization\"},\"potentialAction\":[{\"@type\":\"SearchAction\",\"target\":{\"@type\":\"EntryPoint\",\"urlTemplate\":\"https:\/\/peoplesphere.be\/fr\/?s={search_term_string}\"},\"query-input\":\"required name=search_term_string\"}],\"inLanguage\":\"fr-FR\"},{\"@type\":\"Organization\",\"@id\":\"https:\/\/peoplesphere.be\/fr\/#organization\",\"name\":\"Peoplesphere Company srl\",\"url\":\"https:\/\/peoplesphere.be\/fr\/\",\"logo\":{\"@type\":\"ImageObject\",\"inLanguage\":\"fr-FR\",\"@id\":\"https:\/\/peoplesphere.be\/fr\/#\/schema\/logo\/image\/\",\"url\":\"https:\/\/peoplesphere.be\/fr\/wp-content\/uploads\/2023\/07\/peoplesphere-lgo-new-generik.jpg\",\"contentUrl\":\"https:\/\/peoplesphere.be\/fr\/wp-content\/uploads\/2023\/07\/peoplesphere-lgo-new-generik.jpg\",\"width\":1031,\"height\":1479,\"caption\":\"Peoplesphere Company srl\"},\"image\":{\"@id\":\"https:\/\/peoplesphere.be\/fr\/#\/schema\/logo\/image\/\"},\"sameAs\":[\"https:\/\/www.facebook.com\/peoplesphere\",\"https:\/\/twitter.com\/PeoplesphereMag\",\"https:\/\/www.linkedin.com\/company\/7587361?trk\",\"http:\/\/youtube.com\/peoplesphere\"]},{\"@type\":\"Person\",\"@id\":\"https:\/\/peoplesphere.be\/fr\/#\/schema\/person\/7976225ff17988604334abb7b3536a7e\",\"name\":\"Jean-Paul Erhard\",\"image\":{\"@type\":\"ImageObject\",\"inLanguage\":\"fr-FR\",\"@id\":\"https:\/\/peoplesphere.be\/fr\/#\/schema\/person\/image\/\",\"url\":\"https:\/\/secure.gravatar.com\/avatar\/f941e681460179738071629a51574930?s=96&d=mm&r=g\",\"contentUrl\":\"https:\/\/secure.gravatar.com\/avatar\/f941e681460179738071629a51574930?s=96&d=mm&r=g\",\"caption\":\"Jean-Paul Erhard\"},\"url\":\"https:\/\/peoplesphere.be\/fr\/author\/jpe\/\"}]}<\/script>\n<!-- \/ Yoast SEO plugin. -->","yoast_head_json":{"title":"Perspectives d\u2019emploi positives dans les trois r\u00e9gions, soutenues par les difficult\u00e9s chroniques des entreprises \u00e0 remplir les postes vacants. - Peoplesphere","robots":{"index":"index","follow":"follow","max-snippet":"max-snippet:-1","max-image-preview":"max-image-preview:large","max-video-preview":"max-video-preview:-1"},"canonical":"https:\/\/peoplesphere.be\/fr\/perspectives-demploi-positives-dans-les-trois-regions-soutenues-par-les-difficultes-chroniques-des-entreprises-a-remplir-les-postes-vacants\/","og_locale":"fr_FR","og_type":"article","og_title":"Perspectives d\u2019emploi positives dans les trois r\u00e9gions, soutenues par les difficult\u00e9s chroniques des entreprises \u00e0 remplir les postes vacants. - Peoplesphere","og_description":"Les p\u00e9nuries de talents maintiennent les intentions de recrutement \u00e0 un niveau \u00e9lev\u00e9 en Belgique pour le 1er trimestre 2024. Avec une Pr\u00e9vision Nette d\u2019Emploi en hausse pour le troisi\u00e8me trimestre cons\u00e9cutif \u00e0 +33%, les employeurs belges affichent leur volont\u00e9 [&hellip;]","og_url":"https:\/\/peoplesphere.be\/fr\/perspectives-demploi-positives-dans-les-trois-regions-soutenues-par-les-difficultes-chroniques-des-entreprises-a-remplir-les-postes-vacants\/","og_site_name":"Peoplesphere","article_publisher":"https:\/\/www.facebook.com\/peoplesphere","article_published_time":"2023-12-12T07:56:31+00:00","og_image":[{"width":1200,"height":750,"url":"https:\/\/peoplesphere.be\/fr\/wp-content\/uploads\/2023\/12\/20231212barometremanpower.jpg","type":"image\/jpeg"}],"author":"Jean-Paul Erhard","twitter_card":"summary_large_image","twitter_creator":"@PeoplesphereMag","twitter_site":"@PeoplesphereMag","twitter_misc":{"\u00c9crit par":"Jean-Paul Erhard","Dur\u00e9e de lecture estim\u00e9e":"7 minutes"},"schema":{"@context":"https:\/\/schema.org","@graph":[{"@type":"Article","@id":"https:\/\/peoplesphere.be\/fr\/perspectives-demploi-positives-dans-les-trois-regions-soutenues-par-les-difficultes-chroniques-des-entreprises-a-remplir-les-postes-vacants\/#article","isPartOf":{"@id":"https:\/\/peoplesphere.be\/fr\/perspectives-demploi-positives-dans-les-trois-regions-soutenues-par-les-difficultes-chroniques-des-entreprises-a-remplir-les-postes-vacants\/"},"author":{"name":"Jean-Paul Erhard","@id":"https:\/\/peoplesphere.be\/fr\/#\/schema\/person\/7976225ff17988604334abb7b3536a7e"},"headline":"Perspectives d\u2019emploi positives dans les trois r\u00e9gions, soutenues par les difficult\u00e9s chroniques des entreprises \u00e0 remplir les postes vacants.","datePublished":"2023-12-12T07:56:31+00:00","dateModified":"2023-12-12T07:56:31+00:00","mainEntityOfPage":{"@id":"https:\/\/peoplesphere.be\/fr\/perspectives-demploi-positives-dans-les-trois-regions-soutenues-par-les-difficultes-chroniques-des-entreprises-a-remplir-les-postes-vacants\/"},"wordCount":1323,"publisher":{"@id":"https:\/\/peoplesphere.be\/fr\/#organization"},"keywords":["emploi","manpowergroup","p\u00e9nuries","recrutement","talents"],"articleSection":["Actualit\u00e9s","Digital"],"inLanguage":"fr-FR"},{"@type":"WebPage","@id":"https:\/\/peoplesphere.be\/fr\/perspectives-demploi-positives-dans-les-trois-regions-soutenues-par-les-difficultes-chroniques-des-entreprises-a-remplir-les-postes-vacants\/","url":"https:\/\/peoplesphere.be\/fr\/perspectives-demploi-positives-dans-les-trois-regions-soutenues-par-les-difficultes-chroniques-des-entreprises-a-remplir-les-postes-vacants\/","name":"Perspectives d\u2019emploi positives dans les trois r\u00e9gions, soutenues par les difficult\u00e9s chroniques des entreprises \u00e0 remplir les postes vacants. - Peoplesphere","isPartOf":{"@id":"https:\/\/peoplesphere.be\/fr\/#website"},"datePublished":"2023-12-12T07:56:31+00:00","dateModified":"2023-12-12T07:56:31+00:00","breadcrumb":{"@id":"https:\/\/peoplesphere.be\/fr\/perspectives-demploi-positives-dans-les-trois-regions-soutenues-par-les-difficultes-chroniques-des-entreprises-a-remplir-les-postes-vacants\/#breadcrumb"},"inLanguage":"fr-FR","potentialAction":[{"@type":"ReadAction","target":["https:\/\/peoplesphere.be\/fr\/perspectives-demploi-positives-dans-les-trois-regions-soutenues-par-les-difficultes-chroniques-des-entreprises-a-remplir-les-postes-vacants\/"]}]},{"@type":"BreadcrumbList","@id":"https:\/\/peoplesphere.be\/fr\/perspectives-demploi-positives-dans-les-trois-regions-soutenues-par-les-difficultes-chroniques-des-entreprises-a-remplir-les-postes-vacants\/#breadcrumb","itemListElement":[{"@type":"ListItem","position":1,"name":"Accueil","item":"https:\/\/peoplesphere.be\/fr\/"},{"@type":"ListItem","position":2,"name":"Perspectives d\u2019emploi positives dans les trois r\u00e9gions, soutenues par les difficult\u00e9s chroniques des entreprises \u00e0 remplir les postes vacants."}]},{"@type":"WebSite","@id":"https:\/\/peoplesphere.be\/fr\/#website","url":"https:\/\/peoplesphere.be\/fr\/","name":"Peoplesphere","description":"The People Managers Magazine","publisher":{"@id":"https:\/\/peoplesphere.be\/fr\/#organization"},"potentialAction":[{"@type":"SearchAction","target":{"@type":"EntryPoint","urlTemplate":"https:\/\/peoplesphere.be\/fr\/?s={search_term_string}"},"query-input":"required name=search_term_string"}],"inLanguage":"fr-FR"},{"@type":"Organization","@id":"https:\/\/peoplesphere.be\/fr\/#organization","name":"Peoplesphere Company srl","url":"https:\/\/peoplesphere.be\/fr\/","logo":{"@type":"ImageObject","inLanguage":"fr-FR","@id":"https:\/\/peoplesphere.be\/fr\/#\/schema\/logo\/image\/","url":"https:\/\/peoplesphere.be\/fr\/wp-content\/uploads\/2023\/07\/peoplesphere-lgo-new-generik.jpg","contentUrl":"https:\/\/peoplesphere.be\/fr\/wp-content\/uploads\/2023\/07\/peoplesphere-lgo-new-generik.jpg","width":1031,"height":1479,"caption":"Peoplesphere Company srl"},"image":{"@id":"https:\/\/peoplesphere.be\/fr\/#\/schema\/logo\/image\/"},"sameAs":["https:\/\/www.facebook.com\/peoplesphere","https:\/\/twitter.com\/PeoplesphereMag","https:\/\/www.linkedin.com\/company\/7587361?trk","http:\/\/youtube.com\/peoplesphere"]},{"@type":"Person","@id":"https:\/\/peoplesphere.be\/fr\/#\/schema\/person\/7976225ff17988604334abb7b3536a7e","name":"Jean-Paul Erhard","image":{"@type":"ImageObject","inLanguage":"fr-FR","@id":"https:\/\/peoplesphere.be\/fr\/#\/schema\/person\/image\/","url":"https:\/\/secure.gravatar.com\/avatar\/f941e681460179738071629a51574930?s=96&d=mm&r=g","contentUrl":"https:\/\/secure.gravatar.com\/avatar\/f941e681460179738071629a51574930?s=96&d=mm&r=g","caption":"Jean-Paul Erhard"},"url":"https:\/\/peoplesphere.be\/fr\/author\/jpe\/"}]}},"_links":{"self":[{"href":"https:\/\/peoplesphere.be\/fr\/wp-json\/wp\/v2\/posts\/15414"}],"collection":[{"href":"https:\/\/peoplesphere.be\/fr\/wp-json\/wp\/v2\/posts"}],"about":[{"href":"https:\/\/peoplesphere.be\/fr\/wp-json\/wp\/v2\/types\/post"}],"author":[{"embeddable":true,"href":"https:\/\/peoplesphere.be\/fr\/wp-json\/wp\/v2\/users\/2"}],"replies":[{"embeddable":true,"href":"https:\/\/peoplesphere.be\/fr\/wp-json\/wp\/v2\/comments?post=15414"}],"version-history":[{"count":1,"href":"https:\/\/peoplesphere.be\/fr\/wp-json\/wp\/v2\/posts\/15414\/revisions"}],"predecessor-version":[{"id":15416,"href":"https:\/\/peoplesphere.be\/fr\/wp-json\/wp\/v2\/posts\/15414\/revisions\/15416"}],"wp:featuredmedia":[{"embeddable":true,"href":"https:\/\/peoplesphere.be\/fr\/wp-json\/wp\/v2\/media\/15415"}],"wp:attachment":[{"href":"https:\/\/peoplesphere.be\/fr\/wp-json\/wp\/v2\/media?parent=15414"}],"wp:term":[{"taxonomy":"category","embeddable":true,"href":"https:\/\/peoplesphere.be\/fr\/wp-json\/wp\/v2\/categories?post=15414"},{"taxonomy":"post_tag","embeddable":true,"href":"https:\/\/peoplesphere.be\/fr\/wp-json\/wp\/v2\/tags?post=15414"}],"curies":[{"name":"wp","href":"https:\/\/api.w.org\/{rel}","templated":true}]}}