









{"id":15440,"date":"2023-12-18T05:45:46","date_gmt":"2023-12-18T03:45:46","guid":{"rendered":"https:\/\/peoplesphere.be\/fr\/?p=15440"},"modified":"2023-12-18T05:45:46","modified_gmt":"2023-12-18T03:45:46","slug":"2023-sera-une-annee-record-en-ce-qui-concerne-le-nombre-de-flexi-jobs","status":"publish","type":"post","link":"https:\/\/peoplesphere.be\/fr\/2023-sera-une-annee-record-en-ce-qui-concerne-le-nombre-de-flexi-jobs\/","title":{"rendered":"2023 sera une ann\u00e9e record en ce qui concerne le nombre de flexi-jobs."},"content":{"rendered":"<p>Cette ann\u00e9e sera sans aucun doute une ann\u00e9e record pour les flexi-jobs, selon le groupe de services RH Liantis, apr\u00e8s une analyse des donn\u00e9es de plus de 10.000 employeurs. Pas moins de 50,2% des employeurs ont eu recours \u00e0 des flexi-jobs cette ann\u00e9e. Dans le secteur de l&rsquo;horeca, ce chiffre atteint m\u00eame 69,6%. Les chiffres de la s\u00e9curit\u00e9 sociale (ONSS) confirment \u00e9galement une augmentation trimestrielle du nombre des flexi-jobs. A partir du 1er janvier 2024, certaines modifications importantes interviendront dans ce statut tr\u00e8s populaire, notamment son extension \u00e0 12 nouveaux secteurs.<!--more--><\/p>\n<p>Un flexi-job offre aux personnes la possibilit\u00e9 de travailler de mani\u00e8re avantageuse en compl\u00e9ment de leur emploi principal. Cependant, des conditions strictes y sont associ\u00e9es. Par exemple, au troisi\u00e8me trimestre pr\u00e9c\u00e9dant l&#8217;emploi flexi-job, il faut avoir travaill\u00e9 au moins quatre cinqui\u00e8mes pour un ou plusieurs employeurs, ou \u00eatre d\u00e9j\u00e0 pensionn\u00e9.<\/p>\n<p>Pour de nombreux employeurs, il s&rsquo;agit d&rsquo;une aide flexible bienvenue. Selon les donn\u00e9es du groupe de services RH Liantis, au cours des dix premiers mois de 2023, 50,2 % des employeurs ont eu recours \u00e0 des flexi-jobs. En moyenne, ces employeurs ont employ\u00e9 6,1 flexi-jobbeurs. Les chiffres de l\u2019ONSS montrent \u00e9galement une augmentation trimestrielle. Au deuxi\u00e8me trimestre de 2023, plus de 120.000 flexi-jobbers \u00e9taient d\u00e9j\u00e0 actifs, alors qu&rsquo;ils \u00e9taient 98.370 au deuxi\u00e8me trimestre de 2022.<\/p>\n<p>La majorit\u00e9 des flexi-jobbers (54,1%) sont des femmes. Ces travailleurs flexibles gagnent en moyenne 13 euros bruts par heure. <em>\u00ab\u00a0Ils n&rsquo;ont rien \u00e0 d\u00e9duire : leur salaire brut est donc simplement leur salaire net dans ce cas. Seul l&#8217;employeur paie &#8211; jusqu&rsquo;\u00e0 la fin de cette ann\u00e9e &#8211; une cotisation patronale de 25 % en plus de ce salaire\u00a0\u00bb<\/em>, explique l&rsquo;expert Matthias Debruyckere de Liantis.<\/p>\n<h3><strong><em>L&rsquo;horeca reste le secteur privil\u00e9gi\u00e9<\/em><\/strong><\/h3>\n<p>Un secteur se d\u00e9marque largement. Dans l&rsquo;horeca, 69,6% des employeurs ont eu recours aux flexi-jobs au cours des dix premiers mois de 2023. Comparativement \u00e0 la m\u00eame p\u00e9riode de l&rsquo;ann\u00e9e pr\u00e9c\u00e9dente, c&rsquo;est une l\u00e9g\u00e8re augmentation : 68,2% des entreprises horeca avaient eu recours aux flexi-jobs.<\/p>\n<p>La popularit\u00e9 du statut &#8211; dans l&rsquo;horeca et de nombreux autres secteurs &#8211; est due, selon les experts, \u00e0 diff\u00e9rents aspects. <em>\u00ab\u00a0D&rsquo;une part, de nombreuses personnes cherchent des moyens de gagner de l&rsquo;argent de mani\u00e8re flexible, sans trop de paperasserie, en raison de l&rsquo;inflation et de la hausse des co\u00fbts tels que l\u2019alimentation et l&rsquo;\u00e9lectricit\u00e9. D&rsquo;autre part, de nombreux employeurs cherchent des solutions pour faire face \u00e0 la p\u00e9nurie de personnel dans leur entreprise.\u00a0\u00bb<\/em><\/p>\n<h3><strong><em>Changements importants<\/em><\/strong><\/h3>\n<p>Attention toutefois : \u00e0 partir du 1er janvier 2024, certains \u00e9l\u00e9ments importants changeront. \u00ab\u00a0<em>\u00c0 partir de l&rsquo;ann\u00e9e prochaine, 12 secteurs vont s&rsquo;ajouter. Pensez aux garages, aux entreprises agricoles et horticoles, aux entreprises de d\u00e9m\u00e9nagement et aux entreprises de pompes fun\u00e8bres\u00a0\u00bb<\/em>, explique Matthias Debruyckere.<em> \u00ab\u00a0En outre, les flexi-jobbers non pensionn\u00e9s qui gagnent plus de 12.000 euros par an gr\u00e2ce aux flexi-jobs devront payer des imp\u00f4ts \u00e0 partir de l&rsquo;ann\u00e9e prochaine sur la somme qui d\u00e9passe ce montant. Cependant, cela sera plut\u00f4t exceptionnel compte tenu du seuil \u00e9lev\u00e9. Par ailleurs, les employeurs devront payer leurs flexi-jobbeurs selon les bar\u00e8mes salariaux en vigueur dans le secteur. En pratique, cela signifie que certains travailleurs flexi-jobbers pourraient b\u00e9n\u00e9ficier d&rsquo;une augmentation de salaire. Seul l&rsquo;horeca fait exception et n&rsquo;est pas concern\u00e9 par cette r\u00e8gle. Enfin, il y a un changement important pour les employeurs : la cotisation patronale pour la s\u00e9curit\u00e9 sociale passera de 25% \u00e0 28% du salaire brut du travailleur flexi-jobber.\u00a0\u00bb<\/em><\/p>\n<p>&nbsp;<\/p>\n<p><em>Source: Liantis<\/em><\/p>\n","protected":false},"excerpt":{"rendered":"<p>Cette ann\u00e9e sera sans aucun doute une ann\u00e9e record pour les flexi-jobs, selon le groupe de services RH Liantis, apr\u00e8s une analyse des donn\u00e9es de plus de 10.000 employeurs. Pas moins de 50,2% des employeurs ont eu recours \u00e0 des [&hellip;]<\/p>\n","protected":false},"author":2,"featured_media":0,"comment_status":"closed","ping_status":"open","sticky":false,"template":"","format":"standard","meta":[],"categories":[65,10],"tags":[390,329,336,220,337,58],"yoast_head":"<!-- This site is optimized with the Yoast SEO plugin v21.0 - https:\/\/yoast.com\/wordpress\/plugins\/seo\/ -->\n<title>2023 sera une ann\u00e9e record en ce qui concerne le nombre de flexi-jobs. - Peoplesphere<\/title>\n<meta name=\"robots\" content=\"index, follow, max-snippet:-1, max-image-preview:large, max-video-preview:-1\" \/>\n<link rel=\"canonical\" href=\"https:\/\/peoplesphere.be\/fr\/2023-sera-une-annee-record-en-ce-qui-concerne-le-nombre-de-flexi-jobs\/\" \/>\n<meta property=\"og:locale\" content=\"fr_FR\" \/>\n<meta property=\"og:type\" content=\"article\" \/>\n<meta property=\"og:title\" content=\"2023 sera une ann\u00e9e record en ce qui concerne le nombre de flexi-jobs. - Peoplesphere\" \/>\n<meta property=\"og:description\" content=\"Cette ann\u00e9e sera sans aucun doute une ann\u00e9e record pour les flexi-jobs, selon le groupe de services RH Liantis, apr\u00e8s une analyse des donn\u00e9es de plus de 10.000 employeurs. Pas moins de 50,2% des employeurs ont eu recours \u00e0 des [&hellip;]\" \/>\n<meta property=\"og:url\" content=\"https:\/\/peoplesphere.be\/fr\/2023-sera-une-annee-record-en-ce-qui-concerne-le-nombre-de-flexi-jobs\/\" \/>\n<meta property=\"og:site_name\" content=\"Peoplesphere\" \/>\n<meta property=\"article:publisher\" content=\"https:\/\/www.facebook.com\/peoplesphere\" \/>\n<meta property=\"article:published_time\" content=\"2023-12-18T03:45:46+00:00\" \/>\n<meta property=\"og:image\" content=\"http:\/\/www.peoplesphere.be\/fr\/wp-content\/uploads\/2016\/07\/facebook-default-posting-1200x628px.jpg\" \/>\n<meta name=\"author\" content=\"Jean-Paul Erhard\" \/>\n<meta name=\"twitter:card\" content=\"summary_large_image\" \/>\n<meta name=\"twitter:creator\" content=\"@PeoplesphereMag\" \/>\n<meta name=\"twitter:site\" content=\"@PeoplesphereMag\" \/>\n<meta name=\"twitter:label1\" content=\"\u00c9crit par\" \/>\n\t<meta name=\"twitter:data1\" content=\"Jean-Paul Erhard\" \/>\n\t<meta name=\"twitter:label2\" content=\"Dur\u00e9e de lecture estim\u00e9e\" \/>\n\t<meta name=\"twitter:data2\" content=\"3 minutes\" \/>\n<script type=\"application\/ld+json\" class=\"yoast-schema-graph\">{\"@context\":\"https:\/\/schema.org\",\"@graph\":[{\"@type\":\"Article\",\"@id\":\"https:\/\/peoplesphere.be\/fr\/2023-sera-une-annee-record-en-ce-qui-concerne-le-nombre-de-flexi-jobs\/#article\",\"isPartOf\":{\"@id\":\"https:\/\/peoplesphere.be\/fr\/2023-sera-une-annee-record-en-ce-qui-concerne-le-nombre-de-flexi-jobs\/\"},\"author\":{\"name\":\"Jean-Paul Erhard\",\"@id\":\"https:\/\/peoplesphere.be\/fr\/#\/schema\/person\/7976225ff17988604334abb7b3536a7e\"},\"headline\":\"2023 sera une ann\u00e9e record en ce qui concerne le nombre de flexi-jobs.\",\"datePublished\":\"2023-12-18T03:45:46+00:00\",\"dateModified\":\"2023-12-18T03:45:46+00:00\",\"mainEntityOfPage\":{\"@id\":\"https:\/\/peoplesphere.be\/fr\/2023-sera-une-annee-record-en-ce-qui-concerne-le-nombre-de-flexi-jobs\/\"},\"wordCount\":594,\"publisher\":{\"@id\":\"https:\/\/peoplesphere.be\/fr\/#organization\"},\"keywords\":[\"administration\",\"cotisations patronales\",\"flexi-jobs\",\"flexibilit\u00e9\",\"horeca\",\"s\u00e9curit\u00e9 sociale\"],\"articleSection\":[\"Actualit\u00e9s\",\"Digital\"],\"inLanguage\":\"fr-FR\"},{\"@type\":\"WebPage\",\"@id\":\"https:\/\/peoplesphere.be\/fr\/2023-sera-une-annee-record-en-ce-qui-concerne-le-nombre-de-flexi-jobs\/\",\"url\":\"https:\/\/peoplesphere.be\/fr\/2023-sera-une-annee-record-en-ce-qui-concerne-le-nombre-de-flexi-jobs\/\",\"name\":\"2023 sera une ann\u00e9e record en ce qui concerne le nombre de flexi-jobs. - Peoplesphere\",\"isPartOf\":{\"@id\":\"https:\/\/peoplesphere.be\/fr\/#website\"},\"datePublished\":\"2023-12-18T03:45:46+00:00\",\"dateModified\":\"2023-12-18T03:45:46+00:00\",\"breadcrumb\":{\"@id\":\"https:\/\/peoplesphere.be\/fr\/2023-sera-une-annee-record-en-ce-qui-concerne-le-nombre-de-flexi-jobs\/#breadcrumb\"},\"inLanguage\":\"fr-FR\",\"potentialAction\":[{\"@type\":\"ReadAction\",\"target\":[\"https:\/\/peoplesphere.be\/fr\/2023-sera-une-annee-record-en-ce-qui-concerne-le-nombre-de-flexi-jobs\/\"]}]},{\"@type\":\"BreadcrumbList\",\"@id\":\"https:\/\/peoplesphere.be\/fr\/2023-sera-une-annee-record-en-ce-qui-concerne-le-nombre-de-flexi-jobs\/#breadcrumb\",\"itemListElement\":[{\"@type\":\"ListItem\",\"position\":1,\"name\":\"Accueil\",\"item\":\"https:\/\/peoplesphere.be\/fr\/\"},{\"@type\":\"ListItem\",\"position\":2,\"name\":\"2023 sera une ann\u00e9e record en ce qui concerne le nombre de flexi-jobs.\"}]},{\"@type\":\"WebSite\",\"@id\":\"https:\/\/peoplesphere.be\/fr\/#website\",\"url\":\"https:\/\/peoplesphere.be\/fr\/\",\"name\":\"Peoplesphere\",\"description\":\"The People Managers Magazine\",\"publisher\":{\"@id\":\"https:\/\/peoplesphere.be\/fr\/#organization\"},\"potentialAction\":[{\"@type\":\"SearchAction\",\"target\":{\"@type\":\"EntryPoint\",\"urlTemplate\":\"https:\/\/peoplesphere.be\/fr\/?s={search_term_string}\"},\"query-input\":\"required name=search_term_string\"}],\"inLanguage\":\"fr-FR\"},{\"@type\":\"Organization\",\"@id\":\"https:\/\/peoplesphere.be\/fr\/#organization\",\"name\":\"Peoplesphere Company srl\",\"url\":\"https:\/\/peoplesphere.be\/fr\/\",\"logo\":{\"@type\":\"ImageObject\",\"inLanguage\":\"fr-FR\",\"@id\":\"https:\/\/peoplesphere.be\/fr\/#\/schema\/logo\/image\/\",\"url\":\"https:\/\/peoplesphere.be\/fr\/wp-content\/uploads\/2023\/07\/peoplesphere-lgo-new-generik.jpg\",\"contentUrl\":\"https:\/\/peoplesphere.be\/fr\/wp-content\/uploads\/2023\/07\/peoplesphere-lgo-new-generik.jpg\",\"width\":1031,\"height\":1479,\"caption\":\"Peoplesphere Company srl\"},\"image\":{\"@id\":\"https:\/\/peoplesphere.be\/fr\/#\/schema\/logo\/image\/\"},\"sameAs\":[\"https:\/\/www.facebook.com\/peoplesphere\",\"https:\/\/twitter.com\/PeoplesphereMag\",\"https:\/\/www.linkedin.com\/company\/7587361?trk\",\"http:\/\/youtube.com\/peoplesphere\"]},{\"@type\":\"Person\",\"@id\":\"https:\/\/peoplesphere.be\/fr\/#\/schema\/person\/7976225ff17988604334abb7b3536a7e\",\"name\":\"Jean-Paul Erhard\",\"image\":{\"@type\":\"ImageObject\",\"inLanguage\":\"fr-FR\",\"@id\":\"https:\/\/peoplesphere.be\/fr\/#\/schema\/person\/image\/\",\"url\":\"https:\/\/secure.gravatar.com\/avatar\/f941e681460179738071629a51574930?s=96&d=mm&r=g\",\"contentUrl\":\"https:\/\/secure.gravatar.com\/avatar\/f941e681460179738071629a51574930?s=96&d=mm&r=g\",\"caption\":\"Jean-Paul Erhard\"},\"url\":\"https:\/\/peoplesphere.be\/fr\/author\/jpe\/\"}]}<\/script>\n<!-- \/ Yoast SEO plugin. -->","yoast_head_json":{"title":"2023 sera une ann\u00e9e record en ce qui concerne le nombre de flexi-jobs. - Peoplesphere","robots":{"index":"index","follow":"follow","max-snippet":"max-snippet:-1","max-image-preview":"max-image-preview:large","max-video-preview":"max-video-preview:-1"},"canonical":"https:\/\/peoplesphere.be\/fr\/2023-sera-une-annee-record-en-ce-qui-concerne-le-nombre-de-flexi-jobs\/","og_locale":"fr_FR","og_type":"article","og_title":"2023 sera une ann\u00e9e record en ce qui concerne le nombre de flexi-jobs. - Peoplesphere","og_description":"Cette ann\u00e9e sera sans aucun doute une ann\u00e9e record pour les flexi-jobs, selon le groupe de services RH Liantis, apr\u00e8s une analyse des donn\u00e9es de plus de 10.000 employeurs. Pas moins de 50,2% des employeurs ont eu recours \u00e0 des [&hellip;]","og_url":"https:\/\/peoplesphere.be\/fr\/2023-sera-une-annee-record-en-ce-qui-concerne-le-nombre-de-flexi-jobs\/","og_site_name":"Peoplesphere","article_publisher":"https:\/\/www.facebook.com\/peoplesphere","article_published_time":"2023-12-18T03:45:46+00:00","og_image":[{"url":"http:\/\/www.peoplesphere.be\/fr\/wp-content\/uploads\/2016\/07\/facebook-default-posting-1200x628px.jpg"}],"author":"Jean-Paul Erhard","twitter_card":"summary_large_image","twitter_creator":"@PeoplesphereMag","twitter_site":"@PeoplesphereMag","twitter_misc":{"\u00c9crit par":"Jean-Paul Erhard","Dur\u00e9e de lecture estim\u00e9e":"3 minutes"},"schema":{"@context":"https:\/\/schema.org","@graph":[{"@type":"Article","@id":"https:\/\/peoplesphere.be\/fr\/2023-sera-une-annee-record-en-ce-qui-concerne-le-nombre-de-flexi-jobs\/#article","isPartOf":{"@id":"https:\/\/peoplesphere.be\/fr\/2023-sera-une-annee-record-en-ce-qui-concerne-le-nombre-de-flexi-jobs\/"},"author":{"name":"Jean-Paul Erhard","@id":"https:\/\/peoplesphere.be\/fr\/#\/schema\/person\/7976225ff17988604334abb7b3536a7e"},"headline":"2023 sera une ann\u00e9e record en ce qui concerne le nombre de flexi-jobs.","datePublished":"2023-12-18T03:45:46+00:00","dateModified":"2023-12-18T03:45:46+00:00","mainEntityOfPage":{"@id":"https:\/\/peoplesphere.be\/fr\/2023-sera-une-annee-record-en-ce-qui-concerne-le-nombre-de-flexi-jobs\/"},"wordCount":594,"publisher":{"@id":"https:\/\/peoplesphere.be\/fr\/#organization"},"keywords":["administration","cotisations patronales","flexi-jobs","flexibilit\u00e9","horeca","s\u00e9curit\u00e9 sociale"],"articleSection":["Actualit\u00e9s","Digital"],"inLanguage":"fr-FR"},{"@type":"WebPage","@id":"https:\/\/peoplesphere.be\/fr\/2023-sera-une-annee-record-en-ce-qui-concerne-le-nombre-de-flexi-jobs\/","url":"https:\/\/peoplesphere.be\/fr\/2023-sera-une-annee-record-en-ce-qui-concerne-le-nombre-de-flexi-jobs\/","name":"2023 sera une ann\u00e9e record en ce qui concerne le nombre de flexi-jobs. - Peoplesphere","isPartOf":{"@id":"https:\/\/peoplesphere.be\/fr\/#website"},"datePublished":"2023-12-18T03:45:46+00:00","dateModified":"2023-12-18T03:45:46+00:00","breadcrumb":{"@id":"https:\/\/peoplesphere.be\/fr\/2023-sera-une-annee-record-en-ce-qui-concerne-le-nombre-de-flexi-jobs\/#breadcrumb"},"inLanguage":"fr-FR","potentialAction":[{"@type":"ReadAction","target":["https:\/\/peoplesphere.be\/fr\/2023-sera-une-annee-record-en-ce-qui-concerne-le-nombre-de-flexi-jobs\/"]}]},{"@type":"BreadcrumbList","@id":"https:\/\/peoplesphere.be\/fr\/2023-sera-une-annee-record-en-ce-qui-concerne-le-nombre-de-flexi-jobs\/#breadcrumb","itemListElement":[{"@type":"ListItem","position":1,"name":"Accueil","item":"https:\/\/peoplesphere.be\/fr\/"},{"@type":"ListItem","position":2,"name":"2023 sera une ann\u00e9e record en ce qui concerne le nombre de flexi-jobs."}]},{"@type":"WebSite","@id":"https:\/\/peoplesphere.be\/fr\/#website","url":"https:\/\/peoplesphere.be\/fr\/","name":"Peoplesphere","description":"The People Managers Magazine","publisher":{"@id":"https:\/\/peoplesphere.be\/fr\/#organization"},"potentialAction":[{"@type":"SearchAction","target":{"@type":"EntryPoint","urlTemplate":"https:\/\/peoplesphere.be\/fr\/?s={search_term_string}"},"query-input":"required name=search_term_string"}],"inLanguage":"fr-FR"},{"@type":"Organization","@id":"https:\/\/peoplesphere.be\/fr\/#organization","name":"Peoplesphere Company srl","url":"https:\/\/peoplesphere.be\/fr\/","logo":{"@type":"ImageObject","inLanguage":"fr-FR","@id":"https:\/\/peoplesphere.be\/fr\/#\/schema\/logo\/image\/","url":"https:\/\/peoplesphere.be\/fr\/wp-content\/uploads\/2023\/07\/peoplesphere-lgo-new-generik.jpg","contentUrl":"https:\/\/peoplesphere.be\/fr\/wp-content\/uploads\/2023\/07\/peoplesphere-lgo-new-generik.jpg","width":1031,"height":1479,"caption":"Peoplesphere Company srl"},"image":{"@id":"https:\/\/peoplesphere.be\/fr\/#\/schema\/logo\/image\/"},"sameAs":["https:\/\/www.facebook.com\/peoplesphere","https:\/\/twitter.com\/PeoplesphereMag","https:\/\/www.linkedin.com\/company\/7587361?trk","http:\/\/youtube.com\/peoplesphere"]},{"@type":"Person","@id":"https:\/\/peoplesphere.be\/fr\/#\/schema\/person\/7976225ff17988604334abb7b3536a7e","name":"Jean-Paul Erhard","image":{"@type":"ImageObject","inLanguage":"fr-FR","@id":"https:\/\/peoplesphere.be\/fr\/#\/schema\/person\/image\/","url":"https:\/\/secure.gravatar.com\/avatar\/f941e681460179738071629a51574930?s=96&d=mm&r=g","contentUrl":"https:\/\/secure.gravatar.com\/avatar\/f941e681460179738071629a51574930?s=96&d=mm&r=g","caption":"Jean-Paul Erhard"},"url":"https:\/\/peoplesphere.be\/fr\/author\/jpe\/"}]}},"_links":{"self":[{"href":"https:\/\/peoplesphere.be\/fr\/wp-json\/wp\/v2\/posts\/15440"}],"collection":[{"href":"https:\/\/peoplesphere.be\/fr\/wp-json\/wp\/v2\/posts"}],"about":[{"href":"https:\/\/peoplesphere.be\/fr\/wp-json\/wp\/v2\/types\/post"}],"author":[{"embeddable":true,"href":"https:\/\/peoplesphere.be\/fr\/wp-json\/wp\/v2\/users\/2"}],"replies":[{"embeddable":true,"href":"https:\/\/peoplesphere.be\/fr\/wp-json\/wp\/v2\/comments?post=15440"}],"version-history":[{"count":1,"href":"https:\/\/peoplesphere.be\/fr\/wp-json\/wp\/v2\/posts\/15440\/revisions"}],"predecessor-version":[{"id":15441,"href":"https:\/\/peoplesphere.be\/fr\/wp-json\/wp\/v2\/posts\/15440\/revisions\/15441"}],"wp:attachment":[{"href":"https:\/\/peoplesphere.be\/fr\/wp-json\/wp\/v2\/media?parent=15440"}],"wp:term":[{"taxonomy":"category","embeddable":true,"href":"https:\/\/peoplesphere.be\/fr\/wp-json\/wp\/v2\/categories?post=15440"},{"taxonomy":"post_tag","embeddable":true,"href":"https:\/\/peoplesphere.be\/fr\/wp-json\/wp\/v2\/tags?post=15440"}],"curies":[{"name":"wp","href":"https:\/\/api.w.org\/{rel}","templated":true}]}}