









{"id":15448,"date":"2023-12-18T15:27:52","date_gmt":"2023-12-18T13:27:52","guid":{"rendered":"https:\/\/peoplesphere.be\/fr\/?p=15448"},"modified":"2023-12-18T15:27:52","modified_gmt":"2023-12-18T13:27:52","slug":"evolution-des-salaires-en-2024-les-employeurs-seront-ils-a-la-hauteur-des-attentes-des-travailleurs","status":"publish","type":"post","link":"https:\/\/peoplesphere.be\/fr\/evolution-des-salaires-en-2024-les-employeurs-seront-ils-a-la-hauteur-des-attentes-des-travailleurs\/","title":{"rendered":"Evolution des salaires en 2024: les employeurs seront-ils \u00e0 la hauteur des attentes des travailleurs?"},"content":{"rendered":"<p>Les r\u00e9sultats de l&rsquo;enqu\u00eate sur les salaires 2024 du sp\u00e9cialiste du recrutement international Robert Walters donnent un aper\u00e7u des attentes des professionnels en mati\u00e8re d&rsquo;augmentation de salaire pour l&rsquo;ann\u00e9e \u00e0 venir. Marie Parmentier, Manager chez Robert Walters, nous fait part de ses conclusions.<!--more--><\/p>\n<h3><strong><em>Des attentes mitig\u00e9es<\/em><\/strong><\/h3>\n<p>L&rsquo;enqu\u00eate montre que le sentiment des professionnels est nuanc\u00e9 : 38% d&rsquo;entre eux sont optimistes et pensent qu&rsquo;il est \u00ab\u00a0tr\u00e8s probable\u00a0\u00bb ou \u00ab\u00a0probable\u00a0\u00bb qu&rsquo;ils obtiennent une augmentation de salaire en 2024. Toutefois, 30% sont moins confiants et consid\u00e8rent cette possibilit\u00e9 comme \u00ab\u00a0improbable\u00a0\u00bb ou \u00ab\u00a0tr\u00e8s improbable\u00a0\u00bb.<\/p>\n<p>Marie : <em>\u00a0Si l&rsquo;on examine de plus pr\u00e8s les raisons de cette incertitude, 37 % des personnes interrog\u00e9es citent l&rsquo;impact du climat \u00e9conomique actuel sur leur secteur ou leur organisation comme le facteur le plus important. En outre, 22 % d\u00e9clarent que leurs responsables ou employeurs leur ont explicitement fait savoir qu&rsquo;ils ne pr\u00e9voyaient pas d&rsquo;augmentation de salaire. Il est int\u00e9ressant de noter que 27% des personnes interrog\u00e9es estiment que leur salaire actuel refl\u00e8te correctement leurs efforts, et n&rsquo;attendent donc pas d&rsquo;augmentation de salaire.\u00a0\u00bb<\/em><\/p>\n<h3><strong><em>Montant modeste<\/em><\/strong><\/h3>\n<p>Interrog\u00e9s sur le taux d&rsquo;augmentation souhait\u00e9, pr\u00e8s de la moiti\u00e9 des r\u00e9pondants (46%) esp\u00e8rent une augmentation prudente de 1 \u00e0 5%, tandis que 34% visent une augmentation mod\u00e9r\u00e9e de 6 \u00e0 10%. Un r\u00e9pondant sur cinq vise une augmentation plus importante de 11% ou plus.<\/p>\n<p><em>\u00ab\u00a0La progression salariale reste cruciale, mais elle n&rsquo;est plus le principal d\u00e9terminant de la satisfaction au travail, comme c&rsquo;\u00e9tait le cas l&rsquo;ann\u00e9e derni\u00e8re, lorsque l&rsquo;inflation \u00e9tait \u00e9lev\u00e9e. Les professionnels appr\u00e9cient le package complet : un salaire comp\u00e9titif et la possibilit\u00e9 de travailler \u00e0 domicile, combin\u00e9s \u00e0 l&rsquo;alignement sur les valeurs de l&rsquo;organisation, un contenu de travail int\u00e9ressant, des perspectives de croissance, l&rsquo;accessibilit\u00e9 et une gestion efficace.\u00a0\u00bb<\/em><\/p>\n<h3><strong><em>Les intentions des employeurs<\/em><\/strong><\/h3>\n<p>L&rsquo;enqu\u00eate de Robert Walters donne \u00e9galement un aper\u00e7u des plans des employeurs en mati\u00e8re d&rsquo;augmentations salariales aux diff\u00e9rents niveaux hi\u00e9rarchiques. Elle montre que 36% des employeurs sont enclins \u00e0 appliquer des augmentations de salaire pour les juniors, 35% pour les employ\u00e9s de niveau interm\u00e9diaire et de management et plus d&rsquo;un quart des employeurs (28%) pr\u00e9voient d&rsquo;appliquer des augmentations de salaire pour les ex\u00e9cutifs et les directeurs.<\/p>\n<p><em>\u00ab\u00a0M\u00eame si l&rsquo;indexation des salaires sera plus limit\u00e9e l&rsquo;ann\u00e9e prochaine, ce qui donnera aux employeurs une plus grande marge de man\u0153uvre pour augmenter les salaires, le fardeau de l&rsquo;indice 2023 p\u00e8se encore sur de nombreuses organisations\u00a0\u00bb<\/em>, ajoute Marie. <em>\u00ab\u00a0Compte tenu de l&rsquo;incertitude qui r\u00e8gne sur le march\u00e9 et des craintes de r\u00e9cession, les employeurs sont plus prudents lorsqu&rsquo;il s&rsquo;agit d&rsquo;augmenter les co\u00fbts salariaux. Il reste primordial de trouver un \u00e9quilibre entre la gestion des co\u00fbts et la r\u00e9tention des meilleurs talents.\u00a0\u00bb<\/em><\/p>\n<p>&nbsp;<\/p>\n<p><em>Source: Robert Walters<\/em><\/p>\n","protected":false},"excerpt":{"rendered":"<p>Les r\u00e9sultats de l&rsquo;enqu\u00eate sur les salaires 2024 du sp\u00e9cialiste du recrutement international Robert Walters donnent un aper\u00e7u des attentes des professionnels en mati\u00e8re d&rsquo;augmentation de salaire pour l&rsquo;ann\u00e9e \u00e0 venir. Marie Parmentier, Manager chez Robert Walters, nous fait part [&hellip;]<\/p>\n","protected":false},"author":2,"featured_media":0,"comment_status":"closed","ping_status":"open","sticky":false,"template":"","format":"standard","meta":[],"categories":[65,10],"tags":[3947,374,299,108],"yoast_head":"<!-- This site is optimized with the Yoast SEO plugin v21.0 - https:\/\/yoast.com\/wordpress\/plugins\/seo\/ -->\n<title>Evolution des salaires en 2024: les employeurs seront-ils \u00e0 la hauteur des attentes des travailleurs? - Peoplesphere<\/title>\n<meta name=\"robots\" content=\"index, follow, max-snippet:-1, max-image-preview:large, max-video-preview:-1\" \/>\n<link rel=\"canonical\" href=\"https:\/\/peoplesphere.be\/fr\/evolution-des-salaires-en-2024-les-employeurs-seront-ils-a-la-hauteur-des-attentes-des-travailleurs\/\" \/>\n<meta property=\"og:locale\" content=\"fr_FR\" \/>\n<meta property=\"og:type\" content=\"article\" \/>\n<meta property=\"og:title\" content=\"Evolution des salaires en 2024: les employeurs seront-ils \u00e0 la hauteur des attentes des travailleurs? - Peoplesphere\" \/>\n<meta property=\"og:description\" content=\"Les r\u00e9sultats de l&rsquo;enqu\u00eate sur les salaires 2024 du sp\u00e9cialiste du recrutement international Robert Walters donnent un aper\u00e7u des attentes des professionnels en mati\u00e8re d&rsquo;augmentation de salaire pour l&rsquo;ann\u00e9e \u00e0 venir. Marie Parmentier, Manager chez Robert Walters, nous fait part [&hellip;]\" \/>\n<meta property=\"og:url\" content=\"https:\/\/peoplesphere.be\/fr\/evolution-des-salaires-en-2024-les-employeurs-seront-ils-a-la-hauteur-des-attentes-des-travailleurs\/\" \/>\n<meta property=\"og:site_name\" content=\"Peoplesphere\" \/>\n<meta property=\"article:publisher\" content=\"https:\/\/www.facebook.com\/peoplesphere\" \/>\n<meta property=\"article:published_time\" content=\"2023-12-18T13:27:52+00:00\" \/>\n<meta property=\"og:image\" content=\"http:\/\/www.peoplesphere.be\/fr\/wp-content\/uploads\/2016\/07\/facebook-default-posting-1200x628px.jpg\" \/>\n<meta name=\"author\" content=\"Jean-Paul Erhard\" \/>\n<meta name=\"twitter:card\" content=\"summary_large_image\" \/>\n<meta name=\"twitter:creator\" content=\"@PeoplesphereMag\" \/>\n<meta name=\"twitter:site\" content=\"@PeoplesphereMag\" \/>\n<meta name=\"twitter:label1\" content=\"\u00c9crit par\" \/>\n\t<meta name=\"twitter:data1\" content=\"Jean-Paul Erhard\" \/>\n\t<meta name=\"twitter:label2\" content=\"Dur\u00e9e de lecture estim\u00e9e\" \/>\n\t<meta name=\"twitter:data2\" content=\"3 minutes\" \/>\n<script type=\"application\/ld+json\" class=\"yoast-schema-graph\">{\"@context\":\"https:\/\/schema.org\",\"@graph\":[{\"@type\":\"Article\",\"@id\":\"https:\/\/peoplesphere.be\/fr\/evolution-des-salaires-en-2024-les-employeurs-seront-ils-a-la-hauteur-des-attentes-des-travailleurs\/#article\",\"isPartOf\":{\"@id\":\"https:\/\/peoplesphere.be\/fr\/evolution-des-salaires-en-2024-les-employeurs-seront-ils-a-la-hauteur-des-attentes-des-travailleurs\/\"},\"author\":{\"name\":\"Jean-Paul Erhard\",\"@id\":\"https:\/\/peoplesphere.be\/fr\/#\/schema\/person\/7976225ff17988604334abb7b3536a7e\"},\"headline\":\"Evolution des salaires en 2024: les employeurs seront-ils \u00e0 la hauteur des attentes des travailleurs?\",\"datePublished\":\"2023-12-18T13:27:52+00:00\",\"dateModified\":\"2023-12-18T13:27:52+00:00\",\"mainEntityOfPage\":{\"@id\":\"https:\/\/peoplesphere.be\/fr\/evolution-des-salaires-en-2024-les-employeurs-seront-ils-a-la-hauteur-des-attentes-des-travailleurs\/\"},\"wordCount\":480,\"publisher\":{\"@id\":\"https:\/\/peoplesphere.be\/fr\/#organization\"},\"keywords\":[\"augmentation\",\"r\u00e9mun\u00e9rations\",\"r\u00e9tention\",\"salaires\"],\"articleSection\":[\"Actualit\u00e9s\",\"Digital\"],\"inLanguage\":\"fr-FR\"},{\"@type\":\"WebPage\",\"@id\":\"https:\/\/peoplesphere.be\/fr\/evolution-des-salaires-en-2024-les-employeurs-seront-ils-a-la-hauteur-des-attentes-des-travailleurs\/\",\"url\":\"https:\/\/peoplesphere.be\/fr\/evolution-des-salaires-en-2024-les-employeurs-seront-ils-a-la-hauteur-des-attentes-des-travailleurs\/\",\"name\":\"Evolution des salaires en 2024: les employeurs seront-ils \u00e0 la hauteur des attentes des travailleurs? - Peoplesphere\",\"isPartOf\":{\"@id\":\"https:\/\/peoplesphere.be\/fr\/#website\"},\"datePublished\":\"2023-12-18T13:27:52+00:00\",\"dateModified\":\"2023-12-18T13:27:52+00:00\",\"breadcrumb\":{\"@id\":\"https:\/\/peoplesphere.be\/fr\/evolution-des-salaires-en-2024-les-employeurs-seront-ils-a-la-hauteur-des-attentes-des-travailleurs\/#breadcrumb\"},\"inLanguage\":\"fr-FR\",\"potentialAction\":[{\"@type\":\"ReadAction\",\"target\":[\"https:\/\/peoplesphere.be\/fr\/evolution-des-salaires-en-2024-les-employeurs-seront-ils-a-la-hauteur-des-attentes-des-travailleurs\/\"]}]},{\"@type\":\"BreadcrumbList\",\"@id\":\"https:\/\/peoplesphere.be\/fr\/evolution-des-salaires-en-2024-les-employeurs-seront-ils-a-la-hauteur-des-attentes-des-travailleurs\/#breadcrumb\",\"itemListElement\":[{\"@type\":\"ListItem\",\"position\":1,\"name\":\"Accueil\",\"item\":\"https:\/\/peoplesphere.be\/fr\/\"},{\"@type\":\"ListItem\",\"position\":2,\"name\":\"Evolution des salaires en 2024: les employeurs seront-ils \u00e0 la hauteur des attentes des travailleurs?\"}]},{\"@type\":\"WebSite\",\"@id\":\"https:\/\/peoplesphere.be\/fr\/#website\",\"url\":\"https:\/\/peoplesphere.be\/fr\/\",\"name\":\"Peoplesphere\",\"description\":\"The People Managers Magazine\",\"publisher\":{\"@id\":\"https:\/\/peoplesphere.be\/fr\/#organization\"},\"potentialAction\":[{\"@type\":\"SearchAction\",\"target\":{\"@type\":\"EntryPoint\",\"urlTemplate\":\"https:\/\/peoplesphere.be\/fr\/?s={search_term_string}\"},\"query-input\":\"required name=search_term_string\"}],\"inLanguage\":\"fr-FR\"},{\"@type\":\"Organization\",\"@id\":\"https:\/\/peoplesphere.be\/fr\/#organization\",\"name\":\"Peoplesphere Company srl\",\"url\":\"https:\/\/peoplesphere.be\/fr\/\",\"logo\":{\"@type\":\"ImageObject\",\"inLanguage\":\"fr-FR\",\"@id\":\"https:\/\/peoplesphere.be\/fr\/#\/schema\/logo\/image\/\",\"url\":\"https:\/\/peoplesphere.be\/fr\/wp-content\/uploads\/2023\/07\/peoplesphere-lgo-new-generik.jpg\",\"contentUrl\":\"https:\/\/peoplesphere.be\/fr\/wp-content\/uploads\/2023\/07\/peoplesphere-lgo-new-generik.jpg\",\"width\":1031,\"height\":1479,\"caption\":\"Peoplesphere Company srl\"},\"image\":{\"@id\":\"https:\/\/peoplesphere.be\/fr\/#\/schema\/logo\/image\/\"},\"sameAs\":[\"https:\/\/www.facebook.com\/peoplesphere\",\"https:\/\/twitter.com\/PeoplesphereMag\",\"https:\/\/www.linkedin.com\/company\/7587361?trk\",\"http:\/\/youtube.com\/peoplesphere\"]},{\"@type\":\"Person\",\"@id\":\"https:\/\/peoplesphere.be\/fr\/#\/schema\/person\/7976225ff17988604334abb7b3536a7e\",\"name\":\"Jean-Paul Erhard\",\"image\":{\"@type\":\"ImageObject\",\"inLanguage\":\"fr-FR\",\"@id\":\"https:\/\/peoplesphere.be\/fr\/#\/schema\/person\/image\/\",\"url\":\"https:\/\/secure.gravatar.com\/avatar\/f941e681460179738071629a51574930?s=96&d=mm&r=g\",\"contentUrl\":\"https:\/\/secure.gravatar.com\/avatar\/f941e681460179738071629a51574930?s=96&d=mm&r=g\",\"caption\":\"Jean-Paul Erhard\"},\"url\":\"https:\/\/peoplesphere.be\/fr\/author\/jpe\/\"}]}<\/script>\n<!-- \/ Yoast SEO plugin. -->","yoast_head_json":{"title":"Evolution des salaires en 2024: les employeurs seront-ils \u00e0 la hauteur des attentes des travailleurs? - Peoplesphere","robots":{"index":"index","follow":"follow","max-snippet":"max-snippet:-1","max-image-preview":"max-image-preview:large","max-video-preview":"max-video-preview:-1"},"canonical":"https:\/\/peoplesphere.be\/fr\/evolution-des-salaires-en-2024-les-employeurs-seront-ils-a-la-hauteur-des-attentes-des-travailleurs\/","og_locale":"fr_FR","og_type":"article","og_title":"Evolution des salaires en 2024: les employeurs seront-ils \u00e0 la hauteur des attentes des travailleurs? - Peoplesphere","og_description":"Les r\u00e9sultats de l&rsquo;enqu\u00eate sur les salaires 2024 du sp\u00e9cialiste du recrutement international Robert Walters donnent un aper\u00e7u des attentes des professionnels en mati\u00e8re d&rsquo;augmentation de salaire pour l&rsquo;ann\u00e9e \u00e0 venir. Marie Parmentier, Manager chez Robert Walters, nous fait part [&hellip;]","og_url":"https:\/\/peoplesphere.be\/fr\/evolution-des-salaires-en-2024-les-employeurs-seront-ils-a-la-hauteur-des-attentes-des-travailleurs\/","og_site_name":"Peoplesphere","article_publisher":"https:\/\/www.facebook.com\/peoplesphere","article_published_time":"2023-12-18T13:27:52+00:00","og_image":[{"url":"http:\/\/www.peoplesphere.be\/fr\/wp-content\/uploads\/2016\/07\/facebook-default-posting-1200x628px.jpg"}],"author":"Jean-Paul Erhard","twitter_card":"summary_large_image","twitter_creator":"@PeoplesphereMag","twitter_site":"@PeoplesphereMag","twitter_misc":{"\u00c9crit par":"Jean-Paul Erhard","Dur\u00e9e de lecture estim\u00e9e":"3 minutes"},"schema":{"@context":"https:\/\/schema.org","@graph":[{"@type":"Article","@id":"https:\/\/peoplesphere.be\/fr\/evolution-des-salaires-en-2024-les-employeurs-seront-ils-a-la-hauteur-des-attentes-des-travailleurs\/#article","isPartOf":{"@id":"https:\/\/peoplesphere.be\/fr\/evolution-des-salaires-en-2024-les-employeurs-seront-ils-a-la-hauteur-des-attentes-des-travailleurs\/"},"author":{"name":"Jean-Paul Erhard","@id":"https:\/\/peoplesphere.be\/fr\/#\/schema\/person\/7976225ff17988604334abb7b3536a7e"},"headline":"Evolution des salaires en 2024: les employeurs seront-ils \u00e0 la hauteur des attentes des travailleurs?","datePublished":"2023-12-18T13:27:52+00:00","dateModified":"2023-12-18T13:27:52+00:00","mainEntityOfPage":{"@id":"https:\/\/peoplesphere.be\/fr\/evolution-des-salaires-en-2024-les-employeurs-seront-ils-a-la-hauteur-des-attentes-des-travailleurs\/"},"wordCount":480,"publisher":{"@id":"https:\/\/peoplesphere.be\/fr\/#organization"},"keywords":["augmentation","r\u00e9mun\u00e9rations","r\u00e9tention","salaires"],"articleSection":["Actualit\u00e9s","Digital"],"inLanguage":"fr-FR"},{"@type":"WebPage","@id":"https:\/\/peoplesphere.be\/fr\/evolution-des-salaires-en-2024-les-employeurs-seront-ils-a-la-hauteur-des-attentes-des-travailleurs\/","url":"https:\/\/peoplesphere.be\/fr\/evolution-des-salaires-en-2024-les-employeurs-seront-ils-a-la-hauteur-des-attentes-des-travailleurs\/","name":"Evolution des salaires en 2024: les employeurs seront-ils \u00e0 la hauteur des attentes des travailleurs? - Peoplesphere","isPartOf":{"@id":"https:\/\/peoplesphere.be\/fr\/#website"},"datePublished":"2023-12-18T13:27:52+00:00","dateModified":"2023-12-18T13:27:52+00:00","breadcrumb":{"@id":"https:\/\/peoplesphere.be\/fr\/evolution-des-salaires-en-2024-les-employeurs-seront-ils-a-la-hauteur-des-attentes-des-travailleurs\/#breadcrumb"},"inLanguage":"fr-FR","potentialAction":[{"@type":"ReadAction","target":["https:\/\/peoplesphere.be\/fr\/evolution-des-salaires-en-2024-les-employeurs-seront-ils-a-la-hauteur-des-attentes-des-travailleurs\/"]}]},{"@type":"BreadcrumbList","@id":"https:\/\/peoplesphere.be\/fr\/evolution-des-salaires-en-2024-les-employeurs-seront-ils-a-la-hauteur-des-attentes-des-travailleurs\/#breadcrumb","itemListElement":[{"@type":"ListItem","position":1,"name":"Accueil","item":"https:\/\/peoplesphere.be\/fr\/"},{"@type":"ListItem","position":2,"name":"Evolution des salaires en 2024: les employeurs seront-ils \u00e0 la hauteur des attentes des travailleurs?"}]},{"@type":"WebSite","@id":"https:\/\/peoplesphere.be\/fr\/#website","url":"https:\/\/peoplesphere.be\/fr\/","name":"Peoplesphere","description":"The People Managers Magazine","publisher":{"@id":"https:\/\/peoplesphere.be\/fr\/#organization"},"potentialAction":[{"@type":"SearchAction","target":{"@type":"EntryPoint","urlTemplate":"https:\/\/peoplesphere.be\/fr\/?s={search_term_string}"},"query-input":"required name=search_term_string"}],"inLanguage":"fr-FR"},{"@type":"Organization","@id":"https:\/\/peoplesphere.be\/fr\/#organization","name":"Peoplesphere Company srl","url":"https:\/\/peoplesphere.be\/fr\/","logo":{"@type":"ImageObject","inLanguage":"fr-FR","@id":"https:\/\/peoplesphere.be\/fr\/#\/schema\/logo\/image\/","url":"https:\/\/peoplesphere.be\/fr\/wp-content\/uploads\/2023\/07\/peoplesphere-lgo-new-generik.jpg","contentUrl":"https:\/\/peoplesphere.be\/fr\/wp-content\/uploads\/2023\/07\/peoplesphere-lgo-new-generik.jpg","width":1031,"height":1479,"caption":"Peoplesphere Company srl"},"image":{"@id":"https:\/\/peoplesphere.be\/fr\/#\/schema\/logo\/image\/"},"sameAs":["https:\/\/www.facebook.com\/peoplesphere","https:\/\/twitter.com\/PeoplesphereMag","https:\/\/www.linkedin.com\/company\/7587361?trk","http:\/\/youtube.com\/peoplesphere"]},{"@type":"Person","@id":"https:\/\/peoplesphere.be\/fr\/#\/schema\/person\/7976225ff17988604334abb7b3536a7e","name":"Jean-Paul Erhard","image":{"@type":"ImageObject","inLanguage":"fr-FR","@id":"https:\/\/peoplesphere.be\/fr\/#\/schema\/person\/image\/","url":"https:\/\/secure.gravatar.com\/avatar\/f941e681460179738071629a51574930?s=96&d=mm&r=g","contentUrl":"https:\/\/secure.gravatar.com\/avatar\/f941e681460179738071629a51574930?s=96&d=mm&r=g","caption":"Jean-Paul Erhard"},"url":"https:\/\/peoplesphere.be\/fr\/author\/jpe\/"}]}},"_links":{"self":[{"href":"https:\/\/peoplesphere.be\/fr\/wp-json\/wp\/v2\/posts\/15448"}],"collection":[{"href":"https:\/\/peoplesphere.be\/fr\/wp-json\/wp\/v2\/posts"}],"about":[{"href":"https:\/\/peoplesphere.be\/fr\/wp-json\/wp\/v2\/types\/post"}],"author":[{"embeddable":true,"href":"https:\/\/peoplesphere.be\/fr\/wp-json\/wp\/v2\/users\/2"}],"replies":[{"embeddable":true,"href":"https:\/\/peoplesphere.be\/fr\/wp-json\/wp\/v2\/comments?post=15448"}],"version-history":[{"count":1,"href":"https:\/\/peoplesphere.be\/fr\/wp-json\/wp\/v2\/posts\/15448\/revisions"}],"predecessor-version":[{"id":15449,"href":"https:\/\/peoplesphere.be\/fr\/wp-json\/wp\/v2\/posts\/15448\/revisions\/15449"}],"wp:attachment":[{"href":"https:\/\/peoplesphere.be\/fr\/wp-json\/wp\/v2\/media?parent=15448"}],"wp:term":[{"taxonomy":"category","embeddable":true,"href":"https:\/\/peoplesphere.be\/fr\/wp-json\/wp\/v2\/categories?post=15448"},{"taxonomy":"post_tag","embeddable":true,"href":"https:\/\/peoplesphere.be\/fr\/wp-json\/wp\/v2\/tags?post=15448"}],"curies":[{"name":"wp","href":"https:\/\/api.w.org\/{rel}","templated":true}]}}