









{"id":15450,"date":"2023-12-17T07:43:16","date_gmt":"2023-12-17T05:43:16","guid":{"rendered":"https:\/\/peoplesphere.be\/fr\/?p=15450"},"modified":"2023-12-19T07:53:46","modified_gmt":"2023-12-19T05:53:46","slug":"le-taux-demploi-national-sapproche-doucement-de-lobjectif-des-80-avec-une-nouvelle-croissance-au-cours-du-3eme-trimestre-2023","status":"publish","type":"post","link":"https:\/\/peoplesphere.be\/fr\/le-taux-demploi-national-sapproche-doucement-de-lobjectif-des-80-avec-une-nouvelle-croissance-au-cours-du-3eme-trimestre-2023\/","title":{"rendered":"Le taux d&#8217;emploi national s&rsquo;approche doucement de l&rsquo;objectif des 80% avec une nouvelle croissance au cours du 3\u00e8me trimestre 2023."},"content":{"rendered":"<p>Au troisi\u00e8me trimestre 2023, 72,2% des 20-64 ans \u00e9taient au travail en Belgique, ce qui repr\u00e9sente une hausse par rapport au deuxi\u00e8me trimestre 2023 (71,4%) et une stabilisation par rapport au troisi\u00e8me trimestre 2022. Le taux de ch\u00f4mage BIT des 15-64 ans est estim\u00e9 \u00e0 5,6% au troisi\u00e8me trimestre 2023, contre 5,5% au trimestre pr\u00e9c\u00e9dent et 5,7% au troisi\u00e8me trimestre de l&rsquo;an dernier. C\u2019est ce qui ressort des nouveaux r\u00e9sultats de Statbel \u00e9tablis sur la base de l\u2019Enqu\u00eate sur les forces de travail (EFT).<!--more--><\/p>\n<p>Il appara\u00eet en outre que le taux d\u2019emploi a le plus augment\u00e9 \u00e0 Bruxelles entre les deuxi\u00e8me et troisi\u00e8me trimestres 2023. Par rapport \u00e0 un an plus t\u00f4t \u00e9galement, on observe une hausse du taux d\u2019emploi \u00e0 Bruxelles, alors que les autres r\u00e9gions affichent une stabilisation (Wallonie) ou une baisse (Flandre). Bruxelles affiche \u00e9galement une \u00e9volution plus favorable du taux de ch\u00f4mage que les autres r\u00e9gions, bien qu\u2019il y reste plus \u00e9lev\u00e9 qu\u2019en Wallonie et qu\u2019en Flandre.<\/p>\n<p>L\u2019\u00e9volution la plus frappante du taux de ch\u00f4mage concerne les 15-24 ans, une augmentation qui est plus souvent observ\u00e9e au cours d&rsquo;un troisi\u00e8me trimestre parce que les jeunes dipl\u00f4m\u00e9s sont activement \u00e0 la recherche d&rsquo;un emploi. Le taux de ch\u00f4mage des jeunes augmente de 13,9% \u00e0 18,7% entre les deuxi\u00e8me et troisi\u00e8me trimestres 2023, et est ainsi 0,5 point de pourcentage plus \u00e9lev\u00e9 qu\u2019\u00e0 la m\u00eame p\u00e9riode l\u2019ann\u00e9e derni\u00e8re.<\/p>\n<p>En plus des jeunes dipl\u00f4m\u00e9s, de nombreux \u00e9tudiants se proposent \u00e9galement pendant les mois d&rsquo;\u00e9t\u00e9 pour exercer un job d&rsquo;\u00e9tudiant, ce qui a entra\u00een\u00e9 une hausse du taux d&rsquo;activit\u00e9 dans la classe d&rsquo;\u00e2ge la plus jeune entre le deuxi\u00e8me et le troisi\u00e8me trimestre. Au troisi\u00e8me trimestre 2023, le taux d\u2019activit\u00e9 des 15-24 ans \u00e9tait de 34,4%. Ce chiffre est bien en-dessous du taux d\u2019activit\u00e9 des 25-49 ans (86%) et des 50-64 ans (67,4%).<\/p>\n<p>Il existe \u00e9galement de grandes diff\u00e9rences sur le march\u00e9 du travail en termes de niveau d\u2019instruction. Au troisi\u00e8me trimestre 2023, on observe toutefois une \u00e9volution positive des taux d\u2019emploi, de ch\u00f4mage et d&rsquo;activit\u00e9 des personnes \u00e0 faible niveau d\u2019instruction.<\/p>\n<h3><strong><em>72,2% des 20 \u00e0 64 ans exercent un emploi<\/em><\/strong><\/h3>\n<p>Apr\u00e8s avoir chut\u00e9 \u00e0 71,4% au deuxi\u00e8me trimestre 2023, le taux d\u2019emploi augmente \u00e0 nouveau au troisi\u00e8me trimestre pour atteindre 72,2%. En termes absolus, cela signifie qu\u2019au troisi\u00e8me trimestre 2023, environ 4.886.000 personnes \u00e2g\u00e9es de 20 \u00e0 64 ans \u00e9taient au travail en Belgique. Si l\u2019on se penche sur la population \u00e2g\u00e9e de 15 ans et plus, il s&rsquo;agit de 5.039.000 personnes occup\u00e9es, un record.<\/p>\n<p>La hausse du taux de ch\u00f4mage est plus ou moins identique chez les femmes et les hommes. Chez les femmes, le taux d\u2019emploi est de 68,5% au troisi\u00e8me trimestre 2023 et chez les hommes, 75,9% des 20-64 ans sont au travail. Par rapport au m\u00eame trimestre l\u2019ann\u00e9e derni\u00e8re, le taux d\u2019emploi reste pratiquement stable, et ce tant pour les hommes que pour les femmes.<\/p>\n<h3><strong><em>Bruxelles enregistre la plus forte hausse du taux d\u2019emploi<\/em><\/strong><\/h3>\n<p>Par rapport au deuxi\u00e8me trimestre 2023, on observe une hausse du taux d\u2019emploi \u00e0 Bruxelles et en Wallonie, la plus forte hausse \u00e9tant survenue \u00e0 Bruxelles. En Flandre, le taux d\u2019emploi se stabilise.<\/p>\n<p>Par rapport au troisi\u00e8me trimestre 2022, on observe une hausse du taux d\u2019emploi \u00e0 Bruxelles, une stabilisation en Wallonie et une l\u00e9g\u00e8re baisse en Flandre.<\/p>\n<p>Le taux d\u2019emploi au troisi\u00e8me trimestre 2023 est estim\u00e9 \u00e0 76,5% en Flandre, 68,2% \u00e0 Bruxelles et 65,9% en Wallonie.<\/p>\n<h3><strong><em>Le taux d\u2019emploi des personnes \u00e0 faible niveau d\u2019instruction augmente<\/em><\/strong><\/h3>\n<p>Apr\u00e8s avoir affich\u00e9 une baisse assez importante pendant deux trimestres cons\u00e9cutifs, le taux d\u2019emploi des personnes \u00e0 faible niveau d\u2019instruction augmente au troisi\u00e8me trimestre 2023. Le taux d\u2019emploi des personnes \u00e0 niveau d\u2019instruction moyen affiche \u00e9galement une \u00e9volution positive entre les deuxi\u00e8me et troisi\u00e8me trimestres 2023, mais celui des personnes \u00e0 niveau d\u2019instruction \u00e9lev\u00e9 diminue.<\/p>\n<p>Par rapport au troisi\u00e8me trimestre de l&rsquo;an dernier, on observe une hausse du taux d\u2019emploi des personnes \u00e0 niveau d\u2019instruction faible et \u00e9lev\u00e9, et une l\u00e9g\u00e8re baisse chez les personnes \u00e0 niveau d\u2019instruction moyen.<\/p>\n<p>Les taux d\u2019emploi des personnes \u00e0 niveau d\u2019instruction faible, moyen et \u00e9lev\u00e9 s\u2019\u00e9l\u00e8vent \u00e0 47,3%, 69% et 85,3% respectivement.<\/p>\n<h3><strong><em>Le taux de ch\u00f4mage s\u2019\u00e9l\u00e8ve \u00e0 5,6%<\/em><\/strong><\/h3>\n<p>Le taux de ch\u00f4mage BIT est estim\u00e9 \u00e0 5,6% au troisi\u00e8me trimestre 2023, contre 5,5% au trimestre pr\u00e9c\u00e9dent. Chez les femmes, on observe une hausse de 4,9% \u00e0 5,3%. Chez les hommes, le taux de ch\u00f4mage s\u2019\u00e9l\u00e8ve \u00e0 5,9%, soit une l\u00e9g\u00e8re baisse par rapport au deuxi\u00e8me trimestre. En termes absolus, il y a environ 297.000 ch\u00f4meurs BIT: 132.000 femmes et 165.000 hommes.<\/p>\n<p>Par rapport \u00e0 l\u2019ann\u00e9e derni\u00e8re, on observe peu de diff\u00e9rences dans les taux de ch\u00f4mage des hommes et des femmes. Le taux de ch\u00f4mage des femmes, \u00e0 l&rsquo;\u00e9poque comme aujourd&rsquo;hui, \u00e9tait estim\u00e9 \u00e0 5,3%, celui des hommes \u00e0 6%. Le taux de ch\u00f4mage global \u00e9tait alors de 5,7%.<\/p>\n<h3><strong><em>Forte hausse du taux de ch\u00f4mage des jeunes \u00e0 18,7%<\/em><\/strong><\/h3>\n<p>Le taux de ch\u00f4mage des jeunes (15-24 ans), qui affiche souvent un pic au troisi\u00e8me trimestre parce que les nouveaux dipl\u00f4m\u00e9s recherchent activement un travail, augmente de 13,9% au deuxi\u00e8me trimestre 2023 \u00e0 18,7% au troisi\u00e8me trimestre. Ce chiffre est encore 0,5 point de pourcentage plus \u00e9lev\u00e9 qu\u2019\u00e0 la m\u00eame p\u00e9riode l\u2019ann\u00e9e derni\u00e8re.<\/p>\n<p>Les deux autres classes d\u2019\u00e2ge sont moins sujettes aux fluctuations que la classe d\u2019\u00e2ge la plus jeune. Chez les 50-64 ans, on observe une tendance \u00e0 la baisse depuis plus longtemps, et chez les 25-49 ans, plut\u00f4t une stabilisation du taux de ch\u00f4mage. Le taux de ch\u00f4mage des 25-49 ans s\u2019\u00e9l\u00e8ve \u00e0 5,1%, et chez les plus de 55 ans, 2,8% de la population active sont des ch\u00f4meurs BIT.<\/p>\n<p>Au niveau r\u00e9gional, la baisse du taux de ch\u00f4mage \u00e0 Bruxelles est la plus remarquable. On y observe une baisse entre les deuxi\u00e8me et troisi\u00e8me trimestres 2023 de 11,3% \u00e0 10%. La m\u00eame baisse, de 11,3% \u00e0 10%, est observ\u00e9e par rapport \u00e0 l&rsquo;ann\u00e9e pr\u00e9c\u00e9dente.<\/p>\n<p>La Wallonie et la Flandre enregistrent une l\u00e9g\u00e8re hausse du taux de ch\u00f4mage entre les deuxi\u00e8me et troisi\u00e8me trimestres 2023. Par rapport \u00e0 un an plus t\u00f4t, on observe peu de diff\u00e9rences dans le taux de ch\u00f4mage flamand et une l\u00e9g\u00e8re hausse en Wallonie. Au troisi\u00e8me trimestre 2023, le taux de ch\u00f4mage s\u2019\u00e9l\u00e8ve \u00e0 8,3% en Wallonie et 3,5% en Flandre.<\/p>\n<h3><strong><em>70,8% des 15-64 ans sont \u00e9conomiquement actifs<\/em><\/strong><\/h3>\n<p>Lorsque le nombre de personnes occup\u00e9es et le nombre de ch\u00f4meurs augmentent, cela implique, du moins dans le cas d&rsquo;une population stable, que le nombre de personnes inactives ou non \u00e9conomiquement actives diminue. C\u2019est ce que l\u2019on constate au troisi\u00e8me trimestre 2023. Par rapport au trimestre pr\u00e9c\u00e9dent, la population a augment\u00e9 d\u2019environ 8.000 personnes, mais le nombre d\u2019inactifs \u00e2g\u00e9s de 15 \u00e0 64 ans a diminu\u00e9 de 79.000 unit\u00e9s gr\u00e2ce \u00e0 une hausse du nombre de personnes occup\u00e9es et de ch\u00f4meurs de 15 \u00e0 64 ans de 73.000 et 14.000 personnes respectivement. La population d\u2019inactifs \u00e2g\u00e9s de 15 \u00e0 64 ans est estim\u00e9e \u00e0 2.170.000 au troisi\u00e8me trimestre 2023.<\/p>\n<p>En termes relatifs, si l\u2019on regarde le taux d\u2019activit\u00e9 (= part des personnes \u00e9conomiquement actives dans la classe d\u2019\u00e2ge des 15-64 ans), on observe une hausse, tant chez les femmes que chez les hommes.<\/p>\n<p>Par rapport au troisi\u00e8me trimestre 2022, les taux d&rsquo;activit\u00e9 des femmes et des hommes ont peu \u00e9volu\u00e9. Le taux d\u2019activit\u00e9 des 15-64 ans s\u2019\u00e9l\u00e8ve \u00e0 70,8%. La proportion est de 67,1% chez les femmes et de 74,5% chez les hommes.<\/p>\n<h3><strong><em>Forte hausse du taux d\u2019activit\u00e9 \u00e0 Bruxelles et en Wallonie<\/em><\/strong><\/h3>\n<p>Avec 73,9%, la Flandre conna\u00eet le taux d\u2019activit\u00e9 le plus \u00e9lev\u00e9 des trois r\u00e9gions, mais au troisi\u00e8me trimestre 2023, celui-ci y a augment\u00e9 moins fortement qu\u2019\u00e0 Bruxelles et qu\u2019en Wallonie, de sorte que l\u2019\u00e9cart entre la Flandre, d\u2019une part, et Bruxelles et la Wallonie, d\u2019autre part, se soit l\u00e9g\u00e8rement r\u00e9duit. Le taux d\u2019activit\u00e9 est estim\u00e9 \u00e0 69,4% \u00e0 Bruxelles et \u00e0 65,8% en Wallonie. Depuis le premier trimestre 2022, le taux d&rsquo;activit\u00e9 est plus \u00e9lev\u00e9 \u00e0 Bruxelles qu\u2019en Wallonie.<\/p>\n<p><em>Source: Statbel<\/em><\/p>\n","protected":false},"excerpt":{"rendered":"<p>Au troisi\u00e8me trimestre 2023, 72,2% des 20-64 ans \u00e9taient au travail en Belgique, ce qui repr\u00e9sente une hausse par rapport au deuxi\u00e8me trimestre 2023 (71,4%) et une stabilisation par rapport au troisi\u00e8me trimestre 2022. Le taux de ch\u00f4mage BIT des [&hellip;]<\/p>\n","protected":false},"author":2,"featured_media":15452,"comment_status":"closed","ping_status":"open","sticky":false,"template":"","format":"standard","meta":[],"categories":[65,10],"tags":[585,394,703],"yoast_head":"<!-- This site is optimized with the Yoast SEO plugin v21.0 - https:\/\/yoast.com\/wordpress\/plugins\/seo\/ -->\n<title>Le taux d&#039;emploi national s&#039;approche doucement de l&#039;objectif des 80% avec une nouvelle croissance au cours du 3\u00e8me trimestre 2023. - Peoplesphere<\/title>\n<meta name=\"robots\" content=\"index, follow, max-snippet:-1, max-image-preview:large, max-video-preview:-1\" \/>\n<link rel=\"canonical\" href=\"https:\/\/peoplesphere.be\/fr\/le-taux-demploi-national-sapproche-doucement-de-lobjectif-des-80-avec-une-nouvelle-croissance-au-cours-du-3eme-trimestre-2023\/\" \/>\n<meta property=\"og:locale\" content=\"fr_FR\" \/>\n<meta property=\"og:type\" content=\"article\" \/>\n<meta property=\"og:title\" content=\"Le taux d&#039;emploi national s&#039;approche doucement de l&#039;objectif des 80% avec une nouvelle croissance au cours du 3\u00e8me trimestre 2023. - Peoplesphere\" \/>\n<meta property=\"og:description\" content=\"Au troisi\u00e8me trimestre 2023, 72,2% des 20-64 ans \u00e9taient au travail en Belgique, ce qui repr\u00e9sente une hausse par rapport au deuxi\u00e8me trimestre 2023 (71,4%) et une stabilisation par rapport au troisi\u00e8me trimestre 2022. Le taux de ch\u00f4mage BIT des [&hellip;]\" \/>\n<meta property=\"og:url\" content=\"https:\/\/peoplesphere.be\/fr\/le-taux-demploi-national-sapproche-doucement-de-lobjectif-des-80-avec-une-nouvelle-croissance-au-cours-du-3eme-trimestre-2023\/\" \/>\n<meta property=\"og:site_name\" content=\"Peoplesphere\" \/>\n<meta property=\"article:publisher\" content=\"https:\/\/www.facebook.com\/peoplesphere\" \/>\n<meta property=\"article:published_time\" content=\"2023-12-17T05:43:16+00:00\" \/>\n<meta property=\"article:modified_time\" content=\"2023-12-19T05:53:46+00:00\" \/>\n<meta property=\"og:image\" content=\"https:\/\/peoplesphere.be\/fr\/wp-content\/uploads\/2023\/12\/20231219tauxdemploi.jpg\" \/>\n\t<meta property=\"og:image:width\" content=\"430\" \/>\n\t<meta property=\"og:image:height\" content=\"287\" \/>\n\t<meta property=\"og:image:type\" content=\"image\/jpeg\" \/>\n<meta name=\"author\" content=\"Jean-Paul Erhard\" \/>\n<meta name=\"twitter:card\" content=\"summary_large_image\" \/>\n<meta name=\"twitter:creator\" content=\"@PeoplesphereMag\" \/>\n<meta name=\"twitter:site\" content=\"@PeoplesphereMag\" \/>\n<meta name=\"twitter:label1\" content=\"\u00c9crit par\" \/>\n\t<meta name=\"twitter:data1\" content=\"Jean-Paul Erhard\" \/>\n\t<meta name=\"twitter:label2\" content=\"Dur\u00e9e de lecture estim\u00e9e\" \/>\n\t<meta name=\"twitter:data2\" content=\"7 minutes\" \/>\n<script type=\"application\/ld+json\" class=\"yoast-schema-graph\">{\"@context\":\"https:\/\/schema.org\",\"@graph\":[{\"@type\":\"Article\",\"@id\":\"https:\/\/peoplesphere.be\/fr\/le-taux-demploi-national-sapproche-doucement-de-lobjectif-des-80-avec-une-nouvelle-croissance-au-cours-du-3eme-trimestre-2023\/#article\",\"isPartOf\":{\"@id\":\"https:\/\/peoplesphere.be\/fr\/le-taux-demploi-national-sapproche-doucement-de-lobjectif-des-80-avec-une-nouvelle-croissance-au-cours-du-3eme-trimestre-2023\/\"},\"author\":{\"name\":\"Jean-Paul Erhard\",\"@id\":\"https:\/\/peoplesphere.be\/fr\/#\/schema\/person\/7976225ff17988604334abb7b3536a7e\"},\"headline\":\"Le taux d&#8217;emploi national s&rsquo;approche doucement de l&rsquo;objectif des 80% avec une nouvelle croissance au cours du 3\u00e8me trimestre 2023.\",\"datePublished\":\"2023-12-17T05:43:16+00:00\",\"dateModified\":\"2023-12-19T05:53:46+00:00\",\"mainEntityOfPage\":{\"@id\":\"https:\/\/peoplesphere.be\/fr\/le-taux-demploi-national-sapproche-doucement-de-lobjectif-des-80-avec-une-nouvelle-croissance-au-cours-du-3eme-trimestre-2023\/\"},\"wordCount\":1398,\"publisher\":{\"@id\":\"https:\/\/peoplesphere.be\/fr\/#organization\"},\"keywords\":[\"march\u00e9 du travail\",\"taux d'emploi\",\"taux de ch\u00f4mage\"],\"articleSection\":[\"Actualit\u00e9s\",\"Digital\"],\"inLanguage\":\"fr-FR\"},{\"@type\":\"WebPage\",\"@id\":\"https:\/\/peoplesphere.be\/fr\/le-taux-demploi-national-sapproche-doucement-de-lobjectif-des-80-avec-une-nouvelle-croissance-au-cours-du-3eme-trimestre-2023\/\",\"url\":\"https:\/\/peoplesphere.be\/fr\/le-taux-demploi-national-sapproche-doucement-de-lobjectif-des-80-avec-une-nouvelle-croissance-au-cours-du-3eme-trimestre-2023\/\",\"name\":\"Le taux d'emploi national s'approche doucement de l'objectif des 80% avec une nouvelle croissance au cours du 3\u00e8me trimestre 2023. - Peoplesphere\",\"isPartOf\":{\"@id\":\"https:\/\/peoplesphere.be\/fr\/#website\"},\"datePublished\":\"2023-12-17T05:43:16+00:00\",\"dateModified\":\"2023-12-19T05:53:46+00:00\",\"breadcrumb\":{\"@id\":\"https:\/\/peoplesphere.be\/fr\/le-taux-demploi-national-sapproche-doucement-de-lobjectif-des-80-avec-une-nouvelle-croissance-au-cours-du-3eme-trimestre-2023\/#breadcrumb\"},\"inLanguage\":\"fr-FR\",\"potentialAction\":[{\"@type\":\"ReadAction\",\"target\":[\"https:\/\/peoplesphere.be\/fr\/le-taux-demploi-national-sapproche-doucement-de-lobjectif-des-80-avec-une-nouvelle-croissance-au-cours-du-3eme-trimestre-2023\/\"]}]},{\"@type\":\"BreadcrumbList\",\"@id\":\"https:\/\/peoplesphere.be\/fr\/le-taux-demploi-national-sapproche-doucement-de-lobjectif-des-80-avec-une-nouvelle-croissance-au-cours-du-3eme-trimestre-2023\/#breadcrumb\",\"itemListElement\":[{\"@type\":\"ListItem\",\"position\":1,\"name\":\"Accueil\",\"item\":\"https:\/\/peoplesphere.be\/fr\/\"},{\"@type\":\"ListItem\",\"position\":2,\"name\":\"Le taux d&#8217;emploi national s&rsquo;approche doucement de l&rsquo;objectif des 80% avec une nouvelle croissance au cours du 3\u00e8me trimestre 2023.\"}]},{\"@type\":\"WebSite\",\"@id\":\"https:\/\/peoplesphere.be\/fr\/#website\",\"url\":\"https:\/\/peoplesphere.be\/fr\/\",\"name\":\"Peoplesphere\",\"description\":\"The People Managers Magazine\",\"publisher\":{\"@id\":\"https:\/\/peoplesphere.be\/fr\/#organization\"},\"potentialAction\":[{\"@type\":\"SearchAction\",\"target\":{\"@type\":\"EntryPoint\",\"urlTemplate\":\"https:\/\/peoplesphere.be\/fr\/?s={search_term_string}\"},\"query-input\":\"required name=search_term_string\"}],\"inLanguage\":\"fr-FR\"},{\"@type\":\"Organization\",\"@id\":\"https:\/\/peoplesphere.be\/fr\/#organization\",\"name\":\"Peoplesphere Company srl\",\"url\":\"https:\/\/peoplesphere.be\/fr\/\",\"logo\":{\"@type\":\"ImageObject\",\"inLanguage\":\"fr-FR\",\"@id\":\"https:\/\/peoplesphere.be\/fr\/#\/schema\/logo\/image\/\",\"url\":\"https:\/\/peoplesphere.be\/fr\/wp-content\/uploads\/2023\/07\/peoplesphere-lgo-new-generik.jpg\",\"contentUrl\":\"https:\/\/peoplesphere.be\/fr\/wp-content\/uploads\/2023\/07\/peoplesphere-lgo-new-generik.jpg\",\"width\":1031,\"height\":1479,\"caption\":\"Peoplesphere Company srl\"},\"image\":{\"@id\":\"https:\/\/peoplesphere.be\/fr\/#\/schema\/logo\/image\/\"},\"sameAs\":[\"https:\/\/www.facebook.com\/peoplesphere\",\"https:\/\/twitter.com\/PeoplesphereMag\",\"https:\/\/www.linkedin.com\/company\/7587361?trk\",\"http:\/\/youtube.com\/peoplesphere\"]},{\"@type\":\"Person\",\"@id\":\"https:\/\/peoplesphere.be\/fr\/#\/schema\/person\/7976225ff17988604334abb7b3536a7e\",\"name\":\"Jean-Paul Erhard\",\"image\":{\"@type\":\"ImageObject\",\"inLanguage\":\"fr-FR\",\"@id\":\"https:\/\/peoplesphere.be\/fr\/#\/schema\/person\/image\/\",\"url\":\"https:\/\/secure.gravatar.com\/avatar\/f941e681460179738071629a51574930?s=96&d=mm&r=g\",\"contentUrl\":\"https:\/\/secure.gravatar.com\/avatar\/f941e681460179738071629a51574930?s=96&d=mm&r=g\",\"caption\":\"Jean-Paul Erhard\"},\"url\":\"https:\/\/peoplesphere.be\/fr\/author\/jpe\/\"}]}<\/script>\n<!-- \/ Yoast SEO plugin. -->","yoast_head_json":{"title":"Le taux d'emploi national s'approche doucement de l'objectif des 80% avec une nouvelle croissance au cours du 3\u00e8me trimestre 2023. - Peoplesphere","robots":{"index":"index","follow":"follow","max-snippet":"max-snippet:-1","max-image-preview":"max-image-preview:large","max-video-preview":"max-video-preview:-1"},"canonical":"https:\/\/peoplesphere.be\/fr\/le-taux-demploi-national-sapproche-doucement-de-lobjectif-des-80-avec-une-nouvelle-croissance-au-cours-du-3eme-trimestre-2023\/","og_locale":"fr_FR","og_type":"article","og_title":"Le taux d'emploi national s'approche doucement de l'objectif des 80% avec une nouvelle croissance au cours du 3\u00e8me trimestre 2023. - Peoplesphere","og_description":"Au troisi\u00e8me trimestre 2023, 72,2% des 20-64 ans \u00e9taient au travail en Belgique, ce qui repr\u00e9sente une hausse par rapport au deuxi\u00e8me trimestre 2023 (71,4%) et une stabilisation par rapport au troisi\u00e8me trimestre 2022. Le taux de ch\u00f4mage BIT des [&hellip;]","og_url":"https:\/\/peoplesphere.be\/fr\/le-taux-demploi-national-sapproche-doucement-de-lobjectif-des-80-avec-une-nouvelle-croissance-au-cours-du-3eme-trimestre-2023\/","og_site_name":"Peoplesphere","article_publisher":"https:\/\/www.facebook.com\/peoplesphere","article_published_time":"2023-12-17T05:43:16+00:00","article_modified_time":"2023-12-19T05:53:46+00:00","og_image":[{"width":430,"height":287,"url":"https:\/\/peoplesphere.be\/fr\/wp-content\/uploads\/2023\/12\/20231219tauxdemploi.jpg","type":"image\/jpeg"}],"author":"Jean-Paul Erhard","twitter_card":"summary_large_image","twitter_creator":"@PeoplesphereMag","twitter_site":"@PeoplesphereMag","twitter_misc":{"\u00c9crit par":"Jean-Paul Erhard","Dur\u00e9e de lecture estim\u00e9e":"7 minutes"},"schema":{"@context":"https:\/\/schema.org","@graph":[{"@type":"Article","@id":"https:\/\/peoplesphere.be\/fr\/le-taux-demploi-national-sapproche-doucement-de-lobjectif-des-80-avec-une-nouvelle-croissance-au-cours-du-3eme-trimestre-2023\/#article","isPartOf":{"@id":"https:\/\/peoplesphere.be\/fr\/le-taux-demploi-national-sapproche-doucement-de-lobjectif-des-80-avec-une-nouvelle-croissance-au-cours-du-3eme-trimestre-2023\/"},"author":{"name":"Jean-Paul Erhard","@id":"https:\/\/peoplesphere.be\/fr\/#\/schema\/person\/7976225ff17988604334abb7b3536a7e"},"headline":"Le taux d&#8217;emploi national s&rsquo;approche doucement de l&rsquo;objectif des 80% avec une nouvelle croissance au cours du 3\u00e8me trimestre 2023.","datePublished":"2023-12-17T05:43:16+00:00","dateModified":"2023-12-19T05:53:46+00:00","mainEntityOfPage":{"@id":"https:\/\/peoplesphere.be\/fr\/le-taux-demploi-national-sapproche-doucement-de-lobjectif-des-80-avec-une-nouvelle-croissance-au-cours-du-3eme-trimestre-2023\/"},"wordCount":1398,"publisher":{"@id":"https:\/\/peoplesphere.be\/fr\/#organization"},"keywords":["march\u00e9 du travail","taux d'emploi","taux de ch\u00f4mage"],"articleSection":["Actualit\u00e9s","Digital"],"inLanguage":"fr-FR"},{"@type":"WebPage","@id":"https:\/\/peoplesphere.be\/fr\/le-taux-demploi-national-sapproche-doucement-de-lobjectif-des-80-avec-une-nouvelle-croissance-au-cours-du-3eme-trimestre-2023\/","url":"https:\/\/peoplesphere.be\/fr\/le-taux-demploi-national-sapproche-doucement-de-lobjectif-des-80-avec-une-nouvelle-croissance-au-cours-du-3eme-trimestre-2023\/","name":"Le taux d'emploi national s'approche doucement de l'objectif des 80% avec une nouvelle croissance au cours du 3\u00e8me trimestre 2023. - Peoplesphere","isPartOf":{"@id":"https:\/\/peoplesphere.be\/fr\/#website"},"datePublished":"2023-12-17T05:43:16+00:00","dateModified":"2023-12-19T05:53:46+00:00","breadcrumb":{"@id":"https:\/\/peoplesphere.be\/fr\/le-taux-demploi-national-sapproche-doucement-de-lobjectif-des-80-avec-une-nouvelle-croissance-au-cours-du-3eme-trimestre-2023\/#breadcrumb"},"inLanguage":"fr-FR","potentialAction":[{"@type":"ReadAction","target":["https:\/\/peoplesphere.be\/fr\/le-taux-demploi-national-sapproche-doucement-de-lobjectif-des-80-avec-une-nouvelle-croissance-au-cours-du-3eme-trimestre-2023\/"]}]},{"@type":"BreadcrumbList","@id":"https:\/\/peoplesphere.be\/fr\/le-taux-demploi-national-sapproche-doucement-de-lobjectif-des-80-avec-une-nouvelle-croissance-au-cours-du-3eme-trimestre-2023\/#breadcrumb","itemListElement":[{"@type":"ListItem","position":1,"name":"Accueil","item":"https:\/\/peoplesphere.be\/fr\/"},{"@type":"ListItem","position":2,"name":"Le taux d&#8217;emploi national s&rsquo;approche doucement de l&rsquo;objectif des 80% avec une nouvelle croissance au cours du 3\u00e8me trimestre 2023."}]},{"@type":"WebSite","@id":"https:\/\/peoplesphere.be\/fr\/#website","url":"https:\/\/peoplesphere.be\/fr\/","name":"Peoplesphere","description":"The People Managers Magazine","publisher":{"@id":"https:\/\/peoplesphere.be\/fr\/#organization"},"potentialAction":[{"@type":"SearchAction","target":{"@type":"EntryPoint","urlTemplate":"https:\/\/peoplesphere.be\/fr\/?s={search_term_string}"},"query-input":"required name=search_term_string"}],"inLanguage":"fr-FR"},{"@type":"Organization","@id":"https:\/\/peoplesphere.be\/fr\/#organization","name":"Peoplesphere Company srl","url":"https:\/\/peoplesphere.be\/fr\/","logo":{"@type":"ImageObject","inLanguage":"fr-FR","@id":"https:\/\/peoplesphere.be\/fr\/#\/schema\/logo\/image\/","url":"https:\/\/peoplesphere.be\/fr\/wp-content\/uploads\/2023\/07\/peoplesphere-lgo-new-generik.jpg","contentUrl":"https:\/\/peoplesphere.be\/fr\/wp-content\/uploads\/2023\/07\/peoplesphere-lgo-new-generik.jpg","width":1031,"height":1479,"caption":"Peoplesphere Company srl"},"image":{"@id":"https:\/\/peoplesphere.be\/fr\/#\/schema\/logo\/image\/"},"sameAs":["https:\/\/www.facebook.com\/peoplesphere","https:\/\/twitter.com\/PeoplesphereMag","https:\/\/www.linkedin.com\/company\/7587361?trk","http:\/\/youtube.com\/peoplesphere"]},{"@type":"Person","@id":"https:\/\/peoplesphere.be\/fr\/#\/schema\/person\/7976225ff17988604334abb7b3536a7e","name":"Jean-Paul Erhard","image":{"@type":"ImageObject","inLanguage":"fr-FR","@id":"https:\/\/peoplesphere.be\/fr\/#\/schema\/person\/image\/","url":"https:\/\/secure.gravatar.com\/avatar\/f941e681460179738071629a51574930?s=96&d=mm&r=g","contentUrl":"https:\/\/secure.gravatar.com\/avatar\/f941e681460179738071629a51574930?s=96&d=mm&r=g","caption":"Jean-Paul Erhard"},"url":"https:\/\/peoplesphere.be\/fr\/author\/jpe\/"}]}},"_links":{"self":[{"href":"https:\/\/peoplesphere.be\/fr\/wp-json\/wp\/v2\/posts\/15450"}],"collection":[{"href":"https:\/\/peoplesphere.be\/fr\/wp-json\/wp\/v2\/posts"}],"about":[{"href":"https:\/\/peoplesphere.be\/fr\/wp-json\/wp\/v2\/types\/post"}],"author":[{"embeddable":true,"href":"https:\/\/peoplesphere.be\/fr\/wp-json\/wp\/v2\/users\/2"}],"replies":[{"embeddable":true,"href":"https:\/\/peoplesphere.be\/fr\/wp-json\/wp\/v2\/comments?post=15450"}],"version-history":[{"count":1,"href":"https:\/\/peoplesphere.be\/fr\/wp-json\/wp\/v2\/posts\/15450\/revisions"}],"predecessor-version":[{"id":15451,"href":"https:\/\/peoplesphere.be\/fr\/wp-json\/wp\/v2\/posts\/15450\/revisions\/15451"}],"wp:featuredmedia":[{"embeddable":true,"href":"https:\/\/peoplesphere.be\/fr\/wp-json\/wp\/v2\/media\/15452"}],"wp:attachment":[{"href":"https:\/\/peoplesphere.be\/fr\/wp-json\/wp\/v2\/media?parent=15450"}],"wp:term":[{"taxonomy":"category","embeddable":true,"href":"https:\/\/peoplesphere.be\/fr\/wp-json\/wp\/v2\/categories?post=15450"},{"taxonomy":"post_tag","embeddable":true,"href":"https:\/\/peoplesphere.be\/fr\/wp-json\/wp\/v2\/tags?post=15450"}],"curies":[{"name":"wp","href":"https:\/\/api.w.org\/{rel}","templated":true}]}}