









{"id":15484,"date":"2023-12-27T15:59:40","date_gmt":"2023-12-27T13:59:40","guid":{"rendered":"https:\/\/peoplesphere.be\/fr\/?p=15484"},"modified":"2023-12-27T15:59:40","modified_gmt":"2023-12-27T13:59:40","slug":"changement-de-la-loi-concernant-le-droit-dutilisation-des-numeros-mobiles-des-travailleurs-a-lissue-du-contrat-de-travail","status":"publish","type":"post","link":"https:\/\/peoplesphere.be\/fr\/changement-de-la-loi-concernant-le-droit-dutilisation-des-numeros-mobiles-des-travailleurs-a-lissue-du-contrat-de-travail\/","title":{"rendered":"Changement de la loi concernant le droit d\u2019utilisation des num\u00e9ros mobiles des travailleurs \u00e0 l\u2019issue du contrat de travail."},"content":{"rendered":"<p>De nombreux employeurs d\u00e9cident, en d\u00e9but de relation de travail, de financer l\u2019abonnement t\u00e9l\u00e9phonique personnel du travailleur au lieu de lui octroyer un nouveau num\u00e9ro de t\u00e9l\u00e9phone professionnel. Lorsque la relation prend fin, la question de la restitution de ce num\u00e9ro de t\u00e9l\u00e9phone se pose, principalement dans les secteurs hautement concurrentiels.<!--more--><\/p>\n<p>L\u2019employeur tente alors de conserver le num\u00e9ro de t\u00e9l\u00e9phone du travailleur sortant en vue de r\u00e9duire le risque que ce dernier puisse encore \u00eatre contact\u00e9 par des clients, par exemple.<\/p>\n<p>L\u2019\u00e9volution de notre rapport aux m\u00e9dias sociaux ayant \u00e9volu\u00e9, il est aujourd\u2019hui consid\u00e9r\u00e9 que la restitution de ce num\u00e9ro \u00e0 l\u2019employeur a de moins en moins de sens dans la mesure o\u00f9 les clients de l\u2019entreprise peuvent en tout \u00e9tat de cause continuer \u00e0 maintenir un contact avec le travailleur via LinkedIn et d\u2019autres r\u00e9seaux professionnels. D\u2019autre part, il est constat\u00e9 que l\u2019importance du num\u00e9ro mobile pour l\u2019usage priv\u00e9 ayant cru, beaucoup consid\u00e8rent que cette derni\u00e8re devrait primer sur le pr\u00e9tendu risque de d\u00e9savantage concurrentiel.<\/p>\n<p>M\u00eame si nos tribunaux tendaient d\u00e9j\u00e0 \u00e0 se prononcer en ce sens, bient\u00f4t, plus aucune \u00e9quivoque ne pourra exister \u00e0 ce sujet.<\/p>\n<h3><strong><em>Proposition de loi du 1er d\u00e9cembre 2023<\/em><\/strong><\/h3>\n<p>Par proposition de loi du 1er d\u00e9cembre 2023, un nouvel article 21\/1 sera ins\u00e9r\u00e9 dans la loi du 3 juillet 1978 relative aux contrats de travail et pr\u00e9voira que si le travailleur a c\u00e9d\u00e9 \u00e0 l\u2019employeur au d\u00e9but ou au cours du contrat de travail un num\u00e9ro mobile qu\u2019il poss\u00e9dait avant la conclusion du contrat de travail, le travailleur aura le droit de demander la restitution du droit d\u2019utilisation de ce num\u00e9ro lorsque le contrat prend fin.<\/p>\n<p>A cet effet, il devra demander la restitution par un \u00e9crit dat\u00e9 dans un d\u00e9lai d\u2019un mois suivant la date de fin du contrat.<\/p>\n<p>Si ces modalit\u00e9s sont respect\u00e9es, l\u2019employeur ne pourra pas refuser.<\/p>\n<p>Cet article entrera en vigueur le 1er janvier 2024.<\/p>\n<p>L\u2019entr\u00e9e en vigueur de cet article aura certainement pour cons\u00e9quence que les clauses pr\u00e9vues dans les contrats de travail pr\u00e9voyant la restitution du num\u00e9ro de t\u00e9l\u00e9phone mobile personnel pr\u00e9alable \u00e0 la relation de travail seront consid\u00e9r\u00e9es ill\u00e9gales.<\/p>\n<h3><strong><em>Quid de la mise \u00e0 disposition d\u2019un nouveau num\u00e9ro de t\u00e9l\u00e9phone par l\u2019employeur au moment de l\u2019entr\u00e9e en service ?<\/em><\/strong><\/h3>\n<p>Lorsque l\u2019employeur souscrit des abonnements pour plusieurs num\u00e9ros mobiles et les mets \u00e0 la disposition de ses travailleurs dans le cadre du contrat de travail, le raisonnement est diff\u00e9rent dans la mesure o\u00f9 ce num\u00e9ro est alors consid\u00e9r\u00e9 comme un instrument de travail en application de l\u2019art. 17,5\u00b0 de la loi relative aux contrats de travail.<\/p>\n<p>Le travailleur devra d\u00e8s lors restituer, \u00e0 la fin de la relation de travail, le droit d\u2019utilisation de ce num\u00e9ro mobile qui pourra \u00eatre attribu\u00e9 \u00e0 un autre travailleur. Dans une telle situation, il sera pr\u00e9sum\u00e9 que le travailleur a pu conserver son num\u00e9ro priv\u00e9 en parall\u00e8le au num\u00e9ro mobile qu\u2019il a utilis\u00e9 dans le cadre de son contrat de travail et qu\u2019il n\u2019a donc pas perdu son num\u00e9ro personnel.<\/p>\n<p>Les d\u00e9veloppements qui ont \u00e9t\u00e9 publi\u00e9s le 12 janvier 2023 confirment que cet article ne vise pas \u00e0 apporter un changement \u00e0 cette situation.<\/p>\n<p>L\u2019employeur peut donc en principe continuer \u00e0 exiger la restitution des num\u00e9ros mobiles qu\u2019il a mis \u00e0 disposition des travailleurs et donc pr\u00e9voir des clauses contractuelles en ce sens.<\/p>\n<p>&nbsp;<\/p>\n<p><em>Source: Loyens &amp; Loeff<\/em><\/p>\n","protected":false},"excerpt":{"rendered":"<p>De nombreux employeurs d\u00e9cident, en d\u00e9but de relation de travail, de financer l\u2019abonnement t\u00e9l\u00e9phonique personnel du travailleur au lieu de lui octroyer un nouveau num\u00e9ro de t\u00e9l\u00e9phone professionnel. Lorsque la relation prend fin, la question de la restitution de ce [&hellip;]<\/p>\n","protected":false},"author":2,"featured_media":0,"comment_status":"closed","ping_status":"open","sticky":false,"template":"","format":"standard","meta":[],"categories":[65,10],"tags":[478,1341,380,272],"yoast_head":"<!-- This site is optimized with the Yoast SEO plugin v21.0 - https:\/\/yoast.com\/wordpress\/plugins\/seo\/ -->\n<title>Changement de la loi concernant le droit d\u2019utilisation des num\u00e9ros mobiles des travailleurs \u00e0 l\u2019issue du contrat de travail. - Peoplesphere<\/title>\n<meta name=\"robots\" content=\"index, follow, max-snippet:-1, max-image-preview:large, max-video-preview:-1\" \/>\n<link rel=\"canonical\" href=\"https:\/\/peoplesphere.be\/fr\/changement-de-la-loi-concernant-le-droit-dutilisation-des-numeros-mobiles-des-travailleurs-a-lissue-du-contrat-de-travail\/\" \/>\n<meta property=\"og:locale\" content=\"fr_FR\" \/>\n<meta property=\"og:type\" content=\"article\" \/>\n<meta property=\"og:title\" content=\"Changement de la loi concernant le droit d\u2019utilisation des num\u00e9ros mobiles des travailleurs \u00e0 l\u2019issue du contrat de travail. - Peoplesphere\" \/>\n<meta property=\"og:description\" content=\"De nombreux employeurs d\u00e9cident, en d\u00e9but de relation de travail, de financer l\u2019abonnement t\u00e9l\u00e9phonique personnel du travailleur au lieu de lui octroyer un nouveau num\u00e9ro de t\u00e9l\u00e9phone professionnel. Lorsque la relation prend fin, la question de la restitution de ce [&hellip;]\" \/>\n<meta property=\"og:url\" content=\"https:\/\/peoplesphere.be\/fr\/changement-de-la-loi-concernant-le-droit-dutilisation-des-numeros-mobiles-des-travailleurs-a-lissue-du-contrat-de-travail\/\" \/>\n<meta property=\"og:site_name\" content=\"Peoplesphere\" \/>\n<meta property=\"article:publisher\" content=\"https:\/\/www.facebook.com\/peoplesphere\" \/>\n<meta property=\"article:published_time\" content=\"2023-12-27T13:59:40+00:00\" \/>\n<meta property=\"og:image\" content=\"http:\/\/www.peoplesphere.be\/fr\/wp-content\/uploads\/2016\/07\/facebook-default-posting-1200x628px.jpg\" \/>\n<meta name=\"author\" content=\"Jean-Paul Erhard\" \/>\n<meta name=\"twitter:card\" content=\"summary_large_image\" \/>\n<meta name=\"twitter:creator\" content=\"@PeoplesphereMag\" \/>\n<meta name=\"twitter:site\" content=\"@PeoplesphereMag\" \/>\n<meta name=\"twitter:label1\" content=\"\u00c9crit par\" \/>\n\t<meta name=\"twitter:data1\" content=\"Jean-Paul Erhard\" \/>\n\t<meta name=\"twitter:label2\" content=\"Dur\u00e9e de lecture estim\u00e9e\" \/>\n\t<meta name=\"twitter:data2\" content=\"3 minutes\" \/>\n<script type=\"application\/ld+json\" class=\"yoast-schema-graph\">{\"@context\":\"https:\/\/schema.org\",\"@graph\":[{\"@type\":\"Article\",\"@id\":\"https:\/\/peoplesphere.be\/fr\/changement-de-la-loi-concernant-le-droit-dutilisation-des-numeros-mobiles-des-travailleurs-a-lissue-du-contrat-de-travail\/#article\",\"isPartOf\":{\"@id\":\"https:\/\/peoplesphere.be\/fr\/changement-de-la-loi-concernant-le-droit-dutilisation-des-numeros-mobiles-des-travailleurs-a-lissue-du-contrat-de-travail\/\"},\"author\":{\"name\":\"Jean-Paul Erhard\",\"@id\":\"https:\/\/peoplesphere.be\/fr\/#\/schema\/person\/7976225ff17988604334abb7b3536a7e\"},\"headline\":\"Changement de la loi concernant le droit d\u2019utilisation des num\u00e9ros mobiles des travailleurs \u00e0 l\u2019issue du contrat de travail.\",\"datePublished\":\"2023-12-27T13:59:40+00:00\",\"dateModified\":\"2023-12-27T13:59:40+00:00\",\"mainEntityOfPage\":{\"@id\":\"https:\/\/peoplesphere.be\/fr\/changement-de-la-loi-concernant-le-droit-dutilisation-des-numeros-mobiles-des-travailleurs-a-lissue-du-contrat-de-travail\/\"},\"wordCount\":648,\"publisher\":{\"@id\":\"https:\/\/peoplesphere.be\/fr\/#organization\"},\"keywords\":[\"avantage extra-l\u00e9gal\",\"concurrence\",\"contrat de travail\",\"r\u00e9glementation\"],\"articleSection\":[\"Actualit\u00e9s\",\"Digital\"],\"inLanguage\":\"fr-FR\"},{\"@type\":\"WebPage\",\"@id\":\"https:\/\/peoplesphere.be\/fr\/changement-de-la-loi-concernant-le-droit-dutilisation-des-numeros-mobiles-des-travailleurs-a-lissue-du-contrat-de-travail\/\",\"url\":\"https:\/\/peoplesphere.be\/fr\/changement-de-la-loi-concernant-le-droit-dutilisation-des-numeros-mobiles-des-travailleurs-a-lissue-du-contrat-de-travail\/\",\"name\":\"Changement de la loi concernant le droit d\u2019utilisation des num\u00e9ros mobiles des travailleurs \u00e0 l\u2019issue du contrat de travail. - Peoplesphere\",\"isPartOf\":{\"@id\":\"https:\/\/peoplesphere.be\/fr\/#website\"},\"datePublished\":\"2023-12-27T13:59:40+00:00\",\"dateModified\":\"2023-12-27T13:59:40+00:00\",\"breadcrumb\":{\"@id\":\"https:\/\/peoplesphere.be\/fr\/changement-de-la-loi-concernant-le-droit-dutilisation-des-numeros-mobiles-des-travailleurs-a-lissue-du-contrat-de-travail\/#breadcrumb\"},\"inLanguage\":\"fr-FR\",\"potentialAction\":[{\"@type\":\"ReadAction\",\"target\":[\"https:\/\/peoplesphere.be\/fr\/changement-de-la-loi-concernant-le-droit-dutilisation-des-numeros-mobiles-des-travailleurs-a-lissue-du-contrat-de-travail\/\"]}]},{\"@type\":\"BreadcrumbList\",\"@id\":\"https:\/\/peoplesphere.be\/fr\/changement-de-la-loi-concernant-le-droit-dutilisation-des-numeros-mobiles-des-travailleurs-a-lissue-du-contrat-de-travail\/#breadcrumb\",\"itemListElement\":[{\"@type\":\"ListItem\",\"position\":1,\"name\":\"Accueil\",\"item\":\"https:\/\/peoplesphere.be\/fr\/\"},{\"@type\":\"ListItem\",\"position\":2,\"name\":\"Changement de la loi concernant le droit d\u2019utilisation des num\u00e9ros mobiles des travailleurs \u00e0 l\u2019issue du contrat de travail.\"}]},{\"@type\":\"WebSite\",\"@id\":\"https:\/\/peoplesphere.be\/fr\/#website\",\"url\":\"https:\/\/peoplesphere.be\/fr\/\",\"name\":\"Peoplesphere\",\"description\":\"The People Managers Magazine\",\"publisher\":{\"@id\":\"https:\/\/peoplesphere.be\/fr\/#organization\"},\"potentialAction\":[{\"@type\":\"SearchAction\",\"target\":{\"@type\":\"EntryPoint\",\"urlTemplate\":\"https:\/\/peoplesphere.be\/fr\/?s={search_term_string}\"},\"query-input\":\"required name=search_term_string\"}],\"inLanguage\":\"fr-FR\"},{\"@type\":\"Organization\",\"@id\":\"https:\/\/peoplesphere.be\/fr\/#organization\",\"name\":\"Peoplesphere Company srl\",\"url\":\"https:\/\/peoplesphere.be\/fr\/\",\"logo\":{\"@type\":\"ImageObject\",\"inLanguage\":\"fr-FR\",\"@id\":\"https:\/\/peoplesphere.be\/fr\/#\/schema\/logo\/image\/\",\"url\":\"https:\/\/peoplesphere.be\/fr\/wp-content\/uploads\/2023\/07\/peoplesphere-lgo-new-generik.jpg\",\"contentUrl\":\"https:\/\/peoplesphere.be\/fr\/wp-content\/uploads\/2023\/07\/peoplesphere-lgo-new-generik.jpg\",\"width\":1031,\"height\":1479,\"caption\":\"Peoplesphere Company srl\"},\"image\":{\"@id\":\"https:\/\/peoplesphere.be\/fr\/#\/schema\/logo\/image\/\"},\"sameAs\":[\"https:\/\/www.facebook.com\/peoplesphere\",\"https:\/\/twitter.com\/PeoplesphereMag\",\"https:\/\/www.linkedin.com\/company\/7587361?trk\",\"http:\/\/youtube.com\/peoplesphere\"]},{\"@type\":\"Person\",\"@id\":\"https:\/\/peoplesphere.be\/fr\/#\/schema\/person\/7976225ff17988604334abb7b3536a7e\",\"name\":\"Jean-Paul Erhard\",\"image\":{\"@type\":\"ImageObject\",\"inLanguage\":\"fr-FR\",\"@id\":\"https:\/\/peoplesphere.be\/fr\/#\/schema\/person\/image\/\",\"url\":\"https:\/\/secure.gravatar.com\/avatar\/f941e681460179738071629a51574930?s=96&d=mm&r=g\",\"contentUrl\":\"https:\/\/secure.gravatar.com\/avatar\/f941e681460179738071629a51574930?s=96&d=mm&r=g\",\"caption\":\"Jean-Paul Erhard\"},\"url\":\"https:\/\/peoplesphere.be\/fr\/author\/jpe\/\"}]}<\/script>\n<!-- \/ Yoast SEO plugin. -->","yoast_head_json":{"title":"Changement de la loi concernant le droit d\u2019utilisation des num\u00e9ros mobiles des travailleurs \u00e0 l\u2019issue du contrat de travail. - Peoplesphere","robots":{"index":"index","follow":"follow","max-snippet":"max-snippet:-1","max-image-preview":"max-image-preview:large","max-video-preview":"max-video-preview:-1"},"canonical":"https:\/\/peoplesphere.be\/fr\/changement-de-la-loi-concernant-le-droit-dutilisation-des-numeros-mobiles-des-travailleurs-a-lissue-du-contrat-de-travail\/","og_locale":"fr_FR","og_type":"article","og_title":"Changement de la loi concernant le droit d\u2019utilisation des num\u00e9ros mobiles des travailleurs \u00e0 l\u2019issue du contrat de travail. - Peoplesphere","og_description":"De nombreux employeurs d\u00e9cident, en d\u00e9but de relation de travail, de financer l\u2019abonnement t\u00e9l\u00e9phonique personnel du travailleur au lieu de lui octroyer un nouveau num\u00e9ro de t\u00e9l\u00e9phone professionnel. Lorsque la relation prend fin, la question de la restitution de ce [&hellip;]","og_url":"https:\/\/peoplesphere.be\/fr\/changement-de-la-loi-concernant-le-droit-dutilisation-des-numeros-mobiles-des-travailleurs-a-lissue-du-contrat-de-travail\/","og_site_name":"Peoplesphere","article_publisher":"https:\/\/www.facebook.com\/peoplesphere","article_published_time":"2023-12-27T13:59:40+00:00","og_image":[{"url":"http:\/\/www.peoplesphere.be\/fr\/wp-content\/uploads\/2016\/07\/facebook-default-posting-1200x628px.jpg"}],"author":"Jean-Paul Erhard","twitter_card":"summary_large_image","twitter_creator":"@PeoplesphereMag","twitter_site":"@PeoplesphereMag","twitter_misc":{"\u00c9crit par":"Jean-Paul Erhard","Dur\u00e9e de lecture estim\u00e9e":"3 minutes"},"schema":{"@context":"https:\/\/schema.org","@graph":[{"@type":"Article","@id":"https:\/\/peoplesphere.be\/fr\/changement-de-la-loi-concernant-le-droit-dutilisation-des-numeros-mobiles-des-travailleurs-a-lissue-du-contrat-de-travail\/#article","isPartOf":{"@id":"https:\/\/peoplesphere.be\/fr\/changement-de-la-loi-concernant-le-droit-dutilisation-des-numeros-mobiles-des-travailleurs-a-lissue-du-contrat-de-travail\/"},"author":{"name":"Jean-Paul Erhard","@id":"https:\/\/peoplesphere.be\/fr\/#\/schema\/person\/7976225ff17988604334abb7b3536a7e"},"headline":"Changement de la loi concernant le droit d\u2019utilisation des num\u00e9ros mobiles des travailleurs \u00e0 l\u2019issue du contrat de travail.","datePublished":"2023-12-27T13:59:40+00:00","dateModified":"2023-12-27T13:59:40+00:00","mainEntityOfPage":{"@id":"https:\/\/peoplesphere.be\/fr\/changement-de-la-loi-concernant-le-droit-dutilisation-des-numeros-mobiles-des-travailleurs-a-lissue-du-contrat-de-travail\/"},"wordCount":648,"publisher":{"@id":"https:\/\/peoplesphere.be\/fr\/#organization"},"keywords":["avantage extra-l\u00e9gal","concurrence","contrat de travail","r\u00e9glementation"],"articleSection":["Actualit\u00e9s","Digital"],"inLanguage":"fr-FR"},{"@type":"WebPage","@id":"https:\/\/peoplesphere.be\/fr\/changement-de-la-loi-concernant-le-droit-dutilisation-des-numeros-mobiles-des-travailleurs-a-lissue-du-contrat-de-travail\/","url":"https:\/\/peoplesphere.be\/fr\/changement-de-la-loi-concernant-le-droit-dutilisation-des-numeros-mobiles-des-travailleurs-a-lissue-du-contrat-de-travail\/","name":"Changement de la loi concernant le droit d\u2019utilisation des num\u00e9ros mobiles des travailleurs \u00e0 l\u2019issue du contrat de travail. - Peoplesphere","isPartOf":{"@id":"https:\/\/peoplesphere.be\/fr\/#website"},"datePublished":"2023-12-27T13:59:40+00:00","dateModified":"2023-12-27T13:59:40+00:00","breadcrumb":{"@id":"https:\/\/peoplesphere.be\/fr\/changement-de-la-loi-concernant-le-droit-dutilisation-des-numeros-mobiles-des-travailleurs-a-lissue-du-contrat-de-travail\/#breadcrumb"},"inLanguage":"fr-FR","potentialAction":[{"@type":"ReadAction","target":["https:\/\/peoplesphere.be\/fr\/changement-de-la-loi-concernant-le-droit-dutilisation-des-numeros-mobiles-des-travailleurs-a-lissue-du-contrat-de-travail\/"]}]},{"@type":"BreadcrumbList","@id":"https:\/\/peoplesphere.be\/fr\/changement-de-la-loi-concernant-le-droit-dutilisation-des-numeros-mobiles-des-travailleurs-a-lissue-du-contrat-de-travail\/#breadcrumb","itemListElement":[{"@type":"ListItem","position":1,"name":"Accueil","item":"https:\/\/peoplesphere.be\/fr\/"},{"@type":"ListItem","position":2,"name":"Changement de la loi concernant le droit d\u2019utilisation des num\u00e9ros mobiles des travailleurs \u00e0 l\u2019issue du contrat de travail."}]},{"@type":"WebSite","@id":"https:\/\/peoplesphere.be\/fr\/#website","url":"https:\/\/peoplesphere.be\/fr\/","name":"Peoplesphere","description":"The People Managers Magazine","publisher":{"@id":"https:\/\/peoplesphere.be\/fr\/#organization"},"potentialAction":[{"@type":"SearchAction","target":{"@type":"EntryPoint","urlTemplate":"https:\/\/peoplesphere.be\/fr\/?s={search_term_string}"},"query-input":"required name=search_term_string"}],"inLanguage":"fr-FR"},{"@type":"Organization","@id":"https:\/\/peoplesphere.be\/fr\/#organization","name":"Peoplesphere Company srl","url":"https:\/\/peoplesphere.be\/fr\/","logo":{"@type":"ImageObject","inLanguage":"fr-FR","@id":"https:\/\/peoplesphere.be\/fr\/#\/schema\/logo\/image\/","url":"https:\/\/peoplesphere.be\/fr\/wp-content\/uploads\/2023\/07\/peoplesphere-lgo-new-generik.jpg","contentUrl":"https:\/\/peoplesphere.be\/fr\/wp-content\/uploads\/2023\/07\/peoplesphere-lgo-new-generik.jpg","width":1031,"height":1479,"caption":"Peoplesphere Company srl"},"image":{"@id":"https:\/\/peoplesphere.be\/fr\/#\/schema\/logo\/image\/"},"sameAs":["https:\/\/www.facebook.com\/peoplesphere","https:\/\/twitter.com\/PeoplesphereMag","https:\/\/www.linkedin.com\/company\/7587361?trk","http:\/\/youtube.com\/peoplesphere"]},{"@type":"Person","@id":"https:\/\/peoplesphere.be\/fr\/#\/schema\/person\/7976225ff17988604334abb7b3536a7e","name":"Jean-Paul Erhard","image":{"@type":"ImageObject","inLanguage":"fr-FR","@id":"https:\/\/peoplesphere.be\/fr\/#\/schema\/person\/image\/","url":"https:\/\/secure.gravatar.com\/avatar\/f941e681460179738071629a51574930?s=96&d=mm&r=g","contentUrl":"https:\/\/secure.gravatar.com\/avatar\/f941e681460179738071629a51574930?s=96&d=mm&r=g","caption":"Jean-Paul Erhard"},"url":"https:\/\/peoplesphere.be\/fr\/author\/jpe\/"}]}},"_links":{"self":[{"href":"https:\/\/peoplesphere.be\/fr\/wp-json\/wp\/v2\/posts\/15484"}],"collection":[{"href":"https:\/\/peoplesphere.be\/fr\/wp-json\/wp\/v2\/posts"}],"about":[{"href":"https:\/\/peoplesphere.be\/fr\/wp-json\/wp\/v2\/types\/post"}],"author":[{"embeddable":true,"href":"https:\/\/peoplesphere.be\/fr\/wp-json\/wp\/v2\/users\/2"}],"replies":[{"embeddable":true,"href":"https:\/\/peoplesphere.be\/fr\/wp-json\/wp\/v2\/comments?post=15484"}],"version-history":[{"count":1,"href":"https:\/\/peoplesphere.be\/fr\/wp-json\/wp\/v2\/posts\/15484\/revisions"}],"predecessor-version":[{"id":15485,"href":"https:\/\/peoplesphere.be\/fr\/wp-json\/wp\/v2\/posts\/15484\/revisions\/15485"}],"wp:attachment":[{"href":"https:\/\/peoplesphere.be\/fr\/wp-json\/wp\/v2\/media?parent=15484"}],"wp:term":[{"taxonomy":"category","embeddable":true,"href":"https:\/\/peoplesphere.be\/fr\/wp-json\/wp\/v2\/categories?post=15484"},{"taxonomy":"post_tag","embeddable":true,"href":"https:\/\/peoplesphere.be\/fr\/wp-json\/wp\/v2\/tags?post=15484"}],"curies":[{"name":"wp","href":"https:\/\/api.w.org\/{rel}","templated":true}]}}