









{"id":15496,"date":"2024-01-03T12:45:49","date_gmt":"2024-01-03T10:45:49","guid":{"rendered":"https:\/\/peoplesphere.be\/fr\/?p=15496"},"modified":"2024-01-03T20:08:53","modified_gmt":"2024-01-03T18:08:53","slug":"les-chiffres-du-chomage-en-region-bruxelloise-en-augmentation-a-la-fin-de-lannee-2023","status":"publish","type":"post","link":"https:\/\/peoplesphere.be\/fr\/les-chiffres-du-chomage-en-region-bruxelloise-en-augmentation-a-la-fin-de-lannee-2023\/","title":{"rendered":"Les chiffres du ch\u00f4mage en R\u00e9gion bruxelloise en augmentation \u00e0 la fin de l&rsquo;ann\u00e9e 2023."},"content":{"rendered":"<p>Fin d\u00e9cembre, Bruxelles comptait 92.053 chercheurs d\u2019emploi inscrits chez Actiris. Cela signifie une augmentation de 4.978 personnes par rapport \u00e0 l\u2019ann\u00e9e pr\u00e9c\u00e9dente (+5,7%). Le taux de ch\u00f4mage est de 15,2%, compar\u00e9 \u00e0 14,4% en decembre 2022.<!--more--><\/p>\n<p>Pour rappel, le taux de ch\u00f4mage est le pourcentage des personnes faisant partie de la population active qui sont au ch\u00f4mage. La population active est la population en \u00e2ge de travailler et qui travaille ou est en recherche d&#8217;emploi. Les inactifs, qui ne sont donc pas repris dans le calcul du taux de ch\u00f4mage, sont les personnes \u00e2g\u00e9es de 15 ans ou plus qui ne sont ni en emploi ni au ch\u00f4mage (\u00e9tudiants, retrait\u00e9s, entre autres).<\/p>\n<p>On compte au cours du mois de d\u00e9cembre 8.757 entr\u00e9es dans le ch\u00f4mage (6.923 r\u00e9inscriptions et 1.834 nouvelles inscriptions) contre 6.639 sorties, soit une augmentation sur une base mensuelle du nombre de chercheurs d&#8217;emploi de 2.118 personnes (+2,4%). Parmi les 92.053 chercheurs d&#8217;emploi, 49% sont des femmes et 51% sont des hommes.<\/p>\n<h3><strong><em>Caract\u00e9ristiques des chercheurs d&#8217;emploi bruxellois<\/em><\/strong><\/h3>\n<p>Actiris constate une diminution de -1,3% (-660 personnes) du nombre de chercheurs d\u2019emploi b\u00e9n\u00e9ficiaires d&rsquo;une allocation et une augmentation du nombre de jeunes en stage d\u2019insertion professionnelle (+730 personnes, +11,3%). Le nombre des autres chercheurs d\u2019emploi a augment\u00e9 de +16,9% (4.908 personnes).<\/p>\n<p>Sur les 92.053 chercheurs d&#8217;emploi totaux, 15.599 personnes (16,9%) sont inscrits au CPAS soit une augmentation de +20,1% sur base annuelle.<\/p>\n<p>Le nombre de chercheurs d&#8217;emploi depuis moins d&rsquo;un an est en augmentation de +9,0% (+3.003 personnes). Les personnes en recherche d&#8217;emploi depuis 1 \u00e0 2 ans sont en augmentation de +18,6% (+2.209 personnes). Les chercheurs d&#8217;emploi de longue dur\u00e9e (+2 ans) sont en diminution de -0,6%, soit -234 personnes.<\/p>\n<p>Le nombre de chercheurs d&#8217;emploi de moins de 25 ans est en augmentation de +12,0% (+1.138 personnes). La cat\u00e9gorie des 25-49 ans augmente \u00e9galement de +6,6% soit +3.569 personnes. Une augmentation de la cat\u00e9gorie des 50 ans + est \u00e9galement \u00e0 noter : +1,2% soit +271 personnes.<\/p>\n<p>Concernant le niveau d&rsquo;\u00e9tudes, toutes les cat\u00e9gories augmentent : +5,5% (+2.941 personnes) pour les chercheurs d&#8217;emploi faiblement qualifi\u00e9s, +5,6% (+1.021 personnes) pour les personnes moyennement qualifi\u00e9es et +6,6% \u200b (+1.016 personnes) pour la cat\u00e9gorie hautement qualifi\u00e9e. \u200b<\/p>\n<p>&nbsp;<\/p>\n<p><em>Source : Actiris &#8211; viewstat.brussels<\/em><\/p>\n","protected":false},"excerpt":{"rendered":"<p>Fin d\u00e9cembre, Bruxelles comptait 92.053 chercheurs d\u2019emploi inscrits chez Actiris. Cela signifie une augmentation de 4.978 personnes par rapport \u00e0 l\u2019ann\u00e9e pr\u00e9c\u00e9dente (+5,7%). Le taux de ch\u00f4mage est de 15,2%, compar\u00e9 \u00e0 14,4% en decembre 2022.<\/p>\n","protected":false},"author":2,"featured_media":15497,"comment_status":"closed","ping_status":"open","sticky":false,"template":"","format":"standard","meta":[],"categories":[65,10],"tags":[226,92,653],"yoast_head":"<!-- This site is optimized with the Yoast SEO plugin v21.0 - https:\/\/yoast.com\/wordpress\/plugins\/seo\/ -->\n<title>Les chiffres du ch\u00f4mage en R\u00e9gion bruxelloise en augmentation \u00e0 la fin de l&#039;ann\u00e9e 2023. - Peoplesphere<\/title>\n<meta name=\"robots\" content=\"index, follow, max-snippet:-1, max-image-preview:large, max-video-preview:-1\" \/>\n<link rel=\"canonical\" href=\"https:\/\/peoplesphere.be\/fr\/les-chiffres-du-chomage-en-region-bruxelloise-en-augmentation-a-la-fin-de-lannee-2023\/\" \/>\n<meta property=\"og:locale\" content=\"fr_FR\" \/>\n<meta property=\"og:type\" content=\"article\" \/>\n<meta property=\"og:title\" content=\"Les chiffres du ch\u00f4mage en R\u00e9gion bruxelloise en augmentation \u00e0 la fin de l&#039;ann\u00e9e 2023. - Peoplesphere\" \/>\n<meta property=\"og:description\" content=\"Fin d\u00e9cembre, Bruxelles comptait 92.053 chercheurs d\u2019emploi inscrits chez Actiris. Cela signifie une augmentation de 4.978 personnes par rapport \u00e0 l\u2019ann\u00e9e pr\u00e9c\u00e9dente (+5,7%). Le taux de ch\u00f4mage est de 15,2%, compar\u00e9 \u00e0 14,4% en decembre 2022.\" \/>\n<meta property=\"og:url\" content=\"https:\/\/peoplesphere.be\/fr\/les-chiffres-du-chomage-en-region-bruxelloise-en-augmentation-a-la-fin-de-lannee-2023\/\" \/>\n<meta property=\"og:site_name\" content=\"Peoplesphere\" \/>\n<meta property=\"article:publisher\" content=\"https:\/\/www.facebook.com\/peoplesphere\" \/>\n<meta property=\"article:published_time\" content=\"2024-01-03T10:45:49+00:00\" \/>\n<meta property=\"article:modified_time\" content=\"2024-01-03T18:08:53+00:00\" \/>\n<meta property=\"og:image\" content=\"https:\/\/peoplesphere.be\/fr\/wp-content\/uploads\/2024\/01\/20240103actiris.jpg\" \/>\n\t<meta property=\"og:image:width\" content=\"1160\" \/>\n\t<meta property=\"og:image:height\" content=\"612\" \/>\n\t<meta property=\"og:image:type\" content=\"image\/jpeg\" \/>\n<meta name=\"author\" content=\"Jean-Paul Erhard\" \/>\n<meta name=\"twitter:card\" content=\"summary_large_image\" \/>\n<meta name=\"twitter:creator\" content=\"@PeoplesphereMag\" \/>\n<meta name=\"twitter:site\" content=\"@PeoplesphereMag\" \/>\n<meta name=\"twitter:label1\" content=\"\u00c9crit par\" \/>\n\t<meta name=\"twitter:data1\" content=\"Jean-Paul Erhard\" \/>\n\t<meta name=\"twitter:label2\" content=\"Dur\u00e9e de lecture estim\u00e9e\" \/>\n\t<meta name=\"twitter:data2\" content=\"2 minutes\" \/>\n<script type=\"application\/ld+json\" class=\"yoast-schema-graph\">{\"@context\":\"https:\/\/schema.org\",\"@graph\":[{\"@type\":\"Article\",\"@id\":\"https:\/\/peoplesphere.be\/fr\/les-chiffres-du-chomage-en-region-bruxelloise-en-augmentation-a-la-fin-de-lannee-2023\/#article\",\"isPartOf\":{\"@id\":\"https:\/\/peoplesphere.be\/fr\/les-chiffres-du-chomage-en-region-bruxelloise-en-augmentation-a-la-fin-de-lannee-2023\/\"},\"author\":{\"name\":\"Jean-Paul Erhard\",\"@id\":\"https:\/\/peoplesphere.be\/fr\/#\/schema\/person\/7976225ff17988604334abb7b3536a7e\"},\"headline\":\"Les chiffres du ch\u00f4mage en R\u00e9gion bruxelloise en augmentation \u00e0 la fin de l&rsquo;ann\u00e9e 2023.\",\"datePublished\":\"2024-01-03T10:45:49+00:00\",\"dateModified\":\"2024-01-03T18:08:53+00:00\",\"mainEntityOfPage\":{\"@id\":\"https:\/\/peoplesphere.be\/fr\/les-chiffres-du-chomage-en-region-bruxelloise-en-augmentation-a-la-fin-de-lannee-2023\/\"},\"wordCount\":365,\"publisher\":{\"@id\":\"https:\/\/peoplesphere.be\/fr\/#organization\"},\"keywords\":[\"actiris\",\"ch\u00f4mage\",\"demandeurs d'emploi\"],\"articleSection\":[\"Actualit\u00e9s\",\"Digital\"],\"inLanguage\":\"fr-FR\"},{\"@type\":\"WebPage\",\"@id\":\"https:\/\/peoplesphere.be\/fr\/les-chiffres-du-chomage-en-region-bruxelloise-en-augmentation-a-la-fin-de-lannee-2023\/\",\"url\":\"https:\/\/peoplesphere.be\/fr\/les-chiffres-du-chomage-en-region-bruxelloise-en-augmentation-a-la-fin-de-lannee-2023\/\",\"name\":\"Les chiffres du ch\u00f4mage en R\u00e9gion bruxelloise en augmentation \u00e0 la fin de l'ann\u00e9e 2023. - Peoplesphere\",\"isPartOf\":{\"@id\":\"https:\/\/peoplesphere.be\/fr\/#website\"},\"datePublished\":\"2024-01-03T10:45:49+00:00\",\"dateModified\":\"2024-01-03T18:08:53+00:00\",\"breadcrumb\":{\"@id\":\"https:\/\/peoplesphere.be\/fr\/les-chiffres-du-chomage-en-region-bruxelloise-en-augmentation-a-la-fin-de-lannee-2023\/#breadcrumb\"},\"inLanguage\":\"fr-FR\",\"potentialAction\":[{\"@type\":\"ReadAction\",\"target\":[\"https:\/\/peoplesphere.be\/fr\/les-chiffres-du-chomage-en-region-bruxelloise-en-augmentation-a-la-fin-de-lannee-2023\/\"]}]},{\"@type\":\"BreadcrumbList\",\"@id\":\"https:\/\/peoplesphere.be\/fr\/les-chiffres-du-chomage-en-region-bruxelloise-en-augmentation-a-la-fin-de-lannee-2023\/#breadcrumb\",\"itemListElement\":[{\"@type\":\"ListItem\",\"position\":1,\"name\":\"Accueil\",\"item\":\"https:\/\/peoplesphere.be\/fr\/\"},{\"@type\":\"ListItem\",\"position\":2,\"name\":\"Les chiffres du ch\u00f4mage en R\u00e9gion bruxelloise en augmentation \u00e0 la fin de l&rsquo;ann\u00e9e 2023.\"}]},{\"@type\":\"WebSite\",\"@id\":\"https:\/\/peoplesphere.be\/fr\/#website\",\"url\":\"https:\/\/peoplesphere.be\/fr\/\",\"name\":\"Peoplesphere\",\"description\":\"The People Managers Magazine\",\"publisher\":{\"@id\":\"https:\/\/peoplesphere.be\/fr\/#organization\"},\"potentialAction\":[{\"@type\":\"SearchAction\",\"target\":{\"@type\":\"EntryPoint\",\"urlTemplate\":\"https:\/\/peoplesphere.be\/fr\/?s={search_term_string}\"},\"query-input\":\"required name=search_term_string\"}],\"inLanguage\":\"fr-FR\"},{\"@type\":\"Organization\",\"@id\":\"https:\/\/peoplesphere.be\/fr\/#organization\",\"name\":\"Peoplesphere Company srl\",\"url\":\"https:\/\/peoplesphere.be\/fr\/\",\"logo\":{\"@type\":\"ImageObject\",\"inLanguage\":\"fr-FR\",\"@id\":\"https:\/\/peoplesphere.be\/fr\/#\/schema\/logo\/image\/\",\"url\":\"https:\/\/peoplesphere.be\/fr\/wp-content\/uploads\/2023\/07\/peoplesphere-lgo-new-generik.jpg\",\"contentUrl\":\"https:\/\/peoplesphere.be\/fr\/wp-content\/uploads\/2023\/07\/peoplesphere-lgo-new-generik.jpg\",\"width\":1031,\"height\":1479,\"caption\":\"Peoplesphere Company srl\"},\"image\":{\"@id\":\"https:\/\/peoplesphere.be\/fr\/#\/schema\/logo\/image\/\"},\"sameAs\":[\"https:\/\/www.facebook.com\/peoplesphere\",\"https:\/\/twitter.com\/PeoplesphereMag\",\"https:\/\/www.linkedin.com\/company\/7587361?trk\",\"http:\/\/youtube.com\/peoplesphere\"]},{\"@type\":\"Person\",\"@id\":\"https:\/\/peoplesphere.be\/fr\/#\/schema\/person\/7976225ff17988604334abb7b3536a7e\",\"name\":\"Jean-Paul Erhard\",\"image\":{\"@type\":\"ImageObject\",\"inLanguage\":\"fr-FR\",\"@id\":\"https:\/\/peoplesphere.be\/fr\/#\/schema\/person\/image\/\",\"url\":\"https:\/\/secure.gravatar.com\/avatar\/f941e681460179738071629a51574930?s=96&d=mm&r=g\",\"contentUrl\":\"https:\/\/secure.gravatar.com\/avatar\/f941e681460179738071629a51574930?s=96&d=mm&r=g\",\"caption\":\"Jean-Paul Erhard\"},\"url\":\"https:\/\/peoplesphere.be\/fr\/author\/jpe\/\"}]}<\/script>\n<!-- \/ Yoast SEO plugin. -->","yoast_head_json":{"title":"Les chiffres du ch\u00f4mage en R\u00e9gion bruxelloise en augmentation \u00e0 la fin de l'ann\u00e9e 2023. - Peoplesphere","robots":{"index":"index","follow":"follow","max-snippet":"max-snippet:-1","max-image-preview":"max-image-preview:large","max-video-preview":"max-video-preview:-1"},"canonical":"https:\/\/peoplesphere.be\/fr\/les-chiffres-du-chomage-en-region-bruxelloise-en-augmentation-a-la-fin-de-lannee-2023\/","og_locale":"fr_FR","og_type":"article","og_title":"Les chiffres du ch\u00f4mage en R\u00e9gion bruxelloise en augmentation \u00e0 la fin de l'ann\u00e9e 2023. - Peoplesphere","og_description":"Fin d\u00e9cembre, Bruxelles comptait 92.053 chercheurs d\u2019emploi inscrits chez Actiris. Cela signifie une augmentation de 4.978 personnes par rapport \u00e0 l\u2019ann\u00e9e pr\u00e9c\u00e9dente (+5,7%). Le taux de ch\u00f4mage est de 15,2%, compar\u00e9 \u00e0 14,4% en decembre 2022.","og_url":"https:\/\/peoplesphere.be\/fr\/les-chiffres-du-chomage-en-region-bruxelloise-en-augmentation-a-la-fin-de-lannee-2023\/","og_site_name":"Peoplesphere","article_publisher":"https:\/\/www.facebook.com\/peoplesphere","article_published_time":"2024-01-03T10:45:49+00:00","article_modified_time":"2024-01-03T18:08:53+00:00","og_image":[{"width":1160,"height":612,"url":"https:\/\/peoplesphere.be\/fr\/wp-content\/uploads\/2024\/01\/20240103actiris.jpg","type":"image\/jpeg"}],"author":"Jean-Paul Erhard","twitter_card":"summary_large_image","twitter_creator":"@PeoplesphereMag","twitter_site":"@PeoplesphereMag","twitter_misc":{"\u00c9crit par":"Jean-Paul Erhard","Dur\u00e9e de lecture estim\u00e9e":"2 minutes"},"schema":{"@context":"https:\/\/schema.org","@graph":[{"@type":"Article","@id":"https:\/\/peoplesphere.be\/fr\/les-chiffres-du-chomage-en-region-bruxelloise-en-augmentation-a-la-fin-de-lannee-2023\/#article","isPartOf":{"@id":"https:\/\/peoplesphere.be\/fr\/les-chiffres-du-chomage-en-region-bruxelloise-en-augmentation-a-la-fin-de-lannee-2023\/"},"author":{"name":"Jean-Paul Erhard","@id":"https:\/\/peoplesphere.be\/fr\/#\/schema\/person\/7976225ff17988604334abb7b3536a7e"},"headline":"Les chiffres du ch\u00f4mage en R\u00e9gion bruxelloise en augmentation \u00e0 la fin de l&rsquo;ann\u00e9e 2023.","datePublished":"2024-01-03T10:45:49+00:00","dateModified":"2024-01-03T18:08:53+00:00","mainEntityOfPage":{"@id":"https:\/\/peoplesphere.be\/fr\/les-chiffres-du-chomage-en-region-bruxelloise-en-augmentation-a-la-fin-de-lannee-2023\/"},"wordCount":365,"publisher":{"@id":"https:\/\/peoplesphere.be\/fr\/#organization"},"keywords":["actiris","ch\u00f4mage","demandeurs d'emploi"],"articleSection":["Actualit\u00e9s","Digital"],"inLanguage":"fr-FR"},{"@type":"WebPage","@id":"https:\/\/peoplesphere.be\/fr\/les-chiffres-du-chomage-en-region-bruxelloise-en-augmentation-a-la-fin-de-lannee-2023\/","url":"https:\/\/peoplesphere.be\/fr\/les-chiffres-du-chomage-en-region-bruxelloise-en-augmentation-a-la-fin-de-lannee-2023\/","name":"Les chiffres du ch\u00f4mage en R\u00e9gion bruxelloise en augmentation \u00e0 la fin de l'ann\u00e9e 2023. - Peoplesphere","isPartOf":{"@id":"https:\/\/peoplesphere.be\/fr\/#website"},"datePublished":"2024-01-03T10:45:49+00:00","dateModified":"2024-01-03T18:08:53+00:00","breadcrumb":{"@id":"https:\/\/peoplesphere.be\/fr\/les-chiffres-du-chomage-en-region-bruxelloise-en-augmentation-a-la-fin-de-lannee-2023\/#breadcrumb"},"inLanguage":"fr-FR","potentialAction":[{"@type":"ReadAction","target":["https:\/\/peoplesphere.be\/fr\/les-chiffres-du-chomage-en-region-bruxelloise-en-augmentation-a-la-fin-de-lannee-2023\/"]}]},{"@type":"BreadcrumbList","@id":"https:\/\/peoplesphere.be\/fr\/les-chiffres-du-chomage-en-region-bruxelloise-en-augmentation-a-la-fin-de-lannee-2023\/#breadcrumb","itemListElement":[{"@type":"ListItem","position":1,"name":"Accueil","item":"https:\/\/peoplesphere.be\/fr\/"},{"@type":"ListItem","position":2,"name":"Les chiffres du ch\u00f4mage en R\u00e9gion bruxelloise en augmentation \u00e0 la fin de l&rsquo;ann\u00e9e 2023."}]},{"@type":"WebSite","@id":"https:\/\/peoplesphere.be\/fr\/#website","url":"https:\/\/peoplesphere.be\/fr\/","name":"Peoplesphere","description":"The People Managers Magazine","publisher":{"@id":"https:\/\/peoplesphere.be\/fr\/#organization"},"potentialAction":[{"@type":"SearchAction","target":{"@type":"EntryPoint","urlTemplate":"https:\/\/peoplesphere.be\/fr\/?s={search_term_string}"},"query-input":"required name=search_term_string"}],"inLanguage":"fr-FR"},{"@type":"Organization","@id":"https:\/\/peoplesphere.be\/fr\/#organization","name":"Peoplesphere Company srl","url":"https:\/\/peoplesphere.be\/fr\/","logo":{"@type":"ImageObject","inLanguage":"fr-FR","@id":"https:\/\/peoplesphere.be\/fr\/#\/schema\/logo\/image\/","url":"https:\/\/peoplesphere.be\/fr\/wp-content\/uploads\/2023\/07\/peoplesphere-lgo-new-generik.jpg","contentUrl":"https:\/\/peoplesphere.be\/fr\/wp-content\/uploads\/2023\/07\/peoplesphere-lgo-new-generik.jpg","width":1031,"height":1479,"caption":"Peoplesphere Company srl"},"image":{"@id":"https:\/\/peoplesphere.be\/fr\/#\/schema\/logo\/image\/"},"sameAs":["https:\/\/www.facebook.com\/peoplesphere","https:\/\/twitter.com\/PeoplesphereMag","https:\/\/www.linkedin.com\/company\/7587361?trk","http:\/\/youtube.com\/peoplesphere"]},{"@type":"Person","@id":"https:\/\/peoplesphere.be\/fr\/#\/schema\/person\/7976225ff17988604334abb7b3536a7e","name":"Jean-Paul Erhard","image":{"@type":"ImageObject","inLanguage":"fr-FR","@id":"https:\/\/peoplesphere.be\/fr\/#\/schema\/person\/image\/","url":"https:\/\/secure.gravatar.com\/avatar\/f941e681460179738071629a51574930?s=96&d=mm&r=g","contentUrl":"https:\/\/secure.gravatar.com\/avatar\/f941e681460179738071629a51574930?s=96&d=mm&r=g","caption":"Jean-Paul Erhard"},"url":"https:\/\/peoplesphere.be\/fr\/author\/jpe\/"}]}},"_links":{"self":[{"href":"https:\/\/peoplesphere.be\/fr\/wp-json\/wp\/v2\/posts\/15496"}],"collection":[{"href":"https:\/\/peoplesphere.be\/fr\/wp-json\/wp\/v2\/posts"}],"about":[{"href":"https:\/\/peoplesphere.be\/fr\/wp-json\/wp\/v2\/types\/post"}],"author":[{"embeddable":true,"href":"https:\/\/peoplesphere.be\/fr\/wp-json\/wp\/v2\/users\/2"}],"replies":[{"embeddable":true,"href":"https:\/\/peoplesphere.be\/fr\/wp-json\/wp\/v2\/comments?post=15496"}],"version-history":[{"count":2,"href":"https:\/\/peoplesphere.be\/fr\/wp-json\/wp\/v2\/posts\/15496\/revisions"}],"predecessor-version":[{"id":15499,"href":"https:\/\/peoplesphere.be\/fr\/wp-json\/wp\/v2\/posts\/15496\/revisions\/15499"}],"wp:featuredmedia":[{"embeddable":true,"href":"https:\/\/peoplesphere.be\/fr\/wp-json\/wp\/v2\/media\/15497"}],"wp:attachment":[{"href":"https:\/\/peoplesphere.be\/fr\/wp-json\/wp\/v2\/media?parent=15496"}],"wp:term":[{"taxonomy":"category","embeddable":true,"href":"https:\/\/peoplesphere.be\/fr\/wp-json\/wp\/v2\/categories?post=15496"},{"taxonomy":"post_tag","embeddable":true,"href":"https:\/\/peoplesphere.be\/fr\/wp-json\/wp\/v2\/tags?post=15496"}],"curies":[{"name":"wp","href":"https:\/\/api.w.org\/{rel}","templated":true}]}}