









{"id":15516,"date":"2024-01-07T08:33:00","date_gmt":"2024-01-07T06:33:00","guid":{"rendered":"https:\/\/peoplesphere.be\/fr\/?p=15516"},"modified":"2024-01-09T08:39:12","modified_gmt":"2024-01-09T06:39:12","slug":"mobilite-durable-ce-sont-les-entreprises-qui-assurent-lelectrification-du-parc-automobile-pas-les-utilisateurs","status":"publish","type":"post","link":"https:\/\/peoplesphere.be\/fr\/mobilite-durable-ce-sont-les-entreprises-qui-assurent-lelectrification-du-parc-automobile-pas-les-utilisateurs\/","title":{"rendered":"Mobilit\u00e9 durable : ce sont les entreprises qui assurent l&rsquo;\u00e9lectrification du parc automobile, pas les utilisateurs."},"content":{"rendered":"<p>Janvier reste le mois le plus propice \u00e0 l&rsquo;achat d&rsquo;une voiture neuve du point de vue des consommateurs. Pour le choix d&rsquo;une voiture \u00e9lectrique, une prime a plus d&rsquo;impact que les zones \u00e0 faibles \u00e9missions. L&rsquo;attrait pour cette solution est par ailleurs exclusivement li\u00e9 aux entreprises.<!--more--><\/p>\n<p>Aucun salon de l&rsquo;automobile traditionnel n&rsquo;aura lieu en Belgique en janvier 2024. N\u00e9anmoins, janvier reste le mois des conditions salon par excellence dans l&rsquo;esprit des consommateurs belges \u00e0 la recherche d&rsquo;une nouvelle voiture. Les nombreuses campagnes des importateurs de voitures, les stocks bien garnis chez les concessionnaires ainsi que les \u00e9tudes de march\u00e9 semblent confirmer cette tendance. Pour les particuliers, janvier 2024 est donc un excellent moment pour commander une nouvelle voiture.<\/p>\n<h3><strong><em>Un trimestre important pour les ventes aux particuliers<\/em><\/strong><\/h3>\n<p>Chaque premier trimestre est un indicateur important pour le secteur automobile belge. En effet, au cours des trois premiers mois, environ un tiers du total annuel des ventes est r\u00e9alis\u00e9 aupr\u00e8s des clients particuliers. Suite \u00e0 la crise du COVID-19 et aux probl\u00e8mes de livraison qui l&rsquo;ont accompagn\u00e9e, cette part priv\u00e9e est tomb\u00e9e \u00e0 33% \u00e0 peine, contre 67% pour les voitures immatricul\u00e9es au nom d&rsquo;une soci\u00e9t\u00e9 (de leasing). Il est donc temps que la part priv\u00e9e du march\u00e9 des voitures neuves reprenne des couleurs.<\/p>\n<h3><strong><em>Janvier : stocks, promotions et conseils<\/em><\/strong><\/h3>\n<p><em>\u00ab\u00a0M\u00eame sans salon en 2024, le mois de janvier demeure une p\u00e9riode id\u00e9ale pour l&rsquo;achat d&rsquo;une voiture neuve par les particuliers\u00a0\u00bb<\/em>, explique Andreas Cremer, Administrateur-d\u00e9l\u00e9gu\u00e9 de FEBIAC. <em>\u00ab\u00a0Les usines automobiles tournent \u00e0 nouveau \u00e0 plein r\u00e9gime maintenant que toutes les pi\u00e8ces sont \u00e0 nouveau disponibles. Les importateurs des diff\u00e9rentesmarques proposent des conditions int\u00e9ressantes, tant pour les voitures de stock que pour les voitures neuves. Nous recommandons donc \u00e0 chacun de se rendre au showroom pour d\u00e9couvrir la voiture de ses r\u00eaves&#8230; et la commander.\u00a0\u00bb<\/em><\/p>\n<p><em>\u00ab\u00a0Une r\u00e9cente \u00e9tude de march\u00e9 de TRAXIO illustre que les consommateurs sont beaucoup plus dispos\u00e9s \u00e0 acheter une voiture neuves que lors des ann\u00e9es pr\u00e9c\u00e9dentes, et que les visites dans les showrooms sont le canal d&rsquo;information le plus important \u00e0 presque tous les stades du processus de d\u00e9cision\u00a0\u00bb<\/em>, poursuit Filip Rylant, porte-parole chez TRAXIO. <em>\u00ab\u00a0Le secteur des garages est donc pr\u00eat \u00e0 conseiller et \u00e0 aider les clients. En effet, lors du choix d&rsquo;une nouvelle voiture, des conseils avis\u00e9s sont n\u00e9cessaires, qui tiennent compte \u00e0 la fois du profil d&rsquo;utilisation du client et du budget dont il dispose.\u00a0\u00bb<\/em><\/p>\n<h3><strong><em>Pour l&rsquo;achat d&rsquo;une voiture \u00e9lectrique, une prime constitue un incitant plus important que la zone \u00e0 faibles \u00e9missions<\/em><\/strong><\/h3>\n<p>Le succ\u00e8s grandissant de la voiture \u00e9lectrique est d\u00fb \u00e0 90 % aux v\u00e9hicules d&rsquo;entreprise ou de location. Les consommateurs ne mordent pas \u00e0 l&rsquo;hame\u00e7on. Ou plut\u00f4t, \u00ab\u00a0pas encore\u00a0\u00bb. La Flandre a d\u00e9j\u00e0 pr\u00e9vu un budget pour soutenir les acheteurs priv\u00e9s lors de l&rsquo;achat d&rsquo;une voiture \u00e9lectrique neuve ou d&rsquo;occasion. Une enqu\u00eate r\u00e9cente de TRAXIO d\u00e9montre que l&rsquo;introduction d&rsquo;une prime pourrait\u00eatre un stimulant positif pour 37% des personnes interrog\u00e9es. Ajoutez \u00e0 cela les 10% qui \u00e9taient d\u00e9j\u00e0 convaincus d&rsquo;acheter de toute fa\u00e7on une voiture \u00e9lectrique et vous constaterez imm\u00e9diatementque les esprits commencent \u00e0 m\u00fbrir petit \u00e0 petit, avec pr\u00e8s de la moiti\u00e9 des personnes interrog\u00e9es qui tendent vers l&rsquo;\u00e9lectromobilit\u00e9.<\/p>\n<p>Il est par ailleurs remarquable que le stimulus positif d&rsquo;une prime (36%) l&#8217;emporte de loin sur l&rsquo;impact controvers\u00e9 des zones \u00e0 faibles \u00e9missions (19%).<\/p>\n<p>&nbsp;<\/p>\n<p><em>Source: Mobia<\/em><\/p>\n","protected":false},"excerpt":{"rendered":"<p>Janvier reste le mois le plus propice \u00e0 l&rsquo;achat d&rsquo;une voiture neuve du point de vue des consommateurs. Pour le choix d&rsquo;une voiture \u00e9lectrique, une prime a plus d&rsquo;impact que les zones \u00e0 faibles \u00e9missions. L&rsquo;attrait pour cette solution est [&hellip;]<\/p>\n","protected":false},"author":2,"featured_media":0,"comment_status":"closed","ping_status":"open","sticky":false,"template":"","format":"standard","meta":[],"categories":[65,10],"tags":[136,2861],"yoast_head":"<!-- This site is optimized with the Yoast SEO plugin v21.0 - https:\/\/yoast.com\/wordpress\/plugins\/seo\/ -->\n<title>Mobilit\u00e9 durable : ce sont les entreprises qui assurent l&#039;\u00e9lectrification du parc automobile, pas les utilisateurs. - Peoplesphere<\/title>\n<meta name=\"robots\" content=\"index, follow, max-snippet:-1, max-image-preview:large, max-video-preview:-1\" \/>\n<link rel=\"canonical\" href=\"https:\/\/peoplesphere.be\/fr\/mobilite-durable-ce-sont-les-entreprises-qui-assurent-lelectrification-du-parc-automobile-pas-les-utilisateurs\/\" \/>\n<meta property=\"og:locale\" content=\"fr_FR\" \/>\n<meta property=\"og:type\" content=\"article\" \/>\n<meta property=\"og:title\" content=\"Mobilit\u00e9 durable : ce sont les entreprises qui assurent l&#039;\u00e9lectrification du parc automobile, pas les utilisateurs. - Peoplesphere\" \/>\n<meta property=\"og:description\" content=\"Janvier reste le mois le plus propice \u00e0 l&rsquo;achat d&rsquo;une voiture neuve du point de vue des consommateurs. Pour le choix d&rsquo;une voiture \u00e9lectrique, une prime a plus d&rsquo;impact que les zones \u00e0 faibles \u00e9missions. L&rsquo;attrait pour cette solution est [&hellip;]\" \/>\n<meta property=\"og:url\" content=\"https:\/\/peoplesphere.be\/fr\/mobilite-durable-ce-sont-les-entreprises-qui-assurent-lelectrification-du-parc-automobile-pas-les-utilisateurs\/\" \/>\n<meta property=\"og:site_name\" content=\"Peoplesphere\" \/>\n<meta property=\"article:publisher\" content=\"https:\/\/www.facebook.com\/peoplesphere\" \/>\n<meta property=\"article:published_time\" content=\"2024-01-07T06:33:00+00:00\" \/>\n<meta property=\"article:modified_time\" content=\"2024-01-09T06:39:12+00:00\" \/>\n<meta property=\"og:image\" content=\"http:\/\/www.peoplesphere.be\/fr\/wp-content\/uploads\/2016\/07\/facebook-default-posting-1200x628px.jpg\" \/>\n<meta name=\"author\" content=\"Jean-Paul Erhard\" \/>\n<meta name=\"twitter:card\" content=\"summary_large_image\" \/>\n<meta name=\"twitter:creator\" content=\"@PeoplesphereMag\" \/>\n<meta name=\"twitter:site\" content=\"@PeoplesphereMag\" \/>\n<meta name=\"twitter:label1\" content=\"\u00c9crit par\" \/>\n\t<meta name=\"twitter:data1\" content=\"Jean-Paul Erhard\" \/>\n\t<meta name=\"twitter:label2\" content=\"Dur\u00e9e de lecture estim\u00e9e\" \/>\n\t<meta name=\"twitter:data2\" content=\"3 minutes\" \/>\n<script type=\"application\/ld+json\" class=\"yoast-schema-graph\">{\"@context\":\"https:\/\/schema.org\",\"@graph\":[{\"@type\":\"Article\",\"@id\":\"https:\/\/peoplesphere.be\/fr\/mobilite-durable-ce-sont-les-entreprises-qui-assurent-lelectrification-du-parc-automobile-pas-les-utilisateurs\/#article\",\"isPartOf\":{\"@id\":\"https:\/\/peoplesphere.be\/fr\/mobilite-durable-ce-sont-les-entreprises-qui-assurent-lelectrification-du-parc-automobile-pas-les-utilisateurs\/\"},\"author\":{\"name\":\"Jean-Paul Erhard\",\"@id\":\"https:\/\/peoplesphere.be\/fr\/#\/schema\/person\/7976225ff17988604334abb7b3536a7e\"},\"headline\":\"Mobilit\u00e9 durable : ce sont les entreprises qui assurent l&rsquo;\u00e9lectrification du parc automobile, pas les utilisateurs.\",\"datePublished\":\"2024-01-07T06:33:00+00:00\",\"dateModified\":\"2024-01-09T06:39:12+00:00\",\"mainEntityOfPage\":{\"@id\":\"https:\/\/peoplesphere.be\/fr\/mobilite-durable-ce-sont-les-entreprises-qui-assurent-lelectrification-du-parc-automobile-pas-les-utilisateurs\/\"},\"wordCount\":584,\"publisher\":{\"@id\":\"https:\/\/peoplesphere.be\/fr\/#organization\"},\"keywords\":[\"mobilit\u00e9\",\"v\u00e9hicules \u00e9lectriques\"],\"articleSection\":[\"Actualit\u00e9s\",\"Digital\"],\"inLanguage\":\"fr-FR\"},{\"@type\":\"WebPage\",\"@id\":\"https:\/\/peoplesphere.be\/fr\/mobilite-durable-ce-sont-les-entreprises-qui-assurent-lelectrification-du-parc-automobile-pas-les-utilisateurs\/\",\"url\":\"https:\/\/peoplesphere.be\/fr\/mobilite-durable-ce-sont-les-entreprises-qui-assurent-lelectrification-du-parc-automobile-pas-les-utilisateurs\/\",\"name\":\"Mobilit\u00e9 durable : ce sont les entreprises qui assurent l'\u00e9lectrification du parc automobile, pas les utilisateurs. - Peoplesphere\",\"isPartOf\":{\"@id\":\"https:\/\/peoplesphere.be\/fr\/#website\"},\"datePublished\":\"2024-01-07T06:33:00+00:00\",\"dateModified\":\"2024-01-09T06:39:12+00:00\",\"breadcrumb\":{\"@id\":\"https:\/\/peoplesphere.be\/fr\/mobilite-durable-ce-sont-les-entreprises-qui-assurent-lelectrification-du-parc-automobile-pas-les-utilisateurs\/#breadcrumb\"},\"inLanguage\":\"fr-FR\",\"potentialAction\":[{\"@type\":\"ReadAction\",\"target\":[\"https:\/\/peoplesphere.be\/fr\/mobilite-durable-ce-sont-les-entreprises-qui-assurent-lelectrification-du-parc-automobile-pas-les-utilisateurs\/\"]}]},{\"@type\":\"BreadcrumbList\",\"@id\":\"https:\/\/peoplesphere.be\/fr\/mobilite-durable-ce-sont-les-entreprises-qui-assurent-lelectrification-du-parc-automobile-pas-les-utilisateurs\/#breadcrumb\",\"itemListElement\":[{\"@type\":\"ListItem\",\"position\":1,\"name\":\"Accueil\",\"item\":\"https:\/\/peoplesphere.be\/fr\/\"},{\"@type\":\"ListItem\",\"position\":2,\"name\":\"Mobilit\u00e9 durable : ce sont les entreprises qui assurent l&rsquo;\u00e9lectrification du parc automobile, pas les utilisateurs.\"}]},{\"@type\":\"WebSite\",\"@id\":\"https:\/\/peoplesphere.be\/fr\/#website\",\"url\":\"https:\/\/peoplesphere.be\/fr\/\",\"name\":\"Peoplesphere\",\"description\":\"The People Managers Magazine\",\"publisher\":{\"@id\":\"https:\/\/peoplesphere.be\/fr\/#organization\"},\"potentialAction\":[{\"@type\":\"SearchAction\",\"target\":{\"@type\":\"EntryPoint\",\"urlTemplate\":\"https:\/\/peoplesphere.be\/fr\/?s={search_term_string}\"},\"query-input\":\"required name=search_term_string\"}],\"inLanguage\":\"fr-FR\"},{\"@type\":\"Organization\",\"@id\":\"https:\/\/peoplesphere.be\/fr\/#organization\",\"name\":\"Peoplesphere Company srl\",\"url\":\"https:\/\/peoplesphere.be\/fr\/\",\"logo\":{\"@type\":\"ImageObject\",\"inLanguage\":\"fr-FR\",\"@id\":\"https:\/\/peoplesphere.be\/fr\/#\/schema\/logo\/image\/\",\"url\":\"https:\/\/peoplesphere.be\/fr\/wp-content\/uploads\/2023\/07\/peoplesphere-lgo-new-generik.jpg\",\"contentUrl\":\"https:\/\/peoplesphere.be\/fr\/wp-content\/uploads\/2023\/07\/peoplesphere-lgo-new-generik.jpg\",\"width\":1031,\"height\":1479,\"caption\":\"Peoplesphere Company srl\"},\"image\":{\"@id\":\"https:\/\/peoplesphere.be\/fr\/#\/schema\/logo\/image\/\"},\"sameAs\":[\"https:\/\/www.facebook.com\/peoplesphere\",\"https:\/\/twitter.com\/PeoplesphereMag\",\"https:\/\/www.linkedin.com\/company\/7587361?trk\",\"http:\/\/youtube.com\/peoplesphere\"]},{\"@type\":\"Person\",\"@id\":\"https:\/\/peoplesphere.be\/fr\/#\/schema\/person\/7976225ff17988604334abb7b3536a7e\",\"name\":\"Jean-Paul Erhard\",\"image\":{\"@type\":\"ImageObject\",\"inLanguage\":\"fr-FR\",\"@id\":\"https:\/\/peoplesphere.be\/fr\/#\/schema\/person\/image\/\",\"url\":\"https:\/\/secure.gravatar.com\/avatar\/f941e681460179738071629a51574930?s=96&d=mm&r=g\",\"contentUrl\":\"https:\/\/secure.gravatar.com\/avatar\/f941e681460179738071629a51574930?s=96&d=mm&r=g\",\"caption\":\"Jean-Paul Erhard\"},\"url\":\"https:\/\/peoplesphere.be\/fr\/author\/jpe\/\"}]}<\/script>\n<!-- \/ Yoast SEO plugin. -->","yoast_head_json":{"title":"Mobilit\u00e9 durable : ce sont les entreprises qui assurent l'\u00e9lectrification du parc automobile, pas les utilisateurs. - Peoplesphere","robots":{"index":"index","follow":"follow","max-snippet":"max-snippet:-1","max-image-preview":"max-image-preview:large","max-video-preview":"max-video-preview:-1"},"canonical":"https:\/\/peoplesphere.be\/fr\/mobilite-durable-ce-sont-les-entreprises-qui-assurent-lelectrification-du-parc-automobile-pas-les-utilisateurs\/","og_locale":"fr_FR","og_type":"article","og_title":"Mobilit\u00e9 durable : ce sont les entreprises qui assurent l'\u00e9lectrification du parc automobile, pas les utilisateurs. - Peoplesphere","og_description":"Janvier reste le mois le plus propice \u00e0 l&rsquo;achat d&rsquo;une voiture neuve du point de vue des consommateurs. Pour le choix d&rsquo;une voiture \u00e9lectrique, une prime a plus d&rsquo;impact que les zones \u00e0 faibles \u00e9missions. L&rsquo;attrait pour cette solution est [&hellip;]","og_url":"https:\/\/peoplesphere.be\/fr\/mobilite-durable-ce-sont-les-entreprises-qui-assurent-lelectrification-du-parc-automobile-pas-les-utilisateurs\/","og_site_name":"Peoplesphere","article_publisher":"https:\/\/www.facebook.com\/peoplesphere","article_published_time":"2024-01-07T06:33:00+00:00","article_modified_time":"2024-01-09T06:39:12+00:00","og_image":[{"url":"http:\/\/www.peoplesphere.be\/fr\/wp-content\/uploads\/2016\/07\/facebook-default-posting-1200x628px.jpg"}],"author":"Jean-Paul Erhard","twitter_card":"summary_large_image","twitter_creator":"@PeoplesphereMag","twitter_site":"@PeoplesphereMag","twitter_misc":{"\u00c9crit par":"Jean-Paul Erhard","Dur\u00e9e de lecture estim\u00e9e":"3 minutes"},"schema":{"@context":"https:\/\/schema.org","@graph":[{"@type":"Article","@id":"https:\/\/peoplesphere.be\/fr\/mobilite-durable-ce-sont-les-entreprises-qui-assurent-lelectrification-du-parc-automobile-pas-les-utilisateurs\/#article","isPartOf":{"@id":"https:\/\/peoplesphere.be\/fr\/mobilite-durable-ce-sont-les-entreprises-qui-assurent-lelectrification-du-parc-automobile-pas-les-utilisateurs\/"},"author":{"name":"Jean-Paul Erhard","@id":"https:\/\/peoplesphere.be\/fr\/#\/schema\/person\/7976225ff17988604334abb7b3536a7e"},"headline":"Mobilit\u00e9 durable : ce sont les entreprises qui assurent l&rsquo;\u00e9lectrification du parc automobile, pas les utilisateurs.","datePublished":"2024-01-07T06:33:00+00:00","dateModified":"2024-01-09T06:39:12+00:00","mainEntityOfPage":{"@id":"https:\/\/peoplesphere.be\/fr\/mobilite-durable-ce-sont-les-entreprises-qui-assurent-lelectrification-du-parc-automobile-pas-les-utilisateurs\/"},"wordCount":584,"publisher":{"@id":"https:\/\/peoplesphere.be\/fr\/#organization"},"keywords":["mobilit\u00e9","v\u00e9hicules \u00e9lectriques"],"articleSection":["Actualit\u00e9s","Digital"],"inLanguage":"fr-FR"},{"@type":"WebPage","@id":"https:\/\/peoplesphere.be\/fr\/mobilite-durable-ce-sont-les-entreprises-qui-assurent-lelectrification-du-parc-automobile-pas-les-utilisateurs\/","url":"https:\/\/peoplesphere.be\/fr\/mobilite-durable-ce-sont-les-entreprises-qui-assurent-lelectrification-du-parc-automobile-pas-les-utilisateurs\/","name":"Mobilit\u00e9 durable : ce sont les entreprises qui assurent l'\u00e9lectrification du parc automobile, pas les utilisateurs. - Peoplesphere","isPartOf":{"@id":"https:\/\/peoplesphere.be\/fr\/#website"},"datePublished":"2024-01-07T06:33:00+00:00","dateModified":"2024-01-09T06:39:12+00:00","breadcrumb":{"@id":"https:\/\/peoplesphere.be\/fr\/mobilite-durable-ce-sont-les-entreprises-qui-assurent-lelectrification-du-parc-automobile-pas-les-utilisateurs\/#breadcrumb"},"inLanguage":"fr-FR","potentialAction":[{"@type":"ReadAction","target":["https:\/\/peoplesphere.be\/fr\/mobilite-durable-ce-sont-les-entreprises-qui-assurent-lelectrification-du-parc-automobile-pas-les-utilisateurs\/"]}]},{"@type":"BreadcrumbList","@id":"https:\/\/peoplesphere.be\/fr\/mobilite-durable-ce-sont-les-entreprises-qui-assurent-lelectrification-du-parc-automobile-pas-les-utilisateurs\/#breadcrumb","itemListElement":[{"@type":"ListItem","position":1,"name":"Accueil","item":"https:\/\/peoplesphere.be\/fr\/"},{"@type":"ListItem","position":2,"name":"Mobilit\u00e9 durable : ce sont les entreprises qui assurent l&rsquo;\u00e9lectrification du parc automobile, pas les utilisateurs."}]},{"@type":"WebSite","@id":"https:\/\/peoplesphere.be\/fr\/#website","url":"https:\/\/peoplesphere.be\/fr\/","name":"Peoplesphere","description":"The People Managers Magazine","publisher":{"@id":"https:\/\/peoplesphere.be\/fr\/#organization"},"potentialAction":[{"@type":"SearchAction","target":{"@type":"EntryPoint","urlTemplate":"https:\/\/peoplesphere.be\/fr\/?s={search_term_string}"},"query-input":"required name=search_term_string"}],"inLanguage":"fr-FR"},{"@type":"Organization","@id":"https:\/\/peoplesphere.be\/fr\/#organization","name":"Peoplesphere Company srl","url":"https:\/\/peoplesphere.be\/fr\/","logo":{"@type":"ImageObject","inLanguage":"fr-FR","@id":"https:\/\/peoplesphere.be\/fr\/#\/schema\/logo\/image\/","url":"https:\/\/peoplesphere.be\/fr\/wp-content\/uploads\/2023\/07\/peoplesphere-lgo-new-generik.jpg","contentUrl":"https:\/\/peoplesphere.be\/fr\/wp-content\/uploads\/2023\/07\/peoplesphere-lgo-new-generik.jpg","width":1031,"height":1479,"caption":"Peoplesphere Company srl"},"image":{"@id":"https:\/\/peoplesphere.be\/fr\/#\/schema\/logo\/image\/"},"sameAs":["https:\/\/www.facebook.com\/peoplesphere","https:\/\/twitter.com\/PeoplesphereMag","https:\/\/www.linkedin.com\/company\/7587361?trk","http:\/\/youtube.com\/peoplesphere"]},{"@type":"Person","@id":"https:\/\/peoplesphere.be\/fr\/#\/schema\/person\/7976225ff17988604334abb7b3536a7e","name":"Jean-Paul Erhard","image":{"@type":"ImageObject","inLanguage":"fr-FR","@id":"https:\/\/peoplesphere.be\/fr\/#\/schema\/person\/image\/","url":"https:\/\/secure.gravatar.com\/avatar\/f941e681460179738071629a51574930?s=96&d=mm&r=g","contentUrl":"https:\/\/secure.gravatar.com\/avatar\/f941e681460179738071629a51574930?s=96&d=mm&r=g","caption":"Jean-Paul Erhard"},"url":"https:\/\/peoplesphere.be\/fr\/author\/jpe\/"}]}},"_links":{"self":[{"href":"https:\/\/peoplesphere.be\/fr\/wp-json\/wp\/v2\/posts\/15516"}],"collection":[{"href":"https:\/\/peoplesphere.be\/fr\/wp-json\/wp\/v2\/posts"}],"about":[{"href":"https:\/\/peoplesphere.be\/fr\/wp-json\/wp\/v2\/types\/post"}],"author":[{"embeddable":true,"href":"https:\/\/peoplesphere.be\/fr\/wp-json\/wp\/v2\/users\/2"}],"replies":[{"embeddable":true,"href":"https:\/\/peoplesphere.be\/fr\/wp-json\/wp\/v2\/comments?post=15516"}],"version-history":[{"count":1,"href":"https:\/\/peoplesphere.be\/fr\/wp-json\/wp\/v2\/posts\/15516\/revisions"}],"predecessor-version":[{"id":15517,"href":"https:\/\/peoplesphere.be\/fr\/wp-json\/wp\/v2\/posts\/15516\/revisions\/15517"}],"wp:attachment":[{"href":"https:\/\/peoplesphere.be\/fr\/wp-json\/wp\/v2\/media?parent=15516"}],"wp:term":[{"taxonomy":"category","embeddable":true,"href":"https:\/\/peoplesphere.be\/fr\/wp-json\/wp\/v2\/categories?post=15516"},{"taxonomy":"post_tag","embeddable":true,"href":"https:\/\/peoplesphere.be\/fr\/wp-json\/wp\/v2\/tags?post=15516"}],"curies":[{"name":"wp","href":"https:\/\/api.w.org\/{rel}","templated":true}]}}