









{"id":15567,"date":"2024-01-19T07:40:25","date_gmt":"2024-01-19T05:40:25","guid":{"rendered":"https:\/\/peoplesphere.be\/fr\/?p=15567"},"modified":"2024-01-19T07:40:25","modified_gmt":"2024-01-19T05:40:25","slug":"lelectrification-du-parc-automobile-est-en-cours-trois-voitures-de-societe-commandees-sur-quatre-sont-electriques","status":"publish","type":"post","link":"https:\/\/peoplesphere.be\/fr\/lelectrification-du-parc-automobile-est-en-cours-trois-voitures-de-societe-commandees-sur-quatre-sont-electriques\/","title":{"rendered":"L&rsquo;\u00e9lectrification du parc automobile est en cours: trois voitures de soci\u00e9t\u00e9 command\u00e9es sur quatre sont \u00e9lectriques."},"content":{"rendered":"<p>Trois voitures de soci\u00e9t\u00e9 sur quatre, command\u00e9es au deuxi\u00e8me semestre de 2023, auront une motorisation enti\u00e8rement \u00e9lectrique, selon les derni\u00e8res donn\u00e9es de l\u2019entreprise Arval, sp\u00e9cialis\u00e9e dans les solutions de mobilit\u00e9. C\u2019est loin d\u2019\u00eatre \u00e9tonnant vu la p\u00e9nalisation fiscale qui frappe les v\u00e9hicules \u00e0 moteur thermique depuis le 1er juillet 2023.<!--more--><\/p>\n<p>\u00ab\u00a0<em>Vu que les constructeurs vont sortir plus de petites voitures \u00e9lectriques abordables en 2024, nous pensons que l\u2019\u00e9lectrification du parc automobile dans les segments inf\u00e9rieurs va aussi se poursuivre\u00a0\u00bb<\/em>, explique Yves Ceurstemont de l\u2019Arval Mobility Observatory. \u00ab\u00a0<em>En 2023, les voitures hybrides ou \u00e0 essence sont encore souvent choisies parce que l&rsquo;offre de BEV n&rsquo;\u00e9tait pas suffisante.\u00a0\u00bb<\/em><\/p>\n<p>L\u2019\u00e9lectrification du parc automobile belge se poursuit \u00e0 un rythme soutenu, ce qui est logique au regard de la nouvelle donne fiscale. Sp\u00e9cialis\u00e9e dans les solutions de mobilit\u00e9, l\u2019entreprise Arval a constat\u00e9 un basculement ces six derniers mois.<\/p>\n<p>Yves Ceurstemont, Arval Mobility Observatory Belgique : <em>\u00ab\u00a0Au cours des six premiers mois, pr\u00e8s d\u2019une voiture command\u00e9e sur trois \u00e9tait \u00e9lectrique, et le rapport \u00e9tait assez similaire pour les v\u00e9hicules hybrides rechargeables. Un quart des commandes concernait une voiture essence contre un tout petit nombre de diesels. Depuis l\u2019entr\u00e9e en vigueur de la nouvelle l\u00e9gislation fiscale, trois commandes sur quatre concernent un v\u00e9hicule enti\u00e8rement \u00e9lectrique, 11 % un moteur essence et 8 % une voiture hybride rechargeable.\u00a0\u00bb<\/em><\/p>\n<h3><strong><em>La BMW iX1 est la plus pris\u00e9e des voitures \u00e9lectriques<\/em><\/strong><\/h3>\n<p>Chez Arval, le nombre de voitures \u00e9lectrifi\u00e9es command\u00e9es, mod\u00e8les \u00e9lectriques et hybrides rechargeables confondus, a augment\u00e9 de 21 points de pourcentage \u200b au second semestre de 2023, passant de 62 % de janvier \u00e0 juin \u00e0 83 % de juillet \u00e0 d\u00e9cembre. Le classement des 10 mod\u00e8les de soci\u00e9t\u00e9 les plus command\u00e9s au second semestre 2023 ne comprend que des mod\u00e8les \u00e9lectriques, une premi\u00e8re qui devrait se confirmer, selon l\u2019Arval Mobility Observatory.<\/p>\n<p>La plupart des voitures command\u00e9es chez Arval au cours du second semestre 2023 seront livr\u00e9es et immatricul\u00e9es en 2024. Les r\u00e9percussions au niveau du calcul de l\u2019ATN pour les voitures de soci\u00e9t\u00e9 ayant un moteur \u00e0 combustion se feront d\u00e8s lors \u00e0 nouveau sentir en 2025.<\/p>\n<h3><strong><em>Bient\u00f4t, des v\u00e9hicules \u00e9lectriques plus petits et plus abordables<\/em><\/strong><\/h3>\n<p>Traditionnellement, les voitures de soci\u00e9t\u00e9 sont class\u00e9es par segments, de la mini citadine (1) \u00e0 la berline de luxe (6) en passant par les citadines polyvalentes (2) et les voitures compactes (3), familiales (4) et les grandes routi\u00e8res (5). Dans les trois segments inf\u00e9rieurs, c\u2019est le moteur thermique qui l\u2019emporte malgr\u00e9 la pression fiscale, contrairement aux trois segments sup\u00e9rieurs o\u00f9 plus de 80 % des v\u00e9hicules command\u00e9s sont des voitures \u00e9lectriques.<\/p>\n<p><em>\u00ab\u00a0Dans le premier segment, les mini citadines, 85 % des commandes concernent une voiture essence et seulement 15 % une voiture \u00e9lectrique. Dans les segments 2 et 3, six commandes sur dix incluent une voiture \u00e9lectrique, mais pour le segment 2, la voiture essence ou hybride autorechargeable est choisie dans plus de trois cas sur dix. Dans le segment 3 des berlines compactes, le choix se porte aussi dans deux commandes sur dix sur une motorisation thermique\u00a0\u00bb,<\/em> explique Yves Ceurstemont, Arval Mobility Observatory Belgique.<\/p>\n<p>N\u00e9anmoins, selon l\u2019Arval Mobility Observatory, l\u2019\u00e9lectrification devrait s\u2019acc\u00e9l\u00e9rer dans ces segments-l\u00e0 aussi vu que les constructeurs automobiles ont annonc\u00e9 des mod\u00e8les \u00e9lectriques, plus petits et plus abordables, en 2024 et 2025 pour les segments inf\u00e9rieurs.<\/p>\n<p><em>\u00ab\u00a0Nous pensons que le prix des voitures \u00e9lectriques va diminuer de mani\u00e8re g\u00e9n\u00e9rale en 2024 en raison de la concurrence accrue entre les diff\u00e9rents constructeurs. Vu l\u2019arriv\u00e9e de beaux nouveaux mod\u00e8les \u00e9lectriques dans les segments mini citadines et berlines et la pression fiscale de l\u2019ATN, le choix d\u2019un v\u00e9hicule \u00e9lectrique devrait s\u2019intensifier\u00a0\u00bb, <\/em>conclut Yves Ceurstemont.<br \/>\n\u200b<\/p>\n","protected":false},"excerpt":{"rendered":"<p>Trois voitures de soci\u00e9t\u00e9 sur quatre, command\u00e9es au deuxi\u00e8me semestre de 2023, auront une motorisation enti\u00e8rement \u00e9lectrique, selon les derni\u00e8res donn\u00e9es de l\u2019entreprise Arval, sp\u00e9cialis\u00e9e dans les solutions de mobilit\u00e9. C\u2019est loin d\u2019\u00eatre \u00e9tonnant vu la p\u00e9nalisation fiscale qui frappe [&hellip;]<\/p>\n","protected":false},"author":2,"featured_media":15568,"comment_status":"closed","ping_status":"open","sticky":false,"template":"","format":"standard","meta":[],"categories":[65,10],"tags":[651,98,136,2861,1391],"yoast_head":"<!-- This site is optimized with the Yoast SEO plugin v21.0 - https:\/\/yoast.com\/wordpress\/plugins\/seo\/ -->\n<title>L&#039;\u00e9lectrification du parc automobile est en cours: trois voitures de soci\u00e9t\u00e9 command\u00e9es sur quatre sont \u00e9lectriques. - Peoplesphere<\/title>\n<meta name=\"robots\" content=\"index, follow, max-snippet:-1, max-image-preview:large, max-video-preview:-1\" \/>\n<link rel=\"canonical\" href=\"https:\/\/peoplesphere.be\/fr\/lelectrification-du-parc-automobile-est-en-cours-trois-voitures-de-societe-commandees-sur-quatre-sont-electriques\/\" \/>\n<meta property=\"og:locale\" content=\"fr_FR\" \/>\n<meta property=\"og:type\" content=\"article\" \/>\n<meta property=\"og:title\" content=\"L&#039;\u00e9lectrification du parc automobile est en cours: trois voitures de soci\u00e9t\u00e9 command\u00e9es sur quatre sont \u00e9lectriques. - Peoplesphere\" \/>\n<meta property=\"og:description\" content=\"Trois voitures de soci\u00e9t\u00e9 sur quatre, command\u00e9es au deuxi\u00e8me semestre de 2023, auront une motorisation enti\u00e8rement \u00e9lectrique, selon les derni\u00e8res donn\u00e9es de l\u2019entreprise Arval, sp\u00e9cialis\u00e9e dans les solutions de mobilit\u00e9. C\u2019est loin d\u2019\u00eatre \u00e9tonnant vu la p\u00e9nalisation fiscale qui frappe [&hellip;]\" \/>\n<meta property=\"og:url\" content=\"https:\/\/peoplesphere.be\/fr\/lelectrification-du-parc-automobile-est-en-cours-trois-voitures-de-societe-commandees-sur-quatre-sont-electriques\/\" \/>\n<meta property=\"og:site_name\" content=\"Peoplesphere\" \/>\n<meta property=\"article:publisher\" content=\"https:\/\/www.facebook.com\/peoplesphere\" \/>\n<meta property=\"article:published_time\" content=\"2024-01-19T05:40:25+00:00\" \/>\n<meta property=\"og:image\" content=\"https:\/\/peoplesphere.be\/fr\/wp-content\/uploads\/2024\/01\/20240119mobilityarval.jpg\" \/>\n\t<meta property=\"og:image:width\" content=\"784\" \/>\n\t<meta property=\"og:image:height\" content=\"492\" \/>\n\t<meta property=\"og:image:type\" content=\"image\/jpeg\" \/>\n<meta name=\"author\" content=\"Jean-Paul Erhard\" \/>\n<meta name=\"twitter:card\" content=\"summary_large_image\" \/>\n<meta name=\"twitter:creator\" content=\"@PeoplesphereMag\" \/>\n<meta name=\"twitter:site\" content=\"@PeoplesphereMag\" \/>\n<meta name=\"twitter:label1\" content=\"\u00c9crit par\" \/>\n\t<meta name=\"twitter:data1\" content=\"Jean-Paul Erhard\" \/>\n\t<meta name=\"twitter:label2\" content=\"Dur\u00e9e de lecture estim\u00e9e\" \/>\n\t<meta name=\"twitter:data2\" content=\"4 minutes\" \/>\n<script type=\"application\/ld+json\" class=\"yoast-schema-graph\">{\"@context\":\"https:\/\/schema.org\",\"@graph\":[{\"@type\":\"Article\",\"@id\":\"https:\/\/peoplesphere.be\/fr\/lelectrification-du-parc-automobile-est-en-cours-trois-voitures-de-societe-commandees-sur-quatre-sont-electriques\/#article\",\"isPartOf\":{\"@id\":\"https:\/\/peoplesphere.be\/fr\/lelectrification-du-parc-automobile-est-en-cours-trois-voitures-de-societe-commandees-sur-quatre-sont-electriques\/\"},\"author\":{\"name\":\"Jean-Paul Erhard\",\"@id\":\"https:\/\/peoplesphere.be\/fr\/#\/schema\/person\/7976225ff17988604334abb7b3536a7e\"},\"headline\":\"L&rsquo;\u00e9lectrification du parc automobile est en cours: trois voitures de soci\u00e9t\u00e9 command\u00e9es sur quatre sont \u00e9lectriques.\",\"datePublished\":\"2024-01-19T05:40:25+00:00\",\"dateModified\":\"2024-01-19T05:40:25+00:00\",\"mainEntityOfPage\":{\"@id\":\"https:\/\/peoplesphere.be\/fr\/lelectrification-du-parc-automobile-est-en-cours-trois-voitures-de-societe-commandees-sur-quatre-sont-electriques\/\"},\"wordCount\":651,\"publisher\":{\"@id\":\"https:\/\/peoplesphere.be\/fr\/#organization\"},\"keywords\":[\"environnement\",\"fiscalit\u00e9\",\"mobilit\u00e9\",\"v\u00e9hicules \u00e9lectriques\",\"voitures de soci\u00e9t\u00e9\"],\"articleSection\":[\"Actualit\u00e9s\",\"Digital\"],\"inLanguage\":\"fr-FR\"},{\"@type\":\"WebPage\",\"@id\":\"https:\/\/peoplesphere.be\/fr\/lelectrification-du-parc-automobile-est-en-cours-trois-voitures-de-societe-commandees-sur-quatre-sont-electriques\/\",\"url\":\"https:\/\/peoplesphere.be\/fr\/lelectrification-du-parc-automobile-est-en-cours-trois-voitures-de-societe-commandees-sur-quatre-sont-electriques\/\",\"name\":\"L'\u00e9lectrification du parc automobile est en cours: trois voitures de soci\u00e9t\u00e9 command\u00e9es sur quatre sont \u00e9lectriques. - Peoplesphere\",\"isPartOf\":{\"@id\":\"https:\/\/peoplesphere.be\/fr\/#website\"},\"datePublished\":\"2024-01-19T05:40:25+00:00\",\"dateModified\":\"2024-01-19T05:40:25+00:00\",\"breadcrumb\":{\"@id\":\"https:\/\/peoplesphere.be\/fr\/lelectrification-du-parc-automobile-est-en-cours-trois-voitures-de-societe-commandees-sur-quatre-sont-electriques\/#breadcrumb\"},\"inLanguage\":\"fr-FR\",\"potentialAction\":[{\"@type\":\"ReadAction\",\"target\":[\"https:\/\/peoplesphere.be\/fr\/lelectrification-du-parc-automobile-est-en-cours-trois-voitures-de-societe-commandees-sur-quatre-sont-electriques\/\"]}]},{\"@type\":\"BreadcrumbList\",\"@id\":\"https:\/\/peoplesphere.be\/fr\/lelectrification-du-parc-automobile-est-en-cours-trois-voitures-de-societe-commandees-sur-quatre-sont-electriques\/#breadcrumb\",\"itemListElement\":[{\"@type\":\"ListItem\",\"position\":1,\"name\":\"Accueil\",\"item\":\"https:\/\/peoplesphere.be\/fr\/\"},{\"@type\":\"ListItem\",\"position\":2,\"name\":\"L&rsquo;\u00e9lectrification du parc automobile est en cours: trois voitures de soci\u00e9t\u00e9 command\u00e9es sur quatre sont \u00e9lectriques.\"}]},{\"@type\":\"WebSite\",\"@id\":\"https:\/\/peoplesphere.be\/fr\/#website\",\"url\":\"https:\/\/peoplesphere.be\/fr\/\",\"name\":\"Peoplesphere\",\"description\":\"The People Managers Magazine\",\"publisher\":{\"@id\":\"https:\/\/peoplesphere.be\/fr\/#organization\"},\"potentialAction\":[{\"@type\":\"SearchAction\",\"target\":{\"@type\":\"EntryPoint\",\"urlTemplate\":\"https:\/\/peoplesphere.be\/fr\/?s={search_term_string}\"},\"query-input\":\"required name=search_term_string\"}],\"inLanguage\":\"fr-FR\"},{\"@type\":\"Organization\",\"@id\":\"https:\/\/peoplesphere.be\/fr\/#organization\",\"name\":\"Peoplesphere Company srl\",\"url\":\"https:\/\/peoplesphere.be\/fr\/\",\"logo\":{\"@type\":\"ImageObject\",\"inLanguage\":\"fr-FR\",\"@id\":\"https:\/\/peoplesphere.be\/fr\/#\/schema\/logo\/image\/\",\"url\":\"https:\/\/peoplesphere.be\/fr\/wp-content\/uploads\/2023\/07\/peoplesphere-lgo-new-generik.jpg\",\"contentUrl\":\"https:\/\/peoplesphere.be\/fr\/wp-content\/uploads\/2023\/07\/peoplesphere-lgo-new-generik.jpg\",\"width\":1031,\"height\":1479,\"caption\":\"Peoplesphere Company srl\"},\"image\":{\"@id\":\"https:\/\/peoplesphere.be\/fr\/#\/schema\/logo\/image\/\"},\"sameAs\":[\"https:\/\/www.facebook.com\/peoplesphere\",\"https:\/\/twitter.com\/PeoplesphereMag\",\"https:\/\/www.linkedin.com\/company\/7587361?trk\",\"http:\/\/youtube.com\/peoplesphere\"]},{\"@type\":\"Person\",\"@id\":\"https:\/\/peoplesphere.be\/fr\/#\/schema\/person\/7976225ff17988604334abb7b3536a7e\",\"name\":\"Jean-Paul Erhard\",\"image\":{\"@type\":\"ImageObject\",\"inLanguage\":\"fr-FR\",\"@id\":\"https:\/\/peoplesphere.be\/fr\/#\/schema\/person\/image\/\",\"url\":\"https:\/\/secure.gravatar.com\/avatar\/f941e681460179738071629a51574930?s=96&d=mm&r=g\",\"contentUrl\":\"https:\/\/secure.gravatar.com\/avatar\/f941e681460179738071629a51574930?s=96&d=mm&r=g\",\"caption\":\"Jean-Paul Erhard\"},\"url\":\"https:\/\/peoplesphere.be\/fr\/author\/jpe\/\"}]}<\/script>\n<!-- \/ Yoast SEO plugin. -->","yoast_head_json":{"title":"L'\u00e9lectrification du parc automobile est en cours: trois voitures de soci\u00e9t\u00e9 command\u00e9es sur quatre sont \u00e9lectriques. - Peoplesphere","robots":{"index":"index","follow":"follow","max-snippet":"max-snippet:-1","max-image-preview":"max-image-preview:large","max-video-preview":"max-video-preview:-1"},"canonical":"https:\/\/peoplesphere.be\/fr\/lelectrification-du-parc-automobile-est-en-cours-trois-voitures-de-societe-commandees-sur-quatre-sont-electriques\/","og_locale":"fr_FR","og_type":"article","og_title":"L'\u00e9lectrification du parc automobile est en cours: trois voitures de soci\u00e9t\u00e9 command\u00e9es sur quatre sont \u00e9lectriques. - Peoplesphere","og_description":"Trois voitures de soci\u00e9t\u00e9 sur quatre, command\u00e9es au deuxi\u00e8me semestre de 2023, auront une motorisation enti\u00e8rement \u00e9lectrique, selon les derni\u00e8res donn\u00e9es de l\u2019entreprise Arval, sp\u00e9cialis\u00e9e dans les solutions de mobilit\u00e9. C\u2019est loin d\u2019\u00eatre \u00e9tonnant vu la p\u00e9nalisation fiscale qui frappe [&hellip;]","og_url":"https:\/\/peoplesphere.be\/fr\/lelectrification-du-parc-automobile-est-en-cours-trois-voitures-de-societe-commandees-sur-quatre-sont-electriques\/","og_site_name":"Peoplesphere","article_publisher":"https:\/\/www.facebook.com\/peoplesphere","article_published_time":"2024-01-19T05:40:25+00:00","og_image":[{"width":784,"height":492,"url":"https:\/\/peoplesphere.be\/fr\/wp-content\/uploads\/2024\/01\/20240119mobilityarval.jpg","type":"image\/jpeg"}],"author":"Jean-Paul Erhard","twitter_card":"summary_large_image","twitter_creator":"@PeoplesphereMag","twitter_site":"@PeoplesphereMag","twitter_misc":{"\u00c9crit par":"Jean-Paul Erhard","Dur\u00e9e de lecture estim\u00e9e":"4 minutes"},"schema":{"@context":"https:\/\/schema.org","@graph":[{"@type":"Article","@id":"https:\/\/peoplesphere.be\/fr\/lelectrification-du-parc-automobile-est-en-cours-trois-voitures-de-societe-commandees-sur-quatre-sont-electriques\/#article","isPartOf":{"@id":"https:\/\/peoplesphere.be\/fr\/lelectrification-du-parc-automobile-est-en-cours-trois-voitures-de-societe-commandees-sur-quatre-sont-electriques\/"},"author":{"name":"Jean-Paul Erhard","@id":"https:\/\/peoplesphere.be\/fr\/#\/schema\/person\/7976225ff17988604334abb7b3536a7e"},"headline":"L&rsquo;\u00e9lectrification du parc automobile est en cours: trois voitures de soci\u00e9t\u00e9 command\u00e9es sur quatre sont \u00e9lectriques.","datePublished":"2024-01-19T05:40:25+00:00","dateModified":"2024-01-19T05:40:25+00:00","mainEntityOfPage":{"@id":"https:\/\/peoplesphere.be\/fr\/lelectrification-du-parc-automobile-est-en-cours-trois-voitures-de-societe-commandees-sur-quatre-sont-electriques\/"},"wordCount":651,"publisher":{"@id":"https:\/\/peoplesphere.be\/fr\/#organization"},"keywords":["environnement","fiscalit\u00e9","mobilit\u00e9","v\u00e9hicules \u00e9lectriques","voitures de soci\u00e9t\u00e9"],"articleSection":["Actualit\u00e9s","Digital"],"inLanguage":"fr-FR"},{"@type":"WebPage","@id":"https:\/\/peoplesphere.be\/fr\/lelectrification-du-parc-automobile-est-en-cours-trois-voitures-de-societe-commandees-sur-quatre-sont-electriques\/","url":"https:\/\/peoplesphere.be\/fr\/lelectrification-du-parc-automobile-est-en-cours-trois-voitures-de-societe-commandees-sur-quatre-sont-electriques\/","name":"L'\u00e9lectrification du parc automobile est en cours: trois voitures de soci\u00e9t\u00e9 command\u00e9es sur quatre sont \u00e9lectriques. - Peoplesphere","isPartOf":{"@id":"https:\/\/peoplesphere.be\/fr\/#website"},"datePublished":"2024-01-19T05:40:25+00:00","dateModified":"2024-01-19T05:40:25+00:00","breadcrumb":{"@id":"https:\/\/peoplesphere.be\/fr\/lelectrification-du-parc-automobile-est-en-cours-trois-voitures-de-societe-commandees-sur-quatre-sont-electriques\/#breadcrumb"},"inLanguage":"fr-FR","potentialAction":[{"@type":"ReadAction","target":["https:\/\/peoplesphere.be\/fr\/lelectrification-du-parc-automobile-est-en-cours-trois-voitures-de-societe-commandees-sur-quatre-sont-electriques\/"]}]},{"@type":"BreadcrumbList","@id":"https:\/\/peoplesphere.be\/fr\/lelectrification-du-parc-automobile-est-en-cours-trois-voitures-de-societe-commandees-sur-quatre-sont-electriques\/#breadcrumb","itemListElement":[{"@type":"ListItem","position":1,"name":"Accueil","item":"https:\/\/peoplesphere.be\/fr\/"},{"@type":"ListItem","position":2,"name":"L&rsquo;\u00e9lectrification du parc automobile est en cours: trois voitures de soci\u00e9t\u00e9 command\u00e9es sur quatre sont \u00e9lectriques."}]},{"@type":"WebSite","@id":"https:\/\/peoplesphere.be\/fr\/#website","url":"https:\/\/peoplesphere.be\/fr\/","name":"Peoplesphere","description":"The People Managers Magazine","publisher":{"@id":"https:\/\/peoplesphere.be\/fr\/#organization"},"potentialAction":[{"@type":"SearchAction","target":{"@type":"EntryPoint","urlTemplate":"https:\/\/peoplesphere.be\/fr\/?s={search_term_string}"},"query-input":"required name=search_term_string"}],"inLanguage":"fr-FR"},{"@type":"Organization","@id":"https:\/\/peoplesphere.be\/fr\/#organization","name":"Peoplesphere Company srl","url":"https:\/\/peoplesphere.be\/fr\/","logo":{"@type":"ImageObject","inLanguage":"fr-FR","@id":"https:\/\/peoplesphere.be\/fr\/#\/schema\/logo\/image\/","url":"https:\/\/peoplesphere.be\/fr\/wp-content\/uploads\/2023\/07\/peoplesphere-lgo-new-generik.jpg","contentUrl":"https:\/\/peoplesphere.be\/fr\/wp-content\/uploads\/2023\/07\/peoplesphere-lgo-new-generik.jpg","width":1031,"height":1479,"caption":"Peoplesphere Company srl"},"image":{"@id":"https:\/\/peoplesphere.be\/fr\/#\/schema\/logo\/image\/"},"sameAs":["https:\/\/www.facebook.com\/peoplesphere","https:\/\/twitter.com\/PeoplesphereMag","https:\/\/www.linkedin.com\/company\/7587361?trk","http:\/\/youtube.com\/peoplesphere"]},{"@type":"Person","@id":"https:\/\/peoplesphere.be\/fr\/#\/schema\/person\/7976225ff17988604334abb7b3536a7e","name":"Jean-Paul Erhard","image":{"@type":"ImageObject","inLanguage":"fr-FR","@id":"https:\/\/peoplesphere.be\/fr\/#\/schema\/person\/image\/","url":"https:\/\/secure.gravatar.com\/avatar\/f941e681460179738071629a51574930?s=96&d=mm&r=g","contentUrl":"https:\/\/secure.gravatar.com\/avatar\/f941e681460179738071629a51574930?s=96&d=mm&r=g","caption":"Jean-Paul Erhard"},"url":"https:\/\/peoplesphere.be\/fr\/author\/jpe\/"}]}},"_links":{"self":[{"href":"https:\/\/peoplesphere.be\/fr\/wp-json\/wp\/v2\/posts\/15567"}],"collection":[{"href":"https:\/\/peoplesphere.be\/fr\/wp-json\/wp\/v2\/posts"}],"about":[{"href":"https:\/\/peoplesphere.be\/fr\/wp-json\/wp\/v2\/types\/post"}],"author":[{"embeddable":true,"href":"https:\/\/peoplesphere.be\/fr\/wp-json\/wp\/v2\/users\/2"}],"replies":[{"embeddable":true,"href":"https:\/\/peoplesphere.be\/fr\/wp-json\/wp\/v2\/comments?post=15567"}],"version-history":[{"count":1,"href":"https:\/\/peoplesphere.be\/fr\/wp-json\/wp\/v2\/posts\/15567\/revisions"}],"predecessor-version":[{"id":15569,"href":"https:\/\/peoplesphere.be\/fr\/wp-json\/wp\/v2\/posts\/15567\/revisions\/15569"}],"wp:featuredmedia":[{"embeddable":true,"href":"https:\/\/peoplesphere.be\/fr\/wp-json\/wp\/v2\/media\/15568"}],"wp:attachment":[{"href":"https:\/\/peoplesphere.be\/fr\/wp-json\/wp\/v2\/media?parent=15567"}],"wp:term":[{"taxonomy":"category","embeddable":true,"href":"https:\/\/peoplesphere.be\/fr\/wp-json\/wp\/v2\/categories?post=15567"},{"taxonomy":"post_tag","embeddable":true,"href":"https:\/\/peoplesphere.be\/fr\/wp-json\/wp\/v2\/tags?post=15567"}],"curies":[{"name":"wp","href":"https:\/\/api.w.org\/{rel}","templated":true}]}}