









{"id":15570,"date":"2024-01-19T10:58:16","date_gmt":"2024-01-19T08:58:16","guid":{"rendered":"https:\/\/peoplesphere.be\/fr\/?p=15570"},"modified":"2024-01-19T10:58:16","modified_gmt":"2024-01-19T08:58:16","slug":"un-travailleur-sur-cinq-a-deja-recu-une-prime-de-pouvoir-dachat-de-son-employeur","status":"publish","type":"post","link":"https:\/\/peoplesphere.be\/fr\/un-travailleur-sur-cinq-a-deja-recu-une-prime-de-pouvoir-dachat-de-son-employeur\/","title":{"rendered":"Un travailleur sur cinq a d\u00e9j\u00e0 re\u00e7u une prime de pouvoir d&rsquo;achat de son employeur."},"content":{"rendered":"<p>La prime de pouvoir d&rsquo;achat, la mesure f\u00e9d\u00e9rale qui a permis aux entreprises d&rsquo;octroyer une prime fiscalement avantageuse pour les b\u00e9n\u00e9fices (tr\u00e8s) \u00e9lev\u00e9s en 2023, conna\u00eet un certain succ\u00e8s. Fin d\u00e9cembre, le compteur s&rsquo;\u00e9levait \u00e0 plus d&rsquo;un travailleur sur cinq (23%). Fait remarquable, les ouvriers (26%) sont plus nombreux que les employ\u00e9s (21%) \u00e0 en avoir d\u00e9j\u00e0 b\u00e9n\u00e9fici\u00e9. Ce chiffre pourrait encore augmenter l\u00e9g\u00e8rement.<!--more--><\/p>\n<p>Un employeur sur six a d\u00e9j\u00e0 accord\u00e9 cette prime (18%). La d\u00e9cision d\u2019octroyer la prime devait avoir lieu avant le 31 d\u00e9cembre dernier, mais la distribution aux travailleurs peut se faire jusqu&rsquo;\u00e0 la fin du mois de mars. SD Worx se base sur le calcul des salaires jusqu&rsquo;\u00e0 la fin d&amp; eacute;cembre 2023 de 1,2 million de travailleurs du secteur priv\u00e9 en Belgique.<\/p>\n<h3><em><strong>Un quart des ouvriers b\u00e9n\u00e9ficient d&rsquo;une prime de pouvoir d&rsquo;achat<\/strong><\/em><\/h3>\n<p>\u00c0 noter : sur la base des chiffres provisoires jusqu&rsquo;\u00e0 la fin d\u00e9cembre, SD Worx constate que les employeurs des secteurs avec des ouvriers accordent davantage la prime : un quart des ouvriers ont re\u00e7u la prime de pouvoir d&rsquo;achat en 2023 (26%) et le montant m\u00e9dian est \u00e9galement un peu plus \u00e9lev\u00e9 : 400\u20ac au lieu de 375\u20ac. Tout d\u00e9pend des marges b\u00e9n\u00e9ficiaires et des accords pris dans les secteurs et entreprises. Toutefois, la prime s&rsquo;applique toujours \u00e0 l&rsquo;ensemble de l&rsquo;entreprise, si tous les travailleurs rel\u00e8vent de la m\u00eame commission paritaire.<\/p>\n<p>Jean-Luc Vannieuwenhuyse, expert juridique chez SD Worx : <em>\u00ab\u00a0En fin de compte, nous constatons que le sprint final pour la prime de pouvoir d&rsquo;achat a \u00e9t\u00e9 tr\u00e8s fort. Comme certaines n\u00e9gociations au niveau sectoriel se sont poursuivies jusqu&rsquo;\u00e0 la fin du mois de d\u00e9cembre, il a longtemps \u00e9t\u00e9 difficile de savoir si cette prime conna\u00eetrait un succ\u00e8s. De nombreux employeurs ont d&rsquo;abord attendu l&rsquo;accord sectoriel, qui fixe souvent des conditions sp\u00e9cifiques et contraignantes pour l&rsquo;attribution de la prime. Chaque commission paritaire pouvait n\u00e9gocier des conditions diff\u00e9rentes et devait d\u00e9finir ce qu\u2019elle entendait par b\u00e9n\u00e9fice (tr\u00e8s) \u00e9lev\u00e9. Le montant maximum \u00e9tait toutefois connu (500\u20ac en cas de b\u00e9n\u00e9fice \u00e9lev\u00e9). Le montant m\u00e9d ian est de 375 euros. Les ouvriers ont re\u00e7u plus en moyenne : le montant m\u00e9dian est de 400 euros.\u00a0\u00bb<\/em><\/p>\n<h3><em><strong>Diff\u00e9rences r\u00e9gionales<\/strong><\/em><\/h3>\n<p>Ce sont les employeurs de la province de Li\u00e8ge qui ont accord\u00e9 relativement le plus de primes de pouvoir d&rsquo;achat en Wallonie. Si l&rsquo;on fait abstraction du nombre de travailleurs par province, c&rsquo;est l\u00e0 que les travailleurs ont re\u00e7u le plus de primes de pouvoir d&rsquo;achat : 26% des travailleurs en ont b\u00e9n\u00e9fici\u00e9, par rapport \u00e0 Bruxelles et au Brabant wallon qui, avec 17 %, ont les taux les plus bas. Le montant m\u00e9dian dans la province de Li\u00e8ge est plus \u00e9lev\u00e9 que celui des autres provinces, \u00e0 savoir 500 euros, au m\u00eame titre que la province du Hainaut d\u2019ailleurs.<\/p>\n<p>&nbsp;<\/p>\n<p><em>Source: analyse bas\u00e9e sur les derni\u00e8res donn\u00e9es salariales de SD Worx jusqu&rsquo;\u00e0 la fin d\u00e9cembre 2023, provenant de 37 000 employeurs comptant plus de 1,1 million de salari\u00e9s dans le secteur priv\u00e9. Les employeurs peuvent encore soumettre des corrections. Les r\u00e9sultats sont particuli\u00e8rement fiables en raison de la taille de l&rsquo;\u00e9chantillon et de la source des donn\u00e9es : ils sont bas\u00e9s sur des donn\u00e9es salariales r\u00e9elles. L&rsquo;analyse statistique permet d&rsquo;obtenir des informations au niveau du groupe et est conforme \u00e0 la l\u00e9gislation applicable, telle que le r\u00e8glement g\u00e9n\u00e9ral sur la protection des donn\u00e9es<\/em><\/p>\n","protected":false},"excerpt":{"rendered":"<p>La prime de pouvoir d&rsquo;achat, la mesure f\u00e9d\u00e9rale qui a permis aux entreprises d&rsquo;octroyer une prime fiscalement avantageuse pour les b\u00e9n\u00e9fices (tr\u00e8s) \u00e9lev\u00e9s en 2023, conna\u00eet un certain succ\u00e8s. Fin d\u00e9cembre, le compteur s&rsquo;\u00e9levait \u00e0 plus d&rsquo;un travailleur sur cinq [&hellip;]<\/p>\n","protected":false},"author":2,"featured_media":0,"comment_status":"closed","ping_status":"open","sticky":false,"template":"","format":"standard","meta":[],"categories":[65,10],"tags":[231,148,3747,374],"yoast_head":"<!-- This site is optimized with the Yoast SEO plugin v21.0 - https:\/\/yoast.com\/wordpress\/plugins\/seo\/ -->\n<title>Un travailleur sur cinq a d\u00e9j\u00e0 re\u00e7u une prime de pouvoir d&#039;achat de son employeur. - Peoplesphere<\/title>\n<meta name=\"robots\" content=\"index, follow, max-snippet:-1, max-image-preview:large, max-video-preview:-1\" \/>\n<link rel=\"canonical\" href=\"https:\/\/peoplesphere.be\/fr\/un-travailleur-sur-cinq-a-deja-recu-une-prime-de-pouvoir-dachat-de-son-employeur\/\" \/>\n<meta property=\"og:locale\" content=\"fr_FR\" \/>\n<meta property=\"og:type\" content=\"article\" \/>\n<meta property=\"og:title\" content=\"Un travailleur sur cinq a d\u00e9j\u00e0 re\u00e7u une prime de pouvoir d&#039;achat de son employeur. - Peoplesphere\" \/>\n<meta property=\"og:description\" content=\"La prime de pouvoir d&rsquo;achat, la mesure f\u00e9d\u00e9rale qui a permis aux entreprises d&rsquo;octroyer une prime fiscalement avantageuse pour les b\u00e9n\u00e9fices (tr\u00e8s) \u00e9lev\u00e9s en 2023, conna\u00eet un certain succ\u00e8s. Fin d\u00e9cembre, le compteur s&rsquo;\u00e9levait \u00e0 plus d&rsquo;un travailleur sur cinq [&hellip;]\" \/>\n<meta property=\"og:url\" content=\"https:\/\/peoplesphere.be\/fr\/un-travailleur-sur-cinq-a-deja-recu-une-prime-de-pouvoir-dachat-de-son-employeur\/\" \/>\n<meta property=\"og:site_name\" content=\"Peoplesphere\" \/>\n<meta property=\"article:publisher\" content=\"https:\/\/www.facebook.com\/peoplesphere\" \/>\n<meta property=\"article:published_time\" content=\"2024-01-19T08:58:16+00:00\" \/>\n<meta property=\"og:image\" content=\"http:\/\/www.peoplesphere.be\/fr\/wp-content\/uploads\/2016\/07\/facebook-default-posting-1200x628px.jpg\" \/>\n<meta name=\"author\" content=\"Jean-Paul Erhard\" \/>\n<meta name=\"twitter:card\" content=\"summary_large_image\" \/>\n<meta name=\"twitter:creator\" content=\"@PeoplesphereMag\" \/>\n<meta name=\"twitter:site\" content=\"@PeoplesphereMag\" \/>\n<meta name=\"twitter:label1\" content=\"\u00c9crit par\" \/>\n\t<meta name=\"twitter:data1\" content=\"Jean-Paul Erhard\" \/>\n\t<meta name=\"twitter:label2\" content=\"Dur\u00e9e de lecture estim\u00e9e\" \/>\n\t<meta name=\"twitter:data2\" content=\"3 minutes\" \/>\n<script type=\"application\/ld+json\" class=\"yoast-schema-graph\">{\"@context\":\"https:\/\/schema.org\",\"@graph\":[{\"@type\":\"Article\",\"@id\":\"https:\/\/peoplesphere.be\/fr\/un-travailleur-sur-cinq-a-deja-recu-une-prime-de-pouvoir-dachat-de-son-employeur\/#article\",\"isPartOf\":{\"@id\":\"https:\/\/peoplesphere.be\/fr\/un-travailleur-sur-cinq-a-deja-recu-une-prime-de-pouvoir-dachat-de-son-employeur\/\"},\"author\":{\"name\":\"Jean-Paul Erhard\",\"@id\":\"https:\/\/peoplesphere.be\/fr\/#\/schema\/person\/7976225ff17988604334abb7b3536a7e\"},\"headline\":\"Un travailleur sur cinq a d\u00e9j\u00e0 re\u00e7u une prime de pouvoir d&rsquo;achat de son employeur.\",\"datePublished\":\"2024-01-19T08:58:16+00:00\",\"dateModified\":\"2024-01-19T08:58:16+00:00\",\"mainEntityOfPage\":{\"@id\":\"https:\/\/peoplesphere.be\/fr\/un-travailleur-sur-cinq-a-deja-recu-une-prime-de-pouvoir-dachat-de-son-employeur\/\"},\"wordCount\":613,\"publisher\":{\"@id\":\"https:\/\/peoplesphere.be\/fr\/#organization\"},\"keywords\":[\"bonus\",\"pouvoir d'achat\",\"prime\",\"r\u00e9mun\u00e9rations\"],\"articleSection\":[\"Actualit\u00e9s\",\"Digital\"],\"inLanguage\":\"fr-FR\"},{\"@type\":\"WebPage\",\"@id\":\"https:\/\/peoplesphere.be\/fr\/un-travailleur-sur-cinq-a-deja-recu-une-prime-de-pouvoir-dachat-de-son-employeur\/\",\"url\":\"https:\/\/peoplesphere.be\/fr\/un-travailleur-sur-cinq-a-deja-recu-une-prime-de-pouvoir-dachat-de-son-employeur\/\",\"name\":\"Un travailleur sur cinq a d\u00e9j\u00e0 re\u00e7u une prime de pouvoir d'achat de son employeur. - Peoplesphere\",\"isPartOf\":{\"@id\":\"https:\/\/peoplesphere.be\/fr\/#website\"},\"datePublished\":\"2024-01-19T08:58:16+00:00\",\"dateModified\":\"2024-01-19T08:58:16+00:00\",\"breadcrumb\":{\"@id\":\"https:\/\/peoplesphere.be\/fr\/un-travailleur-sur-cinq-a-deja-recu-une-prime-de-pouvoir-dachat-de-son-employeur\/#breadcrumb\"},\"inLanguage\":\"fr-FR\",\"potentialAction\":[{\"@type\":\"ReadAction\",\"target\":[\"https:\/\/peoplesphere.be\/fr\/un-travailleur-sur-cinq-a-deja-recu-une-prime-de-pouvoir-dachat-de-son-employeur\/\"]}]},{\"@type\":\"BreadcrumbList\",\"@id\":\"https:\/\/peoplesphere.be\/fr\/un-travailleur-sur-cinq-a-deja-recu-une-prime-de-pouvoir-dachat-de-son-employeur\/#breadcrumb\",\"itemListElement\":[{\"@type\":\"ListItem\",\"position\":1,\"name\":\"Accueil\",\"item\":\"https:\/\/peoplesphere.be\/fr\/\"},{\"@type\":\"ListItem\",\"position\":2,\"name\":\"Un travailleur sur cinq a d\u00e9j\u00e0 re\u00e7u une prime de pouvoir d&rsquo;achat de son employeur.\"}]},{\"@type\":\"WebSite\",\"@id\":\"https:\/\/peoplesphere.be\/fr\/#website\",\"url\":\"https:\/\/peoplesphere.be\/fr\/\",\"name\":\"Peoplesphere\",\"description\":\"The People Managers Magazine\",\"publisher\":{\"@id\":\"https:\/\/peoplesphere.be\/fr\/#organization\"},\"potentialAction\":[{\"@type\":\"SearchAction\",\"target\":{\"@type\":\"EntryPoint\",\"urlTemplate\":\"https:\/\/peoplesphere.be\/fr\/?s={search_term_string}\"},\"query-input\":\"required name=search_term_string\"}],\"inLanguage\":\"fr-FR\"},{\"@type\":\"Organization\",\"@id\":\"https:\/\/peoplesphere.be\/fr\/#organization\",\"name\":\"Peoplesphere Company srl\",\"url\":\"https:\/\/peoplesphere.be\/fr\/\",\"logo\":{\"@type\":\"ImageObject\",\"inLanguage\":\"fr-FR\",\"@id\":\"https:\/\/peoplesphere.be\/fr\/#\/schema\/logo\/image\/\",\"url\":\"https:\/\/peoplesphere.be\/fr\/wp-content\/uploads\/2023\/07\/peoplesphere-lgo-new-generik.jpg\",\"contentUrl\":\"https:\/\/peoplesphere.be\/fr\/wp-content\/uploads\/2023\/07\/peoplesphere-lgo-new-generik.jpg\",\"width\":1031,\"height\":1479,\"caption\":\"Peoplesphere Company srl\"},\"image\":{\"@id\":\"https:\/\/peoplesphere.be\/fr\/#\/schema\/logo\/image\/\"},\"sameAs\":[\"https:\/\/www.facebook.com\/peoplesphere\",\"https:\/\/twitter.com\/PeoplesphereMag\",\"https:\/\/www.linkedin.com\/company\/7587361?trk\",\"http:\/\/youtube.com\/peoplesphere\"]},{\"@type\":\"Person\",\"@id\":\"https:\/\/peoplesphere.be\/fr\/#\/schema\/person\/7976225ff17988604334abb7b3536a7e\",\"name\":\"Jean-Paul Erhard\",\"image\":{\"@type\":\"ImageObject\",\"inLanguage\":\"fr-FR\",\"@id\":\"https:\/\/peoplesphere.be\/fr\/#\/schema\/person\/image\/\",\"url\":\"https:\/\/secure.gravatar.com\/avatar\/f941e681460179738071629a51574930?s=96&d=mm&r=g\",\"contentUrl\":\"https:\/\/secure.gravatar.com\/avatar\/f941e681460179738071629a51574930?s=96&d=mm&r=g\",\"caption\":\"Jean-Paul Erhard\"},\"url\":\"https:\/\/peoplesphere.be\/fr\/author\/jpe\/\"}]}<\/script>\n<!-- \/ Yoast SEO plugin. -->","yoast_head_json":{"title":"Un travailleur sur cinq a d\u00e9j\u00e0 re\u00e7u une prime de pouvoir d'achat de son employeur. - Peoplesphere","robots":{"index":"index","follow":"follow","max-snippet":"max-snippet:-1","max-image-preview":"max-image-preview:large","max-video-preview":"max-video-preview:-1"},"canonical":"https:\/\/peoplesphere.be\/fr\/un-travailleur-sur-cinq-a-deja-recu-une-prime-de-pouvoir-dachat-de-son-employeur\/","og_locale":"fr_FR","og_type":"article","og_title":"Un travailleur sur cinq a d\u00e9j\u00e0 re\u00e7u une prime de pouvoir d'achat de son employeur. - Peoplesphere","og_description":"La prime de pouvoir d&rsquo;achat, la mesure f\u00e9d\u00e9rale qui a permis aux entreprises d&rsquo;octroyer une prime fiscalement avantageuse pour les b\u00e9n\u00e9fices (tr\u00e8s) \u00e9lev\u00e9s en 2023, conna\u00eet un certain succ\u00e8s. Fin d\u00e9cembre, le compteur s&rsquo;\u00e9levait \u00e0 plus d&rsquo;un travailleur sur cinq [&hellip;]","og_url":"https:\/\/peoplesphere.be\/fr\/un-travailleur-sur-cinq-a-deja-recu-une-prime-de-pouvoir-dachat-de-son-employeur\/","og_site_name":"Peoplesphere","article_publisher":"https:\/\/www.facebook.com\/peoplesphere","article_published_time":"2024-01-19T08:58:16+00:00","og_image":[{"url":"http:\/\/www.peoplesphere.be\/fr\/wp-content\/uploads\/2016\/07\/facebook-default-posting-1200x628px.jpg"}],"author":"Jean-Paul Erhard","twitter_card":"summary_large_image","twitter_creator":"@PeoplesphereMag","twitter_site":"@PeoplesphereMag","twitter_misc":{"\u00c9crit par":"Jean-Paul Erhard","Dur\u00e9e de lecture estim\u00e9e":"3 minutes"},"schema":{"@context":"https:\/\/schema.org","@graph":[{"@type":"Article","@id":"https:\/\/peoplesphere.be\/fr\/un-travailleur-sur-cinq-a-deja-recu-une-prime-de-pouvoir-dachat-de-son-employeur\/#article","isPartOf":{"@id":"https:\/\/peoplesphere.be\/fr\/un-travailleur-sur-cinq-a-deja-recu-une-prime-de-pouvoir-dachat-de-son-employeur\/"},"author":{"name":"Jean-Paul Erhard","@id":"https:\/\/peoplesphere.be\/fr\/#\/schema\/person\/7976225ff17988604334abb7b3536a7e"},"headline":"Un travailleur sur cinq a d\u00e9j\u00e0 re\u00e7u une prime de pouvoir d&rsquo;achat de son employeur.","datePublished":"2024-01-19T08:58:16+00:00","dateModified":"2024-01-19T08:58:16+00:00","mainEntityOfPage":{"@id":"https:\/\/peoplesphere.be\/fr\/un-travailleur-sur-cinq-a-deja-recu-une-prime-de-pouvoir-dachat-de-son-employeur\/"},"wordCount":613,"publisher":{"@id":"https:\/\/peoplesphere.be\/fr\/#organization"},"keywords":["bonus","pouvoir d'achat","prime","r\u00e9mun\u00e9rations"],"articleSection":["Actualit\u00e9s","Digital"],"inLanguage":"fr-FR"},{"@type":"WebPage","@id":"https:\/\/peoplesphere.be\/fr\/un-travailleur-sur-cinq-a-deja-recu-une-prime-de-pouvoir-dachat-de-son-employeur\/","url":"https:\/\/peoplesphere.be\/fr\/un-travailleur-sur-cinq-a-deja-recu-une-prime-de-pouvoir-dachat-de-son-employeur\/","name":"Un travailleur sur cinq a d\u00e9j\u00e0 re\u00e7u une prime de pouvoir d'achat de son employeur. - Peoplesphere","isPartOf":{"@id":"https:\/\/peoplesphere.be\/fr\/#website"},"datePublished":"2024-01-19T08:58:16+00:00","dateModified":"2024-01-19T08:58:16+00:00","breadcrumb":{"@id":"https:\/\/peoplesphere.be\/fr\/un-travailleur-sur-cinq-a-deja-recu-une-prime-de-pouvoir-dachat-de-son-employeur\/#breadcrumb"},"inLanguage":"fr-FR","potentialAction":[{"@type":"ReadAction","target":["https:\/\/peoplesphere.be\/fr\/un-travailleur-sur-cinq-a-deja-recu-une-prime-de-pouvoir-dachat-de-son-employeur\/"]}]},{"@type":"BreadcrumbList","@id":"https:\/\/peoplesphere.be\/fr\/un-travailleur-sur-cinq-a-deja-recu-une-prime-de-pouvoir-dachat-de-son-employeur\/#breadcrumb","itemListElement":[{"@type":"ListItem","position":1,"name":"Accueil","item":"https:\/\/peoplesphere.be\/fr\/"},{"@type":"ListItem","position":2,"name":"Un travailleur sur cinq a d\u00e9j\u00e0 re\u00e7u une prime de pouvoir d&rsquo;achat de son employeur."}]},{"@type":"WebSite","@id":"https:\/\/peoplesphere.be\/fr\/#website","url":"https:\/\/peoplesphere.be\/fr\/","name":"Peoplesphere","description":"The People Managers Magazine","publisher":{"@id":"https:\/\/peoplesphere.be\/fr\/#organization"},"potentialAction":[{"@type":"SearchAction","target":{"@type":"EntryPoint","urlTemplate":"https:\/\/peoplesphere.be\/fr\/?s={search_term_string}"},"query-input":"required name=search_term_string"}],"inLanguage":"fr-FR"},{"@type":"Organization","@id":"https:\/\/peoplesphere.be\/fr\/#organization","name":"Peoplesphere Company srl","url":"https:\/\/peoplesphere.be\/fr\/","logo":{"@type":"ImageObject","inLanguage":"fr-FR","@id":"https:\/\/peoplesphere.be\/fr\/#\/schema\/logo\/image\/","url":"https:\/\/peoplesphere.be\/fr\/wp-content\/uploads\/2023\/07\/peoplesphere-lgo-new-generik.jpg","contentUrl":"https:\/\/peoplesphere.be\/fr\/wp-content\/uploads\/2023\/07\/peoplesphere-lgo-new-generik.jpg","width":1031,"height":1479,"caption":"Peoplesphere Company srl"},"image":{"@id":"https:\/\/peoplesphere.be\/fr\/#\/schema\/logo\/image\/"},"sameAs":["https:\/\/www.facebook.com\/peoplesphere","https:\/\/twitter.com\/PeoplesphereMag","https:\/\/www.linkedin.com\/company\/7587361?trk","http:\/\/youtube.com\/peoplesphere"]},{"@type":"Person","@id":"https:\/\/peoplesphere.be\/fr\/#\/schema\/person\/7976225ff17988604334abb7b3536a7e","name":"Jean-Paul Erhard","image":{"@type":"ImageObject","inLanguage":"fr-FR","@id":"https:\/\/peoplesphere.be\/fr\/#\/schema\/person\/image\/","url":"https:\/\/secure.gravatar.com\/avatar\/f941e681460179738071629a51574930?s=96&d=mm&r=g","contentUrl":"https:\/\/secure.gravatar.com\/avatar\/f941e681460179738071629a51574930?s=96&d=mm&r=g","caption":"Jean-Paul Erhard"},"url":"https:\/\/peoplesphere.be\/fr\/author\/jpe\/"}]}},"_links":{"self":[{"href":"https:\/\/peoplesphere.be\/fr\/wp-json\/wp\/v2\/posts\/15570"}],"collection":[{"href":"https:\/\/peoplesphere.be\/fr\/wp-json\/wp\/v2\/posts"}],"about":[{"href":"https:\/\/peoplesphere.be\/fr\/wp-json\/wp\/v2\/types\/post"}],"author":[{"embeddable":true,"href":"https:\/\/peoplesphere.be\/fr\/wp-json\/wp\/v2\/users\/2"}],"replies":[{"embeddable":true,"href":"https:\/\/peoplesphere.be\/fr\/wp-json\/wp\/v2\/comments?post=15570"}],"version-history":[{"count":1,"href":"https:\/\/peoplesphere.be\/fr\/wp-json\/wp\/v2\/posts\/15570\/revisions"}],"predecessor-version":[{"id":15571,"href":"https:\/\/peoplesphere.be\/fr\/wp-json\/wp\/v2\/posts\/15570\/revisions\/15571"}],"wp:attachment":[{"href":"https:\/\/peoplesphere.be\/fr\/wp-json\/wp\/v2\/media?parent=15570"}],"wp:term":[{"taxonomy":"category","embeddable":true,"href":"https:\/\/peoplesphere.be\/fr\/wp-json\/wp\/v2\/categories?post=15570"},{"taxonomy":"post_tag","embeddable":true,"href":"https:\/\/peoplesphere.be\/fr\/wp-json\/wp\/v2\/tags?post=15570"}],"curies":[{"name":"wp","href":"https:\/\/api.w.org\/{rel}","templated":true}]}}