









{"id":15575,"date":"2024-01-22T12:55:30","date_gmt":"2024-01-22T10:55:30","guid":{"rendered":"https:\/\/peoplesphere.be\/fr\/?p=15575"},"modified":"2024-01-22T12:55:30","modified_gmt":"2024-01-22T10:55:30","slug":"face-aux-penuries-le-marche-du-travail-pousse-davantage-encore-vers-la-flexibilite-et-la-numerisation","status":"publish","type":"post","link":"https:\/\/peoplesphere.be\/fr\/face-aux-penuries-le-marche-du-travail-pousse-davantage-encore-vers-la-flexibilite-et-la-numerisation\/","title":{"rendered":"Face aux p\u00e9nuries, le march\u00e9 du travail pousse davantage encore vers la flexibilit\u00e9 et la num\u00e9risation."},"content":{"rendered":"<p>En 2024, le march\u00e9 du travail sera confront\u00e9 \u00e0 des p\u00e9nuries encore plus importantes que ces derni\u00e8res ann\u00e9es. Les raisons en sont le vieillissement continu de la population, la reprise \u00e9conomique attendue et la transition \u00e9nerg\u00e9tique. Durant cette ann\u00e9e \u00e9lectorale marqu\u00e9e par des opinions divergentes concernant le travail, le march\u00e9 du travail de 2024 sera un terrain de jeu tr\u00e8s difficile pour les employeurs, pr\u00e9voit House of HR. ChatGPT et OpenAI contribueront \u00e0 acc\u00e9l\u00e9rer le recrutement et les outils et processus RH. <!--more--><\/p>\n<p>La mobilit\u00e9 de la main-d&rsquo;\u0153uvre et la flexibilit\u00e9 du march\u00e9 du travail peuvent assurer le bon fonctionnement de secteurs cruciaux tels que les soins de sant\u00e9, l&rsquo;ing\u00e9nierie et la logistique. Rika Coppens, CEO de House of HR, d\u00e9clare : \u00ab\u00a0<em>Il y aura toujours un besoin de personnel flexible, dans n&rsquo;importe quel secteur et \u00e0 n&rsquo;importe quel moment. Les gens eux-m\u00eames veulent travailler de mani\u00e8re de plus en plus flexible. C&rsquo;est au gouvernement de faciliter cela, sinon les entreprises d\u00e9velopperont ind\u00e9pendamment leurs propres initiatives pour organiser un horaire flexible. Nous nous attendons \u00e0 ce que ce ph\u00e9nom\u00e8ne prenne de l&rsquo;ampleur en 2024.\u00a0\u00bb<\/em><\/p>\n<h3><strong><em>Besoin de freelancers et de travailleurs flexibles<\/em><\/strong><\/h3>\n<p>Le travail flexible restera toujours aussi populaire, surtout en 2024. Il y aura toujours des gens qui voudront travailler en d\u00e9tachement ou en tant que freelance, en particulier les personnes hautement qualifi\u00e9es. Selon Rika Coppens, \u00ab\u00a0<em>ce besoin de flexibilit\u00e9, tant de la part des employ\u00e9s que des employeurs, devra \u00e9galement \u00eatre r\u00e9glement\u00e9 par la loi. Pour les travailleurs peu qualifi\u00e9s, le statut d&rsquo;ind\u00e9pendant pr\u00e9sente plus d&rsquo;inconv\u00e9nients que d&rsquo;avantages, car il n&rsquo;y a pas de filet de s\u00e9curit\u00e9 sociale. Cependant, en Belgique, nous observons que m\u00eame les personnes peu qualifi\u00e9es ayant un emploi \u00e0 temps plein sont satisfaits de prendre un emploi secondaire un ou deux jours par semaine, cherchant ainsi davantage de diversit\u00e9.\u00a0\u00bb<\/em> En effet, 80 % des personnes ayant un statut flexible d\u00e9clarent vouloir \u00ab\u00a0faire quelque chose de compl\u00e8tement diff\u00e9rent\u00a0\u00bb de leur emploi principal. NOWJOBS a constat\u00e9 la popularit\u00e9 croissante des flexi-jobs depuis un certain temps. Pendant certaines p\u00e9riodes de 2023, le nombre d&rsquo;entr\u00e9es dans l&rsquo;application a tripl\u00e9 par rapport aux m\u00eames p\u00e9riodes de l&rsquo;ann\u00e9e pr\u00e9c\u00e9dente.<\/p>\n<p>Avec la nouvelle l\u00e9gislation sur les flexi-jobers, le gouvernement r\u00e9pond \u00e0 la popularit\u00e9 croissante des flexi-jobs en autorisant le statut dans 12 nouveaux secteurs, bien que Coppens estime que l&rsquo;expansion n\u2019aille pas assez loin. \u00ab\u00a0<em>Contrairement \u00e0 ce que pr\u00e9tendent les sceptiques, les flexi-jobs ne repr\u00e9sentent pas une menace pour les emplois r\u00e9guliers. La p\u00e9nurie structurelle sur le march\u00e9 du travail d\u00e9montre la n\u00e9cessit\u00e9 d&rsquo;avoir davantage de travailleurs pour pourvoir les postes plut\u00f4t que de simplement \u00e9vincer les emplois existants. Si rien ne change, nous pr\u00e9voyons une p\u00e9nurie structurelle de 10 % sur le march\u00e9 du travail d&rsquo;ici \u00e0 2030&Prime;.<\/em><\/p>\n<p>L&#8217;emploi int\u00e9rimaire assure une protection significative par rapport \u00e0 de nombreux autres syst\u00e8mes moins r\u00e9gul\u00e9s. Ainsi, en tant que gouvernement, il est essentiel de ne pas \u00f4ter excessivement de flexibilit\u00e9 au syst\u00e8me, afin d&rsquo;\u00e9viter l&rsquo;\u00e9mergence de structures (\u00e9trang\u00e8res) mal contr\u00f4l\u00e9es. Id\u00e9alement, notre l\u00e9gislation devrait \u00e9voluer de mani\u00e8re \u00e0 diff\u00e9rencier davantage les groupes cibles et \u00e0 permettre une certaine flexibilit\u00e9 en mati\u00e8re d&rsquo;horaires, de type d&#8217;emploi et de travail \u00e0 domicile. Et si nous ne pouvons pas nous en remettre au gouvernement, de nombreuses initiatives na\u00eetront du monde des affaires pour favoriser la flexibilit\u00e9 de l&#8217;emploi. Le travail \u00ab\u00a0par projet\u00a0\u00bb \u00e9mergera fr\u00e9quemment comme une solution \u00e0 cet \u00e9gard.<\/p>\n<h3><strong><em>La durabilit\u00e9 exige de nouvelles comp\u00e9tences<\/em><\/strong><\/h3>\n<p>En 2024, Coppens s&rsquo;attend \u00e0 ce que la reprise \u00e9conomique annonc\u00e9e conduise \u00e0 un march\u00e9 du travail encore plus tendu : \u00ab\u00a0<em>Nous devons nous pr\u00e9parer, car il y aura une \u00e9norme demande de main-d&rsquo;\u0153uvre et des p\u00e9nuries qui ne pourront pas \u00eatre combl\u00e9es dans certains secteurs. La durabilit\u00e9 et l&rsquo;\u00e9lectrification des transports vont n\u00e9cessiter un grand nombre de travailleurs qualifi\u00e9es. Nous avons d\u00e9j\u00e0 un march\u00e9 du travail tendu, et nous aurons \u00e9galement besoin de personnes poss\u00e9dant des connaissances tr\u00e8s sp\u00e9cifiques. La question est donc de savoir comment mieux utiliser le march\u00e9 du travail actuel, comment s&rsquo;assurer de faciliter et de stimuler la formation n\u00e9cessaire. Cela peut se faire, par exemple, en rendant la formation gratuite, en renfor\u00e7ant la coop\u00e9ration entre les entreprises et les \u00e9tablissements de formation gr\u00e2ce \u00e0 l&rsquo;apprentissage en alternance, en encourageant les entreprises \u00e0 investir dans des plans de formation solides ou en offrant des conditions de travail particuli\u00e8rement flexibles. De cette mani\u00e8re, l&rsquo;\u00e9ducation et le travail peuvent \u00eatre facilement compl\u00e9mentaires et il devient donc plus int\u00e9ressant d&rsquo;\u00e9tudier tout en continuant \u00e0 travailler (\u00e0 temps partiel). Il est \u00e9galement imp\u00e9ratif que les services de l&#8217;emploi de notre pays continuent de soutenir les parcours de formation technique. Les jeunes ayant des comp\u00e9tences techniques ont de plus en plus d&rsquo;opportunit\u00e9s pour mettre en \u0153uvre leurs aptitudes. Par cons\u00e9quent, il est urgent de rem\u00e9dier au probl\u00e8me de perception des fili\u00e8res techniques et professionnelles dans les \u00e9coles.\u00a0\u00bb<\/em><\/p>\n<h3><strong><em>Le renforcement du march\u00e9 du travail doit aussi venir de l&rsquo;ext\u00e9rieur<\/em><\/strong><\/h3>\n<p>Le gouvernement devrait veiller \u00e0 ce que les demandeurs d&rsquo;asile et les immigrants g\u00e9opolitiques puissent trouver du travail plus rapidement. Dans un contexte mondial o\u00f9 les troubles \u00e9conomiques se conjuguent \u00e0 l&rsquo;instabilit\u00e9 g\u00e9opolitique, Coppens estime que nous devons redoubler d&rsquo;efforts pour int\u00e9grer les nouveaux flux d&rsquo;immigrants. \u00ab\u00a0<em>Nous constatons que de nombreuses personnes entrent dans notre pays et sont motiv\u00e9es pour s&rsquo;y installer : elles apprennent une langue nationale et veulent travailler. Elles apportent de nouvelles exp\u00e9riences, de nouvelles visions et de nouveaux points de vue. Celles-ci peuvent nous aider \u00e0 r\u00e9duire intelligemment les tensions sur le march\u00e9 du travail. Accueillons ce nouvel afflux et int\u00e9grons-le dans une politique moderne du march\u00e9 du travail\u00a0\u00bb.<\/em><\/p>\n<p>Heureusement, en Belgique, les entreprises sont de plus en plus ouvertes \u00e0 la migration active de la main-d&rsquo;\u0153uvre. La migration \u00e9conomique est devenue une condition sine qua non pour donner \u00e0 nos entreprises un pouvoir de croissance suffisant. Et nous parlons aussi bien de l&rsquo;afflux europ\u00e9en que de l&rsquo;afflux non-europ\u00e9en, et m\u00eame des Wallons et des Bruxellois vers la Flandre. \u00ab\u00a0<em>Il est essentiel que le l\u00e9gislateur traduise plus rapidement la l\u00e9gislation europ\u00e9enne en droit belge et wallon, afin de faciliter l&rsquo;arriv\u00e9e de nouveaux arrivants dans les entreprises. En outre, une l\u00e9gislation plus souple permet d&rsquo;\u00e9viter que les gens soient pouss\u00e9s vers l&rsquo;ill\u00e9galit\u00e9 (en mati\u00e8re de logement, par exemple)\u00a0\u00bb<\/em>, explique Rika Coppens.<\/p>\n<p>La CEO de House of HR appelle \u00e9galement \u00e0 la modernisation et \u00e0 l&rsquo;acc\u00e9l\u00e9ration des r\u00e9glementations europ\u00e9ennes (telles que la proc\u00e9dure du \u00ab\u00a0Permis unique\u00a0\u00bb). En Belgique, l&rsquo;ensemble de la proc\u00e9dure prend en moyenne 120 jours.<\/p>\n<h3><strong><em>L&rsquo;IA et ChatGPT facilitent les RH et le recrutement, mais le d\u00e9ploiement \u00e9thique de l&rsquo;IA devient important<\/em><\/strong><\/h3>\n<p>House of HR constate d\u00e9j\u00e0 que l&rsquo;IA est davantage utilis\u00e9e pour accro\u00eetre la productivit\u00e9 du travail. Le r\u00f4le de ChatGPT dans ce domaine ne fera que s&rsquo;accro\u00eetre en 2024. Pensez aux offres d&#8217;emploi r\u00e9dig\u00e9es automatiquement, aux traductions pour les travailleurs migrants et \u00e0 l&rsquo;utilisation de l&rsquo;IA pour faire des choix plus rapides mais toujours qualitatifs au cours d&rsquo;un processus de s\u00e9lection. Rika Coppens : \u00ab\u00a0<em>Avec l&rsquo;aide de l&rsquo;IA, il est possible de faire des rapprochements beaucoup plus facilement, mais il y a aussi un danger, car la discrimination se cache dans la s\u00e9lection automatique. Par cons\u00e9quent, nous nous attendons \u00e0 ce qu&rsquo;en 2024 et au-del\u00e0, l&rsquo;accent soit mis de plus en plus sur l&rsquo;utilisation responsable de l&rsquo;IA. En tant que grande organisation RH, nous \u00e9laborons d\u00e9j\u00e0 nos propres politiques et accords pour le d\u00e9ploiement \u00e9thique de l&rsquo;IA dans les RH. Mais l&rsquo;IA aura \u00e9galement un impact sur le march\u00e9 du travail et sur certains types d&#8217;emplois. Les r\u00e9dacteurs, les d\u00e9veloppeurs de logiciels, les traducteurs, &#8230; seront de moins en moins n\u00e9cessaires. Aujourd&rsquo;hui d\u00e9j\u00e0, des chatbots sophistiqu\u00e9s remplacent les travailleurs des centres d&rsquo;appels. N\u00e9anmoins, le march\u00e9 du travail aura toujours besoin de personnes capables de travailler avec la technologie. La formation \u00e0 l&rsquo;IA pour les employ\u00e9s n&rsquo;est donc certainement pas un investissement inutile. Le message est le suivant : soyez vigilants et am\u00e9liorez vos comp\u00e9tences. Car ce que l&rsquo;industrialisation et l&rsquo;automatisation ont signifi\u00e9 pour les ouvriers, l&rsquo;IA le signifiera pour les employ\u00e9s. Veillez donc \u00e0 rester \u00e0 la page et \u00e0 \u00eatre en mesure de travailler avec l&rsquo;IA\u00a0\u00bb<\/em>.<\/p>\n<p>Si l&rsquo;on consid\u00e8re l&rsquo;ensemble des \u00e9volutions, l&rsquo;ann\u00e9e s&rsquo;annonce int\u00e9ressante pour les employeurs et les employ\u00e9s. Coppens conclut <em>\u00ab\u00a0Notre appel aux politiciens est avant tout : assurez-vous d&rsquo;avoir de bonnes politiques pour le march\u00e9 du travail. Veillez \u00e0 ce que le march\u00e9 du travail puisse \u00e9voluer en fonction des besoins des employeurs et des souhaits des employ\u00e9s. Cela n&rsquo;est possible que s&rsquo;il existe un bon \u00e9quilibre entre les emplois flexibles et les emplois permanents, si les personnes sont correctement form\u00e9es pour les nouveaux emplois sur le march\u00e9 du travail et si nous pouvons attirer suffisamment de personnes de l&rsquo;ext\u00e9rieur pour faire face \u00e0 la forte p\u00e9nurie de personnel. Si le gouvernement rend tout cela trop difficile, il menace notre prosp\u00e9rit\u00e9 et les entreprises et les employeurs eux-m\u00eames devront faire preuve de beaucoup plus de cr\u00e9ativit\u00e9 dans les options d&#8217;emplois flexibles et permanents.\u00a0\u00bb<\/em><\/p>\n<p>&nbsp;<\/p>\n<p><em>Source: House of HR<\/em><\/p>\n","protected":false},"excerpt":{"rendered":"<p>En 2024, le march\u00e9 du travail sera confront\u00e9 \u00e0 des p\u00e9nuries encore plus importantes que ces derni\u00e8res ann\u00e9es. Les raisons en sont le vieillissement continu de la population, la reprise \u00e9conomique attendue et la transition \u00e9nerg\u00e9tique. Durant cette ann\u00e9e \u00e9lectorale [&hellip;]<\/p>\n","protected":false},"author":2,"featured_media":0,"comment_status":"closed","ping_status":"open","sticky":false,"template":"","format":"standard","meta":[],"categories":[65,10],"tags":[3799,116,77,2690,220,2056,1551,656],"yoast_head":"<!-- This site is optimized with the Yoast SEO plugin v21.0 - https:\/\/yoast.com\/wordpress\/plugins\/seo\/ -->\n<title>Face aux p\u00e9nuries, le march\u00e9 du travail pousse davantage encore vers la flexibilit\u00e9 et la num\u00e9risation. - Peoplesphere<\/title>\n<meta name=\"robots\" content=\"index, follow, max-snippet:-1, max-image-preview:large, max-video-preview:-1\" \/>\n<link rel=\"canonical\" href=\"https:\/\/peoplesphere.be\/fr\/face-aux-penuries-le-marche-du-travail-pousse-davantage-encore-vers-la-flexibilite-et-la-numerisation\/\" \/>\n<meta property=\"og:locale\" content=\"fr_FR\" \/>\n<meta property=\"og:type\" content=\"article\" \/>\n<meta property=\"og:title\" content=\"Face aux p\u00e9nuries, le march\u00e9 du travail pousse davantage encore vers la flexibilit\u00e9 et la num\u00e9risation. - Peoplesphere\" \/>\n<meta property=\"og:description\" content=\"En 2024, le march\u00e9 du travail sera confront\u00e9 \u00e0 des p\u00e9nuries encore plus importantes que ces derni\u00e8res ann\u00e9es. Les raisons en sont le vieillissement continu de la population, la reprise \u00e9conomique attendue et la transition \u00e9nerg\u00e9tique. Durant cette ann\u00e9e \u00e9lectorale [&hellip;]\" \/>\n<meta property=\"og:url\" content=\"https:\/\/peoplesphere.be\/fr\/face-aux-penuries-le-marche-du-travail-pousse-davantage-encore-vers-la-flexibilite-et-la-numerisation\/\" \/>\n<meta property=\"og:site_name\" content=\"Peoplesphere\" \/>\n<meta property=\"article:publisher\" content=\"https:\/\/www.facebook.com\/peoplesphere\" \/>\n<meta property=\"article:published_time\" content=\"2024-01-22T10:55:30+00:00\" \/>\n<meta property=\"og:image\" content=\"http:\/\/www.peoplesphere.be\/fr\/wp-content\/uploads\/2016\/07\/facebook-default-posting-1200x628px.jpg\" \/>\n<meta name=\"author\" content=\"Jean-Paul Erhard\" \/>\n<meta name=\"twitter:card\" content=\"summary_large_image\" \/>\n<meta name=\"twitter:creator\" content=\"@PeoplesphereMag\" \/>\n<meta name=\"twitter:site\" content=\"@PeoplesphereMag\" \/>\n<meta name=\"twitter:label1\" content=\"\u00c9crit par\" \/>\n\t<meta name=\"twitter:data1\" content=\"Jean-Paul Erhard\" \/>\n\t<meta name=\"twitter:label2\" content=\"Dur\u00e9e de lecture estim\u00e9e\" \/>\n\t<meta name=\"twitter:data2\" content=\"8 minutes\" \/>\n<script type=\"application\/ld+json\" class=\"yoast-schema-graph\">{\"@context\":\"https:\/\/schema.org\",\"@graph\":[{\"@type\":\"Article\",\"@id\":\"https:\/\/peoplesphere.be\/fr\/face-aux-penuries-le-marche-du-travail-pousse-davantage-encore-vers-la-flexibilite-et-la-numerisation\/#article\",\"isPartOf\":{\"@id\":\"https:\/\/peoplesphere.be\/fr\/face-aux-penuries-le-marche-du-travail-pousse-davantage-encore-vers-la-flexibilite-et-la-numerisation\/\"},\"author\":{\"name\":\"Jean-Paul Erhard\",\"@id\":\"https:\/\/peoplesphere.be\/fr\/#\/schema\/person\/7976225ff17988604334abb7b3536a7e\"},\"headline\":\"Face aux p\u00e9nuries, le march\u00e9 du travail pousse davantage encore vers la flexibilit\u00e9 et la num\u00e9risation.\",\"datePublished\":\"2024-01-22T10:55:30+00:00\",\"dateModified\":\"2024-01-22T10:55:30+00:00\",\"mainEntityOfPage\":{\"@id\":\"https:\/\/peoplesphere.be\/fr\/face-aux-penuries-le-marche-du-travail-pousse-davantage-encore-vers-la-flexibilite-et-la-numerisation\/\"},\"wordCount\":1617,\"publisher\":{\"@id\":\"https:\/\/peoplesphere.be\/fr\/#organization\"},\"keywords\":[\"ChatGPT\",\"comp\u00e9tences\",\"digital\",\"durabilit\u00e9\",\"flexibilit\u00e9\",\"freelancers\",\"IA\",\"migration\"],\"articleSection\":[\"Actualit\u00e9s\",\"Digital\"],\"inLanguage\":\"fr-FR\"},{\"@type\":\"WebPage\",\"@id\":\"https:\/\/peoplesphere.be\/fr\/face-aux-penuries-le-marche-du-travail-pousse-davantage-encore-vers-la-flexibilite-et-la-numerisation\/\",\"url\":\"https:\/\/peoplesphere.be\/fr\/face-aux-penuries-le-marche-du-travail-pousse-davantage-encore-vers-la-flexibilite-et-la-numerisation\/\",\"name\":\"Face aux p\u00e9nuries, le march\u00e9 du travail pousse davantage encore vers la flexibilit\u00e9 et la num\u00e9risation. - Peoplesphere\",\"isPartOf\":{\"@id\":\"https:\/\/peoplesphere.be\/fr\/#website\"},\"datePublished\":\"2024-01-22T10:55:30+00:00\",\"dateModified\":\"2024-01-22T10:55:30+00:00\",\"breadcrumb\":{\"@id\":\"https:\/\/peoplesphere.be\/fr\/face-aux-penuries-le-marche-du-travail-pousse-davantage-encore-vers-la-flexibilite-et-la-numerisation\/#breadcrumb\"},\"inLanguage\":\"fr-FR\",\"potentialAction\":[{\"@type\":\"ReadAction\",\"target\":[\"https:\/\/peoplesphere.be\/fr\/face-aux-penuries-le-marche-du-travail-pousse-davantage-encore-vers-la-flexibilite-et-la-numerisation\/\"]}]},{\"@type\":\"BreadcrumbList\",\"@id\":\"https:\/\/peoplesphere.be\/fr\/face-aux-penuries-le-marche-du-travail-pousse-davantage-encore-vers-la-flexibilite-et-la-numerisation\/#breadcrumb\",\"itemListElement\":[{\"@type\":\"ListItem\",\"position\":1,\"name\":\"Accueil\",\"item\":\"https:\/\/peoplesphere.be\/fr\/\"},{\"@type\":\"ListItem\",\"position\":2,\"name\":\"Face aux p\u00e9nuries, le march\u00e9 du travail pousse davantage encore vers la flexibilit\u00e9 et la num\u00e9risation.\"}]},{\"@type\":\"WebSite\",\"@id\":\"https:\/\/peoplesphere.be\/fr\/#website\",\"url\":\"https:\/\/peoplesphere.be\/fr\/\",\"name\":\"Peoplesphere\",\"description\":\"The People Managers Magazine\",\"publisher\":{\"@id\":\"https:\/\/peoplesphere.be\/fr\/#organization\"},\"potentialAction\":[{\"@type\":\"SearchAction\",\"target\":{\"@type\":\"EntryPoint\",\"urlTemplate\":\"https:\/\/peoplesphere.be\/fr\/?s={search_term_string}\"},\"query-input\":\"required name=search_term_string\"}],\"inLanguage\":\"fr-FR\"},{\"@type\":\"Organization\",\"@id\":\"https:\/\/peoplesphere.be\/fr\/#organization\",\"name\":\"Peoplesphere Company srl\",\"url\":\"https:\/\/peoplesphere.be\/fr\/\",\"logo\":{\"@type\":\"ImageObject\",\"inLanguage\":\"fr-FR\",\"@id\":\"https:\/\/peoplesphere.be\/fr\/#\/schema\/logo\/image\/\",\"url\":\"https:\/\/peoplesphere.be\/fr\/wp-content\/uploads\/2023\/07\/peoplesphere-lgo-new-generik.jpg\",\"contentUrl\":\"https:\/\/peoplesphere.be\/fr\/wp-content\/uploads\/2023\/07\/peoplesphere-lgo-new-generik.jpg\",\"width\":1031,\"height\":1479,\"caption\":\"Peoplesphere Company srl\"},\"image\":{\"@id\":\"https:\/\/peoplesphere.be\/fr\/#\/schema\/logo\/image\/\"},\"sameAs\":[\"https:\/\/www.facebook.com\/peoplesphere\",\"https:\/\/twitter.com\/PeoplesphereMag\",\"https:\/\/www.linkedin.com\/company\/7587361?trk\",\"http:\/\/youtube.com\/peoplesphere\"]},{\"@type\":\"Person\",\"@id\":\"https:\/\/peoplesphere.be\/fr\/#\/schema\/person\/7976225ff17988604334abb7b3536a7e\",\"name\":\"Jean-Paul Erhard\",\"image\":{\"@type\":\"ImageObject\",\"inLanguage\":\"fr-FR\",\"@id\":\"https:\/\/peoplesphere.be\/fr\/#\/schema\/person\/image\/\",\"url\":\"https:\/\/secure.gravatar.com\/avatar\/f941e681460179738071629a51574930?s=96&d=mm&r=g\",\"contentUrl\":\"https:\/\/secure.gravatar.com\/avatar\/f941e681460179738071629a51574930?s=96&d=mm&r=g\",\"caption\":\"Jean-Paul Erhard\"},\"url\":\"https:\/\/peoplesphere.be\/fr\/author\/jpe\/\"}]}<\/script>\n<!-- \/ Yoast SEO plugin. -->","yoast_head_json":{"title":"Face aux p\u00e9nuries, le march\u00e9 du travail pousse davantage encore vers la flexibilit\u00e9 et la num\u00e9risation. - Peoplesphere","robots":{"index":"index","follow":"follow","max-snippet":"max-snippet:-1","max-image-preview":"max-image-preview:large","max-video-preview":"max-video-preview:-1"},"canonical":"https:\/\/peoplesphere.be\/fr\/face-aux-penuries-le-marche-du-travail-pousse-davantage-encore-vers-la-flexibilite-et-la-numerisation\/","og_locale":"fr_FR","og_type":"article","og_title":"Face aux p\u00e9nuries, le march\u00e9 du travail pousse davantage encore vers la flexibilit\u00e9 et la num\u00e9risation. - Peoplesphere","og_description":"En 2024, le march\u00e9 du travail sera confront\u00e9 \u00e0 des p\u00e9nuries encore plus importantes que ces derni\u00e8res ann\u00e9es. Les raisons en sont le vieillissement continu de la population, la reprise \u00e9conomique attendue et la transition \u00e9nerg\u00e9tique. Durant cette ann\u00e9e \u00e9lectorale [&hellip;]","og_url":"https:\/\/peoplesphere.be\/fr\/face-aux-penuries-le-marche-du-travail-pousse-davantage-encore-vers-la-flexibilite-et-la-numerisation\/","og_site_name":"Peoplesphere","article_publisher":"https:\/\/www.facebook.com\/peoplesphere","article_published_time":"2024-01-22T10:55:30+00:00","og_image":[{"url":"http:\/\/www.peoplesphere.be\/fr\/wp-content\/uploads\/2016\/07\/facebook-default-posting-1200x628px.jpg"}],"author":"Jean-Paul Erhard","twitter_card":"summary_large_image","twitter_creator":"@PeoplesphereMag","twitter_site":"@PeoplesphereMag","twitter_misc":{"\u00c9crit par":"Jean-Paul Erhard","Dur\u00e9e de lecture estim\u00e9e":"8 minutes"},"schema":{"@context":"https:\/\/schema.org","@graph":[{"@type":"Article","@id":"https:\/\/peoplesphere.be\/fr\/face-aux-penuries-le-marche-du-travail-pousse-davantage-encore-vers-la-flexibilite-et-la-numerisation\/#article","isPartOf":{"@id":"https:\/\/peoplesphere.be\/fr\/face-aux-penuries-le-marche-du-travail-pousse-davantage-encore-vers-la-flexibilite-et-la-numerisation\/"},"author":{"name":"Jean-Paul Erhard","@id":"https:\/\/peoplesphere.be\/fr\/#\/schema\/person\/7976225ff17988604334abb7b3536a7e"},"headline":"Face aux p\u00e9nuries, le march\u00e9 du travail pousse davantage encore vers la flexibilit\u00e9 et la num\u00e9risation.","datePublished":"2024-01-22T10:55:30+00:00","dateModified":"2024-01-22T10:55:30+00:00","mainEntityOfPage":{"@id":"https:\/\/peoplesphere.be\/fr\/face-aux-penuries-le-marche-du-travail-pousse-davantage-encore-vers-la-flexibilite-et-la-numerisation\/"},"wordCount":1617,"publisher":{"@id":"https:\/\/peoplesphere.be\/fr\/#organization"},"keywords":["ChatGPT","comp\u00e9tences","digital","durabilit\u00e9","flexibilit\u00e9","freelancers","IA","migration"],"articleSection":["Actualit\u00e9s","Digital"],"inLanguage":"fr-FR"},{"@type":"WebPage","@id":"https:\/\/peoplesphere.be\/fr\/face-aux-penuries-le-marche-du-travail-pousse-davantage-encore-vers-la-flexibilite-et-la-numerisation\/","url":"https:\/\/peoplesphere.be\/fr\/face-aux-penuries-le-marche-du-travail-pousse-davantage-encore-vers-la-flexibilite-et-la-numerisation\/","name":"Face aux p\u00e9nuries, le march\u00e9 du travail pousse davantage encore vers la flexibilit\u00e9 et la num\u00e9risation. - Peoplesphere","isPartOf":{"@id":"https:\/\/peoplesphere.be\/fr\/#website"},"datePublished":"2024-01-22T10:55:30+00:00","dateModified":"2024-01-22T10:55:30+00:00","breadcrumb":{"@id":"https:\/\/peoplesphere.be\/fr\/face-aux-penuries-le-marche-du-travail-pousse-davantage-encore-vers-la-flexibilite-et-la-numerisation\/#breadcrumb"},"inLanguage":"fr-FR","potentialAction":[{"@type":"ReadAction","target":["https:\/\/peoplesphere.be\/fr\/face-aux-penuries-le-marche-du-travail-pousse-davantage-encore-vers-la-flexibilite-et-la-numerisation\/"]}]},{"@type":"BreadcrumbList","@id":"https:\/\/peoplesphere.be\/fr\/face-aux-penuries-le-marche-du-travail-pousse-davantage-encore-vers-la-flexibilite-et-la-numerisation\/#breadcrumb","itemListElement":[{"@type":"ListItem","position":1,"name":"Accueil","item":"https:\/\/peoplesphere.be\/fr\/"},{"@type":"ListItem","position":2,"name":"Face aux p\u00e9nuries, le march\u00e9 du travail pousse davantage encore vers la flexibilit\u00e9 et la num\u00e9risation."}]},{"@type":"WebSite","@id":"https:\/\/peoplesphere.be\/fr\/#website","url":"https:\/\/peoplesphere.be\/fr\/","name":"Peoplesphere","description":"The People Managers Magazine","publisher":{"@id":"https:\/\/peoplesphere.be\/fr\/#organization"},"potentialAction":[{"@type":"SearchAction","target":{"@type":"EntryPoint","urlTemplate":"https:\/\/peoplesphere.be\/fr\/?s={search_term_string}"},"query-input":"required name=search_term_string"}],"inLanguage":"fr-FR"},{"@type":"Organization","@id":"https:\/\/peoplesphere.be\/fr\/#organization","name":"Peoplesphere Company srl","url":"https:\/\/peoplesphere.be\/fr\/","logo":{"@type":"ImageObject","inLanguage":"fr-FR","@id":"https:\/\/peoplesphere.be\/fr\/#\/schema\/logo\/image\/","url":"https:\/\/peoplesphere.be\/fr\/wp-content\/uploads\/2023\/07\/peoplesphere-lgo-new-generik.jpg","contentUrl":"https:\/\/peoplesphere.be\/fr\/wp-content\/uploads\/2023\/07\/peoplesphere-lgo-new-generik.jpg","width":1031,"height":1479,"caption":"Peoplesphere Company srl"},"image":{"@id":"https:\/\/peoplesphere.be\/fr\/#\/schema\/logo\/image\/"},"sameAs":["https:\/\/www.facebook.com\/peoplesphere","https:\/\/twitter.com\/PeoplesphereMag","https:\/\/www.linkedin.com\/company\/7587361?trk","http:\/\/youtube.com\/peoplesphere"]},{"@type":"Person","@id":"https:\/\/peoplesphere.be\/fr\/#\/schema\/person\/7976225ff17988604334abb7b3536a7e","name":"Jean-Paul Erhard","image":{"@type":"ImageObject","inLanguage":"fr-FR","@id":"https:\/\/peoplesphere.be\/fr\/#\/schema\/person\/image\/","url":"https:\/\/secure.gravatar.com\/avatar\/f941e681460179738071629a51574930?s=96&d=mm&r=g","contentUrl":"https:\/\/secure.gravatar.com\/avatar\/f941e681460179738071629a51574930?s=96&d=mm&r=g","caption":"Jean-Paul Erhard"},"url":"https:\/\/peoplesphere.be\/fr\/author\/jpe\/"}]}},"_links":{"self":[{"href":"https:\/\/peoplesphere.be\/fr\/wp-json\/wp\/v2\/posts\/15575"}],"collection":[{"href":"https:\/\/peoplesphere.be\/fr\/wp-json\/wp\/v2\/posts"}],"about":[{"href":"https:\/\/peoplesphere.be\/fr\/wp-json\/wp\/v2\/types\/post"}],"author":[{"embeddable":true,"href":"https:\/\/peoplesphere.be\/fr\/wp-json\/wp\/v2\/users\/2"}],"replies":[{"embeddable":true,"href":"https:\/\/peoplesphere.be\/fr\/wp-json\/wp\/v2\/comments?post=15575"}],"version-history":[{"count":1,"href":"https:\/\/peoplesphere.be\/fr\/wp-json\/wp\/v2\/posts\/15575\/revisions"}],"predecessor-version":[{"id":15576,"href":"https:\/\/peoplesphere.be\/fr\/wp-json\/wp\/v2\/posts\/15575\/revisions\/15576"}],"wp:attachment":[{"href":"https:\/\/peoplesphere.be\/fr\/wp-json\/wp\/v2\/media?parent=15575"}],"wp:term":[{"taxonomy":"category","embeddable":true,"href":"https:\/\/peoplesphere.be\/fr\/wp-json\/wp\/v2\/categories?post=15575"},{"taxonomy":"post_tag","embeddable":true,"href":"https:\/\/peoplesphere.be\/fr\/wp-json\/wp\/v2\/tags?post=15575"}],"curies":[{"name":"wp","href":"https:\/\/api.w.org\/{rel}","templated":true}]}}