









{"id":15607,"date":"2024-01-30T08:20:23","date_gmt":"2024-01-30T06:20:23","guid":{"rendered":"https:\/\/peoplesphere.be\/fr\/?p=15607"},"modified":"2024-02-01T04:27:25","modified_gmt":"2024-02-01T02:27:25","slug":"rh-dans-ladministration-le-minimum-de-2-jours-de-teletravail-sur-base-structurelle-pour-tous-les-spf-afin-de-reduire-le-patrimoine-immobilier","status":"publish","type":"post","link":"https:\/\/peoplesphere.be\/fr\/rh-dans-ladministration-le-minimum-de-2-jours-de-teletravail-sur-base-structurelle-pour-tous-les-spf-afin-de-reduire-le-patrimoine-immobilier\/","title":{"rendered":"RH dans le secteur public: un minimum de 2 jours de t\u00e9l\u00e9travail sur base structurelle pour tous les SPF afin de r\u00e9duire le patrimoine immobilier."},"content":{"rendered":"<p>Sur proposition de la ministre de la Fonction publique Petra De Sutter et de la secr\u00e9taire d&rsquo;Etat au Budget Alexia Bertrand, le Conseil des ministres a approuv\u00e9 la proposition de reformulation de l\u2019objectif transversal \u00ab\u00a0RH dans l\u2019administration\u00a0\u00bb pour soutenir la R\u00e9gie des b\u00e2timents dans ses plans de besoins visant \u00e0 r\u00e9duire l&rsquo;espace de bureau.<!--more--><\/p>\n<p>La proposition consiste en une reformulation de l\u2019objectif transversal \u00ab\u00a0RH dans l\u2019administration\u00a0\u00bb, pour l\u2019adapter au d\u00e9fi de la gestion du patrimoine public f\u00e9d\u00e9ral, d\u00e9volu \u00e0 la R\u00e9gie des b\u00e2timents, afin de la soutenir au mieux dans l\u2019atteinte de son principal objectif d\u2019optimalisation de l\u2019h\u00e9bergement des diff\u00e9rents services publics f\u00e9d\u00e9raux en mettant \u00e0 leur disposition un environnement de travail moderne, fonctionnel et adapt\u00e9 \u00e0 leurs besoins. Et ce, en rationalisant l\u2019occupation des b\u00e2timents, tant d\u2019un point de vue \u00e9conomique qu\u2019en mati\u00e8re de d\u00e9veloppement durable.<\/p>\n<p>D\u00e8s lors, chaque SPF\/SPP s&rsquo;engage \u00e0 maintenir ou mettre en place une culture et des conditions de travail permettant une ad\u00e9quation maximale entre vie professionnelle et vie priv\u00e9e. Dans ce cadre, chaque SPF\/SPP visera une moyenne de minimum 2 jours par semaine de t\u00e9l\u00e9travail sur base annuelle. Les SPF\/SPP soutiennent l&rsquo;objectif de r\u00e9duction de l&rsquo;espace de bureau occup\u00e9 en fonction de l&rsquo;augmentation structurelle attendue du t\u00e9l\u00e9travail et contribuent ainsi \u00e0 l\u2019objectif de rationalisation du portefeuille immobilier g\u00e9r\u00e9 par la R\u00e9gie des b\u00e2timents, pour respecter la norme d\u2019occupation d\u00e9cid\u00e9e par le Conseil des ministres en 2022.<\/p>\n<p>&nbsp;<\/p>\n<p><em>Source: Cabinets d&rsquo;Alexia Bertrand, secr\u00e9taire d\u2019\u00c9tat au Budget et \u00e0 la Protection des consommateurs et de Petra De Sutter, Vice-Premi\u00e8re ministre et ministre de la Fonction publique, des Entreprises publiques, des T\u00e9l\u00e9communications et de la Poste<\/em><\/p>\n","protected":false},"excerpt":{"rendered":"<p>Sur proposition de la ministre de la Fonction publique Petra De Sutter et de la secr\u00e9taire d&rsquo;Etat au Budget Alexia Bertrand, le Conseil des ministres a approuv\u00e9 la proposition de reformulation de l\u2019objectif transversal \u00ab\u00a0RH dans l\u2019administration\u00a0\u00bb pour soutenir la [&hellip;]<\/p>\n","protected":false},"author":2,"featured_media":0,"comment_status":"closed","ping_status":"open","sticky":false,"template":"","format":"standard","meta":[],"categories":[65,10],"tags":[165,2447,3969,219],"yoast_head":"<!-- This site is optimized with the Yoast SEO plugin v21.0 - https:\/\/yoast.com\/wordpress\/plugins\/seo\/ -->\n<title>RH dans le secteur public: un minimum de 2 jours de t\u00e9l\u00e9travail sur base structurelle pour tous les SPF afin de r\u00e9duire le patrimoine immobilier. - Peoplesphere<\/title>\n<meta name=\"robots\" content=\"index, follow, max-snippet:-1, max-image-preview:large, max-video-preview:-1\" \/>\n<link rel=\"canonical\" href=\"https:\/\/peoplesphere.be\/fr\/rh-dans-ladministration-le-minimum-de-2-jours-de-teletravail-sur-base-structurelle-pour-tous-les-spf-afin-de-reduire-le-patrimoine-immobilier\/\" \/>\n<meta property=\"og:locale\" content=\"fr_FR\" \/>\n<meta property=\"og:type\" content=\"article\" \/>\n<meta property=\"og:title\" content=\"RH dans le secteur public: un minimum de 2 jours de t\u00e9l\u00e9travail sur base structurelle pour tous les SPF afin de r\u00e9duire le patrimoine immobilier. - Peoplesphere\" \/>\n<meta property=\"og:description\" content=\"Sur proposition de la ministre de la Fonction publique Petra De Sutter et de la secr\u00e9taire d&rsquo;Etat au Budget Alexia Bertrand, le Conseil des ministres a approuv\u00e9 la proposition de reformulation de l\u2019objectif transversal \u00ab\u00a0RH dans l\u2019administration\u00a0\u00bb pour soutenir la [&hellip;]\" \/>\n<meta property=\"og:url\" content=\"https:\/\/peoplesphere.be\/fr\/rh-dans-ladministration-le-minimum-de-2-jours-de-teletravail-sur-base-structurelle-pour-tous-les-spf-afin-de-reduire-le-patrimoine-immobilier\/\" \/>\n<meta property=\"og:site_name\" content=\"Peoplesphere\" \/>\n<meta property=\"article:publisher\" content=\"https:\/\/www.facebook.com\/peoplesphere\" \/>\n<meta property=\"article:published_time\" content=\"2024-01-30T06:20:23+00:00\" \/>\n<meta property=\"article:modified_time\" content=\"2024-02-01T02:27:25+00:00\" \/>\n<meta property=\"og:image\" content=\"http:\/\/www.peoplesphere.be\/fr\/wp-content\/uploads\/2016\/07\/facebook-default-posting-1200x628px.jpg\" \/>\n<meta name=\"author\" content=\"Jean-Paul Erhard\" \/>\n<meta name=\"twitter:card\" content=\"summary_large_image\" \/>\n<meta name=\"twitter:creator\" content=\"@PeoplesphereMag\" \/>\n<meta name=\"twitter:site\" content=\"@PeoplesphereMag\" \/>\n<meta name=\"twitter:label1\" content=\"\u00c9crit par\" \/>\n\t<meta name=\"twitter:data1\" content=\"Jean-Paul Erhard\" \/>\n\t<meta name=\"twitter:label2\" content=\"Dur\u00e9e de lecture estim\u00e9e\" \/>\n\t<meta name=\"twitter:data2\" content=\"2 minutes\" \/>\n<script type=\"application\/ld+json\" class=\"yoast-schema-graph\">{\"@context\":\"https:\/\/schema.org\",\"@graph\":[{\"@type\":\"Article\",\"@id\":\"https:\/\/peoplesphere.be\/fr\/rh-dans-ladministration-le-minimum-de-2-jours-de-teletravail-sur-base-structurelle-pour-tous-les-spf-afin-de-reduire-le-patrimoine-immobilier\/#article\",\"isPartOf\":{\"@id\":\"https:\/\/peoplesphere.be\/fr\/rh-dans-ladministration-le-minimum-de-2-jours-de-teletravail-sur-base-structurelle-pour-tous-les-spf-afin-de-reduire-le-patrimoine-immobilier\/\"},\"author\":{\"name\":\"Jean-Paul Erhard\",\"@id\":\"https:\/\/peoplesphere.be\/fr\/#\/schema\/person\/7976225ff17988604334abb7b3536a7e\"},\"headline\":\"RH dans le secteur public: un minimum de 2 jours de t\u00e9l\u00e9travail sur base structurelle pour tous les SPF afin de r\u00e9duire le patrimoine immobilier.\",\"datePublished\":\"2024-01-30T06:20:23+00:00\",\"dateModified\":\"2024-02-01T02:27:25+00:00\",\"mainEntityOfPage\":{\"@id\":\"https:\/\/peoplesphere.be\/fr\/rh-dans-ladministration-le-minimum-de-2-jours-de-teletravail-sur-base-structurelle-pour-tous-les-spf-afin-de-reduire-le-patrimoine-immobilier\/\"},\"wordCount\":338,\"publisher\":{\"@id\":\"https:\/\/peoplesphere.be\/fr\/#organization\"},\"keywords\":[\"environnement de travail\",\"immobilier\",\"R\u00e9gie des B\u00e2timents\",\"t\u00e9l\u00e9travail\"],\"articleSection\":[\"Actualit\u00e9s\",\"Digital\"],\"inLanguage\":\"fr-FR\"},{\"@type\":\"WebPage\",\"@id\":\"https:\/\/peoplesphere.be\/fr\/rh-dans-ladministration-le-minimum-de-2-jours-de-teletravail-sur-base-structurelle-pour-tous-les-spf-afin-de-reduire-le-patrimoine-immobilier\/\",\"url\":\"https:\/\/peoplesphere.be\/fr\/rh-dans-ladministration-le-minimum-de-2-jours-de-teletravail-sur-base-structurelle-pour-tous-les-spf-afin-de-reduire-le-patrimoine-immobilier\/\",\"name\":\"RH dans le secteur public: un minimum de 2 jours de t\u00e9l\u00e9travail sur base structurelle pour tous les SPF afin de r\u00e9duire le patrimoine immobilier. - Peoplesphere\",\"isPartOf\":{\"@id\":\"https:\/\/peoplesphere.be\/fr\/#website\"},\"datePublished\":\"2024-01-30T06:20:23+00:00\",\"dateModified\":\"2024-02-01T02:27:25+00:00\",\"breadcrumb\":{\"@id\":\"https:\/\/peoplesphere.be\/fr\/rh-dans-ladministration-le-minimum-de-2-jours-de-teletravail-sur-base-structurelle-pour-tous-les-spf-afin-de-reduire-le-patrimoine-immobilier\/#breadcrumb\"},\"inLanguage\":\"fr-FR\",\"potentialAction\":[{\"@type\":\"ReadAction\",\"target\":[\"https:\/\/peoplesphere.be\/fr\/rh-dans-ladministration-le-minimum-de-2-jours-de-teletravail-sur-base-structurelle-pour-tous-les-spf-afin-de-reduire-le-patrimoine-immobilier\/\"]}]},{\"@type\":\"BreadcrumbList\",\"@id\":\"https:\/\/peoplesphere.be\/fr\/rh-dans-ladministration-le-minimum-de-2-jours-de-teletravail-sur-base-structurelle-pour-tous-les-spf-afin-de-reduire-le-patrimoine-immobilier\/#breadcrumb\",\"itemListElement\":[{\"@type\":\"ListItem\",\"position\":1,\"name\":\"Accueil\",\"item\":\"https:\/\/peoplesphere.be\/fr\/\"},{\"@type\":\"ListItem\",\"position\":2,\"name\":\"RH dans le secteur public: un minimum de 2 jours de t\u00e9l\u00e9travail sur base structurelle pour tous les SPF afin de r\u00e9duire le patrimoine immobilier.\"}]},{\"@type\":\"WebSite\",\"@id\":\"https:\/\/peoplesphere.be\/fr\/#website\",\"url\":\"https:\/\/peoplesphere.be\/fr\/\",\"name\":\"Peoplesphere\",\"description\":\"The People Managers Magazine\",\"publisher\":{\"@id\":\"https:\/\/peoplesphere.be\/fr\/#organization\"},\"potentialAction\":[{\"@type\":\"SearchAction\",\"target\":{\"@type\":\"EntryPoint\",\"urlTemplate\":\"https:\/\/peoplesphere.be\/fr\/?s={search_term_string}\"},\"query-input\":\"required name=search_term_string\"}],\"inLanguage\":\"fr-FR\"},{\"@type\":\"Organization\",\"@id\":\"https:\/\/peoplesphere.be\/fr\/#organization\",\"name\":\"Peoplesphere Company srl\",\"url\":\"https:\/\/peoplesphere.be\/fr\/\",\"logo\":{\"@type\":\"ImageObject\",\"inLanguage\":\"fr-FR\",\"@id\":\"https:\/\/peoplesphere.be\/fr\/#\/schema\/logo\/image\/\",\"url\":\"https:\/\/peoplesphere.be\/fr\/wp-content\/uploads\/2023\/07\/peoplesphere-lgo-new-generik.jpg\",\"contentUrl\":\"https:\/\/peoplesphere.be\/fr\/wp-content\/uploads\/2023\/07\/peoplesphere-lgo-new-generik.jpg\",\"width\":1031,\"height\":1479,\"caption\":\"Peoplesphere Company srl\"},\"image\":{\"@id\":\"https:\/\/peoplesphere.be\/fr\/#\/schema\/logo\/image\/\"},\"sameAs\":[\"https:\/\/www.facebook.com\/peoplesphere\",\"https:\/\/twitter.com\/PeoplesphereMag\",\"https:\/\/www.linkedin.com\/company\/7587361?trk\",\"http:\/\/youtube.com\/peoplesphere\"]},{\"@type\":\"Person\",\"@id\":\"https:\/\/peoplesphere.be\/fr\/#\/schema\/person\/7976225ff17988604334abb7b3536a7e\",\"name\":\"Jean-Paul Erhard\",\"image\":{\"@type\":\"ImageObject\",\"inLanguage\":\"fr-FR\",\"@id\":\"https:\/\/peoplesphere.be\/fr\/#\/schema\/person\/image\/\",\"url\":\"https:\/\/secure.gravatar.com\/avatar\/f941e681460179738071629a51574930?s=96&d=mm&r=g\",\"contentUrl\":\"https:\/\/secure.gravatar.com\/avatar\/f941e681460179738071629a51574930?s=96&d=mm&r=g\",\"caption\":\"Jean-Paul Erhard\"},\"url\":\"https:\/\/peoplesphere.be\/fr\/author\/jpe\/\"}]}<\/script>\n<!-- \/ Yoast SEO plugin. -->","yoast_head_json":{"title":"RH dans le secteur public: un minimum de 2 jours de t\u00e9l\u00e9travail sur base structurelle pour tous les SPF afin de r\u00e9duire le patrimoine immobilier. - Peoplesphere","robots":{"index":"index","follow":"follow","max-snippet":"max-snippet:-1","max-image-preview":"max-image-preview:large","max-video-preview":"max-video-preview:-1"},"canonical":"https:\/\/peoplesphere.be\/fr\/rh-dans-ladministration-le-minimum-de-2-jours-de-teletravail-sur-base-structurelle-pour-tous-les-spf-afin-de-reduire-le-patrimoine-immobilier\/","og_locale":"fr_FR","og_type":"article","og_title":"RH dans le secteur public: un minimum de 2 jours de t\u00e9l\u00e9travail sur base structurelle pour tous les SPF afin de r\u00e9duire le patrimoine immobilier. - Peoplesphere","og_description":"Sur proposition de la ministre de la Fonction publique Petra De Sutter et de la secr\u00e9taire d&rsquo;Etat au Budget Alexia Bertrand, le Conseil des ministres a approuv\u00e9 la proposition de reformulation de l\u2019objectif transversal \u00ab\u00a0RH dans l\u2019administration\u00a0\u00bb pour soutenir la [&hellip;]","og_url":"https:\/\/peoplesphere.be\/fr\/rh-dans-ladministration-le-minimum-de-2-jours-de-teletravail-sur-base-structurelle-pour-tous-les-spf-afin-de-reduire-le-patrimoine-immobilier\/","og_site_name":"Peoplesphere","article_publisher":"https:\/\/www.facebook.com\/peoplesphere","article_published_time":"2024-01-30T06:20:23+00:00","article_modified_time":"2024-02-01T02:27:25+00:00","og_image":[{"url":"http:\/\/www.peoplesphere.be\/fr\/wp-content\/uploads\/2016\/07\/facebook-default-posting-1200x628px.jpg"}],"author":"Jean-Paul Erhard","twitter_card":"summary_large_image","twitter_creator":"@PeoplesphereMag","twitter_site":"@PeoplesphereMag","twitter_misc":{"\u00c9crit par":"Jean-Paul Erhard","Dur\u00e9e de lecture estim\u00e9e":"2 minutes"},"schema":{"@context":"https:\/\/schema.org","@graph":[{"@type":"Article","@id":"https:\/\/peoplesphere.be\/fr\/rh-dans-ladministration-le-minimum-de-2-jours-de-teletravail-sur-base-structurelle-pour-tous-les-spf-afin-de-reduire-le-patrimoine-immobilier\/#article","isPartOf":{"@id":"https:\/\/peoplesphere.be\/fr\/rh-dans-ladministration-le-minimum-de-2-jours-de-teletravail-sur-base-structurelle-pour-tous-les-spf-afin-de-reduire-le-patrimoine-immobilier\/"},"author":{"name":"Jean-Paul Erhard","@id":"https:\/\/peoplesphere.be\/fr\/#\/schema\/person\/7976225ff17988604334abb7b3536a7e"},"headline":"RH dans le secteur public: un minimum de 2 jours de t\u00e9l\u00e9travail sur base structurelle pour tous les SPF afin de r\u00e9duire le patrimoine immobilier.","datePublished":"2024-01-30T06:20:23+00:00","dateModified":"2024-02-01T02:27:25+00:00","mainEntityOfPage":{"@id":"https:\/\/peoplesphere.be\/fr\/rh-dans-ladministration-le-minimum-de-2-jours-de-teletravail-sur-base-structurelle-pour-tous-les-spf-afin-de-reduire-le-patrimoine-immobilier\/"},"wordCount":338,"publisher":{"@id":"https:\/\/peoplesphere.be\/fr\/#organization"},"keywords":["environnement de travail","immobilier","R\u00e9gie des B\u00e2timents","t\u00e9l\u00e9travail"],"articleSection":["Actualit\u00e9s","Digital"],"inLanguage":"fr-FR"},{"@type":"WebPage","@id":"https:\/\/peoplesphere.be\/fr\/rh-dans-ladministration-le-minimum-de-2-jours-de-teletravail-sur-base-structurelle-pour-tous-les-spf-afin-de-reduire-le-patrimoine-immobilier\/","url":"https:\/\/peoplesphere.be\/fr\/rh-dans-ladministration-le-minimum-de-2-jours-de-teletravail-sur-base-structurelle-pour-tous-les-spf-afin-de-reduire-le-patrimoine-immobilier\/","name":"RH dans le secteur public: un minimum de 2 jours de t\u00e9l\u00e9travail sur base structurelle pour tous les SPF afin de r\u00e9duire le patrimoine immobilier. - Peoplesphere","isPartOf":{"@id":"https:\/\/peoplesphere.be\/fr\/#website"},"datePublished":"2024-01-30T06:20:23+00:00","dateModified":"2024-02-01T02:27:25+00:00","breadcrumb":{"@id":"https:\/\/peoplesphere.be\/fr\/rh-dans-ladministration-le-minimum-de-2-jours-de-teletravail-sur-base-structurelle-pour-tous-les-spf-afin-de-reduire-le-patrimoine-immobilier\/#breadcrumb"},"inLanguage":"fr-FR","potentialAction":[{"@type":"ReadAction","target":["https:\/\/peoplesphere.be\/fr\/rh-dans-ladministration-le-minimum-de-2-jours-de-teletravail-sur-base-structurelle-pour-tous-les-spf-afin-de-reduire-le-patrimoine-immobilier\/"]}]},{"@type":"BreadcrumbList","@id":"https:\/\/peoplesphere.be\/fr\/rh-dans-ladministration-le-minimum-de-2-jours-de-teletravail-sur-base-structurelle-pour-tous-les-spf-afin-de-reduire-le-patrimoine-immobilier\/#breadcrumb","itemListElement":[{"@type":"ListItem","position":1,"name":"Accueil","item":"https:\/\/peoplesphere.be\/fr\/"},{"@type":"ListItem","position":2,"name":"RH dans le secteur public: un minimum de 2 jours de t\u00e9l\u00e9travail sur base structurelle pour tous les SPF afin de r\u00e9duire le patrimoine immobilier."}]},{"@type":"WebSite","@id":"https:\/\/peoplesphere.be\/fr\/#website","url":"https:\/\/peoplesphere.be\/fr\/","name":"Peoplesphere","description":"The People Managers Magazine","publisher":{"@id":"https:\/\/peoplesphere.be\/fr\/#organization"},"potentialAction":[{"@type":"SearchAction","target":{"@type":"EntryPoint","urlTemplate":"https:\/\/peoplesphere.be\/fr\/?s={search_term_string}"},"query-input":"required name=search_term_string"}],"inLanguage":"fr-FR"},{"@type":"Organization","@id":"https:\/\/peoplesphere.be\/fr\/#organization","name":"Peoplesphere Company srl","url":"https:\/\/peoplesphere.be\/fr\/","logo":{"@type":"ImageObject","inLanguage":"fr-FR","@id":"https:\/\/peoplesphere.be\/fr\/#\/schema\/logo\/image\/","url":"https:\/\/peoplesphere.be\/fr\/wp-content\/uploads\/2023\/07\/peoplesphere-lgo-new-generik.jpg","contentUrl":"https:\/\/peoplesphere.be\/fr\/wp-content\/uploads\/2023\/07\/peoplesphere-lgo-new-generik.jpg","width":1031,"height":1479,"caption":"Peoplesphere Company srl"},"image":{"@id":"https:\/\/peoplesphere.be\/fr\/#\/schema\/logo\/image\/"},"sameAs":["https:\/\/www.facebook.com\/peoplesphere","https:\/\/twitter.com\/PeoplesphereMag","https:\/\/www.linkedin.com\/company\/7587361?trk","http:\/\/youtube.com\/peoplesphere"]},{"@type":"Person","@id":"https:\/\/peoplesphere.be\/fr\/#\/schema\/person\/7976225ff17988604334abb7b3536a7e","name":"Jean-Paul Erhard","image":{"@type":"ImageObject","inLanguage":"fr-FR","@id":"https:\/\/peoplesphere.be\/fr\/#\/schema\/person\/image\/","url":"https:\/\/secure.gravatar.com\/avatar\/f941e681460179738071629a51574930?s=96&d=mm&r=g","contentUrl":"https:\/\/secure.gravatar.com\/avatar\/f941e681460179738071629a51574930?s=96&d=mm&r=g","caption":"Jean-Paul Erhard"},"url":"https:\/\/peoplesphere.be\/fr\/author\/jpe\/"}]}},"_links":{"self":[{"href":"https:\/\/peoplesphere.be\/fr\/wp-json\/wp\/v2\/posts\/15607"}],"collection":[{"href":"https:\/\/peoplesphere.be\/fr\/wp-json\/wp\/v2\/posts"}],"about":[{"href":"https:\/\/peoplesphere.be\/fr\/wp-json\/wp\/v2\/types\/post"}],"author":[{"embeddable":true,"href":"https:\/\/peoplesphere.be\/fr\/wp-json\/wp\/v2\/users\/2"}],"replies":[{"embeddable":true,"href":"https:\/\/peoplesphere.be\/fr\/wp-json\/wp\/v2\/comments?post=15607"}],"version-history":[{"count":2,"href":"https:\/\/peoplesphere.be\/fr\/wp-json\/wp\/v2\/posts\/15607\/revisions"}],"predecessor-version":[{"id":15624,"href":"https:\/\/peoplesphere.be\/fr\/wp-json\/wp\/v2\/posts\/15607\/revisions\/15624"}],"wp:attachment":[{"href":"https:\/\/peoplesphere.be\/fr\/wp-json\/wp\/v2\/media?parent=15607"}],"wp:term":[{"taxonomy":"category","embeddable":true,"href":"https:\/\/peoplesphere.be\/fr\/wp-json\/wp\/v2\/categories?post=15607"},{"taxonomy":"post_tag","embeddable":true,"href":"https:\/\/peoplesphere.be\/fr\/wp-json\/wp\/v2\/tags?post=15607"}],"curies":[{"name":"wp","href":"https:\/\/api.w.org\/{rel}","templated":true}]}}