









{"id":15664,"date":"2024-02-09T11:36:32","date_gmt":"2024-02-09T09:36:32","guid":{"rendered":"https:\/\/peoplesphere.be\/fr\/?p=15664"},"modified":"2024-02-09T11:36:32","modified_gmt":"2024-02-09T09:36:32","slug":"egalite-des-genres-9-axes-prioritaires-proposes-aux-partis-politiques-en-vue-de-la-prochaine-legislature","status":"publish","type":"post","link":"https:\/\/peoplesphere.be\/fr\/egalite-des-genres-9-axes-prioritaires-proposes-aux-partis-politiques-en-vue-de-la-prochaine-legislature\/","title":{"rendered":"Egalit\u00e9 des genres: 9 axes prioritaires propos\u00e9s aux partis politiques en vue de la prochaine l\u00e9gislature."},"content":{"rendered":"<p>L\u2019Institut pour l\u2019\u00e9galit\u00e9 des femmes et des hommes d\u00e9voile aujourd\u2019hui son m\u00e9morandum pour les \u00e9lections f\u00e9d\u00e9rales de juin 2024, mettant en avant neuf th\u00e9matiques cruciales pour la promotion de l&rsquo;\u00e9galit\u00e9 des genres en Belgique. Ces recommandations \u2013 plus d\u2019une soixantaine de mesures concr\u00e8tes \u2013 visent \u00e0 fa\u00e7onner un avenir plus inclusif et \u00e9quitable pour tous et toutes.<!--more--><\/p>\n<p>En tant qu\u2019acteur de terrain et observateur de l\u2019\u00e9volution de l\u2019\u00e9galit\u00e9 de genre en Belgique, l\u2019Institut propose une liste de recommandations concr\u00e8tes afin de nourrir les r\u00e9flexions lors de l\u2019\u00e9laboration des programmes des partis, en vue de mettre en \u0153uvre une politique d\u2019\u00e9galit\u00e9 de genre ambitieuse et effective.<\/p>\n<h3><strong><em>L&rsquo;\u00e9galit\u00e9 de genre reste un d\u00e9fi majeur en Belgique<\/em><\/strong><\/h3>\n<p>Le nombre croissant de signalements de cas de discriminations fond\u00e9es sur le sexe ou le genre, la prise de conscience soci\u00e9tale face \u00e0 l\u2019ampleur des comportements sexuels transgressifs \u00e0 la suite du mouvement #MeToo, l\u2019impact positif d\u2019un partage plus \u00e9galitaire des t\u00e2ches dans la sph\u00e8re priv\u00e9e sur l\u2019emploi des femmes ou encore l\u2019attention accrue pour la dimension du genre dans le domaine de la sant\u00e9 : tous ces constats d\u00e9montrent la n\u00e9cessit\u00e9 de maintenir la promotion de l\u2019\u00e9galit\u00e9 et la lutte contre les discriminations de genre au c\u0153ur des ambitions soci\u00e9tales.<\/p>\n<p>Cet objectif ne se limite pas au seul portefeuille de l\u2019\u00e9galit\u00e9 des genres. Michel Pasteel, directeur de l\u2019Institut pour l\u2019\u00e9galit\u00e9 des femmes et des hommes, souligne: \u00ab\u00a0<em>La dimension de genre parcourt de fa\u00e7on transversale la plupart des domaines politiques, que ce soit la justice, la s\u00e9curit\u00e9 sociale, l\u2019emploi, le cadre l\u00e9gislatif ou la gouvernance\u2026 Les mesures propos\u00e9es par l\u2019Institut doivent constituer un fil rouge, tant dans les projets des partis que dans le futur accord de gouvernement.\u00a0\u00bb<\/em><\/p>\n<p>Parmi les principales mesures pr\u00e9conis\u00e9es par l&rsquo;Institut :<\/p>\n<ul>\n<li>Renforcer l\u2019\u00e9galit\u00e9 des genres sur le march\u00e9 du travail et lutter contre l\u2019\u00e9cart salarial et de pension ;<\/li>\n<li>Renforcer l\u2019\u00e9galit\u00e9 de genre dans les syst\u00e8mes de conciliation entre vie professionnelle et vie priv\u00e9e et prendre des mesures concr\u00e8tes pour encourager les p\u00e8res \u00e0 investir davantage la sph\u00e8re familiale ;<\/li>\n<li>Mettre en place une politique coordonn\u00e9e de lutte contre le sexisme et adapter le cadre l\u00e9gislatif ;<\/li>\n<li>Compl\u00e9ter la Loi Genre afin qu\u2019elle r\u00e9ponde davantage aux enjeux de soci\u00e9t\u00e9 ;<\/li>\n<li>Renforcer la lutte contre les violences de genre en ligne ;<\/li>\n<li>\u00c9laborer un nouveau Plan d&rsquo;Action National ambitieux de lutte contre les violences bas\u00e9es sur le genre ;<\/li>\n<li>Mettre en \u0153uvre la Loi F\u00e9minicide ;<\/li>\n<li>Tenir syst\u00e9matiquement compte des diff\u00e9rences entre les femmes et les hommes lors de l\u2019\u00e9laboration de l\u2019ensemble des politiques du gouvernement (\u00ab gender mainstreaming \u00bb) ;<\/li>\n<li>Garantir des moyens financiers et humains pour les Centres de Prise en charge des Violences Sexuelles \u00e0 long terme ;<\/li>\n<li>\u00c9laborer un plan d\u2019action national \u201cGenre et Sant\u00e9\u201d afin de mieux int\u00e9grer la dimension de genre dans la politique des soins de sant\u00e9 et dans la recherche ;<\/li>\n<li>Renforcer la reconnaissance l\u00e9gale et la protection des droits des personnes transgenres, non-binaires et intersexes.<\/li>\n<\/ul>\n<p>Pour Michel Pasteel, directeur de l\u2019Institut : \u00ab\u00a0<em>Aujourd\u2019hui, la soci\u00e9t\u00e9 est confront\u00e9e \u00e0 des discours qui remettent en question l\u2019objectif d\u2019\u00e9galit\u00e9 des femmes et des hommes et d\u2019\u00e9galit\u00e9 des genres. Face aux risques de reculs des droits, l\u2019Institut veut opposer un contre-discours fort et une approche r\u00e9solument ax\u00e9e sur les droits humains. L&rsquo;Institut appelle les partis politiques \u00e0 soutenir ces recommandations et \u00e0 faire de l&rsquo;\u00e9galit\u00e9 de genre une priorit\u00e9 politique.\u00a0\u00bb<\/em><\/p>\n<p>&nbsp;<\/p>\n<p><em>Source : Institut pour l\u2019\u00e9galit\u00e9 des femmes et des hommes<\/em><\/p>\n","protected":false},"excerpt":{"rendered":"<p>L\u2019Institut pour l\u2019\u00e9galit\u00e9 des femmes et des hommes d\u00e9voile aujourd\u2019hui son m\u00e9morandum pour les \u00e9lections f\u00e9d\u00e9rales de juin 2024, mettant en avant neuf th\u00e9matiques cruciales pour la promotion de l&rsquo;\u00e9galit\u00e9 des genres en Belgique. Ces recommandations \u2013 plus d\u2019une soixantaine [&hellip;]<\/p>\n","protected":false},"author":2,"featured_media":0,"comment_status":"closed","ping_status":"open","sticky":false,"template":"","format":"standard","meta":[],"categories":[65,10],"tags":[170,292,547,585],"yoast_head":"<!-- This site is optimized with the Yoast SEO plugin v21.0 - https:\/\/yoast.com\/wordpress\/plugins\/seo\/ -->\n<title>Egalit\u00e9 des genres: 9 axes prioritaires propos\u00e9s aux partis politiques en vue de la prochaine l\u00e9gislature. - Peoplesphere<\/title>\n<meta name=\"robots\" content=\"index, follow, max-snippet:-1, max-image-preview:large, max-video-preview:-1\" \/>\n<link rel=\"canonical\" href=\"https:\/\/peoplesphere.be\/fr\/egalite-des-genres-9-axes-prioritaires-proposes-aux-partis-politiques-en-vue-de-la-prochaine-legislature\/\" \/>\n<meta property=\"og:locale\" content=\"fr_FR\" \/>\n<meta property=\"og:type\" content=\"article\" \/>\n<meta property=\"og:title\" content=\"Egalit\u00e9 des genres: 9 axes prioritaires propos\u00e9s aux partis politiques en vue de la prochaine l\u00e9gislature. - Peoplesphere\" \/>\n<meta property=\"og:description\" content=\"L\u2019Institut pour l\u2019\u00e9galit\u00e9 des femmes et des hommes d\u00e9voile aujourd\u2019hui son m\u00e9morandum pour les \u00e9lections f\u00e9d\u00e9rales de juin 2024, mettant en avant neuf th\u00e9matiques cruciales pour la promotion de l&rsquo;\u00e9galit\u00e9 des genres en Belgique. Ces recommandations \u2013 plus d\u2019une soixantaine [&hellip;]\" \/>\n<meta property=\"og:url\" content=\"https:\/\/peoplesphere.be\/fr\/egalite-des-genres-9-axes-prioritaires-proposes-aux-partis-politiques-en-vue-de-la-prochaine-legislature\/\" \/>\n<meta property=\"og:site_name\" content=\"Peoplesphere\" \/>\n<meta property=\"article:publisher\" content=\"https:\/\/www.facebook.com\/peoplesphere\" \/>\n<meta property=\"article:published_time\" content=\"2024-02-09T09:36:32+00:00\" \/>\n<meta property=\"og:image\" content=\"http:\/\/www.peoplesphere.be\/fr\/wp-content\/uploads\/2016\/07\/facebook-default-posting-1200x628px.jpg\" \/>\n<meta name=\"author\" content=\"Jean-Paul Erhard\" \/>\n<meta name=\"twitter:card\" content=\"summary_large_image\" \/>\n<meta name=\"twitter:creator\" content=\"@PeoplesphereMag\" \/>\n<meta name=\"twitter:site\" content=\"@PeoplesphereMag\" \/>\n<meta name=\"twitter:label1\" content=\"\u00c9crit par\" \/>\n\t<meta name=\"twitter:data1\" content=\"Jean-Paul Erhard\" \/>\n\t<meta name=\"twitter:label2\" content=\"Dur\u00e9e de lecture estim\u00e9e\" \/>\n\t<meta name=\"twitter:data2\" content=\"3 minutes\" \/>\n<script type=\"application\/ld+json\" class=\"yoast-schema-graph\">{\"@context\":\"https:\/\/schema.org\",\"@graph\":[{\"@type\":\"Article\",\"@id\":\"https:\/\/peoplesphere.be\/fr\/egalite-des-genres-9-axes-prioritaires-proposes-aux-partis-politiques-en-vue-de-la-prochaine-legislature\/#article\",\"isPartOf\":{\"@id\":\"https:\/\/peoplesphere.be\/fr\/egalite-des-genres-9-axes-prioritaires-proposes-aux-partis-politiques-en-vue-de-la-prochaine-legislature\/\"},\"author\":{\"name\":\"Jean-Paul Erhard\",\"@id\":\"https:\/\/peoplesphere.be\/fr\/#\/schema\/person\/7976225ff17988604334abb7b3536a7e\"},\"headline\":\"Egalit\u00e9 des genres: 9 axes prioritaires propos\u00e9s aux partis politiques en vue de la prochaine l\u00e9gislature.\",\"datePublished\":\"2024-02-09T09:36:32+00:00\",\"dateModified\":\"2024-02-09T09:36:32+00:00\",\"mainEntityOfPage\":{\"@id\":\"https:\/\/peoplesphere.be\/fr\/egalite-des-genres-9-axes-prioritaires-proposes-aux-partis-politiques-en-vue-de-la-prochaine-legislature\/\"},\"wordCount\":647,\"publisher\":{\"@id\":\"https:\/\/peoplesphere.be\/fr\/#organization\"},\"keywords\":[\"\u00e9cart salarial\",\"\u00e9galit\u00e9 des genres\",\"\u00e9quit\u00e9\",\"march\u00e9 du travail\"],\"articleSection\":[\"Actualit\u00e9s\",\"Digital\"],\"inLanguage\":\"fr-FR\"},{\"@type\":\"WebPage\",\"@id\":\"https:\/\/peoplesphere.be\/fr\/egalite-des-genres-9-axes-prioritaires-proposes-aux-partis-politiques-en-vue-de-la-prochaine-legislature\/\",\"url\":\"https:\/\/peoplesphere.be\/fr\/egalite-des-genres-9-axes-prioritaires-proposes-aux-partis-politiques-en-vue-de-la-prochaine-legislature\/\",\"name\":\"Egalit\u00e9 des genres: 9 axes prioritaires propos\u00e9s aux partis politiques en vue de la prochaine l\u00e9gislature. - Peoplesphere\",\"isPartOf\":{\"@id\":\"https:\/\/peoplesphere.be\/fr\/#website\"},\"datePublished\":\"2024-02-09T09:36:32+00:00\",\"dateModified\":\"2024-02-09T09:36:32+00:00\",\"breadcrumb\":{\"@id\":\"https:\/\/peoplesphere.be\/fr\/egalite-des-genres-9-axes-prioritaires-proposes-aux-partis-politiques-en-vue-de-la-prochaine-legislature\/#breadcrumb\"},\"inLanguage\":\"fr-FR\",\"potentialAction\":[{\"@type\":\"ReadAction\",\"target\":[\"https:\/\/peoplesphere.be\/fr\/egalite-des-genres-9-axes-prioritaires-proposes-aux-partis-politiques-en-vue-de-la-prochaine-legislature\/\"]}]},{\"@type\":\"BreadcrumbList\",\"@id\":\"https:\/\/peoplesphere.be\/fr\/egalite-des-genres-9-axes-prioritaires-proposes-aux-partis-politiques-en-vue-de-la-prochaine-legislature\/#breadcrumb\",\"itemListElement\":[{\"@type\":\"ListItem\",\"position\":1,\"name\":\"Accueil\",\"item\":\"https:\/\/peoplesphere.be\/fr\/\"},{\"@type\":\"ListItem\",\"position\":2,\"name\":\"Egalit\u00e9 des genres: 9 axes prioritaires propos\u00e9s aux partis politiques en vue de la prochaine l\u00e9gislature.\"}]},{\"@type\":\"WebSite\",\"@id\":\"https:\/\/peoplesphere.be\/fr\/#website\",\"url\":\"https:\/\/peoplesphere.be\/fr\/\",\"name\":\"Peoplesphere\",\"description\":\"The People Managers Magazine\",\"publisher\":{\"@id\":\"https:\/\/peoplesphere.be\/fr\/#organization\"},\"potentialAction\":[{\"@type\":\"SearchAction\",\"target\":{\"@type\":\"EntryPoint\",\"urlTemplate\":\"https:\/\/peoplesphere.be\/fr\/?s={search_term_string}\"},\"query-input\":\"required name=search_term_string\"}],\"inLanguage\":\"fr-FR\"},{\"@type\":\"Organization\",\"@id\":\"https:\/\/peoplesphere.be\/fr\/#organization\",\"name\":\"Peoplesphere Company srl\",\"url\":\"https:\/\/peoplesphere.be\/fr\/\",\"logo\":{\"@type\":\"ImageObject\",\"inLanguage\":\"fr-FR\",\"@id\":\"https:\/\/peoplesphere.be\/fr\/#\/schema\/logo\/image\/\",\"url\":\"https:\/\/peoplesphere.be\/fr\/wp-content\/uploads\/2023\/07\/peoplesphere-lgo-new-generik.jpg\",\"contentUrl\":\"https:\/\/peoplesphere.be\/fr\/wp-content\/uploads\/2023\/07\/peoplesphere-lgo-new-generik.jpg\",\"width\":1031,\"height\":1479,\"caption\":\"Peoplesphere Company srl\"},\"image\":{\"@id\":\"https:\/\/peoplesphere.be\/fr\/#\/schema\/logo\/image\/\"},\"sameAs\":[\"https:\/\/www.facebook.com\/peoplesphere\",\"https:\/\/twitter.com\/PeoplesphereMag\",\"https:\/\/www.linkedin.com\/company\/7587361?trk\",\"http:\/\/youtube.com\/peoplesphere\"]},{\"@type\":\"Person\",\"@id\":\"https:\/\/peoplesphere.be\/fr\/#\/schema\/person\/7976225ff17988604334abb7b3536a7e\",\"name\":\"Jean-Paul Erhard\",\"image\":{\"@type\":\"ImageObject\",\"inLanguage\":\"fr-FR\",\"@id\":\"https:\/\/peoplesphere.be\/fr\/#\/schema\/person\/image\/\",\"url\":\"https:\/\/secure.gravatar.com\/avatar\/f941e681460179738071629a51574930?s=96&d=mm&r=g\",\"contentUrl\":\"https:\/\/secure.gravatar.com\/avatar\/f941e681460179738071629a51574930?s=96&d=mm&r=g\",\"caption\":\"Jean-Paul Erhard\"},\"url\":\"https:\/\/peoplesphere.be\/fr\/author\/jpe\/\"}]}<\/script>\n<!-- \/ Yoast SEO plugin. -->","yoast_head_json":{"title":"Egalit\u00e9 des genres: 9 axes prioritaires propos\u00e9s aux partis politiques en vue de la prochaine l\u00e9gislature. - Peoplesphere","robots":{"index":"index","follow":"follow","max-snippet":"max-snippet:-1","max-image-preview":"max-image-preview:large","max-video-preview":"max-video-preview:-1"},"canonical":"https:\/\/peoplesphere.be\/fr\/egalite-des-genres-9-axes-prioritaires-proposes-aux-partis-politiques-en-vue-de-la-prochaine-legislature\/","og_locale":"fr_FR","og_type":"article","og_title":"Egalit\u00e9 des genres: 9 axes prioritaires propos\u00e9s aux partis politiques en vue de la prochaine l\u00e9gislature. - Peoplesphere","og_description":"L\u2019Institut pour l\u2019\u00e9galit\u00e9 des femmes et des hommes d\u00e9voile aujourd\u2019hui son m\u00e9morandum pour les \u00e9lections f\u00e9d\u00e9rales de juin 2024, mettant en avant neuf th\u00e9matiques cruciales pour la promotion de l&rsquo;\u00e9galit\u00e9 des genres en Belgique. Ces recommandations \u2013 plus d\u2019une soixantaine [&hellip;]","og_url":"https:\/\/peoplesphere.be\/fr\/egalite-des-genres-9-axes-prioritaires-proposes-aux-partis-politiques-en-vue-de-la-prochaine-legislature\/","og_site_name":"Peoplesphere","article_publisher":"https:\/\/www.facebook.com\/peoplesphere","article_published_time":"2024-02-09T09:36:32+00:00","og_image":[{"url":"http:\/\/www.peoplesphere.be\/fr\/wp-content\/uploads\/2016\/07\/facebook-default-posting-1200x628px.jpg"}],"author":"Jean-Paul Erhard","twitter_card":"summary_large_image","twitter_creator":"@PeoplesphereMag","twitter_site":"@PeoplesphereMag","twitter_misc":{"\u00c9crit par":"Jean-Paul Erhard","Dur\u00e9e de lecture estim\u00e9e":"3 minutes"},"schema":{"@context":"https:\/\/schema.org","@graph":[{"@type":"Article","@id":"https:\/\/peoplesphere.be\/fr\/egalite-des-genres-9-axes-prioritaires-proposes-aux-partis-politiques-en-vue-de-la-prochaine-legislature\/#article","isPartOf":{"@id":"https:\/\/peoplesphere.be\/fr\/egalite-des-genres-9-axes-prioritaires-proposes-aux-partis-politiques-en-vue-de-la-prochaine-legislature\/"},"author":{"name":"Jean-Paul Erhard","@id":"https:\/\/peoplesphere.be\/fr\/#\/schema\/person\/7976225ff17988604334abb7b3536a7e"},"headline":"Egalit\u00e9 des genres: 9 axes prioritaires propos\u00e9s aux partis politiques en vue de la prochaine l\u00e9gislature.","datePublished":"2024-02-09T09:36:32+00:00","dateModified":"2024-02-09T09:36:32+00:00","mainEntityOfPage":{"@id":"https:\/\/peoplesphere.be\/fr\/egalite-des-genres-9-axes-prioritaires-proposes-aux-partis-politiques-en-vue-de-la-prochaine-legislature\/"},"wordCount":647,"publisher":{"@id":"https:\/\/peoplesphere.be\/fr\/#organization"},"keywords":["\u00e9cart salarial","\u00e9galit\u00e9 des genres","\u00e9quit\u00e9","march\u00e9 du travail"],"articleSection":["Actualit\u00e9s","Digital"],"inLanguage":"fr-FR"},{"@type":"WebPage","@id":"https:\/\/peoplesphere.be\/fr\/egalite-des-genres-9-axes-prioritaires-proposes-aux-partis-politiques-en-vue-de-la-prochaine-legislature\/","url":"https:\/\/peoplesphere.be\/fr\/egalite-des-genres-9-axes-prioritaires-proposes-aux-partis-politiques-en-vue-de-la-prochaine-legislature\/","name":"Egalit\u00e9 des genres: 9 axes prioritaires propos\u00e9s aux partis politiques en vue de la prochaine l\u00e9gislature. - Peoplesphere","isPartOf":{"@id":"https:\/\/peoplesphere.be\/fr\/#website"},"datePublished":"2024-02-09T09:36:32+00:00","dateModified":"2024-02-09T09:36:32+00:00","breadcrumb":{"@id":"https:\/\/peoplesphere.be\/fr\/egalite-des-genres-9-axes-prioritaires-proposes-aux-partis-politiques-en-vue-de-la-prochaine-legislature\/#breadcrumb"},"inLanguage":"fr-FR","potentialAction":[{"@type":"ReadAction","target":["https:\/\/peoplesphere.be\/fr\/egalite-des-genres-9-axes-prioritaires-proposes-aux-partis-politiques-en-vue-de-la-prochaine-legislature\/"]}]},{"@type":"BreadcrumbList","@id":"https:\/\/peoplesphere.be\/fr\/egalite-des-genres-9-axes-prioritaires-proposes-aux-partis-politiques-en-vue-de-la-prochaine-legislature\/#breadcrumb","itemListElement":[{"@type":"ListItem","position":1,"name":"Accueil","item":"https:\/\/peoplesphere.be\/fr\/"},{"@type":"ListItem","position":2,"name":"Egalit\u00e9 des genres: 9 axes prioritaires propos\u00e9s aux partis politiques en vue de la prochaine l\u00e9gislature."}]},{"@type":"WebSite","@id":"https:\/\/peoplesphere.be\/fr\/#website","url":"https:\/\/peoplesphere.be\/fr\/","name":"Peoplesphere","description":"The People Managers Magazine","publisher":{"@id":"https:\/\/peoplesphere.be\/fr\/#organization"},"potentialAction":[{"@type":"SearchAction","target":{"@type":"EntryPoint","urlTemplate":"https:\/\/peoplesphere.be\/fr\/?s={search_term_string}"},"query-input":"required name=search_term_string"}],"inLanguage":"fr-FR"},{"@type":"Organization","@id":"https:\/\/peoplesphere.be\/fr\/#organization","name":"Peoplesphere Company srl","url":"https:\/\/peoplesphere.be\/fr\/","logo":{"@type":"ImageObject","inLanguage":"fr-FR","@id":"https:\/\/peoplesphere.be\/fr\/#\/schema\/logo\/image\/","url":"https:\/\/peoplesphere.be\/fr\/wp-content\/uploads\/2023\/07\/peoplesphere-lgo-new-generik.jpg","contentUrl":"https:\/\/peoplesphere.be\/fr\/wp-content\/uploads\/2023\/07\/peoplesphere-lgo-new-generik.jpg","width":1031,"height":1479,"caption":"Peoplesphere Company srl"},"image":{"@id":"https:\/\/peoplesphere.be\/fr\/#\/schema\/logo\/image\/"},"sameAs":["https:\/\/www.facebook.com\/peoplesphere","https:\/\/twitter.com\/PeoplesphereMag","https:\/\/www.linkedin.com\/company\/7587361?trk","http:\/\/youtube.com\/peoplesphere"]},{"@type":"Person","@id":"https:\/\/peoplesphere.be\/fr\/#\/schema\/person\/7976225ff17988604334abb7b3536a7e","name":"Jean-Paul Erhard","image":{"@type":"ImageObject","inLanguage":"fr-FR","@id":"https:\/\/peoplesphere.be\/fr\/#\/schema\/person\/image\/","url":"https:\/\/secure.gravatar.com\/avatar\/f941e681460179738071629a51574930?s=96&d=mm&r=g","contentUrl":"https:\/\/secure.gravatar.com\/avatar\/f941e681460179738071629a51574930?s=96&d=mm&r=g","caption":"Jean-Paul Erhard"},"url":"https:\/\/peoplesphere.be\/fr\/author\/jpe\/"}]}},"_links":{"self":[{"href":"https:\/\/peoplesphere.be\/fr\/wp-json\/wp\/v2\/posts\/15664"}],"collection":[{"href":"https:\/\/peoplesphere.be\/fr\/wp-json\/wp\/v2\/posts"}],"about":[{"href":"https:\/\/peoplesphere.be\/fr\/wp-json\/wp\/v2\/types\/post"}],"author":[{"embeddable":true,"href":"https:\/\/peoplesphere.be\/fr\/wp-json\/wp\/v2\/users\/2"}],"replies":[{"embeddable":true,"href":"https:\/\/peoplesphere.be\/fr\/wp-json\/wp\/v2\/comments?post=15664"}],"version-history":[{"count":1,"href":"https:\/\/peoplesphere.be\/fr\/wp-json\/wp\/v2\/posts\/15664\/revisions"}],"predecessor-version":[{"id":15665,"href":"https:\/\/peoplesphere.be\/fr\/wp-json\/wp\/v2\/posts\/15664\/revisions\/15665"}],"wp:attachment":[{"href":"https:\/\/peoplesphere.be\/fr\/wp-json\/wp\/v2\/media?parent=15664"}],"wp:term":[{"taxonomy":"category","embeddable":true,"href":"https:\/\/peoplesphere.be\/fr\/wp-json\/wp\/v2\/categories?post=15664"},{"taxonomy":"post_tag","embeddable":true,"href":"https:\/\/peoplesphere.be\/fr\/wp-json\/wp\/v2\/tags?post=15664"}],"curies":[{"name":"wp","href":"https:\/\/api.w.org\/{rel}","templated":true}]}}