









{"id":15679,"date":"2024-02-13T16:53:41","date_gmt":"2024-02-13T14:53:41","guid":{"rendered":"https:\/\/peoplesphere.be\/fr\/?p=15679"},"modified":"2024-02-13T16:53:41","modified_gmt":"2024-02-13T14:53:41","slug":"la-motivation-au-travail-reste-bonne-meme-si-1-travailleur-sur-3-pense-que-lequilibre-prive-professionnel-pourrait-etre-ameliore","status":"publish","type":"post","link":"https:\/\/peoplesphere.be\/fr\/la-motivation-au-travail-reste-bonne-meme-si-1-travailleur-sur-3-pense-que-lequilibre-prive-professionnel-pourrait-etre-ameliore\/","title":{"rendered":"La motivation au travail reste bonne m\u00eame si 1 travailleur sur 3 pense que l&rsquo;\u00e9quilibre priv\u00e9\/professionnel pourrait \u00eatre am\u00e9lior\u00e9."},"content":{"rendered":"<p>Quelle est la motivation des travailleurs belges ? Plut\u00f4t bonne, selon une vaste enqu\u00eate de Mensura, service externe de pr\u00e9vention et de protection au travail, \u00e0 laquelle ont particip\u00e9 56.000 travailleurs. 43,5% se disent tr\u00e8s motiv\u00e9s. Un peu moins de 4% d\u00e9clarent ne pas l&rsquo;\u00eatre. Dans le contexte actuel de pr\u00e9carit\u00e9 du march\u00e9 du travail, il est particuli\u00e8rement important pour les employeurs de ne pas perdre de vue la majorit\u00e9 des travailleurs, qui se positionne dans le groupe interm\u00e9diaire entre assez et plut\u00f4t motiv\u00e9.<!--more--><\/p>\n<p>Au cours des quatre derni\u00e8res ann\u00e9es, Mensura a interrog\u00e9 quelques 56.000 travailleurs belges sur leur motivation au travail. Cette enqu\u00eate montre que 43,5% d&rsquo;entre eux sont tr\u00e8s motiv\u00e9s, tandis qu&rsquo;un peu moins de 4% d\u00e9clarent ne pas l&rsquo;\u00eatre. Mais sur quoi se base cette motivation ?<\/p>\n<p>L\u2019enqu\u00eate s&rsquo;est pench\u00e9e sur les diff\u00e9rents facteurs qui influencent la motivation. Le travail est-il suffisamment vari\u00e9 ? La charge \u00e9motionnelle est-elle acceptable ? L&#8217;employ\u00e9 croit-il \u00e0 la mission et aux valeurs de l&rsquo;organisation, et que pense-t-il de ses politiques ? Les possibilit\u00e9s d&rsquo;avancement, le soutien et la reconnaissance du sup\u00e9rieur hi\u00e9rarchique et l&rsquo;ambiance de travail ont \u00e9galement \u00e9t\u00e9 abord\u00e9s.<\/p>\n<p>Clara Carlier, consultante en pr\u00e9vention psychosociale chez Mensura : \u00ab\u00a0<em>La motivation intrins\u00e8que trouve souvent son origine dans la concordance entre les valeurs et normes personnelles et la mission et les valeurs de l&rsquo;organisation. Le fait que votre organisation r\u00e9alise ce en quoi vous croyez personnellement g\u00e9n\u00e8re beaucoup d&rsquo;\u00e9nergie positive et de motivation. Il est donc important d&rsquo;int\u00e9grer les employ\u00e9s dans la vision globale, afin qu&rsquo;ils puissent voir clairement comment ils y contribuent. Pour un grand nombre d&#8217;employ\u00e9s, c&rsquo;est clairement le cas.\u00a0\u00bb<\/em><\/p>\n<h3><strong><em>Impact sur le bien-\u00eatre<\/em><\/strong><\/h3>\n<p>L&rsquo;importance de la motivation pour le bien-\u00eatre g\u00e9n\u00e9ral des employ\u00e9s ne peut \u00eatre sous-estim\u00e9e : une motivation \u00e9lev\u00e9e influence positivement le bien-\u00eatre mental et \u00e9motionnel des travailleurs. Cela se traduit \u00e0 son tour par un engagement et une productivit\u00e9 accrus.<br \/>\n<em>\u00ab\u00a0Pour valider cette \u00e9nergie positive et maintenir la motivation \u00e0 long terme, une atmosph\u00e8re de travail positive et le soutien ou la reconnaissance de la part des coll\u00e8gues et des sup\u00e9rieurs sont essentiels\u00a0\u00bb<\/em>, explique Laura Claret, consultante en pr\u00e9vention. <em>\u00ab\u00a0Plus pr\u00e9cis\u00e9ment, il s&rsquo;agit de tous les moments o\u00f9 les employ\u00e9s peuvent faire part de leur point de vue \u00e0 l&#8217;employeur, comme les discussions individuelles ou les r\u00e9unions d&rsquo;\u00e9quipe. Donner la parole aux employ\u00e9s et tenir compte de leur avis est d&rsquo;une grande valeur, en particulier pendant les p\u00e9riodes de changement au sein des organisations.\u00a0\u00bb<\/em><\/p>\n<h3><strong><em>Attention au groupe interm\u00e9diaire<\/em><\/strong><\/h3>\n<p>Outre les extr\u00eames \u00ab\u00a0tr\u00e8s motiv\u00e9\u00a0\u00bb et \u00ab\u00a0pas motiv\u00e9\u00a0\u00bb, un groupe important (52,5%) s&rsquo;av\u00e8re \u00eatre \u00ab\u00a0assez\u00a0\u00bb \u00e0 \u00ab\u00a0quelque peu\u00a0\u00bb motiv\u00e9. En tant qu&#8217;employeur, il est important de faire preuve de vigilance \u00e0 leur \u00e9gard, afin d\u2019\u00e9viter qu&rsquo;ils ne perdent leur motivation.<br \/>\n<em>\u00ab\u00a0Dans un grand groupe d&#8217;employ\u00e9s, il y a une marge de progression pour augmenter la motivation\u00a0\u00bb,<\/em> pr\u00e9cise Clara Carlier. <em>\u00ab\u00a0Pour ce faire, il est important de conserver leurs facteurs de motivation et de se concentrer davantage sur les caract\u00e9ristiques du travail qui peuvent \u00eatre am\u00e9lior\u00e9es. Pour ce faire, il convient d&rsquo;encourager les employ\u00e9s \u00e0 d\u00e9couvrir leurs sources d&rsquo;\u00e9nergie et les domaines dans lesquels des am\u00e9liorations peuvent \u00eatre apport\u00e9es. L&rsquo;\u00e9coute active, la reconnaissance et l&rsquo;action sont des \u00e9l\u00e9ments importants pour ce groupe d&#8217;employ\u00e9s.\u00a0\u00bb<\/em><\/p>\n<h3><strong><em>L&rsquo;\u00e9quilibre entre vie professionnelle et vie priv\u00e9e a un impact sur la motivation<\/em><\/strong><\/h3>\n<p>La flexibilit\u00e9 dans l&rsquo;organisation du travail est tr\u00e8s appr\u00e9ci\u00e9e des salari\u00e9s. Presque 82% d&rsquo;entre eux la consid\u00e8rent comme tr\u00e8s importante ou extr\u00eamement importante. En ce qui concerne l&rsquo;\u00e9quilibre entre la vie professionnelle et la vie priv\u00e9e, les participants indiquent qu\u2019il y a place \u00e0 l\u2019am\u00e9lioration : une personne sur 3 (34,2%) estime que cet \u00e9quilibre pourrait \u00eatre meilleur.<\/p>\n<p>L&rsquo;\u00e9quilibre entre vie professionnelle et vie priv\u00e9e est d\u2019autant plus important qu\u2019il semble avoir un effet significatif sur la motivation professionnelle. Parmi les employ\u00e9s non motiv\u00e9s, 70,8% ne sont pas satisfaits de l&rsquo;\u00e9quilibre entre leur vie professionnelle et leur vie priv\u00e9e. Chez les employ\u00e9s tr\u00e8s motiv\u00e9s, ce n&rsquo;est le cas que d&rsquo;un sur quatre (25,3%).<\/p>\n<p><em>\u00ab\u00a0Si la motivation est \u00e0 un niveau inf\u00e9rieur, il y a un risque qu&rsquo;elle diminue encore. Cela peut entra\u00eener une baisse de la qualit\u00e9 du travail, hausse de l&rsquo;absent\u00e9isme et une rotation du personnel plus importante. Le d\u00e9fi consiste donc \u00e0 conserver ce qui va bien et \u00e0 voir ensemble ce qui peut \u00eatre am\u00e9lior\u00e9. Une analyse des risques psychosociaux est un bon point de d\u00e9part\u00a0\u00bb<\/em>, explique Laura Claret. <em>\u00ab\u00a0La motivation est un facteur de protection de la sant\u00e9 des employ\u00e9s et am\u00e9liore durablement l&#8217;employabilit\u00e9. Les organisations qui parviennent \u00e0 fa\u00e7onner les emplois de mani\u00e8re que les employ\u00e9s les per\u00e7oivent comme significatifs en tireront certainement profit.\u00a0\u00bb<\/em><\/p>\n<p>&nbsp;<\/p>\n<p><em>Source &amp; M\u00e9thodologie: entre 2019 et 2023, Mensura a interrog\u00e9 56.000 travailleurs par le biais de SONAR, un outil d\u2019analyse quantitative et qualitative des risques psychosociaux en ligne. 52,8% d&rsquo;hommes et 47,2% de femmes ont particip\u00e9 \u00e0 l&rsquo;enqu\u00eate, issus d&rsquo;un large \u00e9ventail d&#8217;emplois.<\/em><\/p>\n","protected":false},"excerpt":{"rendered":"<p>Quelle est la motivation des travailleurs belges ? Plut\u00f4t bonne, selon une vaste enqu\u00eate de Mensura, service externe de pr\u00e9vention et de protection au travail, \u00e0 laquelle ont particip\u00e9 56.000 travailleurs. 43,5% se disent tr\u00e8s motiv\u00e9s. Un peu moins de [&hellip;]<\/p>\n","protected":false},"author":2,"featured_media":0,"comment_status":"closed","ping_status":"open","sticky":false,"template":"","format":"standard","meta":[],"categories":[65,10],"tags":[96,601,90],"yoast_head":"<!-- This site is optimized with the Yoast SEO plugin v21.0 - https:\/\/yoast.com\/wordpress\/plugins\/seo\/ -->\n<title>La motivation au travail reste bonne m\u00eame si 1 travailleur sur 3 pense que l&#039;\u00e9quilibre priv\u00e9\/professionnel pourrait \u00eatre am\u00e9lior\u00e9. - Peoplesphere<\/title>\n<meta name=\"robots\" content=\"index, follow, max-snippet:-1, max-image-preview:large, max-video-preview:-1\" \/>\n<link rel=\"canonical\" href=\"https:\/\/peoplesphere.be\/fr\/la-motivation-au-travail-reste-bonne-meme-si-1-travailleur-sur-3-pense-que-lequilibre-prive-professionnel-pourrait-etre-ameliore\/\" \/>\n<meta property=\"og:locale\" content=\"fr_FR\" \/>\n<meta property=\"og:type\" content=\"article\" \/>\n<meta property=\"og:title\" content=\"La motivation au travail reste bonne m\u00eame si 1 travailleur sur 3 pense que l&#039;\u00e9quilibre priv\u00e9\/professionnel pourrait \u00eatre am\u00e9lior\u00e9. - Peoplesphere\" \/>\n<meta property=\"og:description\" content=\"Quelle est la motivation des travailleurs belges ? Plut\u00f4t bonne, selon une vaste enqu\u00eate de Mensura, service externe de pr\u00e9vention et de protection au travail, \u00e0 laquelle ont particip\u00e9 56.000 travailleurs. 43,5% se disent tr\u00e8s motiv\u00e9s. Un peu moins de [&hellip;]\" \/>\n<meta property=\"og:url\" content=\"https:\/\/peoplesphere.be\/fr\/la-motivation-au-travail-reste-bonne-meme-si-1-travailleur-sur-3-pense-que-lequilibre-prive-professionnel-pourrait-etre-ameliore\/\" \/>\n<meta property=\"og:site_name\" content=\"Peoplesphere\" \/>\n<meta property=\"article:publisher\" content=\"https:\/\/www.facebook.com\/peoplesphere\" \/>\n<meta property=\"article:published_time\" content=\"2024-02-13T14:53:41+00:00\" \/>\n<meta property=\"og:image\" content=\"http:\/\/www.peoplesphere.be\/fr\/wp-content\/uploads\/2016\/07\/facebook-default-posting-1200x628px.jpg\" \/>\n<meta name=\"author\" content=\"Jean-Paul Erhard\" \/>\n<meta name=\"twitter:card\" content=\"summary_large_image\" \/>\n<meta name=\"twitter:creator\" content=\"@PeoplesphereMag\" \/>\n<meta name=\"twitter:site\" content=\"@PeoplesphereMag\" \/>\n<meta name=\"twitter:label1\" content=\"\u00c9crit par\" \/>\n\t<meta name=\"twitter:data1\" content=\"Jean-Paul Erhard\" \/>\n\t<meta name=\"twitter:label2\" content=\"Dur\u00e9e de lecture estim\u00e9e\" \/>\n\t<meta name=\"twitter:data2\" content=\"5 minutes\" \/>\n<script type=\"application\/ld+json\" class=\"yoast-schema-graph\">{\"@context\":\"https:\/\/schema.org\",\"@graph\":[{\"@type\":\"Article\",\"@id\":\"https:\/\/peoplesphere.be\/fr\/la-motivation-au-travail-reste-bonne-meme-si-1-travailleur-sur-3-pense-que-lequilibre-prive-professionnel-pourrait-etre-ameliore\/#article\",\"isPartOf\":{\"@id\":\"https:\/\/peoplesphere.be\/fr\/la-motivation-au-travail-reste-bonne-meme-si-1-travailleur-sur-3-pense-que-lequilibre-prive-professionnel-pourrait-etre-ameliore\/\"},\"author\":{\"name\":\"Jean-Paul Erhard\",\"@id\":\"https:\/\/peoplesphere.be\/fr\/#\/schema\/person\/7976225ff17988604334abb7b3536a7e\"},\"headline\":\"La motivation au travail reste bonne m\u00eame si 1 travailleur sur 3 pense que l&rsquo;\u00e9quilibre priv\u00e9\/professionnel pourrait \u00eatre am\u00e9lior\u00e9.\",\"datePublished\":\"2024-02-13T14:53:41+00:00\",\"dateModified\":\"2024-02-13T14:53:41+00:00\",\"mainEntityOfPage\":{\"@id\":\"https:\/\/peoplesphere.be\/fr\/la-motivation-au-travail-reste-bonne-meme-si-1-travailleur-sur-3-pense-que-lequilibre-prive-professionnel-pourrait-etre-ameliore\/\"},\"wordCount\":904,\"publisher\":{\"@id\":\"https:\/\/peoplesphere.be\/fr\/#organization\"},\"keywords\":[\"bien-\u00eatre\",\"\u00e9quilibre priv\u00e9-professionnel\",\"motivation\"],\"articleSection\":[\"Actualit\u00e9s\",\"Digital\"],\"inLanguage\":\"fr-FR\"},{\"@type\":\"WebPage\",\"@id\":\"https:\/\/peoplesphere.be\/fr\/la-motivation-au-travail-reste-bonne-meme-si-1-travailleur-sur-3-pense-que-lequilibre-prive-professionnel-pourrait-etre-ameliore\/\",\"url\":\"https:\/\/peoplesphere.be\/fr\/la-motivation-au-travail-reste-bonne-meme-si-1-travailleur-sur-3-pense-que-lequilibre-prive-professionnel-pourrait-etre-ameliore\/\",\"name\":\"La motivation au travail reste bonne m\u00eame si 1 travailleur sur 3 pense que l'\u00e9quilibre priv\u00e9\/professionnel pourrait \u00eatre am\u00e9lior\u00e9. - Peoplesphere\",\"isPartOf\":{\"@id\":\"https:\/\/peoplesphere.be\/fr\/#website\"},\"datePublished\":\"2024-02-13T14:53:41+00:00\",\"dateModified\":\"2024-02-13T14:53:41+00:00\",\"breadcrumb\":{\"@id\":\"https:\/\/peoplesphere.be\/fr\/la-motivation-au-travail-reste-bonne-meme-si-1-travailleur-sur-3-pense-que-lequilibre-prive-professionnel-pourrait-etre-ameliore\/#breadcrumb\"},\"inLanguage\":\"fr-FR\",\"potentialAction\":[{\"@type\":\"ReadAction\",\"target\":[\"https:\/\/peoplesphere.be\/fr\/la-motivation-au-travail-reste-bonne-meme-si-1-travailleur-sur-3-pense-que-lequilibre-prive-professionnel-pourrait-etre-ameliore\/\"]}]},{\"@type\":\"BreadcrumbList\",\"@id\":\"https:\/\/peoplesphere.be\/fr\/la-motivation-au-travail-reste-bonne-meme-si-1-travailleur-sur-3-pense-que-lequilibre-prive-professionnel-pourrait-etre-ameliore\/#breadcrumb\",\"itemListElement\":[{\"@type\":\"ListItem\",\"position\":1,\"name\":\"Accueil\",\"item\":\"https:\/\/peoplesphere.be\/fr\/\"},{\"@type\":\"ListItem\",\"position\":2,\"name\":\"La motivation au travail reste bonne m\u00eame si 1 travailleur sur 3 pense que l&rsquo;\u00e9quilibre priv\u00e9\/professionnel pourrait \u00eatre am\u00e9lior\u00e9.\"}]},{\"@type\":\"WebSite\",\"@id\":\"https:\/\/peoplesphere.be\/fr\/#website\",\"url\":\"https:\/\/peoplesphere.be\/fr\/\",\"name\":\"Peoplesphere\",\"description\":\"The People Managers Magazine\",\"publisher\":{\"@id\":\"https:\/\/peoplesphere.be\/fr\/#organization\"},\"potentialAction\":[{\"@type\":\"SearchAction\",\"target\":{\"@type\":\"EntryPoint\",\"urlTemplate\":\"https:\/\/peoplesphere.be\/fr\/?s={search_term_string}\"},\"query-input\":\"required name=search_term_string\"}],\"inLanguage\":\"fr-FR\"},{\"@type\":\"Organization\",\"@id\":\"https:\/\/peoplesphere.be\/fr\/#organization\",\"name\":\"Peoplesphere Company srl\",\"url\":\"https:\/\/peoplesphere.be\/fr\/\",\"logo\":{\"@type\":\"ImageObject\",\"inLanguage\":\"fr-FR\",\"@id\":\"https:\/\/peoplesphere.be\/fr\/#\/schema\/logo\/image\/\",\"url\":\"https:\/\/peoplesphere.be\/fr\/wp-content\/uploads\/2023\/07\/peoplesphere-lgo-new-generik.jpg\",\"contentUrl\":\"https:\/\/peoplesphere.be\/fr\/wp-content\/uploads\/2023\/07\/peoplesphere-lgo-new-generik.jpg\",\"width\":1031,\"height\":1479,\"caption\":\"Peoplesphere Company srl\"},\"image\":{\"@id\":\"https:\/\/peoplesphere.be\/fr\/#\/schema\/logo\/image\/\"},\"sameAs\":[\"https:\/\/www.facebook.com\/peoplesphere\",\"https:\/\/twitter.com\/PeoplesphereMag\",\"https:\/\/www.linkedin.com\/company\/7587361?trk\",\"http:\/\/youtube.com\/peoplesphere\"]},{\"@type\":\"Person\",\"@id\":\"https:\/\/peoplesphere.be\/fr\/#\/schema\/person\/7976225ff17988604334abb7b3536a7e\",\"name\":\"Jean-Paul Erhard\",\"image\":{\"@type\":\"ImageObject\",\"inLanguage\":\"fr-FR\",\"@id\":\"https:\/\/peoplesphere.be\/fr\/#\/schema\/person\/image\/\",\"url\":\"https:\/\/secure.gravatar.com\/avatar\/f941e681460179738071629a51574930?s=96&d=mm&r=g\",\"contentUrl\":\"https:\/\/secure.gravatar.com\/avatar\/f941e681460179738071629a51574930?s=96&d=mm&r=g\",\"caption\":\"Jean-Paul Erhard\"},\"url\":\"https:\/\/peoplesphere.be\/fr\/author\/jpe\/\"}]}<\/script>\n<!-- \/ Yoast SEO plugin. -->","yoast_head_json":{"title":"La motivation au travail reste bonne m\u00eame si 1 travailleur sur 3 pense que l'\u00e9quilibre priv\u00e9\/professionnel pourrait \u00eatre am\u00e9lior\u00e9. - Peoplesphere","robots":{"index":"index","follow":"follow","max-snippet":"max-snippet:-1","max-image-preview":"max-image-preview:large","max-video-preview":"max-video-preview:-1"},"canonical":"https:\/\/peoplesphere.be\/fr\/la-motivation-au-travail-reste-bonne-meme-si-1-travailleur-sur-3-pense-que-lequilibre-prive-professionnel-pourrait-etre-ameliore\/","og_locale":"fr_FR","og_type":"article","og_title":"La motivation au travail reste bonne m\u00eame si 1 travailleur sur 3 pense que l'\u00e9quilibre priv\u00e9\/professionnel pourrait \u00eatre am\u00e9lior\u00e9. - Peoplesphere","og_description":"Quelle est la motivation des travailleurs belges ? Plut\u00f4t bonne, selon une vaste enqu\u00eate de Mensura, service externe de pr\u00e9vention et de protection au travail, \u00e0 laquelle ont particip\u00e9 56.000 travailleurs. 43,5% se disent tr\u00e8s motiv\u00e9s. Un peu moins de [&hellip;]","og_url":"https:\/\/peoplesphere.be\/fr\/la-motivation-au-travail-reste-bonne-meme-si-1-travailleur-sur-3-pense-que-lequilibre-prive-professionnel-pourrait-etre-ameliore\/","og_site_name":"Peoplesphere","article_publisher":"https:\/\/www.facebook.com\/peoplesphere","article_published_time":"2024-02-13T14:53:41+00:00","og_image":[{"url":"http:\/\/www.peoplesphere.be\/fr\/wp-content\/uploads\/2016\/07\/facebook-default-posting-1200x628px.jpg"}],"author":"Jean-Paul Erhard","twitter_card":"summary_large_image","twitter_creator":"@PeoplesphereMag","twitter_site":"@PeoplesphereMag","twitter_misc":{"\u00c9crit par":"Jean-Paul Erhard","Dur\u00e9e de lecture estim\u00e9e":"5 minutes"},"schema":{"@context":"https:\/\/schema.org","@graph":[{"@type":"Article","@id":"https:\/\/peoplesphere.be\/fr\/la-motivation-au-travail-reste-bonne-meme-si-1-travailleur-sur-3-pense-que-lequilibre-prive-professionnel-pourrait-etre-ameliore\/#article","isPartOf":{"@id":"https:\/\/peoplesphere.be\/fr\/la-motivation-au-travail-reste-bonne-meme-si-1-travailleur-sur-3-pense-que-lequilibre-prive-professionnel-pourrait-etre-ameliore\/"},"author":{"name":"Jean-Paul Erhard","@id":"https:\/\/peoplesphere.be\/fr\/#\/schema\/person\/7976225ff17988604334abb7b3536a7e"},"headline":"La motivation au travail reste bonne m\u00eame si 1 travailleur sur 3 pense que l&rsquo;\u00e9quilibre priv\u00e9\/professionnel pourrait \u00eatre am\u00e9lior\u00e9.","datePublished":"2024-02-13T14:53:41+00:00","dateModified":"2024-02-13T14:53:41+00:00","mainEntityOfPage":{"@id":"https:\/\/peoplesphere.be\/fr\/la-motivation-au-travail-reste-bonne-meme-si-1-travailleur-sur-3-pense-que-lequilibre-prive-professionnel-pourrait-etre-ameliore\/"},"wordCount":904,"publisher":{"@id":"https:\/\/peoplesphere.be\/fr\/#organization"},"keywords":["bien-\u00eatre","\u00e9quilibre priv\u00e9-professionnel","motivation"],"articleSection":["Actualit\u00e9s","Digital"],"inLanguage":"fr-FR"},{"@type":"WebPage","@id":"https:\/\/peoplesphere.be\/fr\/la-motivation-au-travail-reste-bonne-meme-si-1-travailleur-sur-3-pense-que-lequilibre-prive-professionnel-pourrait-etre-ameliore\/","url":"https:\/\/peoplesphere.be\/fr\/la-motivation-au-travail-reste-bonne-meme-si-1-travailleur-sur-3-pense-que-lequilibre-prive-professionnel-pourrait-etre-ameliore\/","name":"La motivation au travail reste bonne m\u00eame si 1 travailleur sur 3 pense que l'\u00e9quilibre priv\u00e9\/professionnel pourrait \u00eatre am\u00e9lior\u00e9. - Peoplesphere","isPartOf":{"@id":"https:\/\/peoplesphere.be\/fr\/#website"},"datePublished":"2024-02-13T14:53:41+00:00","dateModified":"2024-02-13T14:53:41+00:00","breadcrumb":{"@id":"https:\/\/peoplesphere.be\/fr\/la-motivation-au-travail-reste-bonne-meme-si-1-travailleur-sur-3-pense-que-lequilibre-prive-professionnel-pourrait-etre-ameliore\/#breadcrumb"},"inLanguage":"fr-FR","potentialAction":[{"@type":"ReadAction","target":["https:\/\/peoplesphere.be\/fr\/la-motivation-au-travail-reste-bonne-meme-si-1-travailleur-sur-3-pense-que-lequilibre-prive-professionnel-pourrait-etre-ameliore\/"]}]},{"@type":"BreadcrumbList","@id":"https:\/\/peoplesphere.be\/fr\/la-motivation-au-travail-reste-bonne-meme-si-1-travailleur-sur-3-pense-que-lequilibre-prive-professionnel-pourrait-etre-ameliore\/#breadcrumb","itemListElement":[{"@type":"ListItem","position":1,"name":"Accueil","item":"https:\/\/peoplesphere.be\/fr\/"},{"@type":"ListItem","position":2,"name":"La motivation au travail reste bonne m\u00eame si 1 travailleur sur 3 pense que l&rsquo;\u00e9quilibre priv\u00e9\/professionnel pourrait \u00eatre am\u00e9lior\u00e9."}]},{"@type":"WebSite","@id":"https:\/\/peoplesphere.be\/fr\/#website","url":"https:\/\/peoplesphere.be\/fr\/","name":"Peoplesphere","description":"The People Managers Magazine","publisher":{"@id":"https:\/\/peoplesphere.be\/fr\/#organization"},"potentialAction":[{"@type":"SearchAction","target":{"@type":"EntryPoint","urlTemplate":"https:\/\/peoplesphere.be\/fr\/?s={search_term_string}"},"query-input":"required name=search_term_string"}],"inLanguage":"fr-FR"},{"@type":"Organization","@id":"https:\/\/peoplesphere.be\/fr\/#organization","name":"Peoplesphere Company srl","url":"https:\/\/peoplesphere.be\/fr\/","logo":{"@type":"ImageObject","inLanguage":"fr-FR","@id":"https:\/\/peoplesphere.be\/fr\/#\/schema\/logo\/image\/","url":"https:\/\/peoplesphere.be\/fr\/wp-content\/uploads\/2023\/07\/peoplesphere-lgo-new-generik.jpg","contentUrl":"https:\/\/peoplesphere.be\/fr\/wp-content\/uploads\/2023\/07\/peoplesphere-lgo-new-generik.jpg","width":1031,"height":1479,"caption":"Peoplesphere Company srl"},"image":{"@id":"https:\/\/peoplesphere.be\/fr\/#\/schema\/logo\/image\/"},"sameAs":["https:\/\/www.facebook.com\/peoplesphere","https:\/\/twitter.com\/PeoplesphereMag","https:\/\/www.linkedin.com\/company\/7587361?trk","http:\/\/youtube.com\/peoplesphere"]},{"@type":"Person","@id":"https:\/\/peoplesphere.be\/fr\/#\/schema\/person\/7976225ff17988604334abb7b3536a7e","name":"Jean-Paul Erhard","image":{"@type":"ImageObject","inLanguage":"fr-FR","@id":"https:\/\/peoplesphere.be\/fr\/#\/schema\/person\/image\/","url":"https:\/\/secure.gravatar.com\/avatar\/f941e681460179738071629a51574930?s=96&d=mm&r=g","contentUrl":"https:\/\/secure.gravatar.com\/avatar\/f941e681460179738071629a51574930?s=96&d=mm&r=g","caption":"Jean-Paul Erhard"},"url":"https:\/\/peoplesphere.be\/fr\/author\/jpe\/"}]}},"_links":{"self":[{"href":"https:\/\/peoplesphere.be\/fr\/wp-json\/wp\/v2\/posts\/15679"}],"collection":[{"href":"https:\/\/peoplesphere.be\/fr\/wp-json\/wp\/v2\/posts"}],"about":[{"href":"https:\/\/peoplesphere.be\/fr\/wp-json\/wp\/v2\/types\/post"}],"author":[{"embeddable":true,"href":"https:\/\/peoplesphere.be\/fr\/wp-json\/wp\/v2\/users\/2"}],"replies":[{"embeddable":true,"href":"https:\/\/peoplesphere.be\/fr\/wp-json\/wp\/v2\/comments?post=15679"}],"version-history":[{"count":1,"href":"https:\/\/peoplesphere.be\/fr\/wp-json\/wp\/v2\/posts\/15679\/revisions"}],"predecessor-version":[{"id":15680,"href":"https:\/\/peoplesphere.be\/fr\/wp-json\/wp\/v2\/posts\/15679\/revisions\/15680"}],"wp:attachment":[{"href":"https:\/\/peoplesphere.be\/fr\/wp-json\/wp\/v2\/media?parent=15679"}],"wp:term":[{"taxonomy":"category","embeddable":true,"href":"https:\/\/peoplesphere.be\/fr\/wp-json\/wp\/v2\/categories?post=15679"},{"taxonomy":"post_tag","embeddable":true,"href":"https:\/\/peoplesphere.be\/fr\/wp-json\/wp\/v2\/tags?post=15679"}],"curies":[{"name":"wp","href":"https:\/\/api.w.org\/{rel}","templated":true}]}}