









{"id":15704,"date":"2024-02-18T14:24:21","date_gmt":"2024-02-18T12:24:21","guid":{"rendered":"https:\/\/peoplesphere.be\/fr\/?p=15704"},"modified":"2024-02-19T09:55:17","modified_gmt":"2024-02-19T07:55:17","slug":"le-niveau-doccupation-au-sein-des-entreprises-confirme-levolution-positive-vers-lobjectif-dun-taux-demploi-a-80-en-belgique","status":"publish","type":"post","link":"https:\/\/peoplesphere.be\/fr\/le-niveau-doccupation-au-sein-des-entreprises-confirme-levolution-positive-vers-lobjectif-dun-taux-demploi-a-80-en-belgique\/","title":{"rendered":"Le niveau d&rsquo;occupation au sein des entreprises confirme l&rsquo;\u00e9volution positive vers l&rsquo;objectif d&rsquo;un taux d&#8217;emploi \u00e0 80% en Belgique."},"content":{"rendered":"<p>L\u2019occupation en Belgique a augment\u00e9 pour la quatri\u00e8me ann\u00e9e cons\u00e9cutive. Malgr\u00e9 un l\u00e9ger ralentissement par rapport \u00e0 l\u2019ann\u00e9e derni\u00e8re, le nombre de personnes actives dans notre pays \u00e0 la fin de 2023 \u00e9tait sup\u00e9rieur de 6,6% \u00e0 celui de 2019. C\u2019est ce que r\u00e9v\u00e8le l\u2019entreprise de services RH Acerta, qui suit chaque ann\u00e9e l\u2019\u00e9volution de l\u2019occupation aupr\u00e8s d\u2019un groupe fixe de 21\u2009000 employeurs de tous les secteurs et d\u2019entreprises occupant jusqu\u2019\u00e0 1000 travailleurs. L\u2019occupation est plus \u00e9lev\u00e9e aujourd\u2019hui qu\u2019il y a quatre ans (2019). L\u2019industrie m\u00e9tallurgique et manufacturi\u00e8re constitue l\u2019exception.<!--more--><\/p>\n<h3><strong><em>La croissance de l\u2019occupation se stabilise \u00e0 +1,6%, mais reste \u00e0 +6,6% par rapport \u00e0 il y a quatre ans<\/em><\/strong><\/h3>\n<p>Acerta suit un ensemble fixe de 21.000 employeurs et leur occupation r\u00e9elle au fil des ans. \u00c0 la fin du mois de d\u00e9cembre 2023, ces employeurs affichaient une croissance moyenne de l\u2019occupation de 6,6% par rapport \u00e0 2019. Apr\u00e8s le creux d\u00fb au coronavirus en 2020, il y a d\u2019abord eu un pic en 2021. La progression s\u2019est ensuite poursuivie, mais \u00e0 un rythme plus mod\u00e9r\u00e9. Entre fin d\u00e9cembre 2022 et fin d\u00e9cembre 2023, le taux de croissance s\u2019\u00e9l\u00e8ve \u00e0 1,6%.<\/p>\n<p>Benoit Caufriez, Directeur chez Acerta Consult, explique : \u00ab\u00a0<em>L\u2019occupation est un param\u00e8tre social et \u00e9conomique important. Steunpunt Werk a pr\u00e9c\u00e9demment rapport\u00e9 un taux d\u2019emploi de 72% en Belgique pour le troisi\u00e8me trimestre de 2023. Plusieurs indicateurs, tels que les chiffres relatifs \u00e0 l\u2019occupation, indiquent une tendance positive vers l\u2019objectif national d\u2019un taux d\u2019emploi de 80%. Et il ne s\u2019agit que de contrats \u00e0 dur\u00e9e d\u00e9termin\u00e9e et ind\u00e9termin\u00e9e. \u00c0 cela s\u2019ajoutent les travailleurs en flexi-job et les \u00e9tudiants jobistes.\u00a0\u00bb<\/em><\/p>\n<h3><strong><em>L\u2019industrie m\u00e9tallurgique et manufacturi\u00e8re fait baisser le taux de croissance<\/em><\/strong><\/h3>\n<p>L\u2019occupation est plus haute aujourd\u2019hui qu\u2019il y a quatre ans (en 2019), et ce, dans tous les secteurs et dans toutes les entreprises comptant jusqu\u2019\u00e0 1000 travailleurs. La seule exception est l\u2019industrie m\u00e9tallurgique et manufacturi\u00e8re. Les entreprises de ce secteur enregistrent une l\u00e9g\u00e8re baisse de \u20111,1% au cours de l\u2019ann\u00e9e derni\u00e8re, mais la baisse totale par rapport \u00e0 il y a cinq ans est quant \u00e0 elle de \u20119,4%.<\/p>\n<p>Benoit Caufriez ajoute : \u00ab\u00a0<em>L\u2019industrie m\u00e9tallurgique et manufacturi\u00e8re \u00e9prouvait d\u00e9j\u00e0 des difficult\u00e9s \u00e0 se remettre des crises successives de ces derni\u00e8res ann\u00e9es. Le fait que certaines crises persistent (par exemple la guerre en Ukraine) et que de nouvelles crises apparaissent (par exemple les tensions au Moyen-Orient qui se font sentir dans les eaux internationales et ont une influence sur le transport international) n\u2019est pas favorable au secteur. Le fait que l\u2019occupation augmente dans toutes les entreprises, quel que soit le nombre de travailleurs, est une bonne chose en p\u00e9riode de p\u00e9nurie de main-d\u2019\u0153uvre, mais nous constatons que la croissance la plus forte concerne principalement les petites entreprises, qui comptent entre 5 et 20 travailleurs.\u00a0\u00bb<\/em><\/p>\n<p>&nbsp;<\/p>\n<p><em>Source &#8211; Cette analyse est bas\u00e9e sur les donn\u00e9es r\u00e9elles d\u2019un ensemble fixe de plus de 21.000 employeurs du secteur priv\u00e9, auquel appartiennent aussi bien des PME que des grandes entreprises comptant jusqu\u2019\u00e0 1000 travailleurs et qu\u2019Acerta a pu suivre sur toute la p\u00e9riode 2019-2023. Elle identifie (l\u2019\u00e9volution de) l\u2019occupation d\u2019apr\u00e8s des mesures effectu\u00e9es au 31 d\u00e9cembre et se rapporte aux contrats \u00e0 dur\u00e9e d\u00e9termin\u00e9e et ind\u00e9termin\u00e9e, c\u2019est-\u00e0-dire qu\u2019elle ne prend pas en compte les travailleurs en flexi-job et les \u00e9tudiants.<\/em><\/p>\n","protected":false},"excerpt":{"rendered":"<p>L\u2019occupation en Belgique a augment\u00e9 pour la quatri\u00e8me ann\u00e9e cons\u00e9cutive. Malgr\u00e9 un l\u00e9ger ralentissement par rapport \u00e0 l\u2019ann\u00e9e derni\u00e8re, le nombre de personnes actives dans notre pays \u00e0 la fin de 2023 \u00e9tait sup\u00e9rieur de 6,6% \u00e0 celui de 2019. [&hellip;]<\/p>\n","protected":false},"author":2,"featured_media":0,"comment_status":"closed","ping_status":"open","sticky":false,"template":"","format":"standard","meta":[],"categories":[65,10],"tags":[394],"yoast_head":"<!-- This site is optimized with the Yoast SEO plugin v21.0 - https:\/\/yoast.com\/wordpress\/plugins\/seo\/ -->\n<title>Le niveau d&#039;occupation au sein des entreprises confirme l&#039;\u00e9volution positive vers l&#039;objectif d&#039;un taux d&#039;emploi \u00e0 80% en Belgique. - Peoplesphere<\/title>\n<meta name=\"robots\" content=\"index, follow, max-snippet:-1, max-image-preview:large, max-video-preview:-1\" \/>\n<link rel=\"canonical\" href=\"https:\/\/peoplesphere.be\/fr\/le-niveau-doccupation-au-sein-des-entreprises-confirme-levolution-positive-vers-lobjectif-dun-taux-demploi-a-80-en-belgique\/\" \/>\n<meta property=\"og:locale\" content=\"fr_FR\" \/>\n<meta property=\"og:type\" content=\"article\" \/>\n<meta property=\"og:title\" content=\"Le niveau d&#039;occupation au sein des entreprises confirme l&#039;\u00e9volution positive vers l&#039;objectif d&#039;un taux d&#039;emploi \u00e0 80% en Belgique. - Peoplesphere\" \/>\n<meta property=\"og:description\" content=\"L\u2019occupation en Belgique a augment\u00e9 pour la quatri\u00e8me ann\u00e9e cons\u00e9cutive. Malgr\u00e9 un l\u00e9ger ralentissement par rapport \u00e0 l\u2019ann\u00e9e derni\u00e8re, le nombre de personnes actives dans notre pays \u00e0 la fin de 2023 \u00e9tait sup\u00e9rieur de 6,6% \u00e0 celui de 2019. [&hellip;]\" \/>\n<meta property=\"og:url\" content=\"https:\/\/peoplesphere.be\/fr\/le-niveau-doccupation-au-sein-des-entreprises-confirme-levolution-positive-vers-lobjectif-dun-taux-demploi-a-80-en-belgique\/\" \/>\n<meta property=\"og:site_name\" content=\"Peoplesphere\" \/>\n<meta property=\"article:publisher\" content=\"https:\/\/www.facebook.com\/peoplesphere\" \/>\n<meta property=\"article:published_time\" content=\"2024-02-18T12:24:21+00:00\" \/>\n<meta property=\"article:modified_time\" content=\"2024-02-19T07:55:17+00:00\" \/>\n<meta property=\"og:image\" content=\"http:\/\/www.peoplesphere.be\/fr\/wp-content\/uploads\/2016\/07\/facebook-default-posting-1200x628px.jpg\" \/>\n<meta name=\"author\" content=\"Jean-Paul Erhard\" \/>\n<meta name=\"twitter:card\" content=\"summary_large_image\" \/>\n<meta name=\"twitter:creator\" content=\"@PeoplesphereMag\" \/>\n<meta name=\"twitter:site\" content=\"@PeoplesphereMag\" \/>\n<meta name=\"twitter:label1\" content=\"\u00c9crit par\" \/>\n\t<meta name=\"twitter:data1\" content=\"Jean-Paul Erhard\" \/>\n\t<meta name=\"twitter:label2\" content=\"Dur\u00e9e de lecture estim\u00e9e\" \/>\n\t<meta name=\"twitter:data2\" content=\"3 minutes\" \/>\n<script type=\"application\/ld+json\" class=\"yoast-schema-graph\">{\"@context\":\"https:\/\/schema.org\",\"@graph\":[{\"@type\":\"Article\",\"@id\":\"https:\/\/peoplesphere.be\/fr\/le-niveau-doccupation-au-sein-des-entreprises-confirme-levolution-positive-vers-lobjectif-dun-taux-demploi-a-80-en-belgique\/#article\",\"isPartOf\":{\"@id\":\"https:\/\/peoplesphere.be\/fr\/le-niveau-doccupation-au-sein-des-entreprises-confirme-levolution-positive-vers-lobjectif-dun-taux-demploi-a-80-en-belgique\/\"},\"author\":{\"name\":\"Jean-Paul Erhard\",\"@id\":\"https:\/\/peoplesphere.be\/fr\/#\/schema\/person\/7976225ff17988604334abb7b3536a7e\"},\"headline\":\"Le niveau d&rsquo;occupation au sein des entreprises confirme l&rsquo;\u00e9volution positive vers l&rsquo;objectif d&rsquo;un taux d&#8217;emploi \u00e0 80% en Belgique.\",\"datePublished\":\"2024-02-18T12:24:21+00:00\",\"dateModified\":\"2024-02-19T07:55:17+00:00\",\"mainEntityOfPage\":{\"@id\":\"https:\/\/peoplesphere.be\/fr\/le-niveau-doccupation-au-sein-des-entreprises-confirme-levolution-positive-vers-lobjectif-dun-taux-demploi-a-80-en-belgique\/\"},\"wordCount\":616,\"publisher\":{\"@id\":\"https:\/\/peoplesphere.be\/fr\/#organization\"},\"keywords\":[\"taux d'emploi\"],\"articleSection\":[\"Actualit\u00e9s\",\"Digital\"],\"inLanguage\":\"fr-FR\"},{\"@type\":\"WebPage\",\"@id\":\"https:\/\/peoplesphere.be\/fr\/le-niveau-doccupation-au-sein-des-entreprises-confirme-levolution-positive-vers-lobjectif-dun-taux-demploi-a-80-en-belgique\/\",\"url\":\"https:\/\/peoplesphere.be\/fr\/le-niveau-doccupation-au-sein-des-entreprises-confirme-levolution-positive-vers-lobjectif-dun-taux-demploi-a-80-en-belgique\/\",\"name\":\"Le niveau d'occupation au sein des entreprises confirme l'\u00e9volution positive vers l'objectif d'un taux d'emploi \u00e0 80% en Belgique. - Peoplesphere\",\"isPartOf\":{\"@id\":\"https:\/\/peoplesphere.be\/fr\/#website\"},\"datePublished\":\"2024-02-18T12:24:21+00:00\",\"dateModified\":\"2024-02-19T07:55:17+00:00\",\"breadcrumb\":{\"@id\":\"https:\/\/peoplesphere.be\/fr\/le-niveau-doccupation-au-sein-des-entreprises-confirme-levolution-positive-vers-lobjectif-dun-taux-demploi-a-80-en-belgique\/#breadcrumb\"},\"inLanguage\":\"fr-FR\",\"potentialAction\":[{\"@type\":\"ReadAction\",\"target\":[\"https:\/\/peoplesphere.be\/fr\/le-niveau-doccupation-au-sein-des-entreprises-confirme-levolution-positive-vers-lobjectif-dun-taux-demploi-a-80-en-belgique\/\"]}]},{\"@type\":\"BreadcrumbList\",\"@id\":\"https:\/\/peoplesphere.be\/fr\/le-niveau-doccupation-au-sein-des-entreprises-confirme-levolution-positive-vers-lobjectif-dun-taux-demploi-a-80-en-belgique\/#breadcrumb\",\"itemListElement\":[{\"@type\":\"ListItem\",\"position\":1,\"name\":\"Accueil\",\"item\":\"https:\/\/peoplesphere.be\/fr\/\"},{\"@type\":\"ListItem\",\"position\":2,\"name\":\"Le niveau d&rsquo;occupation au sein des entreprises confirme l&rsquo;\u00e9volution positive vers l&rsquo;objectif d&rsquo;un taux d&#8217;emploi \u00e0 80% en Belgique.\"}]},{\"@type\":\"WebSite\",\"@id\":\"https:\/\/peoplesphere.be\/fr\/#website\",\"url\":\"https:\/\/peoplesphere.be\/fr\/\",\"name\":\"Peoplesphere\",\"description\":\"The People Managers Magazine\",\"publisher\":{\"@id\":\"https:\/\/peoplesphere.be\/fr\/#organization\"},\"potentialAction\":[{\"@type\":\"SearchAction\",\"target\":{\"@type\":\"EntryPoint\",\"urlTemplate\":\"https:\/\/peoplesphere.be\/fr\/?s={search_term_string}\"},\"query-input\":\"required name=search_term_string\"}],\"inLanguage\":\"fr-FR\"},{\"@type\":\"Organization\",\"@id\":\"https:\/\/peoplesphere.be\/fr\/#organization\",\"name\":\"Peoplesphere Company srl\",\"url\":\"https:\/\/peoplesphere.be\/fr\/\",\"logo\":{\"@type\":\"ImageObject\",\"inLanguage\":\"fr-FR\",\"@id\":\"https:\/\/peoplesphere.be\/fr\/#\/schema\/logo\/image\/\",\"url\":\"https:\/\/peoplesphere.be\/fr\/wp-content\/uploads\/2023\/07\/peoplesphere-lgo-new-generik.jpg\",\"contentUrl\":\"https:\/\/peoplesphere.be\/fr\/wp-content\/uploads\/2023\/07\/peoplesphere-lgo-new-generik.jpg\",\"width\":1031,\"height\":1479,\"caption\":\"Peoplesphere Company srl\"},\"image\":{\"@id\":\"https:\/\/peoplesphere.be\/fr\/#\/schema\/logo\/image\/\"},\"sameAs\":[\"https:\/\/www.facebook.com\/peoplesphere\",\"https:\/\/twitter.com\/PeoplesphereMag\",\"https:\/\/www.linkedin.com\/company\/7587361?trk\",\"http:\/\/youtube.com\/peoplesphere\"]},{\"@type\":\"Person\",\"@id\":\"https:\/\/peoplesphere.be\/fr\/#\/schema\/person\/7976225ff17988604334abb7b3536a7e\",\"name\":\"Jean-Paul Erhard\",\"image\":{\"@type\":\"ImageObject\",\"inLanguage\":\"fr-FR\",\"@id\":\"https:\/\/peoplesphere.be\/fr\/#\/schema\/person\/image\/\",\"url\":\"https:\/\/secure.gravatar.com\/avatar\/f941e681460179738071629a51574930?s=96&d=mm&r=g\",\"contentUrl\":\"https:\/\/secure.gravatar.com\/avatar\/f941e681460179738071629a51574930?s=96&d=mm&r=g\",\"caption\":\"Jean-Paul Erhard\"},\"url\":\"https:\/\/peoplesphere.be\/fr\/author\/jpe\/\"}]}<\/script>\n<!-- \/ Yoast SEO plugin. -->","yoast_head_json":{"title":"Le niveau d'occupation au sein des entreprises confirme l'\u00e9volution positive vers l'objectif d'un taux d'emploi \u00e0 80% en Belgique. - Peoplesphere","robots":{"index":"index","follow":"follow","max-snippet":"max-snippet:-1","max-image-preview":"max-image-preview:large","max-video-preview":"max-video-preview:-1"},"canonical":"https:\/\/peoplesphere.be\/fr\/le-niveau-doccupation-au-sein-des-entreprises-confirme-levolution-positive-vers-lobjectif-dun-taux-demploi-a-80-en-belgique\/","og_locale":"fr_FR","og_type":"article","og_title":"Le niveau d'occupation au sein des entreprises confirme l'\u00e9volution positive vers l'objectif d'un taux d'emploi \u00e0 80% en Belgique. - Peoplesphere","og_description":"L\u2019occupation en Belgique a augment\u00e9 pour la quatri\u00e8me ann\u00e9e cons\u00e9cutive. Malgr\u00e9 un l\u00e9ger ralentissement par rapport \u00e0 l\u2019ann\u00e9e derni\u00e8re, le nombre de personnes actives dans notre pays \u00e0 la fin de 2023 \u00e9tait sup\u00e9rieur de 6,6% \u00e0 celui de 2019. [&hellip;]","og_url":"https:\/\/peoplesphere.be\/fr\/le-niveau-doccupation-au-sein-des-entreprises-confirme-levolution-positive-vers-lobjectif-dun-taux-demploi-a-80-en-belgique\/","og_site_name":"Peoplesphere","article_publisher":"https:\/\/www.facebook.com\/peoplesphere","article_published_time":"2024-02-18T12:24:21+00:00","article_modified_time":"2024-02-19T07:55:17+00:00","og_image":[{"url":"http:\/\/www.peoplesphere.be\/fr\/wp-content\/uploads\/2016\/07\/facebook-default-posting-1200x628px.jpg"}],"author":"Jean-Paul Erhard","twitter_card":"summary_large_image","twitter_creator":"@PeoplesphereMag","twitter_site":"@PeoplesphereMag","twitter_misc":{"\u00c9crit par":"Jean-Paul Erhard","Dur\u00e9e de lecture estim\u00e9e":"3 minutes"},"schema":{"@context":"https:\/\/schema.org","@graph":[{"@type":"Article","@id":"https:\/\/peoplesphere.be\/fr\/le-niveau-doccupation-au-sein-des-entreprises-confirme-levolution-positive-vers-lobjectif-dun-taux-demploi-a-80-en-belgique\/#article","isPartOf":{"@id":"https:\/\/peoplesphere.be\/fr\/le-niveau-doccupation-au-sein-des-entreprises-confirme-levolution-positive-vers-lobjectif-dun-taux-demploi-a-80-en-belgique\/"},"author":{"name":"Jean-Paul Erhard","@id":"https:\/\/peoplesphere.be\/fr\/#\/schema\/person\/7976225ff17988604334abb7b3536a7e"},"headline":"Le niveau d&rsquo;occupation au sein des entreprises confirme l&rsquo;\u00e9volution positive vers l&rsquo;objectif d&rsquo;un taux d&#8217;emploi \u00e0 80% en Belgique.","datePublished":"2024-02-18T12:24:21+00:00","dateModified":"2024-02-19T07:55:17+00:00","mainEntityOfPage":{"@id":"https:\/\/peoplesphere.be\/fr\/le-niveau-doccupation-au-sein-des-entreprises-confirme-levolution-positive-vers-lobjectif-dun-taux-demploi-a-80-en-belgique\/"},"wordCount":616,"publisher":{"@id":"https:\/\/peoplesphere.be\/fr\/#organization"},"keywords":["taux d'emploi"],"articleSection":["Actualit\u00e9s","Digital"],"inLanguage":"fr-FR"},{"@type":"WebPage","@id":"https:\/\/peoplesphere.be\/fr\/le-niveau-doccupation-au-sein-des-entreprises-confirme-levolution-positive-vers-lobjectif-dun-taux-demploi-a-80-en-belgique\/","url":"https:\/\/peoplesphere.be\/fr\/le-niveau-doccupation-au-sein-des-entreprises-confirme-levolution-positive-vers-lobjectif-dun-taux-demploi-a-80-en-belgique\/","name":"Le niveau d'occupation au sein des entreprises confirme l'\u00e9volution positive vers l'objectif d'un taux d'emploi \u00e0 80% en Belgique. - Peoplesphere","isPartOf":{"@id":"https:\/\/peoplesphere.be\/fr\/#website"},"datePublished":"2024-02-18T12:24:21+00:00","dateModified":"2024-02-19T07:55:17+00:00","breadcrumb":{"@id":"https:\/\/peoplesphere.be\/fr\/le-niveau-doccupation-au-sein-des-entreprises-confirme-levolution-positive-vers-lobjectif-dun-taux-demploi-a-80-en-belgique\/#breadcrumb"},"inLanguage":"fr-FR","potentialAction":[{"@type":"ReadAction","target":["https:\/\/peoplesphere.be\/fr\/le-niveau-doccupation-au-sein-des-entreprises-confirme-levolution-positive-vers-lobjectif-dun-taux-demploi-a-80-en-belgique\/"]}]},{"@type":"BreadcrumbList","@id":"https:\/\/peoplesphere.be\/fr\/le-niveau-doccupation-au-sein-des-entreprises-confirme-levolution-positive-vers-lobjectif-dun-taux-demploi-a-80-en-belgique\/#breadcrumb","itemListElement":[{"@type":"ListItem","position":1,"name":"Accueil","item":"https:\/\/peoplesphere.be\/fr\/"},{"@type":"ListItem","position":2,"name":"Le niveau d&rsquo;occupation au sein des entreprises confirme l&rsquo;\u00e9volution positive vers l&rsquo;objectif d&rsquo;un taux d&#8217;emploi \u00e0 80% en Belgique."}]},{"@type":"WebSite","@id":"https:\/\/peoplesphere.be\/fr\/#website","url":"https:\/\/peoplesphere.be\/fr\/","name":"Peoplesphere","description":"The People Managers Magazine","publisher":{"@id":"https:\/\/peoplesphere.be\/fr\/#organization"},"potentialAction":[{"@type":"SearchAction","target":{"@type":"EntryPoint","urlTemplate":"https:\/\/peoplesphere.be\/fr\/?s={search_term_string}"},"query-input":"required name=search_term_string"}],"inLanguage":"fr-FR"},{"@type":"Organization","@id":"https:\/\/peoplesphere.be\/fr\/#organization","name":"Peoplesphere Company srl","url":"https:\/\/peoplesphere.be\/fr\/","logo":{"@type":"ImageObject","inLanguage":"fr-FR","@id":"https:\/\/peoplesphere.be\/fr\/#\/schema\/logo\/image\/","url":"https:\/\/peoplesphere.be\/fr\/wp-content\/uploads\/2023\/07\/peoplesphere-lgo-new-generik.jpg","contentUrl":"https:\/\/peoplesphere.be\/fr\/wp-content\/uploads\/2023\/07\/peoplesphere-lgo-new-generik.jpg","width":1031,"height":1479,"caption":"Peoplesphere Company srl"},"image":{"@id":"https:\/\/peoplesphere.be\/fr\/#\/schema\/logo\/image\/"},"sameAs":["https:\/\/www.facebook.com\/peoplesphere","https:\/\/twitter.com\/PeoplesphereMag","https:\/\/www.linkedin.com\/company\/7587361?trk","http:\/\/youtube.com\/peoplesphere"]},{"@type":"Person","@id":"https:\/\/peoplesphere.be\/fr\/#\/schema\/person\/7976225ff17988604334abb7b3536a7e","name":"Jean-Paul Erhard","image":{"@type":"ImageObject","inLanguage":"fr-FR","@id":"https:\/\/peoplesphere.be\/fr\/#\/schema\/person\/image\/","url":"https:\/\/secure.gravatar.com\/avatar\/f941e681460179738071629a51574930?s=96&d=mm&r=g","contentUrl":"https:\/\/secure.gravatar.com\/avatar\/f941e681460179738071629a51574930?s=96&d=mm&r=g","caption":"Jean-Paul Erhard"},"url":"https:\/\/peoplesphere.be\/fr\/author\/jpe\/"}]}},"_links":{"self":[{"href":"https:\/\/peoplesphere.be\/fr\/wp-json\/wp\/v2\/posts\/15704"}],"collection":[{"href":"https:\/\/peoplesphere.be\/fr\/wp-json\/wp\/v2\/posts"}],"about":[{"href":"https:\/\/peoplesphere.be\/fr\/wp-json\/wp\/v2\/types\/post"}],"author":[{"embeddable":true,"href":"https:\/\/peoplesphere.be\/fr\/wp-json\/wp\/v2\/users\/2"}],"replies":[{"embeddable":true,"href":"https:\/\/peoplesphere.be\/fr\/wp-json\/wp\/v2\/comments?post=15704"}],"version-history":[{"count":2,"href":"https:\/\/peoplesphere.be\/fr\/wp-json\/wp\/v2\/posts\/15704\/revisions"}],"predecessor-version":[{"id":15706,"href":"https:\/\/peoplesphere.be\/fr\/wp-json\/wp\/v2\/posts\/15704\/revisions\/15706"}],"wp:attachment":[{"href":"https:\/\/peoplesphere.be\/fr\/wp-json\/wp\/v2\/media?parent=15704"}],"wp:term":[{"taxonomy":"category","embeddable":true,"href":"https:\/\/peoplesphere.be\/fr\/wp-json\/wp\/v2\/categories?post=15704"},{"taxonomy":"post_tag","embeddable":true,"href":"https:\/\/peoplesphere.be\/fr\/wp-json\/wp\/v2\/tags?post=15704"}],"curies":[{"name":"wp","href":"https:\/\/api.w.org\/{rel}","templated":true}]}}