









{"id":15713,"date":"2024-02-20T12:31:31","date_gmt":"2024-02-20T10:31:31","guid":{"rendered":"https:\/\/peoplesphere.be\/fr\/?p=15713"},"modified":"2024-02-20T12:31:31","modified_gmt":"2024-02-20T10:31:31","slug":"la-fgtb-senthousiasme-a-la-perspective-dune-semaine-de-travail-de-4-jours-en-32-heures","status":"publish","type":"post","link":"https:\/\/peoplesphere.be\/fr\/la-fgtb-senthousiasme-a-la-perspective-dune-semaine-de-travail-de-4-jours-en-32-heures\/","title":{"rendered":"La FGTB s&rsquo;enthousiasme \u00e0 la perspective d&rsquo;une semaine de travail de 4 jours en 32 heures."},"content":{"rendered":"<p>Sans surprise, la FGTB soutient l\u2019id\u00e9e d\u2019une r\u00e9duction collective du temps de travail avec embauche compensatoire et maintien de salaire, selon la formule \u00ab\u00a0<em>32 heures en 4 jours pour un temps plein\u00a0\u00bb.<\/em> Le syndicat confirme <em>\u00ab\u00a0qu&rsquo;il s\u2019agit d\u2019une revendication syndicale historique. Elle constitue une r\u00e9forme enthousiasmante pour les travailleurs et travailleuses, efficace pour les entreprises et b\u00e9n\u00e9fique pour la soci\u00e9t\u00e9 toute enti\u00e8re.\u00a0\u00bb<\/em><!--more--><\/p>\n<p><em>\u00ab\u00a0On le sait, la r\u00e9duction du temps de travail permet de d\u00e9gager des gains de productivit\u00e9, ce qui finance en partie son co\u00fbt. Mais aussi et surtout\u2026 elle permet de cr\u00e9er plus d&#8217;emplois de qualit\u00e9, plus de bien-\u00eatre dans l\u2019entreprise, plus d\u2019\u00e9galit\u00e9 sur le march\u00e9 du travail, plus de temps pour vivre aussi, avec un meilleur \u00e9quilibre vie priv\u00e9e\/vie professionnelle.\u00a0\u00bb<\/em><\/p>\n<p>La FGTB poursuit : <em>\u00ab\u00a0sans surprise encore, la droite politique et le monde patronal se d\u00e9cha\u00eenent contre cette mesure remise en avant par le parti socialiste dans le cadre des \u00e9lections 2024. Ce serait de la folie, de l\u2019inconscience, de l\u2019irresponsabilit\u00e9\u2026 On a tout entendu ! Ce sont les m\u00eames arguments que ceux d\u00e9ploy\u00e9s quand on a cess\u00e9 le travail des enfants, vot\u00e9 le repos dominical ou conquis la deuxi\u00e8me semaine de cong\u00e9s pay\u00e9s. La survie de l\u2019\u00e9conomie et des entreprises est brandie d\u00e8s qu\u2019il s\u2019agit d\u2019augmenter les salaires ou de diminuer la dur\u00e9e hebdomadaire du travail. En attendant, les entreprises belges atteignent des marges b\u00e9n\u00e9ficiaires records et la th\u00e9orie du ruissellement tarde \u00e0 produire ses effets.\u00a0\u00bb<\/em><\/p>\n<p><em>\u00ab\u00a0La semaine de 4 jours en 32 heures est une mesure phare, pilier d\u2019un projet plus large. Un projet de soci\u00e9t\u00e9 progressiste\u2026 qui garde l\u2019\u00e9galit\u00e9 comme boussole. Pour autant que sa mise en \u0153uvre soit n\u00e9goci\u00e9e avec les repr\u00e9sentant.es des travailleuses et travailleurs, de mani\u00e8re \u00e0 prendre en compte les r\u00e9alit\u00e9s et contraintes des secteurs, nous signons \u00e0 deux mains. Quant au financement de la mesure, des solutions existent et nous sommes dispos\u00e9s, en tant qu\u2019interlocuteurs sociaux, \u00e0 faire des propositions et \u00e0 n\u00e9gocier des solutions.\u00a0\u00bb<\/em><\/p>\n<p>&nbsp;<\/p>\n<p><em>Source: FGTB<\/em><\/p>\n","protected":false},"excerpt":{"rendered":"<p>Sans surprise, la FGTB soutient l\u2019id\u00e9e d\u2019une r\u00e9duction collective du temps de travail avec embauche compensatoire et maintien de salaire, selon la formule \u00ab\u00a032 heures en 4 jours pour un temps plein\u00a0\u00bb. Le syndicat confirme \u00ab\u00a0qu&rsquo;il s\u2019agit d\u2019une revendication syndicale [&hellip;]<\/p>\n","protected":false},"author":2,"featured_media":0,"comment_status":"closed","ping_status":"open","sticky":false,"template":"","format":"standard","meta":[],"categories":[65,10],"tags":[332,1186,901,110,39],"yoast_head":"<!-- This site is optimized with the Yoast SEO plugin v21.0 - https:\/\/yoast.com\/wordpress\/plugins\/seo\/ -->\n<title>La FGTB s&#039;enthousiasme \u00e0 la perspective d&#039;une semaine de travail de 4 jours en 32 heures. - Peoplesphere<\/title>\n<meta name=\"robots\" content=\"index, follow, max-snippet:-1, max-image-preview:large, max-video-preview:-1\" \/>\n<link rel=\"canonical\" href=\"https:\/\/peoplesphere.be\/fr\/la-fgtb-senthousiasme-a-la-perspective-dune-semaine-de-travail-de-4-jours-en-32-heures\/\" \/>\n<meta property=\"og:locale\" content=\"fr_FR\" \/>\n<meta property=\"og:type\" content=\"article\" \/>\n<meta property=\"og:title\" content=\"La FGTB s&#039;enthousiasme \u00e0 la perspective d&#039;une semaine de travail de 4 jours en 32 heures. - Peoplesphere\" \/>\n<meta property=\"og:description\" content=\"Sans surprise, la FGTB soutient l\u2019id\u00e9e d\u2019une r\u00e9duction collective du temps de travail avec embauche compensatoire et maintien de salaire, selon la formule \u00ab\u00a032 heures en 4 jours pour un temps plein\u00a0\u00bb. Le syndicat confirme \u00ab\u00a0qu&rsquo;il s\u2019agit d\u2019une revendication syndicale [&hellip;]\" \/>\n<meta property=\"og:url\" content=\"https:\/\/peoplesphere.be\/fr\/la-fgtb-senthousiasme-a-la-perspective-dune-semaine-de-travail-de-4-jours-en-32-heures\/\" \/>\n<meta property=\"og:site_name\" content=\"Peoplesphere\" \/>\n<meta property=\"article:publisher\" content=\"https:\/\/www.facebook.com\/peoplesphere\" \/>\n<meta property=\"article:published_time\" content=\"2024-02-20T10:31:31+00:00\" \/>\n<meta property=\"og:image\" content=\"http:\/\/www.peoplesphere.be\/fr\/wp-content\/uploads\/2016\/07\/facebook-default-posting-1200x628px.jpg\" \/>\n<meta name=\"author\" content=\"Jean-Paul Erhard\" \/>\n<meta name=\"twitter:card\" content=\"summary_large_image\" \/>\n<meta name=\"twitter:creator\" content=\"@PeoplesphereMag\" \/>\n<meta name=\"twitter:site\" content=\"@PeoplesphereMag\" \/>\n<meta name=\"twitter:label1\" content=\"\u00c9crit par\" \/>\n\t<meta name=\"twitter:data1\" content=\"Jean-Paul Erhard\" \/>\n\t<meta name=\"twitter:label2\" content=\"Dur\u00e9e de lecture estim\u00e9e\" \/>\n\t<meta name=\"twitter:data2\" content=\"2 minutes\" \/>\n<script type=\"application\/ld+json\" class=\"yoast-schema-graph\">{\"@context\":\"https:\/\/schema.org\",\"@graph\":[{\"@type\":\"Article\",\"@id\":\"https:\/\/peoplesphere.be\/fr\/la-fgtb-senthousiasme-a-la-perspective-dune-semaine-de-travail-de-4-jours-en-32-heures\/#article\",\"isPartOf\":{\"@id\":\"https:\/\/peoplesphere.be\/fr\/la-fgtb-senthousiasme-a-la-perspective-dune-semaine-de-travail-de-4-jours-en-32-heures\/\"},\"author\":{\"name\":\"Jean-Paul Erhard\",\"@id\":\"https:\/\/peoplesphere.be\/fr\/#\/schema\/person\/7976225ff17988604334abb7b3536a7e\"},\"headline\":\"La FGTB s&rsquo;enthousiasme \u00e0 la perspective d&rsquo;une semaine de travail de 4 jours en 32 heures.\",\"datePublished\":\"2024-02-20T10:31:31+00:00\",\"dateModified\":\"2024-02-20T10:31:31+00:00\",\"mainEntityOfPage\":{\"@id\":\"https:\/\/peoplesphere.be\/fr\/la-fgtb-senthousiasme-a-la-perspective-dune-semaine-de-travail-de-4-jours-en-32-heures\/\"},\"wordCount\":381,\"publisher\":{\"@id\":\"https:\/\/peoplesphere.be\/fr\/#organization\"},\"keywords\":[\"concertation sociale\",\"FGTB\",\"semaine de 4 jours\",\"syndicats\",\"temps de travail\"],\"articleSection\":[\"Actualit\u00e9s\",\"Digital\"],\"inLanguage\":\"fr-FR\"},{\"@type\":\"WebPage\",\"@id\":\"https:\/\/peoplesphere.be\/fr\/la-fgtb-senthousiasme-a-la-perspective-dune-semaine-de-travail-de-4-jours-en-32-heures\/\",\"url\":\"https:\/\/peoplesphere.be\/fr\/la-fgtb-senthousiasme-a-la-perspective-dune-semaine-de-travail-de-4-jours-en-32-heures\/\",\"name\":\"La FGTB s'enthousiasme \u00e0 la perspective d'une semaine de travail de 4 jours en 32 heures. - Peoplesphere\",\"isPartOf\":{\"@id\":\"https:\/\/peoplesphere.be\/fr\/#website\"},\"datePublished\":\"2024-02-20T10:31:31+00:00\",\"dateModified\":\"2024-02-20T10:31:31+00:00\",\"breadcrumb\":{\"@id\":\"https:\/\/peoplesphere.be\/fr\/la-fgtb-senthousiasme-a-la-perspective-dune-semaine-de-travail-de-4-jours-en-32-heures\/#breadcrumb\"},\"inLanguage\":\"fr-FR\",\"potentialAction\":[{\"@type\":\"ReadAction\",\"target\":[\"https:\/\/peoplesphere.be\/fr\/la-fgtb-senthousiasme-a-la-perspective-dune-semaine-de-travail-de-4-jours-en-32-heures\/\"]}]},{\"@type\":\"BreadcrumbList\",\"@id\":\"https:\/\/peoplesphere.be\/fr\/la-fgtb-senthousiasme-a-la-perspective-dune-semaine-de-travail-de-4-jours-en-32-heures\/#breadcrumb\",\"itemListElement\":[{\"@type\":\"ListItem\",\"position\":1,\"name\":\"Accueil\",\"item\":\"https:\/\/peoplesphere.be\/fr\/\"},{\"@type\":\"ListItem\",\"position\":2,\"name\":\"La FGTB s&rsquo;enthousiasme \u00e0 la perspective d&rsquo;une semaine de travail de 4 jours en 32 heures.\"}]},{\"@type\":\"WebSite\",\"@id\":\"https:\/\/peoplesphere.be\/fr\/#website\",\"url\":\"https:\/\/peoplesphere.be\/fr\/\",\"name\":\"Peoplesphere\",\"description\":\"The People Managers Magazine\",\"publisher\":{\"@id\":\"https:\/\/peoplesphere.be\/fr\/#organization\"},\"potentialAction\":[{\"@type\":\"SearchAction\",\"target\":{\"@type\":\"EntryPoint\",\"urlTemplate\":\"https:\/\/peoplesphere.be\/fr\/?s={search_term_string}\"},\"query-input\":\"required name=search_term_string\"}],\"inLanguage\":\"fr-FR\"},{\"@type\":\"Organization\",\"@id\":\"https:\/\/peoplesphere.be\/fr\/#organization\",\"name\":\"Peoplesphere Company srl\",\"url\":\"https:\/\/peoplesphere.be\/fr\/\",\"logo\":{\"@type\":\"ImageObject\",\"inLanguage\":\"fr-FR\",\"@id\":\"https:\/\/peoplesphere.be\/fr\/#\/schema\/logo\/image\/\",\"url\":\"https:\/\/peoplesphere.be\/fr\/wp-content\/uploads\/2023\/07\/peoplesphere-lgo-new-generik.jpg\",\"contentUrl\":\"https:\/\/peoplesphere.be\/fr\/wp-content\/uploads\/2023\/07\/peoplesphere-lgo-new-generik.jpg\",\"width\":1031,\"height\":1479,\"caption\":\"Peoplesphere Company srl\"},\"image\":{\"@id\":\"https:\/\/peoplesphere.be\/fr\/#\/schema\/logo\/image\/\"},\"sameAs\":[\"https:\/\/www.facebook.com\/peoplesphere\",\"https:\/\/twitter.com\/PeoplesphereMag\",\"https:\/\/www.linkedin.com\/company\/7587361?trk\",\"http:\/\/youtube.com\/peoplesphere\"]},{\"@type\":\"Person\",\"@id\":\"https:\/\/peoplesphere.be\/fr\/#\/schema\/person\/7976225ff17988604334abb7b3536a7e\",\"name\":\"Jean-Paul Erhard\",\"image\":{\"@type\":\"ImageObject\",\"inLanguage\":\"fr-FR\",\"@id\":\"https:\/\/peoplesphere.be\/fr\/#\/schema\/person\/image\/\",\"url\":\"https:\/\/secure.gravatar.com\/avatar\/f941e681460179738071629a51574930?s=96&d=mm&r=g\",\"contentUrl\":\"https:\/\/secure.gravatar.com\/avatar\/f941e681460179738071629a51574930?s=96&d=mm&r=g\",\"caption\":\"Jean-Paul Erhard\"},\"url\":\"https:\/\/peoplesphere.be\/fr\/author\/jpe\/\"}]}<\/script>\n<!-- \/ Yoast SEO plugin. -->","yoast_head_json":{"title":"La FGTB s'enthousiasme \u00e0 la perspective d'une semaine de travail de 4 jours en 32 heures. - Peoplesphere","robots":{"index":"index","follow":"follow","max-snippet":"max-snippet:-1","max-image-preview":"max-image-preview:large","max-video-preview":"max-video-preview:-1"},"canonical":"https:\/\/peoplesphere.be\/fr\/la-fgtb-senthousiasme-a-la-perspective-dune-semaine-de-travail-de-4-jours-en-32-heures\/","og_locale":"fr_FR","og_type":"article","og_title":"La FGTB s'enthousiasme \u00e0 la perspective d'une semaine de travail de 4 jours en 32 heures. - Peoplesphere","og_description":"Sans surprise, la FGTB soutient l\u2019id\u00e9e d\u2019une r\u00e9duction collective du temps de travail avec embauche compensatoire et maintien de salaire, selon la formule \u00ab\u00a032 heures en 4 jours pour un temps plein\u00a0\u00bb. Le syndicat confirme \u00ab\u00a0qu&rsquo;il s\u2019agit d\u2019une revendication syndicale [&hellip;]","og_url":"https:\/\/peoplesphere.be\/fr\/la-fgtb-senthousiasme-a-la-perspective-dune-semaine-de-travail-de-4-jours-en-32-heures\/","og_site_name":"Peoplesphere","article_publisher":"https:\/\/www.facebook.com\/peoplesphere","article_published_time":"2024-02-20T10:31:31+00:00","og_image":[{"url":"http:\/\/www.peoplesphere.be\/fr\/wp-content\/uploads\/2016\/07\/facebook-default-posting-1200x628px.jpg"}],"author":"Jean-Paul Erhard","twitter_card":"summary_large_image","twitter_creator":"@PeoplesphereMag","twitter_site":"@PeoplesphereMag","twitter_misc":{"\u00c9crit par":"Jean-Paul Erhard","Dur\u00e9e de lecture estim\u00e9e":"2 minutes"},"schema":{"@context":"https:\/\/schema.org","@graph":[{"@type":"Article","@id":"https:\/\/peoplesphere.be\/fr\/la-fgtb-senthousiasme-a-la-perspective-dune-semaine-de-travail-de-4-jours-en-32-heures\/#article","isPartOf":{"@id":"https:\/\/peoplesphere.be\/fr\/la-fgtb-senthousiasme-a-la-perspective-dune-semaine-de-travail-de-4-jours-en-32-heures\/"},"author":{"name":"Jean-Paul Erhard","@id":"https:\/\/peoplesphere.be\/fr\/#\/schema\/person\/7976225ff17988604334abb7b3536a7e"},"headline":"La FGTB s&rsquo;enthousiasme \u00e0 la perspective d&rsquo;une semaine de travail de 4 jours en 32 heures.","datePublished":"2024-02-20T10:31:31+00:00","dateModified":"2024-02-20T10:31:31+00:00","mainEntityOfPage":{"@id":"https:\/\/peoplesphere.be\/fr\/la-fgtb-senthousiasme-a-la-perspective-dune-semaine-de-travail-de-4-jours-en-32-heures\/"},"wordCount":381,"publisher":{"@id":"https:\/\/peoplesphere.be\/fr\/#organization"},"keywords":["concertation sociale","FGTB","semaine de 4 jours","syndicats","temps de travail"],"articleSection":["Actualit\u00e9s","Digital"],"inLanguage":"fr-FR"},{"@type":"WebPage","@id":"https:\/\/peoplesphere.be\/fr\/la-fgtb-senthousiasme-a-la-perspective-dune-semaine-de-travail-de-4-jours-en-32-heures\/","url":"https:\/\/peoplesphere.be\/fr\/la-fgtb-senthousiasme-a-la-perspective-dune-semaine-de-travail-de-4-jours-en-32-heures\/","name":"La FGTB s'enthousiasme \u00e0 la perspective d'une semaine de travail de 4 jours en 32 heures. - Peoplesphere","isPartOf":{"@id":"https:\/\/peoplesphere.be\/fr\/#website"},"datePublished":"2024-02-20T10:31:31+00:00","dateModified":"2024-02-20T10:31:31+00:00","breadcrumb":{"@id":"https:\/\/peoplesphere.be\/fr\/la-fgtb-senthousiasme-a-la-perspective-dune-semaine-de-travail-de-4-jours-en-32-heures\/#breadcrumb"},"inLanguage":"fr-FR","potentialAction":[{"@type":"ReadAction","target":["https:\/\/peoplesphere.be\/fr\/la-fgtb-senthousiasme-a-la-perspective-dune-semaine-de-travail-de-4-jours-en-32-heures\/"]}]},{"@type":"BreadcrumbList","@id":"https:\/\/peoplesphere.be\/fr\/la-fgtb-senthousiasme-a-la-perspective-dune-semaine-de-travail-de-4-jours-en-32-heures\/#breadcrumb","itemListElement":[{"@type":"ListItem","position":1,"name":"Accueil","item":"https:\/\/peoplesphere.be\/fr\/"},{"@type":"ListItem","position":2,"name":"La FGTB s&rsquo;enthousiasme \u00e0 la perspective d&rsquo;une semaine de travail de 4 jours en 32 heures."}]},{"@type":"WebSite","@id":"https:\/\/peoplesphere.be\/fr\/#website","url":"https:\/\/peoplesphere.be\/fr\/","name":"Peoplesphere","description":"The People Managers Magazine","publisher":{"@id":"https:\/\/peoplesphere.be\/fr\/#organization"},"potentialAction":[{"@type":"SearchAction","target":{"@type":"EntryPoint","urlTemplate":"https:\/\/peoplesphere.be\/fr\/?s={search_term_string}"},"query-input":"required name=search_term_string"}],"inLanguage":"fr-FR"},{"@type":"Organization","@id":"https:\/\/peoplesphere.be\/fr\/#organization","name":"Peoplesphere Company srl","url":"https:\/\/peoplesphere.be\/fr\/","logo":{"@type":"ImageObject","inLanguage":"fr-FR","@id":"https:\/\/peoplesphere.be\/fr\/#\/schema\/logo\/image\/","url":"https:\/\/peoplesphere.be\/fr\/wp-content\/uploads\/2023\/07\/peoplesphere-lgo-new-generik.jpg","contentUrl":"https:\/\/peoplesphere.be\/fr\/wp-content\/uploads\/2023\/07\/peoplesphere-lgo-new-generik.jpg","width":1031,"height":1479,"caption":"Peoplesphere Company srl"},"image":{"@id":"https:\/\/peoplesphere.be\/fr\/#\/schema\/logo\/image\/"},"sameAs":["https:\/\/www.facebook.com\/peoplesphere","https:\/\/twitter.com\/PeoplesphereMag","https:\/\/www.linkedin.com\/company\/7587361?trk","http:\/\/youtube.com\/peoplesphere"]},{"@type":"Person","@id":"https:\/\/peoplesphere.be\/fr\/#\/schema\/person\/7976225ff17988604334abb7b3536a7e","name":"Jean-Paul Erhard","image":{"@type":"ImageObject","inLanguage":"fr-FR","@id":"https:\/\/peoplesphere.be\/fr\/#\/schema\/person\/image\/","url":"https:\/\/secure.gravatar.com\/avatar\/f941e681460179738071629a51574930?s=96&d=mm&r=g","contentUrl":"https:\/\/secure.gravatar.com\/avatar\/f941e681460179738071629a51574930?s=96&d=mm&r=g","caption":"Jean-Paul Erhard"},"url":"https:\/\/peoplesphere.be\/fr\/author\/jpe\/"}]}},"_links":{"self":[{"href":"https:\/\/peoplesphere.be\/fr\/wp-json\/wp\/v2\/posts\/15713"}],"collection":[{"href":"https:\/\/peoplesphere.be\/fr\/wp-json\/wp\/v2\/posts"}],"about":[{"href":"https:\/\/peoplesphere.be\/fr\/wp-json\/wp\/v2\/types\/post"}],"author":[{"embeddable":true,"href":"https:\/\/peoplesphere.be\/fr\/wp-json\/wp\/v2\/users\/2"}],"replies":[{"embeddable":true,"href":"https:\/\/peoplesphere.be\/fr\/wp-json\/wp\/v2\/comments?post=15713"}],"version-history":[{"count":1,"href":"https:\/\/peoplesphere.be\/fr\/wp-json\/wp\/v2\/posts\/15713\/revisions"}],"predecessor-version":[{"id":15714,"href":"https:\/\/peoplesphere.be\/fr\/wp-json\/wp\/v2\/posts\/15713\/revisions\/15714"}],"wp:attachment":[{"href":"https:\/\/peoplesphere.be\/fr\/wp-json\/wp\/v2\/media?parent=15713"}],"wp:term":[{"taxonomy":"category","embeddable":true,"href":"https:\/\/peoplesphere.be\/fr\/wp-json\/wp\/v2\/categories?post=15713"},{"taxonomy":"post_tag","embeddable":true,"href":"https:\/\/peoplesphere.be\/fr\/wp-json\/wp\/v2\/tags?post=15713"}],"curies":[{"name":"wp","href":"https:\/\/api.w.org\/{rel}","templated":true}]}}