









{"id":15739,"date":"2024-02-22T15:53:52","date_gmt":"2024-02-22T13:53:52","guid":{"rendered":"https:\/\/peoplesphere.be\/fr\/?p=15739"},"modified":"2024-02-22T15:53:52","modified_gmt":"2024-02-22T13:53:52","slug":"4-wallons-actifs-sur-5-sont-favorables-au-cumul-de-plusieurs-emplois","status":"publish","type":"post","link":"https:\/\/peoplesphere.be\/fr\/4-wallons-actifs-sur-5-sont-favorables-au-cumul-de-plusieurs-emplois\/","title":{"rendered":"4 wallons actifs sur 5 sont favorables au cumul de plusieurs emplois."},"content":{"rendered":"<p>Aujourd&rsquo;hui, 4 wallons actifs sur 5 sont favorables \u00e0 l\u2019occupation d\u2019un second emploi. Beaucoup d&rsquo;entre eux ont besoin (80 %) ou envie (74 %) d&rsquo;un deuxi\u00e8me emploi. La principale motivation est d\u2019avoir une source suppl\u00e9mentaire de revenus, mais les contacts sociaux et la vari\u00e9t\u00e9 par rapport \u00e0 l&#8217;emploi principal comptent aussi.<!--more--><\/p>\n<p>4 wallons actifs sur 5 sont majoritairement favorables au cumul de plusieurs emplois. C&rsquo;est ce qui ressort d&rsquo;une \u00e9tude men\u00e9e aupr\u00e8s de 3.155 travailleurs par NOWJOBS, la plateforme de diffusion digitale pour les flexi-jobbers et les \u00e9tudiants. Les r\u00e9sultats sont \u00e9loquents : les travailleurs wallons souhaitent travailler davantage. Le revenu suppl\u00e9mentaire est une raison importante pour recourir \u00e0 un second job. Pour 20 % des Wallons actifs, ce compl\u00e9ment est n\u00e9cessaire pour joindre les deux bouts, mais la plupart des personnes interrog\u00e9es travaillent pour gagner un petit extra. C&rsquo;est surtout le cas des 35-54 ans (27%). Les travailleurs de moins de 35 ans veulent surtout \u00e9pargner (26,6%). L&rsquo;\u00e2ge auquel les jeunes quittent le domicile familial a augment\u00e9 ces derni\u00e8res ann\u00e9es, d\u00fb au fait que la plupart d&rsquo;entre eux \u00e9pargnent en vue de l&rsquo;achat d&rsquo;une maison.<\/p>\n<p>La seconde motivation est li\u00e9e \u00e0 la diversit\u00e9 des t\u00e2ches quotidiennes. Les diff\u00e9rentes tranches d&rsquo;\u00e2ge cherchent \u00e0 \u00e9viter l&rsquo;ennui en diversifiant leur routine avec un deuxi\u00e8me emploi, surtout les jeunes. Les personnes avec un revenu secondaire sont souvent motiv\u00e9es par des raisons financi\u00e8res et sociales. Les retrait\u00e9s trouvent dans le flexi-job un moyen de rester actifs.<\/p>\n<p>Malgr\u00e9 cela, l&rsquo;\u00e9tude montre que les flexi-jobs sont encore peu connus, m\u00eame s\u2019ils offrent des opportunit\u00e9s dans 22 secteurs. Cette r\u00e9serve de main-d&rsquo;\u0153uvre flexible est \u00e9galement un atout pour les employeurs, leur permettant de s&rsquo;adapter aux p\u00e9riodes de forte activit\u00e9.<\/p>\n<p><em>\u00ab\u00a0Les employeurs qui r\u00e9pondent \u00e0 ces attentes peuvent utiliser ce potentiel de travailleurs suppl\u00e9mentaires. Ils peuvent faire appel \u00e0 des \u00e9tudiants et \u00e0 des flexi-jobbers en p\u00e9riode de forte affluence. Ainsi, ils n&rsquo;ont pas de sureffectif pendant les p\u00e9riodes plus calmes, et ils disposent de renforts pendant les p\u00e9riodes plus charg\u00e9es sans que leurs employ\u00e9s permanents ne perdent leur s\u00e9curit\u00e9 d&#8217;emploi\u00a0\u00bb<\/em>, explique Eline David, General Manager de NOWJOBS Belgique.<\/p>\n<p>De plus en plus de travailleurs recherchent un deuxi\u00e8me emploi et ont une id\u00e9e pr\u00e9cise de ce qu&rsquo;ils veulent. Les employeurs qui r\u00e9pondent \u00e0 leurs besoins peuvent b\u00e9n\u00e9ficier de cette main-d&rsquo;\u0153uvre flexible pour pallier la p\u00e9nurie de personnel lors des p\u00e9riodes charg\u00e9es.<\/p>\n","protected":false},"excerpt":{"rendered":"<p>Aujourd&rsquo;hui, 4 wallons actifs sur 5 sont favorables \u00e0 l\u2019occupation d\u2019un second emploi. Beaucoup d&rsquo;entre eux ont besoin (80 %) ou envie (74 %) d&rsquo;un deuxi\u00e8me emploi. La principale motivation est d\u2019avoir une source suppl\u00e9mentaire de revenus, mais les contacts [&hellip;]<\/p>\n","protected":false},"author":2,"featured_media":0,"comment_status":"closed","ping_status":"open","sticky":false,"template":"","format":"standard","meta":[],"categories":[65,10],"tags":[1886,220,680],"yoast_head":"<!-- This site is optimized with the Yoast SEO plugin v21.0 - https:\/\/yoast.com\/wordpress\/plugins\/seo\/ -->\n<title>4 wallons actifs sur 5 sont favorables au cumul de plusieurs emplois. - Peoplesphere<\/title>\n<meta name=\"robots\" content=\"index, follow, max-snippet:-1, max-image-preview:large, max-video-preview:-1\" \/>\n<link rel=\"canonical\" href=\"https:\/\/peoplesphere.be\/fr\/4-wallons-actifs-sur-5-sont-favorables-au-cumul-de-plusieurs-emplois\/\" \/>\n<meta property=\"og:locale\" content=\"fr_FR\" \/>\n<meta property=\"og:type\" content=\"article\" \/>\n<meta property=\"og:title\" content=\"4 wallons actifs sur 5 sont favorables au cumul de plusieurs emplois. - Peoplesphere\" \/>\n<meta property=\"og:description\" content=\"Aujourd&rsquo;hui, 4 wallons actifs sur 5 sont favorables \u00e0 l\u2019occupation d\u2019un second emploi. Beaucoup d&rsquo;entre eux ont besoin (80 %) ou envie (74 %) d&rsquo;un deuxi\u00e8me emploi. La principale motivation est d\u2019avoir une source suppl\u00e9mentaire de revenus, mais les contacts [&hellip;]\" \/>\n<meta property=\"og:url\" content=\"https:\/\/peoplesphere.be\/fr\/4-wallons-actifs-sur-5-sont-favorables-au-cumul-de-plusieurs-emplois\/\" \/>\n<meta property=\"og:site_name\" content=\"Peoplesphere\" \/>\n<meta property=\"article:publisher\" content=\"https:\/\/www.facebook.com\/peoplesphere\" \/>\n<meta property=\"article:published_time\" content=\"2024-02-22T13:53:52+00:00\" \/>\n<meta property=\"og:image\" content=\"http:\/\/www.peoplesphere.be\/fr\/wp-content\/uploads\/2016\/07\/facebook-default-posting-1200x628px.jpg\" \/>\n<meta name=\"author\" content=\"Jean-Paul Erhard\" \/>\n<meta name=\"twitter:card\" content=\"summary_large_image\" \/>\n<meta name=\"twitter:creator\" content=\"@PeoplesphereMag\" \/>\n<meta name=\"twitter:site\" content=\"@PeoplesphereMag\" \/>\n<meta name=\"twitter:label1\" content=\"\u00c9crit par\" \/>\n\t<meta name=\"twitter:data1\" content=\"Jean-Paul Erhard\" \/>\n\t<meta name=\"twitter:label2\" content=\"Dur\u00e9e de lecture estim\u00e9e\" \/>\n\t<meta name=\"twitter:data2\" content=\"3 minutes\" \/>\n<script type=\"application\/ld+json\" class=\"yoast-schema-graph\">{\"@context\":\"https:\/\/schema.org\",\"@graph\":[{\"@type\":\"Article\",\"@id\":\"https:\/\/peoplesphere.be\/fr\/4-wallons-actifs-sur-5-sont-favorables-au-cumul-de-plusieurs-emplois\/#article\",\"isPartOf\":{\"@id\":\"https:\/\/peoplesphere.be\/fr\/4-wallons-actifs-sur-5-sont-favorables-au-cumul-de-plusieurs-emplois\/\"},\"author\":{\"name\":\"Jean-Paul Erhard\",\"@id\":\"https:\/\/peoplesphere.be\/fr\/#\/schema\/person\/7976225ff17988604334abb7b3536a7e\"},\"headline\":\"4 wallons actifs sur 5 sont favorables au cumul de plusieurs emplois.\",\"datePublished\":\"2024-02-22T13:53:52+00:00\",\"dateModified\":\"2024-02-22T13:53:52+00:00\",\"mainEntityOfPage\":{\"@id\":\"https:\/\/peoplesphere.be\/fr\/4-wallons-actifs-sur-5-sont-favorables-au-cumul-de-plusieurs-emplois\/\"},\"wordCount\":427,\"publisher\":{\"@id\":\"https:\/\/peoplesphere.be\/fr\/#organization\"},\"keywords\":[\"cumul\",\"flexibilit\u00e9\",\"revenus\"],\"articleSection\":[\"Actualit\u00e9s\",\"Digital\"],\"inLanguage\":\"fr-FR\"},{\"@type\":\"WebPage\",\"@id\":\"https:\/\/peoplesphere.be\/fr\/4-wallons-actifs-sur-5-sont-favorables-au-cumul-de-plusieurs-emplois\/\",\"url\":\"https:\/\/peoplesphere.be\/fr\/4-wallons-actifs-sur-5-sont-favorables-au-cumul-de-plusieurs-emplois\/\",\"name\":\"4 wallons actifs sur 5 sont favorables au cumul de plusieurs emplois. - Peoplesphere\",\"isPartOf\":{\"@id\":\"https:\/\/peoplesphere.be\/fr\/#website\"},\"datePublished\":\"2024-02-22T13:53:52+00:00\",\"dateModified\":\"2024-02-22T13:53:52+00:00\",\"breadcrumb\":{\"@id\":\"https:\/\/peoplesphere.be\/fr\/4-wallons-actifs-sur-5-sont-favorables-au-cumul-de-plusieurs-emplois\/#breadcrumb\"},\"inLanguage\":\"fr-FR\",\"potentialAction\":[{\"@type\":\"ReadAction\",\"target\":[\"https:\/\/peoplesphere.be\/fr\/4-wallons-actifs-sur-5-sont-favorables-au-cumul-de-plusieurs-emplois\/\"]}]},{\"@type\":\"BreadcrumbList\",\"@id\":\"https:\/\/peoplesphere.be\/fr\/4-wallons-actifs-sur-5-sont-favorables-au-cumul-de-plusieurs-emplois\/#breadcrumb\",\"itemListElement\":[{\"@type\":\"ListItem\",\"position\":1,\"name\":\"Accueil\",\"item\":\"https:\/\/peoplesphere.be\/fr\/\"},{\"@type\":\"ListItem\",\"position\":2,\"name\":\"4 wallons actifs sur 5 sont favorables au cumul de plusieurs emplois.\"}]},{\"@type\":\"WebSite\",\"@id\":\"https:\/\/peoplesphere.be\/fr\/#website\",\"url\":\"https:\/\/peoplesphere.be\/fr\/\",\"name\":\"Peoplesphere\",\"description\":\"The People Managers Magazine\",\"publisher\":{\"@id\":\"https:\/\/peoplesphere.be\/fr\/#organization\"},\"potentialAction\":[{\"@type\":\"SearchAction\",\"target\":{\"@type\":\"EntryPoint\",\"urlTemplate\":\"https:\/\/peoplesphere.be\/fr\/?s={search_term_string}\"},\"query-input\":\"required name=search_term_string\"}],\"inLanguage\":\"fr-FR\"},{\"@type\":\"Organization\",\"@id\":\"https:\/\/peoplesphere.be\/fr\/#organization\",\"name\":\"Peoplesphere Company srl\",\"url\":\"https:\/\/peoplesphere.be\/fr\/\",\"logo\":{\"@type\":\"ImageObject\",\"inLanguage\":\"fr-FR\",\"@id\":\"https:\/\/peoplesphere.be\/fr\/#\/schema\/logo\/image\/\",\"url\":\"https:\/\/peoplesphere.be\/fr\/wp-content\/uploads\/2023\/07\/peoplesphere-lgo-new-generik.jpg\",\"contentUrl\":\"https:\/\/peoplesphere.be\/fr\/wp-content\/uploads\/2023\/07\/peoplesphere-lgo-new-generik.jpg\",\"width\":1031,\"height\":1479,\"caption\":\"Peoplesphere Company srl\"},\"image\":{\"@id\":\"https:\/\/peoplesphere.be\/fr\/#\/schema\/logo\/image\/\"},\"sameAs\":[\"https:\/\/www.facebook.com\/peoplesphere\",\"https:\/\/twitter.com\/PeoplesphereMag\",\"https:\/\/www.linkedin.com\/company\/7587361?trk\",\"http:\/\/youtube.com\/peoplesphere\"]},{\"@type\":\"Person\",\"@id\":\"https:\/\/peoplesphere.be\/fr\/#\/schema\/person\/7976225ff17988604334abb7b3536a7e\",\"name\":\"Jean-Paul Erhard\",\"image\":{\"@type\":\"ImageObject\",\"inLanguage\":\"fr-FR\",\"@id\":\"https:\/\/peoplesphere.be\/fr\/#\/schema\/person\/image\/\",\"url\":\"https:\/\/secure.gravatar.com\/avatar\/f941e681460179738071629a51574930?s=96&d=mm&r=g\",\"contentUrl\":\"https:\/\/secure.gravatar.com\/avatar\/f941e681460179738071629a51574930?s=96&d=mm&r=g\",\"caption\":\"Jean-Paul Erhard\"},\"url\":\"https:\/\/peoplesphere.be\/fr\/author\/jpe\/\"}]}<\/script>\n<!-- \/ Yoast SEO plugin. -->","yoast_head_json":{"title":"4 wallons actifs sur 5 sont favorables au cumul de plusieurs emplois. - Peoplesphere","robots":{"index":"index","follow":"follow","max-snippet":"max-snippet:-1","max-image-preview":"max-image-preview:large","max-video-preview":"max-video-preview:-1"},"canonical":"https:\/\/peoplesphere.be\/fr\/4-wallons-actifs-sur-5-sont-favorables-au-cumul-de-plusieurs-emplois\/","og_locale":"fr_FR","og_type":"article","og_title":"4 wallons actifs sur 5 sont favorables au cumul de plusieurs emplois. - Peoplesphere","og_description":"Aujourd&rsquo;hui, 4 wallons actifs sur 5 sont favorables \u00e0 l\u2019occupation d\u2019un second emploi. Beaucoup d&rsquo;entre eux ont besoin (80 %) ou envie (74 %) d&rsquo;un deuxi\u00e8me emploi. La principale motivation est d\u2019avoir une source suppl\u00e9mentaire de revenus, mais les contacts [&hellip;]","og_url":"https:\/\/peoplesphere.be\/fr\/4-wallons-actifs-sur-5-sont-favorables-au-cumul-de-plusieurs-emplois\/","og_site_name":"Peoplesphere","article_publisher":"https:\/\/www.facebook.com\/peoplesphere","article_published_time":"2024-02-22T13:53:52+00:00","og_image":[{"url":"http:\/\/www.peoplesphere.be\/fr\/wp-content\/uploads\/2016\/07\/facebook-default-posting-1200x628px.jpg"}],"author":"Jean-Paul Erhard","twitter_card":"summary_large_image","twitter_creator":"@PeoplesphereMag","twitter_site":"@PeoplesphereMag","twitter_misc":{"\u00c9crit par":"Jean-Paul Erhard","Dur\u00e9e de lecture estim\u00e9e":"3 minutes"},"schema":{"@context":"https:\/\/schema.org","@graph":[{"@type":"Article","@id":"https:\/\/peoplesphere.be\/fr\/4-wallons-actifs-sur-5-sont-favorables-au-cumul-de-plusieurs-emplois\/#article","isPartOf":{"@id":"https:\/\/peoplesphere.be\/fr\/4-wallons-actifs-sur-5-sont-favorables-au-cumul-de-plusieurs-emplois\/"},"author":{"name":"Jean-Paul Erhard","@id":"https:\/\/peoplesphere.be\/fr\/#\/schema\/person\/7976225ff17988604334abb7b3536a7e"},"headline":"4 wallons actifs sur 5 sont favorables au cumul de plusieurs emplois.","datePublished":"2024-02-22T13:53:52+00:00","dateModified":"2024-02-22T13:53:52+00:00","mainEntityOfPage":{"@id":"https:\/\/peoplesphere.be\/fr\/4-wallons-actifs-sur-5-sont-favorables-au-cumul-de-plusieurs-emplois\/"},"wordCount":427,"publisher":{"@id":"https:\/\/peoplesphere.be\/fr\/#organization"},"keywords":["cumul","flexibilit\u00e9","revenus"],"articleSection":["Actualit\u00e9s","Digital"],"inLanguage":"fr-FR"},{"@type":"WebPage","@id":"https:\/\/peoplesphere.be\/fr\/4-wallons-actifs-sur-5-sont-favorables-au-cumul-de-plusieurs-emplois\/","url":"https:\/\/peoplesphere.be\/fr\/4-wallons-actifs-sur-5-sont-favorables-au-cumul-de-plusieurs-emplois\/","name":"4 wallons actifs sur 5 sont favorables au cumul de plusieurs emplois. - Peoplesphere","isPartOf":{"@id":"https:\/\/peoplesphere.be\/fr\/#website"},"datePublished":"2024-02-22T13:53:52+00:00","dateModified":"2024-02-22T13:53:52+00:00","breadcrumb":{"@id":"https:\/\/peoplesphere.be\/fr\/4-wallons-actifs-sur-5-sont-favorables-au-cumul-de-plusieurs-emplois\/#breadcrumb"},"inLanguage":"fr-FR","potentialAction":[{"@type":"ReadAction","target":["https:\/\/peoplesphere.be\/fr\/4-wallons-actifs-sur-5-sont-favorables-au-cumul-de-plusieurs-emplois\/"]}]},{"@type":"BreadcrumbList","@id":"https:\/\/peoplesphere.be\/fr\/4-wallons-actifs-sur-5-sont-favorables-au-cumul-de-plusieurs-emplois\/#breadcrumb","itemListElement":[{"@type":"ListItem","position":1,"name":"Accueil","item":"https:\/\/peoplesphere.be\/fr\/"},{"@type":"ListItem","position":2,"name":"4 wallons actifs sur 5 sont favorables au cumul de plusieurs emplois."}]},{"@type":"WebSite","@id":"https:\/\/peoplesphere.be\/fr\/#website","url":"https:\/\/peoplesphere.be\/fr\/","name":"Peoplesphere","description":"The People Managers Magazine","publisher":{"@id":"https:\/\/peoplesphere.be\/fr\/#organization"},"potentialAction":[{"@type":"SearchAction","target":{"@type":"EntryPoint","urlTemplate":"https:\/\/peoplesphere.be\/fr\/?s={search_term_string}"},"query-input":"required name=search_term_string"}],"inLanguage":"fr-FR"},{"@type":"Organization","@id":"https:\/\/peoplesphere.be\/fr\/#organization","name":"Peoplesphere Company srl","url":"https:\/\/peoplesphere.be\/fr\/","logo":{"@type":"ImageObject","inLanguage":"fr-FR","@id":"https:\/\/peoplesphere.be\/fr\/#\/schema\/logo\/image\/","url":"https:\/\/peoplesphere.be\/fr\/wp-content\/uploads\/2023\/07\/peoplesphere-lgo-new-generik.jpg","contentUrl":"https:\/\/peoplesphere.be\/fr\/wp-content\/uploads\/2023\/07\/peoplesphere-lgo-new-generik.jpg","width":1031,"height":1479,"caption":"Peoplesphere Company srl"},"image":{"@id":"https:\/\/peoplesphere.be\/fr\/#\/schema\/logo\/image\/"},"sameAs":["https:\/\/www.facebook.com\/peoplesphere","https:\/\/twitter.com\/PeoplesphereMag","https:\/\/www.linkedin.com\/company\/7587361?trk","http:\/\/youtube.com\/peoplesphere"]},{"@type":"Person","@id":"https:\/\/peoplesphere.be\/fr\/#\/schema\/person\/7976225ff17988604334abb7b3536a7e","name":"Jean-Paul Erhard","image":{"@type":"ImageObject","inLanguage":"fr-FR","@id":"https:\/\/peoplesphere.be\/fr\/#\/schema\/person\/image\/","url":"https:\/\/secure.gravatar.com\/avatar\/f941e681460179738071629a51574930?s=96&d=mm&r=g","contentUrl":"https:\/\/secure.gravatar.com\/avatar\/f941e681460179738071629a51574930?s=96&d=mm&r=g","caption":"Jean-Paul Erhard"},"url":"https:\/\/peoplesphere.be\/fr\/author\/jpe\/"}]}},"_links":{"self":[{"href":"https:\/\/peoplesphere.be\/fr\/wp-json\/wp\/v2\/posts\/15739"}],"collection":[{"href":"https:\/\/peoplesphere.be\/fr\/wp-json\/wp\/v2\/posts"}],"about":[{"href":"https:\/\/peoplesphere.be\/fr\/wp-json\/wp\/v2\/types\/post"}],"author":[{"embeddable":true,"href":"https:\/\/peoplesphere.be\/fr\/wp-json\/wp\/v2\/users\/2"}],"replies":[{"embeddable":true,"href":"https:\/\/peoplesphere.be\/fr\/wp-json\/wp\/v2\/comments?post=15739"}],"version-history":[{"count":1,"href":"https:\/\/peoplesphere.be\/fr\/wp-json\/wp\/v2\/posts\/15739\/revisions"}],"predecessor-version":[{"id":15740,"href":"https:\/\/peoplesphere.be\/fr\/wp-json\/wp\/v2\/posts\/15739\/revisions\/15740"}],"wp:attachment":[{"href":"https:\/\/peoplesphere.be\/fr\/wp-json\/wp\/v2\/media?parent=15739"}],"wp:term":[{"taxonomy":"category","embeddable":true,"href":"https:\/\/peoplesphere.be\/fr\/wp-json\/wp\/v2\/categories?post=15739"},{"taxonomy":"post_tag","embeddable":true,"href":"https:\/\/peoplesphere.be\/fr\/wp-json\/wp\/v2\/tags?post=15739"}],"curies":[{"name":"wp","href":"https:\/\/api.w.org\/{rel}","templated":true}]}}