









{"id":15745,"date":"2024-02-23T12:20:04","date_gmt":"2024-02-23T10:20:04","guid":{"rendered":"https:\/\/peoplesphere.be\/fr\/?p=15745"},"modified":"2024-02-25T15:28:22","modified_gmt":"2024-02-25T13:28:22","slug":"rendez-vous-au-colloque-de-ladp-liege-le-26-mars-les-nouveaux-enjeux-de-la-formation-transformez-les-obligations-legales-en-opportunites","status":"publish","type":"post","link":"https:\/\/peoplesphere.be\/fr\/rendez-vous-au-colloque-de-ladp-liege-le-26-mars-les-nouveaux-enjeux-de-la-formation-transformez-les-obligations-legales-en-opportunites\/","title":{"rendered":"Rendez-vous au Colloque de l&rsquo;ADP Li\u00e8ge le 26 mars &#8211; Les nouveaux enjeux de la formation: transformez les obligations l\u00e9gales en opportunit\u00e9s."},"content":{"rendered":"<p>L\u2019ADP Li\u00e8ge a le plaisir de vous inviter \u00e0 son colloque du mardi 26 mars 2024 d\u00e8s 8h30 au Val Benoit, Quai Banning 4 \u00e0 Li\u00e8ge. <a href=\"https:\/\/docs.google.com\/forms\/d\/e\/1FAIpQLSdFdm8KIXYH0QqIz4vbU1iPHzqXEXbywh7guDqsN3UEkxjkgQ\/viewform\">Rejoignez-nous pour une journ\u00e9e de r\u00e9flexion<\/a> sur ce th\u00e8me, en compagnie de professionnels des ressources humaines, de chercheurs et d\u2019experts de premier plan.<!--more--><\/p>\n<p>La loi du 3 octobre 2022 pr\u00e9voit une augmentation du nombre de jours obligatoires de formation en entreprise et une individualisation du droit \u00e0 la formation pour chaque travailleur. En 2024, ce droit pourra s\u2019\u00e9lever \u00e0 5 jours pour un temps plein.<\/p>\n<p>Ces nouvelles obligations, de nature \u00e0 permettre aux travailleurs d\u2019acqu\u00e9rir de nouvelles comp\u00e9tences, d\u2019\u00e9largir leur panel de connaissances, de se d\u00e9velopper dans leur domaine professionnel ou en dehors, ou encore d\u2019am\u00e9liorer leur employabilit\u00e9, offriraient-elles \u00e9galement des opportunit\u00e9s aux entreprises ? Lesquelles ? Comment en retirer le meilleur pour nos organisations ?<\/p>\n<p>Au programme :<\/p>\n<p><strong><em>08H30<\/em><\/strong> &#8211; Petit-d\u00e9jeuner et accueil des participants<\/p>\n<p><strong><em>09H00<\/em><\/strong> &#8211; Introduction par Brigitte Mestrez et Steeve Krupp, Pr\u00e9sidents de l\u2019ADP Li\u00e8ge.<\/p>\n<p><strong><em>La formation aujourd\u2019hui : \u00e9tat des lieux et interrogations,<\/em><\/strong> par Sandra Enlart, Directrice g\u00e9n\u00e9rale d\u2019Entreprise &amp; Personnel et Professeur \u00e0 l\u2019Universit\u00e9 de Gen\u00e8ve en Sciences de l\u2019\u00e9ducation<\/p>\n<p><strong><em>R\u00f4le des pouvoirs publics en mati\u00e8re de formation et enjeux,<\/em><\/strong> par Raymonde Yerna, Administratrice g\u00e9n\u00e9rale du Forem<\/p>\n<p>Table ronde et d\u00e9bats <strong><em>\u00ab\u00a0Le point sur le nouveau cadre institutionnel et les obligations l\u00e9gales\u00a0\u00bb<\/em><\/strong>, anim\u00e9s par Christine Beyer, Learning &amp; HR Digitalization Director chez Hydro Extrusions avec :<\/p>\n<ul>\n<li>Jean-Paul Lacomble, Avocat associ\u00e9 Claeys&amp;Engels<\/li>\n<li>Fran\u00e7oise Colery, Head of Learning &amp; Development chez Bio-Win<\/li>\n<li>Laurent Gall, Coordinateur Formations Wallonie chez Alimento<\/li>\n<li>Paul-Philippe Hick, Directeur chez Embuild Li\u00e8ge &#8211; Chambre de la Construction de Li\u00e8ge<\/li>\n<\/ul>\n<p><strong><em>12h00<\/em><\/strong> &#8211; Lunch et networking<\/p>\n<p><strong><em>13h00<\/em><\/strong> &#8211; Ateliers de r\u00e9flexions et partages d\u2019exp\u00e9riences autour de 4 th\u00e8mes :<\/p>\n<ul>\n<li>La mise en place d\u2019une acad\u00e9mie de la formation : \u00e9cueils et perspectives par Christophe Desloovere, Project Manager chez Prayon, et l\u2019exp\u00e9rience concr\u00e8te de l\u2019entreprise Vinventions<\/li>\n<li>Les enjeux de la digitalisation de la formation \u2013 la place du relationnel et de l\u2019humain dans la formation par Simon Tonon, Attach\u00e9, et Pauline Bailly, Int\u00e9gratrice e-learning\/digital au Service Formation &amp; D\u00e9veloppement de Citadelle H\u00f4pital<\/li>\n<li>Gestion des savoirs critiques \u2013 transmission des connaissances, par Arnaud Li\u00e9geois, Knowledge Manager chez John Cockerill<\/li>\n<li>ROTI (Return On Training Investment) : Comment montrer la valeur ajout\u00e9e de la formation en entreprise ? Comment mesurer la formation informelle ?<\/li>\n<\/ul>\n<p><strong><em>Questions aux experts par la jeune g\u00e9n\u00e9ration RH<\/em><\/strong> avec Adeline Delmot Van Hoorde, Change &amp; Training Specialist chez Total Energies<\/p>\n<p><strong><em>Conclusion<\/em> <\/strong>par Fran\u00e7ois Pichault, Professeur \u00e0 HEC\/ULi\u00e8ge et Directeur du LENTIC<\/p>\n<p><strong><em>16h20<\/em><\/strong> &#8211; Cocktail de cl\u00f4ture et networking<\/p>\n<h3><strong><em>Comment s&rsquo;inscrire ?<\/em><\/strong><\/h3>\n<p><a href=\"https:\/\/docs.google.com\/forms\/d\/e\/1FAIpQLSdFdm8KIXYH0QqIz4vbU1iPHzqXEXbywh7guDqsN3UEkxjkgQ\/viewform\">Inscription en ligne sur Colloque 26\/03\/2024<\/a> pour le 22 mars 2024 au plus tard.<\/p>\n<p>Participation aux frais : 150\u20ac pour les non-membres -100\u20ac pour les membres de l\u2019ADP Li\u00e8ge et des associations partenaires, \u00e0 verser anticipativement sur le compte BE40 0689 3870 1763 de l&rsquo;ADP Li\u00e8ge avec mention \u00ab Colloque ADP 26\/03\/2024, NOM et Pr\u00e9nom \u00bb.<\/p>\n","protected":false},"excerpt":{"rendered":"<p>L\u2019ADP Li\u00e8ge a le plaisir de vous inviter \u00e0 son colloque du mardi 26 mars 2024 d\u00e8s 8h30 au Val Benoit, Quai Banning 4 \u00e0 Li\u00e8ge. Rejoignez-nous pour une journ\u00e9e de r\u00e9flexion sur ce th\u00e8me, en compagnie de professionnels des [&hellip;]<\/p>\n","protected":false},"author":2,"featured_media":0,"comment_status":"closed","ping_status":"open","sticky":false,"template":"","format":"standard","meta":[],"categories":[65,67,10,8],"tags":[274,48,3986],"yoast_head":"<!-- This site is optimized with the Yoast SEO plugin v21.0 - https:\/\/yoast.com\/wordpress\/plugins\/seo\/ -->\n<title>Rendez-vous au Colloque de l&#039;ADP Li\u00e8ge le 26 mars - Les nouveaux enjeux de la formation: transformez les obligations l\u00e9gales en opportunit\u00e9s. - Peoplesphere<\/title>\n<meta name=\"robots\" content=\"index, follow, max-snippet:-1, max-image-preview:large, max-video-preview:-1\" \/>\n<link rel=\"canonical\" href=\"https:\/\/peoplesphere.be\/fr\/rendez-vous-au-colloque-de-ladp-liege-le-26-mars-les-nouveaux-enjeux-de-la-formation-transformez-les-obligations-legales-en-opportunites\/\" \/>\n<meta property=\"og:locale\" content=\"fr_FR\" \/>\n<meta property=\"og:type\" content=\"article\" \/>\n<meta property=\"og:title\" content=\"Rendez-vous au Colloque de l&#039;ADP Li\u00e8ge le 26 mars - Les nouveaux enjeux de la formation: transformez les obligations l\u00e9gales en opportunit\u00e9s. - Peoplesphere\" \/>\n<meta property=\"og:description\" content=\"L\u2019ADP Li\u00e8ge a le plaisir de vous inviter \u00e0 son colloque du mardi 26 mars 2024 d\u00e8s 8h30 au Val Benoit, Quai Banning 4 \u00e0 Li\u00e8ge. Rejoignez-nous pour une journ\u00e9e de r\u00e9flexion sur ce th\u00e8me, en compagnie de professionnels des [&hellip;]\" \/>\n<meta property=\"og:url\" content=\"https:\/\/peoplesphere.be\/fr\/rendez-vous-au-colloque-de-ladp-liege-le-26-mars-les-nouveaux-enjeux-de-la-formation-transformez-les-obligations-legales-en-opportunites\/\" \/>\n<meta property=\"og:site_name\" content=\"Peoplesphere\" \/>\n<meta property=\"article:publisher\" content=\"https:\/\/www.facebook.com\/peoplesphere\" \/>\n<meta property=\"article:published_time\" content=\"2024-02-23T10:20:04+00:00\" \/>\n<meta property=\"article:modified_time\" content=\"2024-02-25T13:28:22+00:00\" \/>\n<meta property=\"og:image\" content=\"http:\/\/www.peoplesphere.be\/fr\/wp-content\/uploads\/2016\/07\/facebook-default-posting-1200x628px.jpg\" \/>\n<meta name=\"author\" content=\"Jean-Paul Erhard\" \/>\n<meta name=\"twitter:card\" content=\"summary_large_image\" \/>\n<meta name=\"twitter:creator\" content=\"@PeoplesphereMag\" \/>\n<meta name=\"twitter:site\" content=\"@PeoplesphereMag\" \/>\n<meta name=\"twitter:label1\" content=\"\u00c9crit par\" \/>\n\t<meta name=\"twitter:data1\" content=\"Jean-Paul Erhard\" \/>\n\t<meta name=\"twitter:label2\" content=\"Dur\u00e9e de lecture estim\u00e9e\" \/>\n\t<meta name=\"twitter:data2\" content=\"3 minutes\" \/>\n<script type=\"application\/ld+json\" class=\"yoast-schema-graph\">{\"@context\":\"https:\/\/schema.org\",\"@graph\":[{\"@type\":\"Article\",\"@id\":\"https:\/\/peoplesphere.be\/fr\/rendez-vous-au-colloque-de-ladp-liege-le-26-mars-les-nouveaux-enjeux-de-la-formation-transformez-les-obligations-legales-en-opportunites\/#article\",\"isPartOf\":{\"@id\":\"https:\/\/peoplesphere.be\/fr\/rendez-vous-au-colloque-de-ladp-liege-le-26-mars-les-nouveaux-enjeux-de-la-formation-transformez-les-obligations-legales-en-opportunites\/\"},\"author\":{\"name\":\"Jean-Paul Erhard\",\"@id\":\"https:\/\/peoplesphere.be\/fr\/#\/schema\/person\/7976225ff17988604334abb7b3536a7e\"},\"headline\":\"Rendez-vous au Colloque de l&rsquo;ADP Li\u00e8ge le 26 mars &#8211; Les nouveaux enjeux de la formation: transformez les obligations l\u00e9gales en opportunit\u00e9s.\",\"datePublished\":\"2024-02-23T10:20:04+00:00\",\"dateModified\":\"2024-02-25T13:28:22+00:00\",\"mainEntityOfPage\":{\"@id\":\"https:\/\/peoplesphere.be\/fr\/rendez-vous-au-colloque-de-ladp-liege-le-26-mars-les-nouveaux-enjeux-de-la-formation-transformez-les-obligations-legales-en-opportunites\/\"},\"wordCount\":539,\"publisher\":{\"@id\":\"https:\/\/peoplesphere.be\/fr\/#organization\"},\"keywords\":[\"ADP Li\u00e8ge\",\"Formation\",\"obligations l\u00e9gales\"],\"articleSection\":[\"Actualit\u00e9s\",\"Calendrier\",\"Digital\",\"Events\"],\"inLanguage\":\"fr-FR\"},{\"@type\":\"WebPage\",\"@id\":\"https:\/\/peoplesphere.be\/fr\/rendez-vous-au-colloque-de-ladp-liege-le-26-mars-les-nouveaux-enjeux-de-la-formation-transformez-les-obligations-legales-en-opportunites\/\",\"url\":\"https:\/\/peoplesphere.be\/fr\/rendez-vous-au-colloque-de-ladp-liege-le-26-mars-les-nouveaux-enjeux-de-la-formation-transformez-les-obligations-legales-en-opportunites\/\",\"name\":\"Rendez-vous au Colloque de l'ADP Li\u00e8ge le 26 mars - Les nouveaux enjeux de la formation: transformez les obligations l\u00e9gales en opportunit\u00e9s. - Peoplesphere\",\"isPartOf\":{\"@id\":\"https:\/\/peoplesphere.be\/fr\/#website\"},\"datePublished\":\"2024-02-23T10:20:04+00:00\",\"dateModified\":\"2024-02-25T13:28:22+00:00\",\"breadcrumb\":{\"@id\":\"https:\/\/peoplesphere.be\/fr\/rendez-vous-au-colloque-de-ladp-liege-le-26-mars-les-nouveaux-enjeux-de-la-formation-transformez-les-obligations-legales-en-opportunites\/#breadcrumb\"},\"inLanguage\":\"fr-FR\",\"potentialAction\":[{\"@type\":\"ReadAction\",\"target\":[\"https:\/\/peoplesphere.be\/fr\/rendez-vous-au-colloque-de-ladp-liege-le-26-mars-les-nouveaux-enjeux-de-la-formation-transformez-les-obligations-legales-en-opportunites\/\"]}]},{\"@type\":\"BreadcrumbList\",\"@id\":\"https:\/\/peoplesphere.be\/fr\/rendez-vous-au-colloque-de-ladp-liege-le-26-mars-les-nouveaux-enjeux-de-la-formation-transformez-les-obligations-legales-en-opportunites\/#breadcrumb\",\"itemListElement\":[{\"@type\":\"ListItem\",\"position\":1,\"name\":\"Accueil\",\"item\":\"https:\/\/peoplesphere.be\/fr\/\"},{\"@type\":\"ListItem\",\"position\":2,\"name\":\"Rendez-vous au Colloque de l&rsquo;ADP Li\u00e8ge le 26 mars &#8211; Les nouveaux enjeux de la formation: transformez les obligations l\u00e9gales en opportunit\u00e9s.\"}]},{\"@type\":\"WebSite\",\"@id\":\"https:\/\/peoplesphere.be\/fr\/#website\",\"url\":\"https:\/\/peoplesphere.be\/fr\/\",\"name\":\"Peoplesphere\",\"description\":\"The People Managers Magazine\",\"publisher\":{\"@id\":\"https:\/\/peoplesphere.be\/fr\/#organization\"},\"potentialAction\":[{\"@type\":\"SearchAction\",\"target\":{\"@type\":\"EntryPoint\",\"urlTemplate\":\"https:\/\/peoplesphere.be\/fr\/?s={search_term_string}\"},\"query-input\":\"required name=search_term_string\"}],\"inLanguage\":\"fr-FR\"},{\"@type\":\"Organization\",\"@id\":\"https:\/\/peoplesphere.be\/fr\/#organization\",\"name\":\"Peoplesphere Company srl\",\"url\":\"https:\/\/peoplesphere.be\/fr\/\",\"logo\":{\"@type\":\"ImageObject\",\"inLanguage\":\"fr-FR\",\"@id\":\"https:\/\/peoplesphere.be\/fr\/#\/schema\/logo\/image\/\",\"url\":\"https:\/\/peoplesphere.be\/fr\/wp-content\/uploads\/2023\/07\/peoplesphere-lgo-new-generik.jpg\",\"contentUrl\":\"https:\/\/peoplesphere.be\/fr\/wp-content\/uploads\/2023\/07\/peoplesphere-lgo-new-generik.jpg\",\"width\":1031,\"height\":1479,\"caption\":\"Peoplesphere Company srl\"},\"image\":{\"@id\":\"https:\/\/peoplesphere.be\/fr\/#\/schema\/logo\/image\/\"},\"sameAs\":[\"https:\/\/www.facebook.com\/peoplesphere\",\"https:\/\/twitter.com\/PeoplesphereMag\",\"https:\/\/www.linkedin.com\/company\/7587361?trk\",\"http:\/\/youtube.com\/peoplesphere\"]},{\"@type\":\"Person\",\"@id\":\"https:\/\/peoplesphere.be\/fr\/#\/schema\/person\/7976225ff17988604334abb7b3536a7e\",\"name\":\"Jean-Paul Erhard\",\"image\":{\"@type\":\"ImageObject\",\"inLanguage\":\"fr-FR\",\"@id\":\"https:\/\/peoplesphere.be\/fr\/#\/schema\/person\/image\/\",\"url\":\"https:\/\/secure.gravatar.com\/avatar\/f941e681460179738071629a51574930?s=96&d=mm&r=g\",\"contentUrl\":\"https:\/\/secure.gravatar.com\/avatar\/f941e681460179738071629a51574930?s=96&d=mm&r=g\",\"caption\":\"Jean-Paul Erhard\"},\"url\":\"https:\/\/peoplesphere.be\/fr\/author\/jpe\/\"}]}<\/script>\n<!-- \/ Yoast SEO plugin. -->","yoast_head_json":{"title":"Rendez-vous au Colloque de l'ADP Li\u00e8ge le 26 mars - Les nouveaux enjeux de la formation: transformez les obligations l\u00e9gales en opportunit\u00e9s. - Peoplesphere","robots":{"index":"index","follow":"follow","max-snippet":"max-snippet:-1","max-image-preview":"max-image-preview:large","max-video-preview":"max-video-preview:-1"},"canonical":"https:\/\/peoplesphere.be\/fr\/rendez-vous-au-colloque-de-ladp-liege-le-26-mars-les-nouveaux-enjeux-de-la-formation-transformez-les-obligations-legales-en-opportunites\/","og_locale":"fr_FR","og_type":"article","og_title":"Rendez-vous au Colloque de l'ADP Li\u00e8ge le 26 mars - Les nouveaux enjeux de la formation: transformez les obligations l\u00e9gales en opportunit\u00e9s. - Peoplesphere","og_description":"L\u2019ADP Li\u00e8ge a le plaisir de vous inviter \u00e0 son colloque du mardi 26 mars 2024 d\u00e8s 8h30 au Val Benoit, Quai Banning 4 \u00e0 Li\u00e8ge. Rejoignez-nous pour une journ\u00e9e de r\u00e9flexion sur ce th\u00e8me, en compagnie de professionnels des [&hellip;]","og_url":"https:\/\/peoplesphere.be\/fr\/rendez-vous-au-colloque-de-ladp-liege-le-26-mars-les-nouveaux-enjeux-de-la-formation-transformez-les-obligations-legales-en-opportunites\/","og_site_name":"Peoplesphere","article_publisher":"https:\/\/www.facebook.com\/peoplesphere","article_published_time":"2024-02-23T10:20:04+00:00","article_modified_time":"2024-02-25T13:28:22+00:00","og_image":[{"url":"http:\/\/www.peoplesphere.be\/fr\/wp-content\/uploads\/2016\/07\/facebook-default-posting-1200x628px.jpg"}],"author":"Jean-Paul Erhard","twitter_card":"summary_large_image","twitter_creator":"@PeoplesphereMag","twitter_site":"@PeoplesphereMag","twitter_misc":{"\u00c9crit par":"Jean-Paul Erhard","Dur\u00e9e de lecture estim\u00e9e":"3 minutes"},"schema":{"@context":"https:\/\/schema.org","@graph":[{"@type":"Article","@id":"https:\/\/peoplesphere.be\/fr\/rendez-vous-au-colloque-de-ladp-liege-le-26-mars-les-nouveaux-enjeux-de-la-formation-transformez-les-obligations-legales-en-opportunites\/#article","isPartOf":{"@id":"https:\/\/peoplesphere.be\/fr\/rendez-vous-au-colloque-de-ladp-liege-le-26-mars-les-nouveaux-enjeux-de-la-formation-transformez-les-obligations-legales-en-opportunites\/"},"author":{"name":"Jean-Paul Erhard","@id":"https:\/\/peoplesphere.be\/fr\/#\/schema\/person\/7976225ff17988604334abb7b3536a7e"},"headline":"Rendez-vous au Colloque de l&rsquo;ADP Li\u00e8ge le 26 mars &#8211; Les nouveaux enjeux de la formation: transformez les obligations l\u00e9gales en opportunit\u00e9s.","datePublished":"2024-02-23T10:20:04+00:00","dateModified":"2024-02-25T13:28:22+00:00","mainEntityOfPage":{"@id":"https:\/\/peoplesphere.be\/fr\/rendez-vous-au-colloque-de-ladp-liege-le-26-mars-les-nouveaux-enjeux-de-la-formation-transformez-les-obligations-legales-en-opportunites\/"},"wordCount":539,"publisher":{"@id":"https:\/\/peoplesphere.be\/fr\/#organization"},"keywords":["ADP Li\u00e8ge","Formation","obligations l\u00e9gales"],"articleSection":["Actualit\u00e9s","Calendrier","Digital","Events"],"inLanguage":"fr-FR"},{"@type":"WebPage","@id":"https:\/\/peoplesphere.be\/fr\/rendez-vous-au-colloque-de-ladp-liege-le-26-mars-les-nouveaux-enjeux-de-la-formation-transformez-les-obligations-legales-en-opportunites\/","url":"https:\/\/peoplesphere.be\/fr\/rendez-vous-au-colloque-de-ladp-liege-le-26-mars-les-nouveaux-enjeux-de-la-formation-transformez-les-obligations-legales-en-opportunites\/","name":"Rendez-vous au Colloque de l'ADP Li\u00e8ge le 26 mars - Les nouveaux enjeux de la formation: transformez les obligations l\u00e9gales en opportunit\u00e9s. - Peoplesphere","isPartOf":{"@id":"https:\/\/peoplesphere.be\/fr\/#website"},"datePublished":"2024-02-23T10:20:04+00:00","dateModified":"2024-02-25T13:28:22+00:00","breadcrumb":{"@id":"https:\/\/peoplesphere.be\/fr\/rendez-vous-au-colloque-de-ladp-liege-le-26-mars-les-nouveaux-enjeux-de-la-formation-transformez-les-obligations-legales-en-opportunites\/#breadcrumb"},"inLanguage":"fr-FR","potentialAction":[{"@type":"ReadAction","target":["https:\/\/peoplesphere.be\/fr\/rendez-vous-au-colloque-de-ladp-liege-le-26-mars-les-nouveaux-enjeux-de-la-formation-transformez-les-obligations-legales-en-opportunites\/"]}]},{"@type":"BreadcrumbList","@id":"https:\/\/peoplesphere.be\/fr\/rendez-vous-au-colloque-de-ladp-liege-le-26-mars-les-nouveaux-enjeux-de-la-formation-transformez-les-obligations-legales-en-opportunites\/#breadcrumb","itemListElement":[{"@type":"ListItem","position":1,"name":"Accueil","item":"https:\/\/peoplesphere.be\/fr\/"},{"@type":"ListItem","position":2,"name":"Rendez-vous au Colloque de l&rsquo;ADP Li\u00e8ge le 26 mars &#8211; Les nouveaux enjeux de la formation: transformez les obligations l\u00e9gales en opportunit\u00e9s."}]},{"@type":"WebSite","@id":"https:\/\/peoplesphere.be\/fr\/#website","url":"https:\/\/peoplesphere.be\/fr\/","name":"Peoplesphere","description":"The People Managers Magazine","publisher":{"@id":"https:\/\/peoplesphere.be\/fr\/#organization"},"potentialAction":[{"@type":"SearchAction","target":{"@type":"EntryPoint","urlTemplate":"https:\/\/peoplesphere.be\/fr\/?s={search_term_string}"},"query-input":"required name=search_term_string"}],"inLanguage":"fr-FR"},{"@type":"Organization","@id":"https:\/\/peoplesphere.be\/fr\/#organization","name":"Peoplesphere Company srl","url":"https:\/\/peoplesphere.be\/fr\/","logo":{"@type":"ImageObject","inLanguage":"fr-FR","@id":"https:\/\/peoplesphere.be\/fr\/#\/schema\/logo\/image\/","url":"https:\/\/peoplesphere.be\/fr\/wp-content\/uploads\/2023\/07\/peoplesphere-lgo-new-generik.jpg","contentUrl":"https:\/\/peoplesphere.be\/fr\/wp-content\/uploads\/2023\/07\/peoplesphere-lgo-new-generik.jpg","width":1031,"height":1479,"caption":"Peoplesphere Company srl"},"image":{"@id":"https:\/\/peoplesphere.be\/fr\/#\/schema\/logo\/image\/"},"sameAs":["https:\/\/www.facebook.com\/peoplesphere","https:\/\/twitter.com\/PeoplesphereMag","https:\/\/www.linkedin.com\/company\/7587361?trk","http:\/\/youtube.com\/peoplesphere"]},{"@type":"Person","@id":"https:\/\/peoplesphere.be\/fr\/#\/schema\/person\/7976225ff17988604334abb7b3536a7e","name":"Jean-Paul Erhard","image":{"@type":"ImageObject","inLanguage":"fr-FR","@id":"https:\/\/peoplesphere.be\/fr\/#\/schema\/person\/image\/","url":"https:\/\/secure.gravatar.com\/avatar\/f941e681460179738071629a51574930?s=96&d=mm&r=g","contentUrl":"https:\/\/secure.gravatar.com\/avatar\/f941e681460179738071629a51574930?s=96&d=mm&r=g","caption":"Jean-Paul Erhard"},"url":"https:\/\/peoplesphere.be\/fr\/author\/jpe\/"}]}},"_links":{"self":[{"href":"https:\/\/peoplesphere.be\/fr\/wp-json\/wp\/v2\/posts\/15745"}],"collection":[{"href":"https:\/\/peoplesphere.be\/fr\/wp-json\/wp\/v2\/posts"}],"about":[{"href":"https:\/\/peoplesphere.be\/fr\/wp-json\/wp\/v2\/types\/post"}],"author":[{"embeddable":true,"href":"https:\/\/peoplesphere.be\/fr\/wp-json\/wp\/v2\/users\/2"}],"replies":[{"embeddable":true,"href":"https:\/\/peoplesphere.be\/fr\/wp-json\/wp\/v2\/comments?post=15745"}],"version-history":[{"count":2,"href":"https:\/\/peoplesphere.be\/fr\/wp-json\/wp\/v2\/posts\/15745\/revisions"}],"predecessor-version":[{"id":15747,"href":"https:\/\/peoplesphere.be\/fr\/wp-json\/wp\/v2\/posts\/15745\/revisions\/15747"}],"wp:attachment":[{"href":"https:\/\/peoplesphere.be\/fr\/wp-json\/wp\/v2\/media?parent=15745"}],"wp:term":[{"taxonomy":"category","embeddable":true,"href":"https:\/\/peoplesphere.be\/fr\/wp-json\/wp\/v2\/categories?post=15745"},{"taxonomy":"post_tag","embeddable":true,"href":"https:\/\/peoplesphere.be\/fr\/wp-json\/wp\/v2\/tags?post=15745"}],"curies":[{"name":"wp","href":"https:\/\/api.w.org\/{rel}","templated":true}]}}