









{"id":15748,"date":"2024-02-24T09:45:12","date_gmt":"2024-02-24T07:45:12","guid":{"rendered":"https:\/\/peoplesphere.be\/fr\/?p=15748"},"modified":"2024-02-26T09:49:07","modified_gmt":"2024-02-26T07:49:07","slug":"plaidoyer-pour-une-fin-de-conflit-le-secteur-des-titres-services-a-besoin-dun-dialogue-social-constructif","status":"publish","type":"post","link":"https:\/\/peoplesphere.be\/fr\/plaidoyer-pour-une-fin-de-conflit-le-secteur-des-titres-services-a-besoin-dun-dialogue-social-constructif\/","title":{"rendered":"Plaidoyer pour une fin de conflit: \u00ab\u00a0le secteur des titres-services a besoin d&rsquo;un dialogue social constructif\u00a0\u00bb."},"content":{"rendered":"<p>\u00c0 la veille de la journ\u00e9e d&rsquo;action des syndicats du secteur des titres-services, les employeurs ont soulign\u00e9 une fois encore qu&rsquo;un dialogue social constructif est le seul moyen de parvenir \u00e0 des solutions. La f\u00e9d\u00e9ration sectorielle Federgon appelle une nouvelle fois les d\u00e9cideurs politiques et les syndicats \u00e0 se mettre autour de la table pour mettre en place un mod\u00e8le d&rsquo;avenir durable.<!--more--><\/p>\n<p>Les aides-m\u00e9nag\u00e8res, qui s&rsquo;investissent \u00e0 100 % au quotidien et apportent une valeur ajout\u00e9e importante \u00e0 la soci\u00e9t\u00e9, m\u00e9ritent un avenir durable. Cette perspective d&rsquo;avenir fait d\u00e9faut aujourd&rsquo;hui parce que le secteur est fragilis\u00e9 par des probl\u00e8mes structurels de financement et par un cadre r\u00e9glementaire complexe.<\/p>\n<p>Federgon souligne que les primes de fin d&rsquo;ann\u00e9e des aides-m\u00e9nag\u00e8res sont bel et bien garanties et appelle \u00e0 ne pas inqui\u00e9ter inutilement les aides-m\u00e9nag\u00e8res.<\/p>\n<p>La convention collective de travail (CCT) relative \u00e0 la prime de fin d&rsquo;ann\u00e9e est aujourd&rsquo;hui sur la table des syndicats pour signature, sans modification. Contrairement aux affirmations r\u00e9p\u00e9t\u00e9es des syndicats, les primes de fin d&rsquo;ann\u00e9e pour les aides-m\u00e9nag\u00e8res sont bel et bien garanties et continueront \u00e0 \u00eatre pay\u00e9es \u00e0 l&rsquo;avenir. Cette CCT peut \u00eatre consult\u00e9e en toute transparence sur le site web de Federgon.<\/p>\n<h3><strong><em>La paix sociale comme pr\u00e9alable au paiement de la prime syndicale<\/em><\/strong><\/h3>\n<p>Les employeurs sont clairs : le montant de la prime syndicale reste inchang\u00e9. Il n&rsquo;est donc en aucun cas question de perte de pouvoir d&rsquo;achat pour les aides-m\u00e9nag\u00e8res, contrairement \u00e0 ce que les syndicats ont affirm\u00e9 \u00e0 diverses reprises.<\/p>\n<p>La prime syndicale est pay\u00e9e par les employeurs moyennant le respect de la paix sociale. La CCT relative \u00e0 la prime syndicale dans le secteur des titres-services est conclue pour une dur\u00e9e ind\u00e9termin\u00e9e.<\/p>\n<p>Or, malheureusement, cela fait des ann\u00e9es que l&rsquo;on ne peut plus parler de paix sociale dans le secteur des titres-services. Ainsi, le secteur est sous le coup d&rsquo;un pr\u00e9avis de gr\u00e8ve \u00e0 dur\u00e9e ind\u00e9termin\u00e9e depuis l&rsquo;\u00e9t\u00e9 2023.<\/p>\n<p>Federgon d\u00e9plore \u00e9galement que les adresses priv\u00e9es des actionnaires des entreprises titres-services aient \u00e9t\u00e9 publi\u00e9es lors de la derni\u00e8re action syndicale et que des actions soient pr\u00e9vues \u00e0 ces adresses.<\/p>\n<p><em>\u00ab\u00a0Tout comme c\u2019est le cas dans d&rsquo;autres secteurs, les employeurs du secteur des titres-services lient le paiement de la prime syndicale \u00e0 une garantie de paix sociale. Nous appelons instamment les syndicats \u00e0 restaurer d&rsquo;urgence la paix sociale\u00a0\u00bb<\/em>, d\u00e9clare Ann Cattelain, CEO de Federgon.<\/p>\n<h3><strong><em>Cesser d&rsquo;inqui\u00e9ter inutilement les aides-m\u00e9nag\u00e8res<\/em><\/strong><\/h3>\n<p>Nous estimons qu&rsquo;il faut cesser d&rsquo;inqui\u00e9ter inutilement les aides-m\u00e9nag\u00e8res et les clients. En tant qu&#8217;employeurs, nous ne voulons absolument pas toucher \u00e0 la prime de fin d&rsquo;ann\u00e9e ni au montant de la prime syndicale. Apr\u00e8s une p\u00e9riode de tensions sociales, nous voulons surtout avancer de mani\u00e8re constructive. Nos conditions sont tr\u00e8s transparentes. Si les syndicats signent les CCT telles quelles, rien ne changera pour les aides-m\u00e9nag\u00e8res. Les employeurs appellent avant tout \u00e0 la paix sociale et \u00e0 un dialogue social constructif afin que les syndicats et les employeurs puissent \u0153uvrer ensemble \u00e0 un avenir durable pour le secteur.<\/p>\n<h3><strong><em>Un dialogue constructif est essentiel pour parvenir \u00e0 un mod\u00e8le d&rsquo;avenir durable pour le secteur<\/em><\/strong><\/h3>\n<p>\u00c0 la veille de l&rsquo;action syndicale du 23 f\u00e9vrier, les employeurs en appellaient aux syndicats pour travailler ensemble en vue de r\u00e9aliser une r\u00e9forme structurelle du dispositif et de mieux r\u00e9mun\u00e9rer les travailleurs du secteur. Les employeurs veulent collaborer avec les syndicats pour garantir l&rsquo;avenir des titres-services. Les int\u00e9r\u00eats vont dans le m\u00eame sens, alors travaillons ensemble pour un secteur durable et viable : tel est en substance le message des employeurs.<\/p>\n<p><em>\u00ab\u00a0Si nous unissons nos forces, notre appel en faveur d&rsquo;un changement structurel trouvera un plus grand \u00e9cho. Un cadre durable et tourn\u00e9 vers l&rsquo;avenir pour le secteur des titres-services profitera \u00e0 l&rsquo;ensemble des parties concern\u00e9es. Nous parlons ici de 150.000 aides m\u00e9nag\u00e8res, de 1,2 million d&rsquo;utilisateurs, de 1.429 entreprises agr\u00e9\u00e9es et de nos autorit\u00e9s f\u00e9d\u00e9rales et r\u00e9gionales\u00a0\u00bb<\/em>, souligne encore Ann Cattelain, CEO de Federgon.<\/p>\n<p>Le syst\u00e8me des titres-services est un moteur pour l\u2019\u00e9conomie belge \u00e0 plus d\u2019un titre. Le syst\u00e8me a permis la cr\u00e9ation de 150.000 emplois pour les aides-m\u00e9nag\u00e8res et leur procure un statut social \u00e0 part enti\u00e8re ainsi que la protection n\u00e9cessaire sur le lieu de travail. Aujourd&rsquo;hui, plus de 1,2 million de m\u00e9nages belges ont recours \u00e0 une aide-m\u00e9nag\u00e8re et utilisent les titres-services. Le syst\u00e8me aide ensuite ces clients \u00e0 trouver un meilleur \u00e9quilibre entre vie professionnelle et vie priv\u00e9e. Le taux d&#8217;emploi de ces m\u00e9nages s&rsquo;en trouve consid\u00e9rablement augment\u00e9 : outre les emplois directs dans le secteur lui-m\u00eame, le temps de retour au travail repr\u00e9sente ainsi pas moins de 14 000 emplois \u00e0 temps plein suppl\u00e9mentaires pour notre \u00e9conomie, qui manque cruellement de main-d&rsquo;\u0153uvre.<\/p>\n<p>En raison de probl\u00e8mes de financement structurels qui s&rsquo;accumulent depuis des ann\u00e9es, le secteur des titres-services se retrouve aujourd&rsquo;hui dos au mur. L\u2019augmentation des co\u00fbts, due \u00e0 l&rsquo;indexation des salaires (en hausse de 14,7 % par rapport \u00e0 la p\u00e9riode pr\u00e9-Covid), n\u2019est pas suffisamment compens\u00e9e par l\u2019intervention per\u00e7ue par les employeurs. \u00catre un bon employeur est ainsi chaque jour plus difficile. En tant qu&#8217;employeurs, notre ambition est de pouvoir mieux payer nos aides-m\u00e9nag\u00e8res et d&rsquo;investir davantage dans leur accompagnement et leur soutien. Mais la situation financi\u00e8re des entreprises titres-services rend cela difficile. Il est faux de dire que le secteur g\u00e9n\u00e8re encore de gros profits. Si l&rsquo;on examine les comptes annuels des 25 plus grandes entreprises titres-services, on constate qu\u2019elles r\u00e9alisent une marge b\u00e9n\u00e9ficiaire d\u2019\u00e0 peine un demi pour cent. Pour un chiffre d&rsquo;affaires de 1,073 milliard d&rsquo;euros, le b\u00e9n\u00e9fice s&rsquo;\u00e9l\u00e8ve donc \u00e0 5,8 millions d&rsquo;euros. Une analyse de Graydon Credit Safe a m\u00eame montr\u00e9 fin 2023 que 37,29 % des entreprises \u00e9taient d\u00e9ficitaires.<\/p>\n<p>&nbsp;<\/p>\n<p><em>Source: Federgon<\/em><\/p>\n","protected":false},"excerpt":{"rendered":"<p>\u00c0 la veille de la journ\u00e9e d&rsquo;action des syndicats du secteur des titres-services, les employeurs ont soulign\u00e9 une fois encore qu&rsquo;un dialogue social constructif est le seul moyen de parvenir \u00e0 des solutions. La f\u00e9d\u00e9ration sectorielle Federgon appelle une nouvelle [&hellip;]<\/p>\n","protected":false},"author":2,"featured_media":0,"comment_status":"closed","ping_status":"open","sticky":false,"template":"","format":"standard","meta":[],"categories":[65,10],"tags":[291,533,2676,30,826],"yoast_head":"<!-- This site is optimized with the Yoast SEO plugin v21.0 - https:\/\/yoast.com\/wordpress\/plugins\/seo\/ -->\n<title>Plaidoyer pour une fin de conflit: &quot;le secteur des titres-services a besoin d&#039;un dialogue social constructif&quot;. - Peoplesphere<\/title>\n<meta name=\"robots\" content=\"index, follow, max-snippet:-1, max-image-preview:large, max-video-preview:-1\" \/>\n<link rel=\"canonical\" href=\"https:\/\/peoplesphere.be\/fr\/plaidoyer-pour-une-fin-de-conflit-le-secteur-des-titres-services-a-besoin-dun-dialogue-social-constructif\/\" \/>\n<meta property=\"og:locale\" content=\"fr_FR\" \/>\n<meta property=\"og:type\" content=\"article\" \/>\n<meta property=\"og:title\" content=\"Plaidoyer pour une fin de conflit: &quot;le secteur des titres-services a besoin d&#039;un dialogue social constructif&quot;. - Peoplesphere\" \/>\n<meta property=\"og:description\" content=\"\u00c0 la veille de la journ\u00e9e d&rsquo;action des syndicats du secteur des titres-services, les employeurs ont soulign\u00e9 une fois encore qu&rsquo;un dialogue social constructif est le seul moyen de parvenir \u00e0 des solutions. La f\u00e9d\u00e9ration sectorielle Federgon appelle une nouvelle [&hellip;]\" \/>\n<meta property=\"og:url\" content=\"https:\/\/peoplesphere.be\/fr\/plaidoyer-pour-une-fin-de-conflit-le-secteur-des-titres-services-a-besoin-dun-dialogue-social-constructif\/\" \/>\n<meta property=\"og:site_name\" content=\"Peoplesphere\" \/>\n<meta property=\"article:publisher\" content=\"https:\/\/www.facebook.com\/peoplesphere\" \/>\n<meta property=\"article:published_time\" content=\"2024-02-24T07:45:12+00:00\" \/>\n<meta property=\"article:modified_time\" content=\"2024-02-26T07:49:07+00:00\" \/>\n<meta property=\"og:image\" content=\"http:\/\/www.peoplesphere.be\/fr\/wp-content\/uploads\/2016\/07\/facebook-default-posting-1200x628px.jpg\" \/>\n<meta name=\"author\" content=\"Jean-Paul Erhard\" \/>\n<meta name=\"twitter:card\" content=\"summary_large_image\" \/>\n<meta name=\"twitter:creator\" content=\"@PeoplesphereMag\" \/>\n<meta name=\"twitter:site\" content=\"@PeoplesphereMag\" \/>\n<meta name=\"twitter:label1\" content=\"\u00c9crit par\" \/>\n\t<meta name=\"twitter:data1\" content=\"Jean-Paul Erhard\" \/>\n\t<meta name=\"twitter:label2\" content=\"Dur\u00e9e de lecture estim\u00e9e\" \/>\n\t<meta name=\"twitter:data2\" content=\"5 minutes\" \/>\n<script type=\"application\/ld+json\" class=\"yoast-schema-graph\">{\"@context\":\"https:\/\/schema.org\",\"@graph\":[{\"@type\":\"Article\",\"@id\":\"https:\/\/peoplesphere.be\/fr\/plaidoyer-pour-une-fin-de-conflit-le-secteur-des-titres-services-a-besoin-dun-dialogue-social-constructif\/#article\",\"isPartOf\":{\"@id\":\"https:\/\/peoplesphere.be\/fr\/plaidoyer-pour-une-fin-de-conflit-le-secteur-des-titres-services-a-besoin-dun-dialogue-social-constructif\/\"},\"author\":{\"name\":\"Jean-Paul Erhard\",\"@id\":\"https:\/\/peoplesphere.be\/fr\/#\/schema\/person\/7976225ff17988604334abb7b3536a7e\"},\"headline\":\"Plaidoyer pour une fin de conflit: \u00ab\u00a0le secteur des titres-services a besoin d&rsquo;un dialogue social constructif\u00a0\u00bb.\",\"datePublished\":\"2024-02-24T07:45:12+00:00\",\"dateModified\":\"2024-02-26T07:49:07+00:00\",\"mainEntityOfPage\":{\"@id\":\"https:\/\/peoplesphere.be\/fr\/plaidoyer-pour-une-fin-de-conflit-le-secteur-des-titres-services-a-besoin-dun-dialogue-social-constructif\/\"},\"wordCount\":1022,\"publisher\":{\"@id\":\"https:\/\/peoplesphere.be\/fr\/#organization\"},\"keywords\":[\"concertation\",\"conflit social\",\"prime de fin d'ann\u00e9e\",\"r\u00e9mun\u00e9ration\",\"titres-services\"],\"articleSection\":[\"Actualit\u00e9s\",\"Digital\"],\"inLanguage\":\"fr-FR\"},{\"@type\":\"WebPage\",\"@id\":\"https:\/\/peoplesphere.be\/fr\/plaidoyer-pour-une-fin-de-conflit-le-secteur-des-titres-services-a-besoin-dun-dialogue-social-constructif\/\",\"url\":\"https:\/\/peoplesphere.be\/fr\/plaidoyer-pour-une-fin-de-conflit-le-secteur-des-titres-services-a-besoin-dun-dialogue-social-constructif\/\",\"name\":\"Plaidoyer pour une fin de conflit: \\\"le secteur des titres-services a besoin d'un dialogue social constructif\\\". - Peoplesphere\",\"isPartOf\":{\"@id\":\"https:\/\/peoplesphere.be\/fr\/#website\"},\"datePublished\":\"2024-02-24T07:45:12+00:00\",\"dateModified\":\"2024-02-26T07:49:07+00:00\",\"breadcrumb\":{\"@id\":\"https:\/\/peoplesphere.be\/fr\/plaidoyer-pour-une-fin-de-conflit-le-secteur-des-titres-services-a-besoin-dun-dialogue-social-constructif\/#breadcrumb\"},\"inLanguage\":\"fr-FR\",\"potentialAction\":[{\"@type\":\"ReadAction\",\"target\":[\"https:\/\/peoplesphere.be\/fr\/plaidoyer-pour-une-fin-de-conflit-le-secteur-des-titres-services-a-besoin-dun-dialogue-social-constructif\/\"]}]},{\"@type\":\"BreadcrumbList\",\"@id\":\"https:\/\/peoplesphere.be\/fr\/plaidoyer-pour-une-fin-de-conflit-le-secteur-des-titres-services-a-besoin-dun-dialogue-social-constructif\/#breadcrumb\",\"itemListElement\":[{\"@type\":\"ListItem\",\"position\":1,\"name\":\"Accueil\",\"item\":\"https:\/\/peoplesphere.be\/fr\/\"},{\"@type\":\"ListItem\",\"position\":2,\"name\":\"Plaidoyer pour une fin de conflit: \u00ab\u00a0le secteur des titres-services a besoin d&rsquo;un dialogue social constructif\u00a0\u00bb.\"}]},{\"@type\":\"WebSite\",\"@id\":\"https:\/\/peoplesphere.be\/fr\/#website\",\"url\":\"https:\/\/peoplesphere.be\/fr\/\",\"name\":\"Peoplesphere\",\"description\":\"The People Managers Magazine\",\"publisher\":{\"@id\":\"https:\/\/peoplesphere.be\/fr\/#organization\"},\"potentialAction\":[{\"@type\":\"SearchAction\",\"target\":{\"@type\":\"EntryPoint\",\"urlTemplate\":\"https:\/\/peoplesphere.be\/fr\/?s={search_term_string}\"},\"query-input\":\"required name=search_term_string\"}],\"inLanguage\":\"fr-FR\"},{\"@type\":\"Organization\",\"@id\":\"https:\/\/peoplesphere.be\/fr\/#organization\",\"name\":\"Peoplesphere Company srl\",\"url\":\"https:\/\/peoplesphere.be\/fr\/\",\"logo\":{\"@type\":\"ImageObject\",\"inLanguage\":\"fr-FR\",\"@id\":\"https:\/\/peoplesphere.be\/fr\/#\/schema\/logo\/image\/\",\"url\":\"https:\/\/peoplesphere.be\/fr\/wp-content\/uploads\/2023\/07\/peoplesphere-lgo-new-generik.jpg\",\"contentUrl\":\"https:\/\/peoplesphere.be\/fr\/wp-content\/uploads\/2023\/07\/peoplesphere-lgo-new-generik.jpg\",\"width\":1031,\"height\":1479,\"caption\":\"Peoplesphere Company srl\"},\"image\":{\"@id\":\"https:\/\/peoplesphere.be\/fr\/#\/schema\/logo\/image\/\"},\"sameAs\":[\"https:\/\/www.facebook.com\/peoplesphere\",\"https:\/\/twitter.com\/PeoplesphereMag\",\"https:\/\/www.linkedin.com\/company\/7587361?trk\",\"http:\/\/youtube.com\/peoplesphere\"]},{\"@type\":\"Person\",\"@id\":\"https:\/\/peoplesphere.be\/fr\/#\/schema\/person\/7976225ff17988604334abb7b3536a7e\",\"name\":\"Jean-Paul Erhard\",\"image\":{\"@type\":\"ImageObject\",\"inLanguage\":\"fr-FR\",\"@id\":\"https:\/\/peoplesphere.be\/fr\/#\/schema\/person\/image\/\",\"url\":\"https:\/\/secure.gravatar.com\/avatar\/f941e681460179738071629a51574930?s=96&d=mm&r=g\",\"contentUrl\":\"https:\/\/secure.gravatar.com\/avatar\/f941e681460179738071629a51574930?s=96&d=mm&r=g\",\"caption\":\"Jean-Paul Erhard\"},\"url\":\"https:\/\/peoplesphere.be\/fr\/author\/jpe\/\"}]}<\/script>\n<!-- \/ Yoast SEO plugin. -->","yoast_head_json":{"title":"Plaidoyer pour une fin de conflit: \"le secteur des titres-services a besoin d'un dialogue social constructif\". - Peoplesphere","robots":{"index":"index","follow":"follow","max-snippet":"max-snippet:-1","max-image-preview":"max-image-preview:large","max-video-preview":"max-video-preview:-1"},"canonical":"https:\/\/peoplesphere.be\/fr\/plaidoyer-pour-une-fin-de-conflit-le-secteur-des-titres-services-a-besoin-dun-dialogue-social-constructif\/","og_locale":"fr_FR","og_type":"article","og_title":"Plaidoyer pour une fin de conflit: \"le secteur des titres-services a besoin d'un dialogue social constructif\". - Peoplesphere","og_description":"\u00c0 la veille de la journ\u00e9e d&rsquo;action des syndicats du secteur des titres-services, les employeurs ont soulign\u00e9 une fois encore qu&rsquo;un dialogue social constructif est le seul moyen de parvenir \u00e0 des solutions. La f\u00e9d\u00e9ration sectorielle Federgon appelle une nouvelle [&hellip;]","og_url":"https:\/\/peoplesphere.be\/fr\/plaidoyer-pour-une-fin-de-conflit-le-secteur-des-titres-services-a-besoin-dun-dialogue-social-constructif\/","og_site_name":"Peoplesphere","article_publisher":"https:\/\/www.facebook.com\/peoplesphere","article_published_time":"2024-02-24T07:45:12+00:00","article_modified_time":"2024-02-26T07:49:07+00:00","og_image":[{"url":"http:\/\/www.peoplesphere.be\/fr\/wp-content\/uploads\/2016\/07\/facebook-default-posting-1200x628px.jpg"}],"author":"Jean-Paul Erhard","twitter_card":"summary_large_image","twitter_creator":"@PeoplesphereMag","twitter_site":"@PeoplesphereMag","twitter_misc":{"\u00c9crit par":"Jean-Paul Erhard","Dur\u00e9e de lecture estim\u00e9e":"5 minutes"},"schema":{"@context":"https:\/\/schema.org","@graph":[{"@type":"Article","@id":"https:\/\/peoplesphere.be\/fr\/plaidoyer-pour-une-fin-de-conflit-le-secteur-des-titres-services-a-besoin-dun-dialogue-social-constructif\/#article","isPartOf":{"@id":"https:\/\/peoplesphere.be\/fr\/plaidoyer-pour-une-fin-de-conflit-le-secteur-des-titres-services-a-besoin-dun-dialogue-social-constructif\/"},"author":{"name":"Jean-Paul Erhard","@id":"https:\/\/peoplesphere.be\/fr\/#\/schema\/person\/7976225ff17988604334abb7b3536a7e"},"headline":"Plaidoyer pour une fin de conflit: \u00ab\u00a0le secteur des titres-services a besoin d&rsquo;un dialogue social constructif\u00a0\u00bb.","datePublished":"2024-02-24T07:45:12+00:00","dateModified":"2024-02-26T07:49:07+00:00","mainEntityOfPage":{"@id":"https:\/\/peoplesphere.be\/fr\/plaidoyer-pour-une-fin-de-conflit-le-secteur-des-titres-services-a-besoin-dun-dialogue-social-constructif\/"},"wordCount":1022,"publisher":{"@id":"https:\/\/peoplesphere.be\/fr\/#organization"},"keywords":["concertation","conflit social","prime de fin d'ann\u00e9e","r\u00e9mun\u00e9ration","titres-services"],"articleSection":["Actualit\u00e9s","Digital"],"inLanguage":"fr-FR"},{"@type":"WebPage","@id":"https:\/\/peoplesphere.be\/fr\/plaidoyer-pour-une-fin-de-conflit-le-secteur-des-titres-services-a-besoin-dun-dialogue-social-constructif\/","url":"https:\/\/peoplesphere.be\/fr\/plaidoyer-pour-une-fin-de-conflit-le-secteur-des-titres-services-a-besoin-dun-dialogue-social-constructif\/","name":"Plaidoyer pour une fin de conflit: \"le secteur des titres-services a besoin d'un dialogue social constructif\". - Peoplesphere","isPartOf":{"@id":"https:\/\/peoplesphere.be\/fr\/#website"},"datePublished":"2024-02-24T07:45:12+00:00","dateModified":"2024-02-26T07:49:07+00:00","breadcrumb":{"@id":"https:\/\/peoplesphere.be\/fr\/plaidoyer-pour-une-fin-de-conflit-le-secteur-des-titres-services-a-besoin-dun-dialogue-social-constructif\/#breadcrumb"},"inLanguage":"fr-FR","potentialAction":[{"@type":"ReadAction","target":["https:\/\/peoplesphere.be\/fr\/plaidoyer-pour-une-fin-de-conflit-le-secteur-des-titres-services-a-besoin-dun-dialogue-social-constructif\/"]}]},{"@type":"BreadcrumbList","@id":"https:\/\/peoplesphere.be\/fr\/plaidoyer-pour-une-fin-de-conflit-le-secteur-des-titres-services-a-besoin-dun-dialogue-social-constructif\/#breadcrumb","itemListElement":[{"@type":"ListItem","position":1,"name":"Accueil","item":"https:\/\/peoplesphere.be\/fr\/"},{"@type":"ListItem","position":2,"name":"Plaidoyer pour une fin de conflit: \u00ab\u00a0le secteur des titres-services a besoin d&rsquo;un dialogue social constructif\u00a0\u00bb."}]},{"@type":"WebSite","@id":"https:\/\/peoplesphere.be\/fr\/#website","url":"https:\/\/peoplesphere.be\/fr\/","name":"Peoplesphere","description":"The People Managers Magazine","publisher":{"@id":"https:\/\/peoplesphere.be\/fr\/#organization"},"potentialAction":[{"@type":"SearchAction","target":{"@type":"EntryPoint","urlTemplate":"https:\/\/peoplesphere.be\/fr\/?s={search_term_string}"},"query-input":"required name=search_term_string"}],"inLanguage":"fr-FR"},{"@type":"Organization","@id":"https:\/\/peoplesphere.be\/fr\/#organization","name":"Peoplesphere Company srl","url":"https:\/\/peoplesphere.be\/fr\/","logo":{"@type":"ImageObject","inLanguage":"fr-FR","@id":"https:\/\/peoplesphere.be\/fr\/#\/schema\/logo\/image\/","url":"https:\/\/peoplesphere.be\/fr\/wp-content\/uploads\/2023\/07\/peoplesphere-lgo-new-generik.jpg","contentUrl":"https:\/\/peoplesphere.be\/fr\/wp-content\/uploads\/2023\/07\/peoplesphere-lgo-new-generik.jpg","width":1031,"height":1479,"caption":"Peoplesphere Company srl"},"image":{"@id":"https:\/\/peoplesphere.be\/fr\/#\/schema\/logo\/image\/"},"sameAs":["https:\/\/www.facebook.com\/peoplesphere","https:\/\/twitter.com\/PeoplesphereMag","https:\/\/www.linkedin.com\/company\/7587361?trk","http:\/\/youtube.com\/peoplesphere"]},{"@type":"Person","@id":"https:\/\/peoplesphere.be\/fr\/#\/schema\/person\/7976225ff17988604334abb7b3536a7e","name":"Jean-Paul Erhard","image":{"@type":"ImageObject","inLanguage":"fr-FR","@id":"https:\/\/peoplesphere.be\/fr\/#\/schema\/person\/image\/","url":"https:\/\/secure.gravatar.com\/avatar\/f941e681460179738071629a51574930?s=96&d=mm&r=g","contentUrl":"https:\/\/secure.gravatar.com\/avatar\/f941e681460179738071629a51574930?s=96&d=mm&r=g","caption":"Jean-Paul Erhard"},"url":"https:\/\/peoplesphere.be\/fr\/author\/jpe\/"}]}},"_links":{"self":[{"href":"https:\/\/peoplesphere.be\/fr\/wp-json\/wp\/v2\/posts\/15748"}],"collection":[{"href":"https:\/\/peoplesphere.be\/fr\/wp-json\/wp\/v2\/posts"}],"about":[{"href":"https:\/\/peoplesphere.be\/fr\/wp-json\/wp\/v2\/types\/post"}],"author":[{"embeddable":true,"href":"https:\/\/peoplesphere.be\/fr\/wp-json\/wp\/v2\/users\/2"}],"replies":[{"embeddable":true,"href":"https:\/\/peoplesphere.be\/fr\/wp-json\/wp\/v2\/comments?post=15748"}],"version-history":[{"count":1,"href":"https:\/\/peoplesphere.be\/fr\/wp-json\/wp\/v2\/posts\/15748\/revisions"}],"predecessor-version":[{"id":15749,"href":"https:\/\/peoplesphere.be\/fr\/wp-json\/wp\/v2\/posts\/15748\/revisions\/15749"}],"wp:attachment":[{"href":"https:\/\/peoplesphere.be\/fr\/wp-json\/wp\/v2\/media?parent=15748"}],"wp:term":[{"taxonomy":"category","embeddable":true,"href":"https:\/\/peoplesphere.be\/fr\/wp-json\/wp\/v2\/categories?post=15748"},{"taxonomy":"post_tag","embeddable":true,"href":"https:\/\/peoplesphere.be\/fr\/wp-json\/wp\/v2\/tags?post=15748"}],"curies":[{"name":"wp","href":"https:\/\/api.w.org\/{rel}","templated":true}]}}