









{"id":15760,"date":"2024-02-27T07:50:00","date_gmt":"2024-02-27T05:50:00","guid":{"rendered":"https:\/\/peoplesphere.be\/fr\/?p=15760"},"modified":"2024-02-27T07:50:00","modified_gmt":"2024-02-27T05:50:00","slug":"des-licenciements-plus-nombreux-les-demissions-en-diminution-les-motifs-de-depart-des-travailleurs-sous-la-loupe","status":"publish","type":"post","link":"https:\/\/peoplesphere.be\/fr\/des-licenciements-plus-nombreux-les-demissions-en-diminution-les-motifs-de-depart-des-travailleurs-sous-la-loupe\/","title":{"rendered":"Des licenciements plus nombreux, les d\u00e9missions en diminution: les motifs de d\u00e9part des travailleurs sous la loupe."},"content":{"rendered":"<p>En 2023, le pourcentage de licenciements a augment\u00e9 en Belgique, tandis que les d\u00e9parts volontaires ont diminu\u00e9. Dans l&rsquo;ensemble, les d\u00e9parts de travailleurs sont rest\u00e9s stables \u00e0 17,6%. Cependant, une augmentation de 18,6% des r\u00e9siliations de contrats \u00e0 l\u2019initiative de l\u2019employeur a \u00e9t\u00e9 observ\u00e9e (passant de 4,5% \u00e0 5,4%) en comparaison \u00e0 2022, et ce principalement \u00e0 Bruxelles et en Wallonie. En revanche, les d\u00e9parts volontaires ont diminu\u00e9 de 10,8% (passant de 12,3% \u00e0 11%).<!--more--><\/p>\n<p>Seule la Wallonie affiche des pourcentages stables. Dans les PME, un travailleur sur quatre (25,7%) a quitt\u00e9 son employeur en 2023. Les secteurs de la construction et de l\u2019Horeca font partie des secteurs ayant un taux de d\u00e9parts \u00e9lev\u00e9. \u00ab\u00a0<em>Apr\u00e8s une ann\u00e9e 2022 particuli\u00e8re, une correction a eu lieu l&rsquo;ann\u00e9e derni\u00e8re en termes de d\u00e9parts volontaires et involontaires\u00a0\u00bb<\/em>, d\u00e9clare Mich\u00e8le Thanh Van Tran de Securex.<\/p>\n<p>\u00c0 la suite de la crise du coronavirus, le taux total des d\u00e9parts des travailleurs avec un contrat \u00e0 dur\u00e9e ind\u00e9termin\u00e9e dans les entreprises belges avait atteint un pic de 17,9% en 2022. Cela s&rsquo;explique principalement par la r\u00e9siliation volontaire des contrats \u00e0 dur\u00e9e ind\u00e9termin\u00e9e par les travailleurs, qui, depuis 2020, \u00e9tait en hausse.<\/p>\n<p>Avec 17,6% en 2023, les d\u00e9parts sur le march\u00e9 du travail belge sont rest\u00e9s stables, mais toujours \u00e0 un niveau \u00e9lev\u00e9. L\u2019\u00e9volution la plus marquante concerne les raisons des d\u00e9parts, o\u00f9 l&rsquo;on constate que le pic des d\u00e9parts volontaires semble avoir \u00e9t\u00e9 d\u00e9pass\u00e9. Parall\u00e8lement, les d\u00e9parts involontaires, o\u00f9 l&#8217;employeur met fin au contrat, ont connu une augmentation l&rsquo;ann\u00e9e derni\u00e8re. Le flux total de d\u00e9parts est l&rsquo;ensemble des d\u00e9parts volontaires du travailleur, des d\u00e9parts \u00e0 l&rsquo;initiative de l&#8217;employeur, et d&rsquo;une partie des travailleurs quittant le march\u00e9 du travail pour cause de retraite ou de d\u00e9c\u00e8s.<\/p>\n<h3><em><strong>Plus de licenciements que pendant la pand\u00e9mie<\/strong><\/em><\/h3>\n<p>Les d\u00e9parts involontaires ont atteint leur niveau le plus bas en 2022, lorsque seuls 4,5% des travailleurs avec un contrat \u00e0 dur\u00e9e ind\u00e9termin\u00e9e ont \u00e9t\u00e9 licenci\u00e9s. L&rsquo;ann\u00e9e derni\u00e8re, les d\u00e9parts involontaires ont atteint 5,4% (+18,8%), un niveau similaire \u00e0 celui de l&rsquo;ann\u00e9e 2020 (5,2%). Bruxelles a connu le plus grand pourcentage de licenciements en 2023 (6,4%), suivie de pr\u00e8s par la Wallonie (6,2%). En Flandre, les d\u00e9parts involontaires ont \u00e9t\u00e9 plus faibles avec 4,8%.<\/p>\n<p>En 2022, 12,3% des travailleurs avec un contrat \u00e0 dur\u00e9e ind\u00e9termin\u00e9e ont volontairement quitt\u00e9 leur employeur. En 2023, ce chiffre a fortement diminu\u00e9 pour atteindre 11 % (-10,8%). Cette baisse s&rsquo;est surtout produite en Flandre (-13,5%) et \u00e0 Bruxelles (-12,5%). En Wallonie, les d\u00e9parts volontaires sont rest\u00e9s stables.<\/p>\n<p>L&rsquo;augmentation des licenciements est due \u00e0 la forte hausse du pourcentage de ruptures de contrat. Dans ce cas, le travailleur est licenci\u00e9, re\u00e7oit une indemnit\u00e9 de licenciement et n&rsquo;est plus tenu de respecter un d\u00e9lai de pr\u00e9avis.<\/p>\n<p>Mich\u00e8le Thanh Van Tran, Senior Legal Consultant chez Securex : \u00ab\u00a0<em>Bien que la guerre des talents soit toujours d\u2019actualit\u00e9 et que les postes vacants soient difficiles \u00e0 pourvoir, la r\u00e9alit\u00e9 \u00e9conomique affecte \u00e9galement les employeurs, et en particulier les PME qui disposent de moins de marge de man\u0153uvre que les grandes entreprises pour garder leur personnel en attendant une reprise de la conjoncture.\u00a0\u00bb<\/em><\/p>\n<h3><strong><em>Les petites entreprises peinent \u00e0 garder leur personnel<\/em><\/strong><\/h3>\n<p>Pour les petites entreprises de moins de 10 travailleurs, les d\u00e9parts restent stables, mais toujours \u00e9lev\u00e9s. En 2023, 25,7% des travailleurs ont vu leur contrat \u00e0 dur\u00e9e ind\u00e9termin\u00e9e r\u00e9silier. Parmi ceux-ci, 8,9% \u00e9taient des d\u00e9parts involontaires et 16,8% des d\u00e9parts volontaires. Dans les entreprises d&rsquo;au moins 100 travailleurs, il y a eu 3,8% de d\u00e9parts involontaires et 8% de d\u00e9parts volontaires l&rsquo;ann\u00e9e derni\u00e8re.<\/p>\n<p>Les secteurs de la construction et de l\u2019Horeca comptent de nombreuses petites entreprises qui enregistrent beaucoup de d\u00e9parts, avec respectivement 22,2% et 40,1%. En 2023, 14,2% des travailleurs avec un contrat \u00e0 dur\u00e9e ind\u00e9termin\u00e9e ont volontairement quitt\u00e9 leur emploi dans les entreprises de construction, et 6,3% ont \u00e9t\u00e9 licenci\u00e9s. Dans l\u2019Horeca, ces chiffres \u00e9taient respectivement de 28,48% et de 10,86% pour les collaborateurs avec un contrat \u00e0 dur\u00e9e ind\u00e9termin\u00e9e.<\/p>\n<p>Mich\u00e8le Thanh Van Tran: \u00ab\u00a0<em>Les petites entreprises constituent l&rsquo;essentiel de notre \u00e9conomie et disposent de moins de marge de man\u0153uvre pour absorber les chocs \u00e9conomiques. Elles sont donc plus susceptibles d&rsquo;\u00eatre contraintes de prendre des d\u00e9cisions plus radicales, telles que des licenciements. Dans le secteur de la construction, la hausse des prix des mati\u00e8res premi\u00e8res continue d&rsquo;exercer une pression sur les employeurs. L\u2019Horeca conna\u00eet toujours un taux de rotation du personnel plus \u00e9lev\u00e9. Les flexi-jobs peuvent offrir une solution logique pour faire face \u00e0 cela.\u00a0\u00bb<\/em><\/p>\n<p>&nbsp;<\/p>\n<p><em>Source: Securex &#8211; Cette \u00e9tude bas\u00e9e sur le portefeuille de clients de Securex a \u00e9t\u00e9 r\u00e9alis\u00e9e \u00e0 partir d&rsquo;un \u00e9chantillon repr\u00e9sentatif de 66.076 travailleurs employ\u00e9s en 2023 dans le secteur priv\u00e9. L&rsquo;\u00e9chantillon refl\u00e8te le march\u00e9 du travail belge en termes de statut, de sexe, d&rsquo;\u00e2ge, de r\u00e9gime de travail, de r\u00e9gion et de taille des entreprises comptant jusqu&rsquo;\u00e0 1 000 travailleurs. Nous avons exclu les groupes suivants : int\u00e9rimaires, \u00e9tudiants en vacances, ind\u00e9pendants, travailleurs temporaires et retrait\u00e9s. \u00c0 partir de cet \u00e9chantillon repr\u00e9sentatif, nous avons s\u00e9lectionn\u00e9 les travailleurs qui avaient un contrat \u00e0 dur\u00e9e ind\u00e9termin\u00e9e au cours de l&rsquo;ann\u00e9e civile 2023. Pour 2023, il s&rsquo;agit d&rsquo;un groupe de 56.927 travailleurs employ\u00e9s par 10.072 employeurs. Le flux total de d\u00e9parts est l&rsquo;ensemble des d\u00e9parts volontaires du travailleur, des d\u00e9parts \u00e0 l&rsquo;initiative de l&#8217;employeur, et d&rsquo;une partie des travailleurs quittant le march\u00e9 du travail pour cause de retraite ou de d\u00e9c\u00e8s.<\/em><\/p>\n<p>&nbsp;<\/p>\n","protected":false},"excerpt":{"rendered":"<p>En 2023, le pourcentage de licenciements a augment\u00e9 en Belgique, tandis que les d\u00e9parts volontaires ont diminu\u00e9. Dans l&rsquo;ensemble, les d\u00e9parts de travailleurs sont rest\u00e9s stables \u00e0 17,6%. Cependant, une augmentation de 18,6% des r\u00e9siliations de contrats \u00e0 l\u2019initiative de [&hellip;]<\/p>\n","protected":false},"author":2,"featured_media":15761,"comment_status":"closed","ping_status":"open","sticky":false,"template":"","format":"standard","meta":[],"categories":[65,10],"tags":[3130,3987,879,514,136],"yoast_head":"<!-- This site is optimized with the Yoast SEO plugin v21.0 - https:\/\/yoast.com\/wordpress\/plugins\/seo\/ -->\n<title>Des licenciements plus nombreux, les d\u00e9missions en diminution: les motifs de d\u00e9part des travailleurs sous la loupe. - Peoplesphere<\/title>\n<meta name=\"robots\" content=\"index, follow, max-snippet:-1, max-image-preview:large, max-video-preview:-1\" \/>\n<link rel=\"canonical\" href=\"https:\/\/peoplesphere.be\/fr\/des-licenciements-plus-nombreux-les-demissions-en-diminution-les-motifs-de-depart-des-travailleurs-sous-la-loupe\/\" \/>\n<meta property=\"og:locale\" content=\"fr_FR\" \/>\n<meta property=\"og:type\" content=\"article\" \/>\n<meta property=\"og:title\" content=\"Des licenciements plus nombreux, les d\u00e9missions en diminution: les motifs de d\u00e9part des travailleurs sous la loupe. - Peoplesphere\" \/>\n<meta property=\"og:description\" content=\"En 2023, le pourcentage de licenciements a augment\u00e9 en Belgique, tandis que les d\u00e9parts volontaires ont diminu\u00e9. Dans l&rsquo;ensemble, les d\u00e9parts de travailleurs sont rest\u00e9s stables \u00e0 17,6%. Cependant, une augmentation de 18,6% des r\u00e9siliations de contrats \u00e0 l\u2019initiative de [&hellip;]\" \/>\n<meta property=\"og:url\" content=\"https:\/\/peoplesphere.be\/fr\/des-licenciements-plus-nombreux-les-demissions-en-diminution-les-motifs-de-depart-des-travailleurs-sous-la-loupe\/\" \/>\n<meta property=\"og:site_name\" content=\"Peoplesphere\" \/>\n<meta property=\"article:publisher\" content=\"https:\/\/www.facebook.com\/peoplesphere\" \/>\n<meta property=\"article:published_time\" content=\"2024-02-27T05:50:00+00:00\" \/>\n<meta property=\"og:image\" content=\"https:\/\/peoplesphere.be\/fr\/wp-content\/uploads\/2024\/02\/20240227licenciements.jpg\" \/>\n\t<meta property=\"og:image:width\" content=\"1147\" \/>\n\t<meta property=\"og:image:height\" content=\"545\" \/>\n\t<meta property=\"og:image:type\" content=\"image\/jpeg\" \/>\n<meta name=\"author\" content=\"Jean-Paul Erhard\" \/>\n<meta name=\"twitter:card\" content=\"summary_large_image\" \/>\n<meta name=\"twitter:creator\" content=\"@PeoplesphereMag\" \/>\n<meta name=\"twitter:site\" content=\"@PeoplesphereMag\" \/>\n<meta name=\"twitter:label1\" content=\"\u00c9crit par\" \/>\n\t<meta name=\"twitter:data1\" content=\"Jean-Paul Erhard\" \/>\n\t<meta name=\"twitter:label2\" content=\"Dur\u00e9e de lecture estim\u00e9e\" \/>\n\t<meta name=\"twitter:data2\" content=\"5 minutes\" \/>\n<script type=\"application\/ld+json\" class=\"yoast-schema-graph\">{\"@context\":\"https:\/\/schema.org\",\"@graph\":[{\"@type\":\"Article\",\"@id\":\"https:\/\/peoplesphere.be\/fr\/des-licenciements-plus-nombreux-les-demissions-en-diminution-les-motifs-de-depart-des-travailleurs-sous-la-loupe\/#article\",\"isPartOf\":{\"@id\":\"https:\/\/peoplesphere.be\/fr\/des-licenciements-plus-nombreux-les-demissions-en-diminution-les-motifs-de-depart-des-travailleurs-sous-la-loupe\/\"},\"author\":{\"name\":\"Jean-Paul Erhard\",\"@id\":\"https:\/\/peoplesphere.be\/fr\/#\/schema\/person\/7976225ff17988604334abb7b3536a7e\"},\"headline\":\"Des licenciements plus nombreux, les d\u00e9missions en diminution: les motifs de d\u00e9part des travailleurs sous la loupe.\",\"datePublished\":\"2024-02-27T05:50:00+00:00\",\"dateModified\":\"2024-02-27T05:50:00+00:00\",\"mainEntityOfPage\":{\"@id\":\"https:\/\/peoplesphere.be\/fr\/des-licenciements-plus-nombreux-les-demissions-en-diminution-les-motifs-de-depart-des-travailleurs-sous-la-loupe\/\"},\"wordCount\":949,\"publisher\":{\"@id\":\"https:\/\/peoplesphere.be\/fr\/#organization\"},\"keywords\":[\"d\u00e9missions\",\"d\u00e9parts volontaires\",\"effectifs\",\"licenciements\",\"mobilit\u00e9\"],\"articleSection\":[\"Actualit\u00e9s\",\"Digital\"],\"inLanguage\":\"fr-FR\"},{\"@type\":\"WebPage\",\"@id\":\"https:\/\/peoplesphere.be\/fr\/des-licenciements-plus-nombreux-les-demissions-en-diminution-les-motifs-de-depart-des-travailleurs-sous-la-loupe\/\",\"url\":\"https:\/\/peoplesphere.be\/fr\/des-licenciements-plus-nombreux-les-demissions-en-diminution-les-motifs-de-depart-des-travailleurs-sous-la-loupe\/\",\"name\":\"Des licenciements plus nombreux, les d\u00e9missions en diminution: les motifs de d\u00e9part des travailleurs sous la loupe. - Peoplesphere\",\"isPartOf\":{\"@id\":\"https:\/\/peoplesphere.be\/fr\/#website\"},\"datePublished\":\"2024-02-27T05:50:00+00:00\",\"dateModified\":\"2024-02-27T05:50:00+00:00\",\"breadcrumb\":{\"@id\":\"https:\/\/peoplesphere.be\/fr\/des-licenciements-plus-nombreux-les-demissions-en-diminution-les-motifs-de-depart-des-travailleurs-sous-la-loupe\/#breadcrumb\"},\"inLanguage\":\"fr-FR\",\"potentialAction\":[{\"@type\":\"ReadAction\",\"target\":[\"https:\/\/peoplesphere.be\/fr\/des-licenciements-plus-nombreux-les-demissions-en-diminution-les-motifs-de-depart-des-travailleurs-sous-la-loupe\/\"]}]},{\"@type\":\"BreadcrumbList\",\"@id\":\"https:\/\/peoplesphere.be\/fr\/des-licenciements-plus-nombreux-les-demissions-en-diminution-les-motifs-de-depart-des-travailleurs-sous-la-loupe\/#breadcrumb\",\"itemListElement\":[{\"@type\":\"ListItem\",\"position\":1,\"name\":\"Accueil\",\"item\":\"https:\/\/peoplesphere.be\/fr\/\"},{\"@type\":\"ListItem\",\"position\":2,\"name\":\"Des licenciements plus nombreux, les d\u00e9missions en diminution: les motifs de d\u00e9part des travailleurs sous la loupe.\"}]},{\"@type\":\"WebSite\",\"@id\":\"https:\/\/peoplesphere.be\/fr\/#website\",\"url\":\"https:\/\/peoplesphere.be\/fr\/\",\"name\":\"Peoplesphere\",\"description\":\"The People Managers Magazine\",\"publisher\":{\"@id\":\"https:\/\/peoplesphere.be\/fr\/#organization\"},\"potentialAction\":[{\"@type\":\"SearchAction\",\"target\":{\"@type\":\"EntryPoint\",\"urlTemplate\":\"https:\/\/peoplesphere.be\/fr\/?s={search_term_string}\"},\"query-input\":\"required name=search_term_string\"}],\"inLanguage\":\"fr-FR\"},{\"@type\":\"Organization\",\"@id\":\"https:\/\/peoplesphere.be\/fr\/#organization\",\"name\":\"Peoplesphere Company srl\",\"url\":\"https:\/\/peoplesphere.be\/fr\/\",\"logo\":{\"@type\":\"ImageObject\",\"inLanguage\":\"fr-FR\",\"@id\":\"https:\/\/peoplesphere.be\/fr\/#\/schema\/logo\/image\/\",\"url\":\"https:\/\/peoplesphere.be\/fr\/wp-content\/uploads\/2023\/07\/peoplesphere-lgo-new-generik.jpg\",\"contentUrl\":\"https:\/\/peoplesphere.be\/fr\/wp-content\/uploads\/2023\/07\/peoplesphere-lgo-new-generik.jpg\",\"width\":1031,\"height\":1479,\"caption\":\"Peoplesphere Company srl\"},\"image\":{\"@id\":\"https:\/\/peoplesphere.be\/fr\/#\/schema\/logo\/image\/\"},\"sameAs\":[\"https:\/\/www.facebook.com\/peoplesphere\",\"https:\/\/twitter.com\/PeoplesphereMag\",\"https:\/\/www.linkedin.com\/company\/7587361?trk\",\"http:\/\/youtube.com\/peoplesphere\"]},{\"@type\":\"Person\",\"@id\":\"https:\/\/peoplesphere.be\/fr\/#\/schema\/person\/7976225ff17988604334abb7b3536a7e\",\"name\":\"Jean-Paul Erhard\",\"image\":{\"@type\":\"ImageObject\",\"inLanguage\":\"fr-FR\",\"@id\":\"https:\/\/peoplesphere.be\/fr\/#\/schema\/person\/image\/\",\"url\":\"https:\/\/secure.gravatar.com\/avatar\/f941e681460179738071629a51574930?s=96&d=mm&r=g\",\"contentUrl\":\"https:\/\/secure.gravatar.com\/avatar\/f941e681460179738071629a51574930?s=96&d=mm&r=g\",\"caption\":\"Jean-Paul Erhard\"},\"url\":\"https:\/\/peoplesphere.be\/fr\/author\/jpe\/\"}]}<\/script>\n<!-- \/ Yoast SEO plugin. -->","yoast_head_json":{"title":"Des licenciements plus nombreux, les d\u00e9missions en diminution: les motifs de d\u00e9part des travailleurs sous la loupe. - Peoplesphere","robots":{"index":"index","follow":"follow","max-snippet":"max-snippet:-1","max-image-preview":"max-image-preview:large","max-video-preview":"max-video-preview:-1"},"canonical":"https:\/\/peoplesphere.be\/fr\/des-licenciements-plus-nombreux-les-demissions-en-diminution-les-motifs-de-depart-des-travailleurs-sous-la-loupe\/","og_locale":"fr_FR","og_type":"article","og_title":"Des licenciements plus nombreux, les d\u00e9missions en diminution: les motifs de d\u00e9part des travailleurs sous la loupe. - Peoplesphere","og_description":"En 2023, le pourcentage de licenciements a augment\u00e9 en Belgique, tandis que les d\u00e9parts volontaires ont diminu\u00e9. Dans l&rsquo;ensemble, les d\u00e9parts de travailleurs sont rest\u00e9s stables \u00e0 17,6%. Cependant, une augmentation de 18,6% des r\u00e9siliations de contrats \u00e0 l\u2019initiative de [&hellip;]","og_url":"https:\/\/peoplesphere.be\/fr\/des-licenciements-plus-nombreux-les-demissions-en-diminution-les-motifs-de-depart-des-travailleurs-sous-la-loupe\/","og_site_name":"Peoplesphere","article_publisher":"https:\/\/www.facebook.com\/peoplesphere","article_published_time":"2024-02-27T05:50:00+00:00","og_image":[{"width":1147,"height":545,"url":"https:\/\/peoplesphere.be\/fr\/wp-content\/uploads\/2024\/02\/20240227licenciements.jpg","type":"image\/jpeg"}],"author":"Jean-Paul Erhard","twitter_card":"summary_large_image","twitter_creator":"@PeoplesphereMag","twitter_site":"@PeoplesphereMag","twitter_misc":{"\u00c9crit par":"Jean-Paul Erhard","Dur\u00e9e de lecture estim\u00e9e":"5 minutes"},"schema":{"@context":"https:\/\/schema.org","@graph":[{"@type":"Article","@id":"https:\/\/peoplesphere.be\/fr\/des-licenciements-plus-nombreux-les-demissions-en-diminution-les-motifs-de-depart-des-travailleurs-sous-la-loupe\/#article","isPartOf":{"@id":"https:\/\/peoplesphere.be\/fr\/des-licenciements-plus-nombreux-les-demissions-en-diminution-les-motifs-de-depart-des-travailleurs-sous-la-loupe\/"},"author":{"name":"Jean-Paul Erhard","@id":"https:\/\/peoplesphere.be\/fr\/#\/schema\/person\/7976225ff17988604334abb7b3536a7e"},"headline":"Des licenciements plus nombreux, les d\u00e9missions en diminution: les motifs de d\u00e9part des travailleurs sous la loupe.","datePublished":"2024-02-27T05:50:00+00:00","dateModified":"2024-02-27T05:50:00+00:00","mainEntityOfPage":{"@id":"https:\/\/peoplesphere.be\/fr\/des-licenciements-plus-nombreux-les-demissions-en-diminution-les-motifs-de-depart-des-travailleurs-sous-la-loupe\/"},"wordCount":949,"publisher":{"@id":"https:\/\/peoplesphere.be\/fr\/#organization"},"keywords":["d\u00e9missions","d\u00e9parts volontaires","effectifs","licenciements","mobilit\u00e9"],"articleSection":["Actualit\u00e9s","Digital"],"inLanguage":"fr-FR"},{"@type":"WebPage","@id":"https:\/\/peoplesphere.be\/fr\/des-licenciements-plus-nombreux-les-demissions-en-diminution-les-motifs-de-depart-des-travailleurs-sous-la-loupe\/","url":"https:\/\/peoplesphere.be\/fr\/des-licenciements-plus-nombreux-les-demissions-en-diminution-les-motifs-de-depart-des-travailleurs-sous-la-loupe\/","name":"Des licenciements plus nombreux, les d\u00e9missions en diminution: les motifs de d\u00e9part des travailleurs sous la loupe. - Peoplesphere","isPartOf":{"@id":"https:\/\/peoplesphere.be\/fr\/#website"},"datePublished":"2024-02-27T05:50:00+00:00","dateModified":"2024-02-27T05:50:00+00:00","breadcrumb":{"@id":"https:\/\/peoplesphere.be\/fr\/des-licenciements-plus-nombreux-les-demissions-en-diminution-les-motifs-de-depart-des-travailleurs-sous-la-loupe\/#breadcrumb"},"inLanguage":"fr-FR","potentialAction":[{"@type":"ReadAction","target":["https:\/\/peoplesphere.be\/fr\/des-licenciements-plus-nombreux-les-demissions-en-diminution-les-motifs-de-depart-des-travailleurs-sous-la-loupe\/"]}]},{"@type":"BreadcrumbList","@id":"https:\/\/peoplesphere.be\/fr\/des-licenciements-plus-nombreux-les-demissions-en-diminution-les-motifs-de-depart-des-travailleurs-sous-la-loupe\/#breadcrumb","itemListElement":[{"@type":"ListItem","position":1,"name":"Accueil","item":"https:\/\/peoplesphere.be\/fr\/"},{"@type":"ListItem","position":2,"name":"Des licenciements plus nombreux, les d\u00e9missions en diminution: les motifs de d\u00e9part des travailleurs sous la loupe."}]},{"@type":"WebSite","@id":"https:\/\/peoplesphere.be\/fr\/#website","url":"https:\/\/peoplesphere.be\/fr\/","name":"Peoplesphere","description":"The People Managers Magazine","publisher":{"@id":"https:\/\/peoplesphere.be\/fr\/#organization"},"potentialAction":[{"@type":"SearchAction","target":{"@type":"EntryPoint","urlTemplate":"https:\/\/peoplesphere.be\/fr\/?s={search_term_string}"},"query-input":"required name=search_term_string"}],"inLanguage":"fr-FR"},{"@type":"Organization","@id":"https:\/\/peoplesphere.be\/fr\/#organization","name":"Peoplesphere Company srl","url":"https:\/\/peoplesphere.be\/fr\/","logo":{"@type":"ImageObject","inLanguage":"fr-FR","@id":"https:\/\/peoplesphere.be\/fr\/#\/schema\/logo\/image\/","url":"https:\/\/peoplesphere.be\/fr\/wp-content\/uploads\/2023\/07\/peoplesphere-lgo-new-generik.jpg","contentUrl":"https:\/\/peoplesphere.be\/fr\/wp-content\/uploads\/2023\/07\/peoplesphere-lgo-new-generik.jpg","width":1031,"height":1479,"caption":"Peoplesphere Company srl"},"image":{"@id":"https:\/\/peoplesphere.be\/fr\/#\/schema\/logo\/image\/"},"sameAs":["https:\/\/www.facebook.com\/peoplesphere","https:\/\/twitter.com\/PeoplesphereMag","https:\/\/www.linkedin.com\/company\/7587361?trk","http:\/\/youtube.com\/peoplesphere"]},{"@type":"Person","@id":"https:\/\/peoplesphere.be\/fr\/#\/schema\/person\/7976225ff17988604334abb7b3536a7e","name":"Jean-Paul Erhard","image":{"@type":"ImageObject","inLanguage":"fr-FR","@id":"https:\/\/peoplesphere.be\/fr\/#\/schema\/person\/image\/","url":"https:\/\/secure.gravatar.com\/avatar\/f941e681460179738071629a51574930?s=96&d=mm&r=g","contentUrl":"https:\/\/secure.gravatar.com\/avatar\/f941e681460179738071629a51574930?s=96&d=mm&r=g","caption":"Jean-Paul Erhard"},"url":"https:\/\/peoplesphere.be\/fr\/author\/jpe\/"}]}},"_links":{"self":[{"href":"https:\/\/peoplesphere.be\/fr\/wp-json\/wp\/v2\/posts\/15760"}],"collection":[{"href":"https:\/\/peoplesphere.be\/fr\/wp-json\/wp\/v2\/posts"}],"about":[{"href":"https:\/\/peoplesphere.be\/fr\/wp-json\/wp\/v2\/types\/post"}],"author":[{"embeddable":true,"href":"https:\/\/peoplesphere.be\/fr\/wp-json\/wp\/v2\/users\/2"}],"replies":[{"embeddable":true,"href":"https:\/\/peoplesphere.be\/fr\/wp-json\/wp\/v2\/comments?post=15760"}],"version-history":[{"count":1,"href":"https:\/\/peoplesphere.be\/fr\/wp-json\/wp\/v2\/posts\/15760\/revisions"}],"predecessor-version":[{"id":15762,"href":"https:\/\/peoplesphere.be\/fr\/wp-json\/wp\/v2\/posts\/15760\/revisions\/15762"}],"wp:featuredmedia":[{"embeddable":true,"href":"https:\/\/peoplesphere.be\/fr\/wp-json\/wp\/v2\/media\/15761"}],"wp:attachment":[{"href":"https:\/\/peoplesphere.be\/fr\/wp-json\/wp\/v2\/media?parent=15760"}],"wp:term":[{"taxonomy":"category","embeddable":true,"href":"https:\/\/peoplesphere.be\/fr\/wp-json\/wp\/v2\/categories?post=15760"},{"taxonomy":"post_tag","embeddable":true,"href":"https:\/\/peoplesphere.be\/fr\/wp-json\/wp\/v2\/tags?post=15760"}],"curies":[{"name":"wp","href":"https:\/\/api.w.org\/{rel}","templated":true}]}}