









{"id":15791,"date":"2024-03-04T11:05:04","date_gmt":"2024-03-04T09:05:04","guid":{"rendered":"https:\/\/peoplesphere.be\/fr\/?p=15791"},"modified":"2024-03-04T11:05:04","modified_gmt":"2024-03-04T09:05:04","slug":"reglementation-relative-aux-lanceurs-dalerte-les-conditions-dapplication-sont-desormais-clarifiees","status":"publish","type":"post","link":"https:\/\/peoplesphere.be\/fr\/reglementation-relative-aux-lanceurs-dalerte-les-conditions-dapplication-sont-desormais-clarifiees\/","title":{"rendered":"R\u00e9glementation relative aux lanceurs d&rsquo;alerte: les conditions d&rsquo;application sont d\u00e9sormais clarifi\u00e9es."},"content":{"rendered":"<p>La plupart des entreprises et organisations sont d\u00e9sormais familiaris\u00e9es avec le concept de \u00ab\u00a0signalements\u00a0\u00bb, et en particulier avec la loi belge du 28 novembre 2022 transposant la directive europ\u00e9enne relative aux lanceurs d\u2019alerte dans le secteur priv\u00e9. Plusieurs conditions devaient toutefois \u00eatre clarifi\u00e9es afin que la mise en oeuvre de la r\u00e9glementation soit facilit\u00e9e&#8230;<!--more--><\/p>\n<p>En effet, depuis le 17 d\u00e9cembre 2023, toutes les entit\u00e9s juridiques du secteur priv\u00e9 comptant entre 50 et 249 travailleurs doivent disposer de leur propre canal de signalement interne. Les entreprises comptant plus de 250 travailleurs, les organisations du secteur financier ou celles qui \u0153uvrent pour la pr\u00e9vention du blanchiment de capitaux et du financement du terrorisme y \u00e9taient, quant \u00e0 elles, d\u00e9j\u00e0 tenues depuis le 15 f\u00e9vrier 2023.<\/p>\n<p>Toutefois, la l\u00e9gislation n&rsquo;\u00e9tait pas claire sur la mani\u00e8re de calculer le seuil de 50 travailleurs et, en particulier, sur le moment exact o\u00f9 ce calcul devait \u00eatre effectu\u00e9. En effet, la r\u00e9f\u00e9rence \u00e0 la loi du 4 d\u00e9cembre 2007 relative aux \u00e9lections sociales soulevait des doutes : ce calcul devait-il \u00eatre effectu\u00e9 tous les quatre ans seulement, comme pour la proc\u00e9dure relative aux \u00e9lections sociales, ou devait-il \u00eatre effectu\u00e9 \u00e0 une fr\u00e9quence plus rapproch\u00e9e, et si oui, comment devait-il \u00eatre effectu\u00e9 dans la pratique ?<\/p>\n<p>Le l\u00e9gislateur belge a, depuis lors, clarifi\u00e9 cette question dans le projet de loi du 9 novembre 2023 approuv\u00e9 lors de la s\u00e9ance pl\u00e9ni\u00e8re du 8 f\u00e9vrier 2024.<\/p>\n<p>A partir de 2025, il conviendra de v\u00e9rifier chaque ann\u00e9e au 1er janvier si le seuil de 50 travailleurs a \u00e9t\u00e9 d\u00e9pass\u00e9 au cours des 4 trimestres pr\u00e9c\u00e9dents. \u00c0 ce titre, la p\u00e9riode de r\u00e9f\u00e9rence s&rsquo;\u00e9tend du 1er janvier au 31 d\u00e9cembre. Si tel est le cas, un canal de signalement doit \u00eatre mis en place. Si tel n&rsquo;est pas le cas, l\u2019entreprise en est exempt\u00e9e pendant une p\u00e9riode d\u2019un an, le d\u00e9passement du seuil de 50 travailleurs devant \u00eatre v\u00e9rifi\u00e9 \u00e0 nouveau l&rsquo;ann\u00e9e civile suivante.<\/p>\n<p>Dans l\u2019intervalle, pour les organisations du secteur (public) local bruxellois, un arr\u00eat\u00e9 du Gouvernement de la R\u00e9gion de Bruxelles-Capitale du 7 d\u00e9cembre 2023 a \u00e9t\u00e9 publi\u00e9 au Moniteur belge le 21 d\u00e9cembre 2023. Certaines organisations relevant de la R\u00e9gion de Bruxelles-Capitale et\/ou exer\u00e7ant des comp\u00e9tences de l&rsquo;Agglom\u00e9ration bruxelloise et \u00e9num\u00e9r\u00e9es dans l\u2019arr\u00eat\u00e9 (en ce compris les autorit\u00e9s administratives, les communes et les intercommunales) sont \u00e9galement tenues, depuis le 1er janvier 2024, de mettre en place un syst\u00e8me de signalement interne pour recevoir les signalements de violations relatives \u00e0 l&rsquo;int\u00e9grit\u00e9.<\/p>\n<p>&nbsp;<\/p>\n<p><em>Source: Lydian<\/em><\/p>\n","protected":false},"excerpt":{"rendered":"<p>La plupart des entreprises et organisations sont d\u00e9sormais familiaris\u00e9es avec le concept de \u00ab\u00a0signalements\u00a0\u00bb, et en particulier avec la loi belge du 28 novembre 2022 transposant la directive europ\u00e9enne relative aux lanceurs d\u2019alerte dans le secteur priv\u00e9. Plusieurs conditions devaient [&hellip;]<\/p>\n","protected":false},"author":2,"featured_media":0,"comment_status":"closed","ping_status":"open","sticky":false,"template":"","format":"standard","meta":[],"categories":[65,10],"tags":[3868,272,3922],"yoast_head":"<!-- This site is optimized with the Yoast SEO plugin v21.0 - https:\/\/yoast.com\/wordpress\/plugins\/seo\/ -->\n<title>R\u00e9glementation relative aux lanceurs d&#039;alerte: les conditions d&#039;application sont d\u00e9sormais clarifi\u00e9es. - Peoplesphere<\/title>\n<meta name=\"robots\" content=\"index, follow, max-snippet:-1, max-image-preview:large, max-video-preview:-1\" \/>\n<link rel=\"canonical\" href=\"https:\/\/peoplesphere.be\/fr\/reglementation-relative-aux-lanceurs-dalerte-les-conditions-dapplication-sont-desormais-clarifiees\/\" \/>\n<meta property=\"og:locale\" content=\"fr_FR\" \/>\n<meta property=\"og:type\" content=\"article\" \/>\n<meta property=\"og:title\" content=\"R\u00e9glementation relative aux lanceurs d&#039;alerte: les conditions d&#039;application sont d\u00e9sormais clarifi\u00e9es. - Peoplesphere\" \/>\n<meta property=\"og:description\" content=\"La plupart des entreprises et organisations sont d\u00e9sormais familiaris\u00e9es avec le concept de \u00ab\u00a0signalements\u00a0\u00bb, et en particulier avec la loi belge du 28 novembre 2022 transposant la directive europ\u00e9enne relative aux lanceurs d\u2019alerte dans le secteur priv\u00e9. Plusieurs conditions devaient [&hellip;]\" \/>\n<meta property=\"og:url\" content=\"https:\/\/peoplesphere.be\/fr\/reglementation-relative-aux-lanceurs-dalerte-les-conditions-dapplication-sont-desormais-clarifiees\/\" \/>\n<meta property=\"og:site_name\" content=\"Peoplesphere\" \/>\n<meta property=\"article:publisher\" content=\"https:\/\/www.facebook.com\/peoplesphere\" \/>\n<meta property=\"article:published_time\" content=\"2024-03-04T09:05:04+00:00\" \/>\n<meta property=\"og:image\" content=\"http:\/\/www.peoplesphere.be\/fr\/wp-content\/uploads\/2016\/07\/facebook-default-posting-1200x628px.jpg\" \/>\n<meta name=\"author\" content=\"Jean-Paul Erhard\" \/>\n<meta name=\"twitter:card\" content=\"summary_large_image\" \/>\n<meta name=\"twitter:creator\" content=\"@PeoplesphereMag\" \/>\n<meta name=\"twitter:site\" content=\"@PeoplesphereMag\" \/>\n<meta name=\"twitter:label1\" content=\"\u00c9crit par\" \/>\n\t<meta name=\"twitter:data1\" content=\"Jean-Paul Erhard\" \/>\n\t<meta name=\"twitter:label2\" content=\"Dur\u00e9e de lecture estim\u00e9e\" \/>\n\t<meta name=\"twitter:data2\" content=\"3 minutes\" \/>\n<script type=\"application\/ld+json\" class=\"yoast-schema-graph\">{\"@context\":\"https:\/\/schema.org\",\"@graph\":[{\"@type\":\"Article\",\"@id\":\"https:\/\/peoplesphere.be\/fr\/reglementation-relative-aux-lanceurs-dalerte-les-conditions-dapplication-sont-desormais-clarifiees\/#article\",\"isPartOf\":{\"@id\":\"https:\/\/peoplesphere.be\/fr\/reglementation-relative-aux-lanceurs-dalerte-les-conditions-dapplication-sont-desormais-clarifiees\/\"},\"author\":{\"name\":\"Jean-Paul Erhard\",\"@id\":\"https:\/\/peoplesphere.be\/fr\/#\/schema\/person\/7976225ff17988604334abb7b3536a7e\"},\"headline\":\"R\u00e9glementation relative aux lanceurs d&rsquo;alerte: les conditions d&rsquo;application sont d\u00e9sormais clarifi\u00e9es.\",\"datePublished\":\"2024-03-04T09:05:04+00:00\",\"dateModified\":\"2024-03-04T09:05:04+00:00\",\"mainEntityOfPage\":{\"@id\":\"https:\/\/peoplesphere.be\/fr\/reglementation-relative-aux-lanceurs-dalerte-les-conditions-dapplication-sont-desormais-clarifiees\/\"},\"wordCount\":455,\"publisher\":{\"@id\":\"https:\/\/peoplesphere.be\/fr\/#organization\"},\"keywords\":[\"lanceurs d'alerte\",\"r\u00e9glementation\",\"signalement\"],\"articleSection\":[\"Actualit\u00e9s\",\"Digital\"],\"inLanguage\":\"fr-FR\"},{\"@type\":\"WebPage\",\"@id\":\"https:\/\/peoplesphere.be\/fr\/reglementation-relative-aux-lanceurs-dalerte-les-conditions-dapplication-sont-desormais-clarifiees\/\",\"url\":\"https:\/\/peoplesphere.be\/fr\/reglementation-relative-aux-lanceurs-dalerte-les-conditions-dapplication-sont-desormais-clarifiees\/\",\"name\":\"R\u00e9glementation relative aux lanceurs d'alerte: les conditions d'application sont d\u00e9sormais clarifi\u00e9es. - Peoplesphere\",\"isPartOf\":{\"@id\":\"https:\/\/peoplesphere.be\/fr\/#website\"},\"datePublished\":\"2024-03-04T09:05:04+00:00\",\"dateModified\":\"2024-03-04T09:05:04+00:00\",\"breadcrumb\":{\"@id\":\"https:\/\/peoplesphere.be\/fr\/reglementation-relative-aux-lanceurs-dalerte-les-conditions-dapplication-sont-desormais-clarifiees\/#breadcrumb\"},\"inLanguage\":\"fr-FR\",\"potentialAction\":[{\"@type\":\"ReadAction\",\"target\":[\"https:\/\/peoplesphere.be\/fr\/reglementation-relative-aux-lanceurs-dalerte-les-conditions-dapplication-sont-desormais-clarifiees\/\"]}]},{\"@type\":\"BreadcrumbList\",\"@id\":\"https:\/\/peoplesphere.be\/fr\/reglementation-relative-aux-lanceurs-dalerte-les-conditions-dapplication-sont-desormais-clarifiees\/#breadcrumb\",\"itemListElement\":[{\"@type\":\"ListItem\",\"position\":1,\"name\":\"Accueil\",\"item\":\"https:\/\/peoplesphere.be\/fr\/\"},{\"@type\":\"ListItem\",\"position\":2,\"name\":\"R\u00e9glementation relative aux lanceurs d&rsquo;alerte: les conditions d&rsquo;application sont d\u00e9sormais clarifi\u00e9es.\"}]},{\"@type\":\"WebSite\",\"@id\":\"https:\/\/peoplesphere.be\/fr\/#website\",\"url\":\"https:\/\/peoplesphere.be\/fr\/\",\"name\":\"Peoplesphere\",\"description\":\"The People Managers Magazine\",\"publisher\":{\"@id\":\"https:\/\/peoplesphere.be\/fr\/#organization\"},\"potentialAction\":[{\"@type\":\"SearchAction\",\"target\":{\"@type\":\"EntryPoint\",\"urlTemplate\":\"https:\/\/peoplesphere.be\/fr\/?s={search_term_string}\"},\"query-input\":\"required name=search_term_string\"}],\"inLanguage\":\"fr-FR\"},{\"@type\":\"Organization\",\"@id\":\"https:\/\/peoplesphere.be\/fr\/#organization\",\"name\":\"Peoplesphere Company srl\",\"url\":\"https:\/\/peoplesphere.be\/fr\/\",\"logo\":{\"@type\":\"ImageObject\",\"inLanguage\":\"fr-FR\",\"@id\":\"https:\/\/peoplesphere.be\/fr\/#\/schema\/logo\/image\/\",\"url\":\"https:\/\/peoplesphere.be\/fr\/wp-content\/uploads\/2023\/07\/peoplesphere-lgo-new-generik.jpg\",\"contentUrl\":\"https:\/\/peoplesphere.be\/fr\/wp-content\/uploads\/2023\/07\/peoplesphere-lgo-new-generik.jpg\",\"width\":1031,\"height\":1479,\"caption\":\"Peoplesphere Company srl\"},\"image\":{\"@id\":\"https:\/\/peoplesphere.be\/fr\/#\/schema\/logo\/image\/\"},\"sameAs\":[\"https:\/\/www.facebook.com\/peoplesphere\",\"https:\/\/twitter.com\/PeoplesphereMag\",\"https:\/\/www.linkedin.com\/company\/7587361?trk\",\"http:\/\/youtube.com\/peoplesphere\"]},{\"@type\":\"Person\",\"@id\":\"https:\/\/peoplesphere.be\/fr\/#\/schema\/person\/7976225ff17988604334abb7b3536a7e\",\"name\":\"Jean-Paul Erhard\",\"image\":{\"@type\":\"ImageObject\",\"inLanguage\":\"fr-FR\",\"@id\":\"https:\/\/peoplesphere.be\/fr\/#\/schema\/person\/image\/\",\"url\":\"https:\/\/secure.gravatar.com\/avatar\/f941e681460179738071629a51574930?s=96&d=mm&r=g\",\"contentUrl\":\"https:\/\/secure.gravatar.com\/avatar\/f941e681460179738071629a51574930?s=96&d=mm&r=g\",\"caption\":\"Jean-Paul Erhard\"},\"url\":\"https:\/\/peoplesphere.be\/fr\/author\/jpe\/\"}]}<\/script>\n<!-- \/ Yoast SEO plugin. -->","yoast_head_json":{"title":"R\u00e9glementation relative aux lanceurs d'alerte: les conditions d'application sont d\u00e9sormais clarifi\u00e9es. - Peoplesphere","robots":{"index":"index","follow":"follow","max-snippet":"max-snippet:-1","max-image-preview":"max-image-preview:large","max-video-preview":"max-video-preview:-1"},"canonical":"https:\/\/peoplesphere.be\/fr\/reglementation-relative-aux-lanceurs-dalerte-les-conditions-dapplication-sont-desormais-clarifiees\/","og_locale":"fr_FR","og_type":"article","og_title":"R\u00e9glementation relative aux lanceurs d'alerte: les conditions d'application sont d\u00e9sormais clarifi\u00e9es. - Peoplesphere","og_description":"La plupart des entreprises et organisations sont d\u00e9sormais familiaris\u00e9es avec le concept de \u00ab\u00a0signalements\u00a0\u00bb, et en particulier avec la loi belge du 28 novembre 2022 transposant la directive europ\u00e9enne relative aux lanceurs d\u2019alerte dans le secteur priv\u00e9. Plusieurs conditions devaient [&hellip;]","og_url":"https:\/\/peoplesphere.be\/fr\/reglementation-relative-aux-lanceurs-dalerte-les-conditions-dapplication-sont-desormais-clarifiees\/","og_site_name":"Peoplesphere","article_publisher":"https:\/\/www.facebook.com\/peoplesphere","article_published_time":"2024-03-04T09:05:04+00:00","og_image":[{"url":"http:\/\/www.peoplesphere.be\/fr\/wp-content\/uploads\/2016\/07\/facebook-default-posting-1200x628px.jpg"}],"author":"Jean-Paul Erhard","twitter_card":"summary_large_image","twitter_creator":"@PeoplesphereMag","twitter_site":"@PeoplesphereMag","twitter_misc":{"\u00c9crit par":"Jean-Paul Erhard","Dur\u00e9e de lecture estim\u00e9e":"3 minutes"},"schema":{"@context":"https:\/\/schema.org","@graph":[{"@type":"Article","@id":"https:\/\/peoplesphere.be\/fr\/reglementation-relative-aux-lanceurs-dalerte-les-conditions-dapplication-sont-desormais-clarifiees\/#article","isPartOf":{"@id":"https:\/\/peoplesphere.be\/fr\/reglementation-relative-aux-lanceurs-dalerte-les-conditions-dapplication-sont-desormais-clarifiees\/"},"author":{"name":"Jean-Paul Erhard","@id":"https:\/\/peoplesphere.be\/fr\/#\/schema\/person\/7976225ff17988604334abb7b3536a7e"},"headline":"R\u00e9glementation relative aux lanceurs d&rsquo;alerte: les conditions d&rsquo;application sont d\u00e9sormais clarifi\u00e9es.","datePublished":"2024-03-04T09:05:04+00:00","dateModified":"2024-03-04T09:05:04+00:00","mainEntityOfPage":{"@id":"https:\/\/peoplesphere.be\/fr\/reglementation-relative-aux-lanceurs-dalerte-les-conditions-dapplication-sont-desormais-clarifiees\/"},"wordCount":455,"publisher":{"@id":"https:\/\/peoplesphere.be\/fr\/#organization"},"keywords":["lanceurs d'alerte","r\u00e9glementation","signalement"],"articleSection":["Actualit\u00e9s","Digital"],"inLanguage":"fr-FR"},{"@type":"WebPage","@id":"https:\/\/peoplesphere.be\/fr\/reglementation-relative-aux-lanceurs-dalerte-les-conditions-dapplication-sont-desormais-clarifiees\/","url":"https:\/\/peoplesphere.be\/fr\/reglementation-relative-aux-lanceurs-dalerte-les-conditions-dapplication-sont-desormais-clarifiees\/","name":"R\u00e9glementation relative aux lanceurs d'alerte: les conditions d'application sont d\u00e9sormais clarifi\u00e9es. - Peoplesphere","isPartOf":{"@id":"https:\/\/peoplesphere.be\/fr\/#website"},"datePublished":"2024-03-04T09:05:04+00:00","dateModified":"2024-03-04T09:05:04+00:00","breadcrumb":{"@id":"https:\/\/peoplesphere.be\/fr\/reglementation-relative-aux-lanceurs-dalerte-les-conditions-dapplication-sont-desormais-clarifiees\/#breadcrumb"},"inLanguage":"fr-FR","potentialAction":[{"@type":"ReadAction","target":["https:\/\/peoplesphere.be\/fr\/reglementation-relative-aux-lanceurs-dalerte-les-conditions-dapplication-sont-desormais-clarifiees\/"]}]},{"@type":"BreadcrumbList","@id":"https:\/\/peoplesphere.be\/fr\/reglementation-relative-aux-lanceurs-dalerte-les-conditions-dapplication-sont-desormais-clarifiees\/#breadcrumb","itemListElement":[{"@type":"ListItem","position":1,"name":"Accueil","item":"https:\/\/peoplesphere.be\/fr\/"},{"@type":"ListItem","position":2,"name":"R\u00e9glementation relative aux lanceurs d&rsquo;alerte: les conditions d&rsquo;application sont d\u00e9sormais clarifi\u00e9es."}]},{"@type":"WebSite","@id":"https:\/\/peoplesphere.be\/fr\/#website","url":"https:\/\/peoplesphere.be\/fr\/","name":"Peoplesphere","description":"The People Managers Magazine","publisher":{"@id":"https:\/\/peoplesphere.be\/fr\/#organization"},"potentialAction":[{"@type":"SearchAction","target":{"@type":"EntryPoint","urlTemplate":"https:\/\/peoplesphere.be\/fr\/?s={search_term_string}"},"query-input":"required name=search_term_string"}],"inLanguage":"fr-FR"},{"@type":"Organization","@id":"https:\/\/peoplesphere.be\/fr\/#organization","name":"Peoplesphere Company srl","url":"https:\/\/peoplesphere.be\/fr\/","logo":{"@type":"ImageObject","inLanguage":"fr-FR","@id":"https:\/\/peoplesphere.be\/fr\/#\/schema\/logo\/image\/","url":"https:\/\/peoplesphere.be\/fr\/wp-content\/uploads\/2023\/07\/peoplesphere-lgo-new-generik.jpg","contentUrl":"https:\/\/peoplesphere.be\/fr\/wp-content\/uploads\/2023\/07\/peoplesphere-lgo-new-generik.jpg","width":1031,"height":1479,"caption":"Peoplesphere Company srl"},"image":{"@id":"https:\/\/peoplesphere.be\/fr\/#\/schema\/logo\/image\/"},"sameAs":["https:\/\/www.facebook.com\/peoplesphere","https:\/\/twitter.com\/PeoplesphereMag","https:\/\/www.linkedin.com\/company\/7587361?trk","http:\/\/youtube.com\/peoplesphere"]},{"@type":"Person","@id":"https:\/\/peoplesphere.be\/fr\/#\/schema\/person\/7976225ff17988604334abb7b3536a7e","name":"Jean-Paul Erhard","image":{"@type":"ImageObject","inLanguage":"fr-FR","@id":"https:\/\/peoplesphere.be\/fr\/#\/schema\/person\/image\/","url":"https:\/\/secure.gravatar.com\/avatar\/f941e681460179738071629a51574930?s=96&d=mm&r=g","contentUrl":"https:\/\/secure.gravatar.com\/avatar\/f941e681460179738071629a51574930?s=96&d=mm&r=g","caption":"Jean-Paul Erhard"},"url":"https:\/\/peoplesphere.be\/fr\/author\/jpe\/"}]}},"_links":{"self":[{"href":"https:\/\/peoplesphere.be\/fr\/wp-json\/wp\/v2\/posts\/15791"}],"collection":[{"href":"https:\/\/peoplesphere.be\/fr\/wp-json\/wp\/v2\/posts"}],"about":[{"href":"https:\/\/peoplesphere.be\/fr\/wp-json\/wp\/v2\/types\/post"}],"author":[{"embeddable":true,"href":"https:\/\/peoplesphere.be\/fr\/wp-json\/wp\/v2\/users\/2"}],"replies":[{"embeddable":true,"href":"https:\/\/peoplesphere.be\/fr\/wp-json\/wp\/v2\/comments?post=15791"}],"version-history":[{"count":1,"href":"https:\/\/peoplesphere.be\/fr\/wp-json\/wp\/v2\/posts\/15791\/revisions"}],"predecessor-version":[{"id":15792,"href":"https:\/\/peoplesphere.be\/fr\/wp-json\/wp\/v2\/posts\/15791\/revisions\/15792"}],"wp:attachment":[{"href":"https:\/\/peoplesphere.be\/fr\/wp-json\/wp\/v2\/media?parent=15791"}],"wp:term":[{"taxonomy":"category","embeddable":true,"href":"https:\/\/peoplesphere.be\/fr\/wp-json\/wp\/v2\/categories?post=15791"},{"taxonomy":"post_tag","embeddable":true,"href":"https:\/\/peoplesphere.be\/fr\/wp-json\/wp\/v2\/tags?post=15791"}],"curies":[{"name":"wp","href":"https:\/\/api.w.org\/{rel}","templated":true}]}}