









{"id":15834,"date":"2024-03-09T08:52:36","date_gmt":"2024-03-09T06:52:36","guid":{"rendered":"https:\/\/peoplesphere.be\/fr\/?p=15834"},"modified":"2024-03-11T08:57:14","modified_gmt":"2024-03-11T06:57:14","slug":"entrepreneuriat-feminin-les-independantes-representent-31-des-entrepreneurs-en-restant-concentrees-sur-des-secteurs-classiques","status":"publish","type":"post","link":"https:\/\/peoplesphere.be\/fr\/entrepreneuriat-feminin-les-independantes-representent-31-des-entrepreneurs-en-restant-concentrees-sur-des-secteurs-classiques\/","title":{"rendered":"Entrepreneuriat f\u00e9minin: les ind\u00e9pendantes repr\u00e9sentent 31% des entrepreneurs, en restant concentr\u00e9es sur des secteurs &lsquo;classiques&rsquo;."},"content":{"rendered":"<p>A l\u2019occasion de la journ\u00e9e des droits de la femme le 8 mars, Statbel a analys\u00e9 l\u2019entrepreneuriat f\u00e9minin sur la base de donn\u00e9es de 2022. En Belgique, 1.590.166 entrepreneurs ind\u00e9pendants ont des fonctions de fondateurs, administrateurs et g\u00e9rants. 31% de ces postes \u00e9taient occup\u00e9s par des femmes en 2022.<!--more--><\/p>\n<p>Cela repr\u00e9sente une hausse d\u2019un point de pourcentage par rapport \u00e0 2019 o\u00f9 30% des entrepreneurs ind\u00e9pendants \u00e9taient des femmes.<\/p>\n<h3><strong><em>Les femmes entrepreneurs sont le plus fortement repr\u00e9sent\u00e9es dans le secteur de la sant\u00e9<\/em><\/strong><\/h3>\n<p>Les secteurs qui attirent le plus les femmes entrepreneurs sont :<\/p>\n<ul>\n<li>La sant\u00e9 humaine et l\u2019action sociale (21%)<\/li>\n<li>Les activit\u00e9s sp\u00e9cialis\u00e9es, scientifiques et techniques (18%)<\/li>\n<li>Autres activit\u00e9s de services (15%)<\/li>\n<li>Le commerce, la r\u00e9paration d\u2019automobiles et de motocycles (14%)<\/li>\n<\/ul>\n<p>Le secteur de la sant\u00e9 est le seul secteur o\u00f9 les femmes sont majoritaires avec 61% des entrepreneurs ind\u00e9pendants. Les deux autres secteurs les plus \u2018f\u00e9minins\u2019 sont les autres activit\u00e9s de services (47%) et l\u2019enseignement (45%). De l\u2019autre c\u00f4t\u00e9 du spectre, la pr\u00e9sence f\u00e9minine descend jusqu\u2019\u00e0 7% dans la construction et 13% dans le secteur du transports et entreposage.<\/p>\n<h3><strong><em>Les femmes entrepreneurs sont moins pr\u00e9sentes dans la R\u00e9gion de Bruxelles-Capitale<\/em><\/strong><\/h3>\n<p>On retrouve 32% de femmes entrepreneurs en R\u00e9gion wallonne, 31% en R\u00e9gion flamande et 28% en r\u00e9gion bruxelloise.<br \/>\nL\u2019entreprenariat attire proportionnellement plus les jeunes femmes<\/p>\n<p>On retrouve le plus de femmes dans la tranche d\u2019\u00e2ge 40-49 ans (131.833). N\u00e9anmoins, les femmes sont proportionnellement plus pr\u00e9sentes dans les classes d\u2019\u00e2ges inf\u00e9rieures. 41% des entrepreneurs ind\u00e9pendants de moins de 30 ans sont des femmes pour seulement 30% dans la classe d\u2019\u00e2ge la plus r\u00e9pandue tous sexes confondus, les 50-59 ans.<\/p>\n<p>&nbsp;<\/p>\n<p><em>Source: Statbel &#8211; Datalab<\/em><\/p>\n","protected":false},"excerpt":{"rendered":"<p>A l\u2019occasion de la journ\u00e9e des droits de la femme le 8 mars, Statbel a analys\u00e9 l\u2019entrepreneuriat f\u00e9minin sur la base de donn\u00e9es de 2022. En Belgique, 1.590.166 entrepreneurs ind\u00e9pendants ont des fonctions de fondateurs, administrateurs et g\u00e9rants. 31% de [&hellip;]<\/p>\n","protected":false},"author":2,"featured_media":15835,"comment_status":"closed","ping_status":"open","sticky":false,"template":"","format":"standard","meta":[],"categories":[65,10],"tags":[292,1690,240],"yoast_head":"<!-- This site is optimized with the Yoast SEO plugin v21.0 - https:\/\/yoast.com\/wordpress\/plugins\/seo\/ -->\n<title>Entrepreneuriat f\u00e9minin: les ind\u00e9pendantes repr\u00e9sentent 31% des entrepreneurs, en restant concentr\u00e9es sur des secteurs &#039;classiques&#039;. - Peoplesphere<\/title>\n<meta name=\"robots\" content=\"index, follow, max-snippet:-1, max-image-preview:large, max-video-preview:-1\" \/>\n<link rel=\"canonical\" href=\"https:\/\/peoplesphere.be\/fr\/entrepreneuriat-feminin-les-independantes-representent-31-des-entrepreneurs-en-restant-concentrees-sur-des-secteurs-classiques\/\" \/>\n<meta property=\"og:locale\" content=\"fr_FR\" \/>\n<meta property=\"og:type\" content=\"article\" \/>\n<meta property=\"og:title\" content=\"Entrepreneuriat f\u00e9minin: les ind\u00e9pendantes repr\u00e9sentent 31% des entrepreneurs, en restant concentr\u00e9es sur des secteurs &#039;classiques&#039;. - Peoplesphere\" \/>\n<meta property=\"og:description\" content=\"A l\u2019occasion de la journ\u00e9e des droits de la femme le 8 mars, Statbel a analys\u00e9 l\u2019entrepreneuriat f\u00e9minin sur la base de donn\u00e9es de 2022. En Belgique, 1.590.166 entrepreneurs ind\u00e9pendants ont des fonctions de fondateurs, administrateurs et g\u00e9rants. 31% de [&hellip;]\" \/>\n<meta property=\"og:url\" content=\"https:\/\/peoplesphere.be\/fr\/entrepreneuriat-feminin-les-independantes-representent-31-des-entrepreneurs-en-restant-concentrees-sur-des-secteurs-classiques\/\" \/>\n<meta property=\"og:site_name\" content=\"Peoplesphere\" \/>\n<meta property=\"article:publisher\" content=\"https:\/\/www.facebook.com\/peoplesphere\" \/>\n<meta property=\"article:published_time\" content=\"2024-03-09T06:52:36+00:00\" \/>\n<meta property=\"article:modified_time\" content=\"2024-03-11T06:57:14+00:00\" \/>\n<meta property=\"og:image\" content=\"https:\/\/peoplesphere.be\/fr\/wp-content\/uploads\/2024\/03\/20240309femmesentrepreneurs.jpg\" \/>\n\t<meta property=\"og:image:width\" content=\"430\" \/>\n\t<meta property=\"og:image:height\" content=\"287\" \/>\n\t<meta property=\"og:image:type\" content=\"image\/jpeg\" \/>\n<meta name=\"author\" content=\"Jean-Paul Erhard\" \/>\n<meta name=\"twitter:card\" content=\"summary_large_image\" \/>\n<meta name=\"twitter:creator\" content=\"@PeoplesphereMag\" \/>\n<meta name=\"twitter:site\" content=\"@PeoplesphereMag\" \/>\n<meta name=\"twitter:label1\" content=\"\u00c9crit par\" \/>\n\t<meta name=\"twitter:data1\" content=\"Jean-Paul Erhard\" \/>\n\t<meta name=\"twitter:label2\" content=\"Dur\u00e9e de lecture estim\u00e9e\" \/>\n\t<meta name=\"twitter:data2\" content=\"2 minutes\" \/>\n<script type=\"application\/ld+json\" class=\"yoast-schema-graph\">{\"@context\":\"https:\/\/schema.org\",\"@graph\":[{\"@type\":\"Article\",\"@id\":\"https:\/\/peoplesphere.be\/fr\/entrepreneuriat-feminin-les-independantes-representent-31-des-entrepreneurs-en-restant-concentrees-sur-des-secteurs-classiques\/#article\",\"isPartOf\":{\"@id\":\"https:\/\/peoplesphere.be\/fr\/entrepreneuriat-feminin-les-independantes-representent-31-des-entrepreneurs-en-restant-concentrees-sur-des-secteurs-classiques\/\"},\"author\":{\"name\":\"Jean-Paul Erhard\",\"@id\":\"https:\/\/peoplesphere.be\/fr\/#\/schema\/person\/7976225ff17988604334abb7b3536a7e\"},\"headline\":\"Entrepreneuriat f\u00e9minin: les ind\u00e9pendantes repr\u00e9sentent 31% des entrepreneurs, en restant concentr\u00e9es sur des secteurs &lsquo;classiques&rsquo;.\",\"datePublished\":\"2024-03-09T06:52:36+00:00\",\"dateModified\":\"2024-03-11T06:57:14+00:00\",\"mainEntityOfPage\":{\"@id\":\"https:\/\/peoplesphere.be\/fr\/entrepreneuriat-feminin-les-independantes-representent-31-des-entrepreneurs-en-restant-concentrees-sur-des-secteurs-classiques\/\"},\"wordCount\":310,\"publisher\":{\"@id\":\"https:\/\/peoplesphere.be\/fr\/#organization\"},\"keywords\":[\"\u00e9galit\u00e9 des genres\",\"entrepreneuriat f\u00e9minin\",\"soins de sant\u00e9\"],\"articleSection\":[\"Actualit\u00e9s\",\"Digital\"],\"inLanguage\":\"fr-FR\"},{\"@type\":\"WebPage\",\"@id\":\"https:\/\/peoplesphere.be\/fr\/entrepreneuriat-feminin-les-independantes-representent-31-des-entrepreneurs-en-restant-concentrees-sur-des-secteurs-classiques\/\",\"url\":\"https:\/\/peoplesphere.be\/fr\/entrepreneuriat-feminin-les-independantes-representent-31-des-entrepreneurs-en-restant-concentrees-sur-des-secteurs-classiques\/\",\"name\":\"Entrepreneuriat f\u00e9minin: les ind\u00e9pendantes repr\u00e9sentent 31% des entrepreneurs, en restant concentr\u00e9es sur des secteurs 'classiques'. - Peoplesphere\",\"isPartOf\":{\"@id\":\"https:\/\/peoplesphere.be\/fr\/#website\"},\"datePublished\":\"2024-03-09T06:52:36+00:00\",\"dateModified\":\"2024-03-11T06:57:14+00:00\",\"breadcrumb\":{\"@id\":\"https:\/\/peoplesphere.be\/fr\/entrepreneuriat-feminin-les-independantes-representent-31-des-entrepreneurs-en-restant-concentrees-sur-des-secteurs-classiques\/#breadcrumb\"},\"inLanguage\":\"fr-FR\",\"potentialAction\":[{\"@type\":\"ReadAction\",\"target\":[\"https:\/\/peoplesphere.be\/fr\/entrepreneuriat-feminin-les-independantes-representent-31-des-entrepreneurs-en-restant-concentrees-sur-des-secteurs-classiques\/\"]}]},{\"@type\":\"BreadcrumbList\",\"@id\":\"https:\/\/peoplesphere.be\/fr\/entrepreneuriat-feminin-les-independantes-representent-31-des-entrepreneurs-en-restant-concentrees-sur-des-secteurs-classiques\/#breadcrumb\",\"itemListElement\":[{\"@type\":\"ListItem\",\"position\":1,\"name\":\"Accueil\",\"item\":\"https:\/\/peoplesphere.be\/fr\/\"},{\"@type\":\"ListItem\",\"position\":2,\"name\":\"Entrepreneuriat f\u00e9minin: les ind\u00e9pendantes repr\u00e9sentent 31% des entrepreneurs, en restant concentr\u00e9es sur des secteurs &lsquo;classiques&rsquo;.\"}]},{\"@type\":\"WebSite\",\"@id\":\"https:\/\/peoplesphere.be\/fr\/#website\",\"url\":\"https:\/\/peoplesphere.be\/fr\/\",\"name\":\"Peoplesphere\",\"description\":\"The People Managers Magazine\",\"publisher\":{\"@id\":\"https:\/\/peoplesphere.be\/fr\/#organization\"},\"potentialAction\":[{\"@type\":\"SearchAction\",\"target\":{\"@type\":\"EntryPoint\",\"urlTemplate\":\"https:\/\/peoplesphere.be\/fr\/?s={search_term_string}\"},\"query-input\":\"required name=search_term_string\"}],\"inLanguage\":\"fr-FR\"},{\"@type\":\"Organization\",\"@id\":\"https:\/\/peoplesphere.be\/fr\/#organization\",\"name\":\"Peoplesphere Company srl\",\"url\":\"https:\/\/peoplesphere.be\/fr\/\",\"logo\":{\"@type\":\"ImageObject\",\"inLanguage\":\"fr-FR\",\"@id\":\"https:\/\/peoplesphere.be\/fr\/#\/schema\/logo\/image\/\",\"url\":\"https:\/\/peoplesphere.be\/fr\/wp-content\/uploads\/2023\/07\/peoplesphere-lgo-new-generik.jpg\",\"contentUrl\":\"https:\/\/peoplesphere.be\/fr\/wp-content\/uploads\/2023\/07\/peoplesphere-lgo-new-generik.jpg\",\"width\":1031,\"height\":1479,\"caption\":\"Peoplesphere Company srl\"},\"image\":{\"@id\":\"https:\/\/peoplesphere.be\/fr\/#\/schema\/logo\/image\/\"},\"sameAs\":[\"https:\/\/www.facebook.com\/peoplesphere\",\"https:\/\/twitter.com\/PeoplesphereMag\",\"https:\/\/www.linkedin.com\/company\/7587361?trk\",\"http:\/\/youtube.com\/peoplesphere\"]},{\"@type\":\"Person\",\"@id\":\"https:\/\/peoplesphere.be\/fr\/#\/schema\/person\/7976225ff17988604334abb7b3536a7e\",\"name\":\"Jean-Paul Erhard\",\"image\":{\"@type\":\"ImageObject\",\"inLanguage\":\"fr-FR\",\"@id\":\"https:\/\/peoplesphere.be\/fr\/#\/schema\/person\/image\/\",\"url\":\"https:\/\/secure.gravatar.com\/avatar\/f941e681460179738071629a51574930?s=96&d=mm&r=g\",\"contentUrl\":\"https:\/\/secure.gravatar.com\/avatar\/f941e681460179738071629a51574930?s=96&d=mm&r=g\",\"caption\":\"Jean-Paul Erhard\"},\"url\":\"https:\/\/peoplesphere.be\/fr\/author\/jpe\/\"}]}<\/script>\n<!-- \/ Yoast SEO plugin. -->","yoast_head_json":{"title":"Entrepreneuriat f\u00e9minin: les ind\u00e9pendantes repr\u00e9sentent 31% des entrepreneurs, en restant concentr\u00e9es sur des secteurs 'classiques'. - Peoplesphere","robots":{"index":"index","follow":"follow","max-snippet":"max-snippet:-1","max-image-preview":"max-image-preview:large","max-video-preview":"max-video-preview:-1"},"canonical":"https:\/\/peoplesphere.be\/fr\/entrepreneuriat-feminin-les-independantes-representent-31-des-entrepreneurs-en-restant-concentrees-sur-des-secteurs-classiques\/","og_locale":"fr_FR","og_type":"article","og_title":"Entrepreneuriat f\u00e9minin: les ind\u00e9pendantes repr\u00e9sentent 31% des entrepreneurs, en restant concentr\u00e9es sur des secteurs 'classiques'. - Peoplesphere","og_description":"A l\u2019occasion de la journ\u00e9e des droits de la femme le 8 mars, Statbel a analys\u00e9 l\u2019entrepreneuriat f\u00e9minin sur la base de donn\u00e9es de 2022. En Belgique, 1.590.166 entrepreneurs ind\u00e9pendants ont des fonctions de fondateurs, administrateurs et g\u00e9rants. 31% de [&hellip;]","og_url":"https:\/\/peoplesphere.be\/fr\/entrepreneuriat-feminin-les-independantes-representent-31-des-entrepreneurs-en-restant-concentrees-sur-des-secteurs-classiques\/","og_site_name":"Peoplesphere","article_publisher":"https:\/\/www.facebook.com\/peoplesphere","article_published_time":"2024-03-09T06:52:36+00:00","article_modified_time":"2024-03-11T06:57:14+00:00","og_image":[{"width":430,"height":287,"url":"https:\/\/peoplesphere.be\/fr\/wp-content\/uploads\/2024\/03\/20240309femmesentrepreneurs.jpg","type":"image\/jpeg"}],"author":"Jean-Paul Erhard","twitter_card":"summary_large_image","twitter_creator":"@PeoplesphereMag","twitter_site":"@PeoplesphereMag","twitter_misc":{"\u00c9crit par":"Jean-Paul Erhard","Dur\u00e9e de lecture estim\u00e9e":"2 minutes"},"schema":{"@context":"https:\/\/schema.org","@graph":[{"@type":"Article","@id":"https:\/\/peoplesphere.be\/fr\/entrepreneuriat-feminin-les-independantes-representent-31-des-entrepreneurs-en-restant-concentrees-sur-des-secteurs-classiques\/#article","isPartOf":{"@id":"https:\/\/peoplesphere.be\/fr\/entrepreneuriat-feminin-les-independantes-representent-31-des-entrepreneurs-en-restant-concentrees-sur-des-secteurs-classiques\/"},"author":{"name":"Jean-Paul Erhard","@id":"https:\/\/peoplesphere.be\/fr\/#\/schema\/person\/7976225ff17988604334abb7b3536a7e"},"headline":"Entrepreneuriat f\u00e9minin: les ind\u00e9pendantes repr\u00e9sentent 31% des entrepreneurs, en restant concentr\u00e9es sur des secteurs &lsquo;classiques&rsquo;.","datePublished":"2024-03-09T06:52:36+00:00","dateModified":"2024-03-11T06:57:14+00:00","mainEntityOfPage":{"@id":"https:\/\/peoplesphere.be\/fr\/entrepreneuriat-feminin-les-independantes-representent-31-des-entrepreneurs-en-restant-concentrees-sur-des-secteurs-classiques\/"},"wordCount":310,"publisher":{"@id":"https:\/\/peoplesphere.be\/fr\/#organization"},"keywords":["\u00e9galit\u00e9 des genres","entrepreneuriat f\u00e9minin","soins de sant\u00e9"],"articleSection":["Actualit\u00e9s","Digital"],"inLanguage":"fr-FR"},{"@type":"WebPage","@id":"https:\/\/peoplesphere.be\/fr\/entrepreneuriat-feminin-les-independantes-representent-31-des-entrepreneurs-en-restant-concentrees-sur-des-secteurs-classiques\/","url":"https:\/\/peoplesphere.be\/fr\/entrepreneuriat-feminin-les-independantes-representent-31-des-entrepreneurs-en-restant-concentrees-sur-des-secteurs-classiques\/","name":"Entrepreneuriat f\u00e9minin: les ind\u00e9pendantes repr\u00e9sentent 31% des entrepreneurs, en restant concentr\u00e9es sur des secteurs 'classiques'. - Peoplesphere","isPartOf":{"@id":"https:\/\/peoplesphere.be\/fr\/#website"},"datePublished":"2024-03-09T06:52:36+00:00","dateModified":"2024-03-11T06:57:14+00:00","breadcrumb":{"@id":"https:\/\/peoplesphere.be\/fr\/entrepreneuriat-feminin-les-independantes-representent-31-des-entrepreneurs-en-restant-concentrees-sur-des-secteurs-classiques\/#breadcrumb"},"inLanguage":"fr-FR","potentialAction":[{"@type":"ReadAction","target":["https:\/\/peoplesphere.be\/fr\/entrepreneuriat-feminin-les-independantes-representent-31-des-entrepreneurs-en-restant-concentrees-sur-des-secteurs-classiques\/"]}]},{"@type":"BreadcrumbList","@id":"https:\/\/peoplesphere.be\/fr\/entrepreneuriat-feminin-les-independantes-representent-31-des-entrepreneurs-en-restant-concentrees-sur-des-secteurs-classiques\/#breadcrumb","itemListElement":[{"@type":"ListItem","position":1,"name":"Accueil","item":"https:\/\/peoplesphere.be\/fr\/"},{"@type":"ListItem","position":2,"name":"Entrepreneuriat f\u00e9minin: les ind\u00e9pendantes repr\u00e9sentent 31% des entrepreneurs, en restant concentr\u00e9es sur des secteurs &lsquo;classiques&rsquo;."}]},{"@type":"WebSite","@id":"https:\/\/peoplesphere.be\/fr\/#website","url":"https:\/\/peoplesphere.be\/fr\/","name":"Peoplesphere","description":"The People Managers Magazine","publisher":{"@id":"https:\/\/peoplesphere.be\/fr\/#organization"},"potentialAction":[{"@type":"SearchAction","target":{"@type":"EntryPoint","urlTemplate":"https:\/\/peoplesphere.be\/fr\/?s={search_term_string}"},"query-input":"required name=search_term_string"}],"inLanguage":"fr-FR"},{"@type":"Organization","@id":"https:\/\/peoplesphere.be\/fr\/#organization","name":"Peoplesphere Company srl","url":"https:\/\/peoplesphere.be\/fr\/","logo":{"@type":"ImageObject","inLanguage":"fr-FR","@id":"https:\/\/peoplesphere.be\/fr\/#\/schema\/logo\/image\/","url":"https:\/\/peoplesphere.be\/fr\/wp-content\/uploads\/2023\/07\/peoplesphere-lgo-new-generik.jpg","contentUrl":"https:\/\/peoplesphere.be\/fr\/wp-content\/uploads\/2023\/07\/peoplesphere-lgo-new-generik.jpg","width":1031,"height":1479,"caption":"Peoplesphere Company srl"},"image":{"@id":"https:\/\/peoplesphere.be\/fr\/#\/schema\/logo\/image\/"},"sameAs":["https:\/\/www.facebook.com\/peoplesphere","https:\/\/twitter.com\/PeoplesphereMag","https:\/\/www.linkedin.com\/company\/7587361?trk","http:\/\/youtube.com\/peoplesphere"]},{"@type":"Person","@id":"https:\/\/peoplesphere.be\/fr\/#\/schema\/person\/7976225ff17988604334abb7b3536a7e","name":"Jean-Paul Erhard","image":{"@type":"ImageObject","inLanguage":"fr-FR","@id":"https:\/\/peoplesphere.be\/fr\/#\/schema\/person\/image\/","url":"https:\/\/secure.gravatar.com\/avatar\/f941e681460179738071629a51574930?s=96&d=mm&r=g","contentUrl":"https:\/\/secure.gravatar.com\/avatar\/f941e681460179738071629a51574930?s=96&d=mm&r=g","caption":"Jean-Paul Erhard"},"url":"https:\/\/peoplesphere.be\/fr\/author\/jpe\/"}]}},"_links":{"self":[{"href":"https:\/\/peoplesphere.be\/fr\/wp-json\/wp\/v2\/posts\/15834"}],"collection":[{"href":"https:\/\/peoplesphere.be\/fr\/wp-json\/wp\/v2\/posts"}],"about":[{"href":"https:\/\/peoplesphere.be\/fr\/wp-json\/wp\/v2\/types\/post"}],"author":[{"embeddable":true,"href":"https:\/\/peoplesphere.be\/fr\/wp-json\/wp\/v2\/users\/2"}],"replies":[{"embeddable":true,"href":"https:\/\/peoplesphere.be\/fr\/wp-json\/wp\/v2\/comments?post=15834"}],"version-history":[{"count":1,"href":"https:\/\/peoplesphere.be\/fr\/wp-json\/wp\/v2\/posts\/15834\/revisions"}],"predecessor-version":[{"id":15836,"href":"https:\/\/peoplesphere.be\/fr\/wp-json\/wp\/v2\/posts\/15834\/revisions\/15836"}],"wp:featuredmedia":[{"embeddable":true,"href":"https:\/\/peoplesphere.be\/fr\/wp-json\/wp\/v2\/media\/15835"}],"wp:attachment":[{"href":"https:\/\/peoplesphere.be\/fr\/wp-json\/wp\/v2\/media?parent=15834"}],"wp:term":[{"taxonomy":"category","embeddable":true,"href":"https:\/\/peoplesphere.be\/fr\/wp-json\/wp\/v2\/categories?post=15834"},{"taxonomy":"post_tag","embeddable":true,"href":"https:\/\/peoplesphere.be\/fr\/wp-json\/wp\/v2\/tags?post=15834"}],"curies":[{"name":"wp","href":"https:\/\/api.w.org\/{rel}","templated":true}]}}