









{"id":15868,"date":"2024-03-18T07:59:33","date_gmt":"2024-03-18T05:59:33","guid":{"rendered":"https:\/\/peoplesphere.be\/fr\/?p=15868"},"modified":"2024-03-18T07:59:33","modified_gmt":"2024-03-18T05:59:33","slug":"la-popularite-des-cheques-repas-ne-se-dement-pas-avec-60-des-employes-desormais-beneficiaires","status":"publish","type":"post","link":"https:\/\/peoplesphere.be\/fr\/la-popularite-des-cheques-repas-ne-se-dement-pas-avec-60-des-employes-desormais-beneficiaires\/","title":{"rendered":"La popularit\u00e9 des ch\u00e8ques-repas ne se d\u00e9ment pas avec 60% des employ\u00e9s d\u00e9sormais b\u00e9n\u00e9ficiaires."},"content":{"rendered":"<p>Comme le prix des produits alimentaires reste tr\u00e8s \u00e9lev\u00e9, de plus en plus d\u2019employeurs s\u2019efforcent de soutenir leurs travailleurs dans ce contexte. Les ch\u00e8ques-repas n\u2019ont d\u00e8s lors jamais \u00e9t\u00e9 aussi populaires. Plus de six employ\u00e9s sur dix en ont re\u00e7u en 2023, un record d\u2019apr\u00e8s les chiffres du groupe de services RH Liantis. Le nombre de ch\u00e8ques-repas octroy\u00e9s aux ouvriers augmente lui aussi : en 2023, le pourcentage s\u2019\u00e9levait \u00e0 47,57 %.<!--more--><\/p>\n<p>En 2023, 55,37% de l\u2019ensemble des travailleurs fixes de PME ont re\u00e7u des ch\u00e8ques-repas. Il s\u2019agit de nouveau d\u2019une augmentation par rapport aux ann\u00e9es pr\u00e9c\u00e9dentes, en 2021, le pourcentage s\u2019\u00e9levait encore \u00e0 47,22%.<\/p>\n<p>La proportion est la plus \u00e9lev\u00e9e parmi les employ\u00e9s : 63,44% se sont vu octroyer des ch\u00e8ques-repas en 2023. En 2021, ce pourcentage \u00e9tait encore de 53,92%. La proportion est toutefois bien moins \u00e9lev\u00e9e parmi les ouvriers : un peu moins de la moiti\u00e9 (47,57%) ont re\u00e7u des ch\u00e8ques-repas en 2023. \u00c0 titre de comparaison, ils n\u2019\u00e9taient que 40,90% en 2021.<\/p>\n<p><em>\u00ab\u00a0Il est d\u00e9termin\u00e9 si les travailleurs ont droit \u00e0 des ch\u00e8ques-repas dans une convention collective de travail ou une CCT d\u2019entreprise et une convention individuelle. Si les ch\u00e8ques-repas ne sont pas repris dans la CCT et si aucune CCT d\u2019entreprise n\u2019a \u00e9t\u00e9 conclue dans l\u2019entreprise, l\u2019employeur peut introduire de sa propre initiative l\u2019attribution de ch\u00e8ques-repas et il peut en d\u00e9terminer le montant\u00a0\u00bb<\/em>, explique Matthias Debruyckere de Liantis.<\/p>\n<p>Le nombre d\u2019ouvriers \u00e0 qui des ch\u00e8ques-repas sont octroy\u00e9s est toutefois moins \u00e9lev\u00e9. Pourquoi cette diff\u00e9rence entre les employ\u00e9s et les ouvriers\u2009? <em>\u00ab\u00a0Cette situation est principalement due au fait que les ouvriers sont r\u00e9mun\u00e9r\u00e9s en fonction du bar\u00e8me. Pour la r\u00e9mun\u00e9ration des employ\u00e9s, les avantages alternatifs ont toujours jou\u00e9 un r\u00f4le plus important, mais ils connaissent une belle progression parmi les ouvriers\u00a0\u00bb,<\/em> ajoute Matthias Debruyckere.<\/p>\n<h3><strong><em>Avantage alternatif<\/em><\/strong><\/h3>\n<p>Les ch\u00e8ques-repas sont toujours financ\u00e9s en partie par l\u2019employeur et en partie par le travailleur. <em>\u00ab\u00a0L\u2019employeur paie l\u2019intervention patronale, mais ne doit pas payer de cotisations ONSS sur les ch\u00e8ques-repas. Le collaborateur paie lui aussi une contribution. Ce montant est d\u00e9duit de son salaire net, il s\u2019agit donc d\u2019une op\u00e9ration neutre\u00a0\u00bb<\/em>, poursuit Matthias Debruyckere.<\/p>\n<p><em>\u00ab\u00a0Le principal avantage pour le travailleur est bien s\u00fbr que les ch\u00e8ques-repas sont exon\u00e9r\u00e9s de cotisations sociales et d\u2019imp\u00f4ts. Le brut devient donc du net. Attention : le travailleur peut uniquement recevoir un ch\u00e8que-repas par jour prest\u00e9. Les jours de maladie, de cong\u00e9, de ch\u00f4mage temporaire, de petit ch\u00f4mage&#8230; n\u2019entrent donc pas en ligne de compte.\u00a0\u00bb<\/em><\/p>\n<h3><strong><em>Une popularit\u00e9 qui ne se d\u00e9ment pas<\/em><\/strong><\/h3>\n<p>L\u2019octroi de plus en plus fr\u00e9quent de ch\u00e8ques-repas ne surprend pas Matthias Debruyckere : <em>\u00ab\u00a0En raison de l\u2019inflation, les co\u00fbts salariaux ont augment\u00e9 de mani\u00e8re spectaculaire au cours des derni\u00e8res ann\u00e9es. Les personnes qui n\u2019envisageaient pas une r\u00e9mun\u00e9ration alternative explorent d\u00e9sormais cette possibilit\u00e9. La facilit\u00e9 d\u2019introduction des ch\u00e8ques-repas renforce la popularit\u00e9 de ceux-ci aupr\u00e8s des employeurs. Enfin, ce syst\u00e8me est g\u00e9n\u00e9ralement plus avantageux pour le travailleur qu\u2019une augmentation du salaire brut.\u00a0\u00bb<\/em><\/p>\n<p>Les avantages des ch\u00e8ques-repas continuent \u00e0 convaincre et sont m\u00eame octroy\u00e9s dans d\u2019autres secteurs : depuis janvier 2024, les fonctionnaires f\u00e9d\u00e9raux, soit pas moins de 65\u2009000 travailleurs suppl\u00e9mentaires, ont \u00e9galement droit \u00e0 des ch\u00e8ques-repas.<\/p>\n<p>&nbsp;<\/p>\n<p><em>Source: Liantis<\/em><\/p>\n","protected":false},"excerpt":{"rendered":"<p>Comme le prix des produits alimentaires reste tr\u00e8s \u00e9lev\u00e9, de plus en plus d\u2019employeurs s\u2019efforcent de soutenir leurs travailleurs dans ce contexte. Les ch\u00e8ques-repas n\u2019ont d\u00e8s lors jamais \u00e9t\u00e9 aussi populaires. Plus de six employ\u00e9s sur dix en ont re\u00e7u [&hellip;]<\/p>\n","protected":false},"author":2,"featured_media":0,"comment_status":"closed","ping_status":"open","sticky":false,"template":"","format":"standard","meta":[],"categories":[65,10],"tags":[156,148,358,108],"yoast_head":"<!-- This site is optimized with the Yoast SEO plugin v21.0 - https:\/\/yoast.com\/wordpress\/plugins\/seo\/ -->\n<title>La popularit\u00e9 des ch\u00e8ques-repas ne se d\u00e9ment pas avec 60% des employ\u00e9s d\u00e9sormais b\u00e9n\u00e9ficiaires. - Peoplesphere<\/title>\n<meta name=\"robots\" content=\"index, follow, max-snippet:-1, max-image-preview:large, max-video-preview:-1\" \/>\n<link rel=\"canonical\" href=\"https:\/\/peoplesphere.be\/fr\/la-popularite-des-cheques-repas-ne-se-dement-pas-avec-60-des-employes-desormais-beneficiaires\/\" \/>\n<meta property=\"og:locale\" content=\"fr_FR\" \/>\n<meta property=\"og:type\" content=\"article\" \/>\n<meta property=\"og:title\" content=\"La popularit\u00e9 des ch\u00e8ques-repas ne se d\u00e9ment pas avec 60% des employ\u00e9s d\u00e9sormais b\u00e9n\u00e9ficiaires. - Peoplesphere\" \/>\n<meta property=\"og:description\" content=\"Comme le prix des produits alimentaires reste tr\u00e8s \u00e9lev\u00e9, de plus en plus d\u2019employeurs s\u2019efforcent de soutenir leurs travailleurs dans ce contexte. Les ch\u00e8ques-repas n\u2019ont d\u00e8s lors jamais \u00e9t\u00e9 aussi populaires. Plus de six employ\u00e9s sur dix en ont re\u00e7u [&hellip;]\" \/>\n<meta property=\"og:url\" content=\"https:\/\/peoplesphere.be\/fr\/la-popularite-des-cheques-repas-ne-se-dement-pas-avec-60-des-employes-desormais-beneficiaires\/\" \/>\n<meta property=\"og:site_name\" content=\"Peoplesphere\" \/>\n<meta property=\"article:publisher\" content=\"https:\/\/www.facebook.com\/peoplesphere\" \/>\n<meta property=\"article:published_time\" content=\"2024-03-18T05:59:33+00:00\" \/>\n<meta property=\"og:image\" content=\"http:\/\/www.peoplesphere.be\/fr\/wp-content\/uploads\/2016\/07\/facebook-default-posting-1200x628px.jpg\" \/>\n<meta name=\"author\" content=\"Jean-Paul Erhard\" \/>\n<meta name=\"twitter:card\" content=\"summary_large_image\" \/>\n<meta name=\"twitter:creator\" content=\"@PeoplesphereMag\" \/>\n<meta name=\"twitter:site\" content=\"@PeoplesphereMag\" \/>\n<meta name=\"twitter:label1\" content=\"\u00c9crit par\" \/>\n\t<meta name=\"twitter:data1\" content=\"Jean-Paul Erhard\" \/>\n\t<meta name=\"twitter:label2\" content=\"Dur\u00e9e de lecture estim\u00e9e\" \/>\n\t<meta name=\"twitter:data2\" content=\"3 minutes\" \/>\n<script type=\"application\/ld+json\" class=\"yoast-schema-graph\">{\"@context\":\"https:\/\/schema.org\",\"@graph\":[{\"@type\":\"Article\",\"@id\":\"https:\/\/peoplesphere.be\/fr\/la-popularite-des-cheques-repas-ne-se-dement-pas-avec-60-des-employes-desormais-beneficiaires\/#article\",\"isPartOf\":{\"@id\":\"https:\/\/peoplesphere.be\/fr\/la-popularite-des-cheques-repas-ne-se-dement-pas-avec-60-des-employes-desormais-beneficiaires\/\"},\"author\":{\"name\":\"Jean-Paul Erhard\",\"@id\":\"https:\/\/peoplesphere.be\/fr\/#\/schema\/person\/7976225ff17988604334abb7b3536a7e\"},\"headline\":\"La popularit\u00e9 des ch\u00e8ques-repas ne se d\u00e9ment pas avec 60% des employ\u00e9s d\u00e9sormais b\u00e9n\u00e9ficiaires.\",\"datePublished\":\"2024-03-18T05:59:33+00:00\",\"dateModified\":\"2024-03-18T05:59:33+00:00\",\"mainEntityOfPage\":{\"@id\":\"https:\/\/peoplesphere.be\/fr\/la-popularite-des-cheques-repas-ne-se-dement-pas-avec-60-des-employes-desormais-beneficiaires\/\"},\"wordCount\":614,\"publisher\":{\"@id\":\"https:\/\/peoplesphere.be\/fr\/#organization\"},\"keywords\":[\"ch\u00e8ques-repas\",\"pouvoir d'achat\",\"r\u00e9mun\u00e9rations alternatives\",\"salaires\"],\"articleSection\":[\"Actualit\u00e9s\",\"Digital\"],\"inLanguage\":\"fr-FR\"},{\"@type\":\"WebPage\",\"@id\":\"https:\/\/peoplesphere.be\/fr\/la-popularite-des-cheques-repas-ne-se-dement-pas-avec-60-des-employes-desormais-beneficiaires\/\",\"url\":\"https:\/\/peoplesphere.be\/fr\/la-popularite-des-cheques-repas-ne-se-dement-pas-avec-60-des-employes-desormais-beneficiaires\/\",\"name\":\"La popularit\u00e9 des ch\u00e8ques-repas ne se d\u00e9ment pas avec 60% des employ\u00e9s d\u00e9sormais b\u00e9n\u00e9ficiaires. - Peoplesphere\",\"isPartOf\":{\"@id\":\"https:\/\/peoplesphere.be\/fr\/#website\"},\"datePublished\":\"2024-03-18T05:59:33+00:00\",\"dateModified\":\"2024-03-18T05:59:33+00:00\",\"breadcrumb\":{\"@id\":\"https:\/\/peoplesphere.be\/fr\/la-popularite-des-cheques-repas-ne-se-dement-pas-avec-60-des-employes-desormais-beneficiaires\/#breadcrumb\"},\"inLanguage\":\"fr-FR\",\"potentialAction\":[{\"@type\":\"ReadAction\",\"target\":[\"https:\/\/peoplesphere.be\/fr\/la-popularite-des-cheques-repas-ne-se-dement-pas-avec-60-des-employes-desormais-beneficiaires\/\"]}]},{\"@type\":\"BreadcrumbList\",\"@id\":\"https:\/\/peoplesphere.be\/fr\/la-popularite-des-cheques-repas-ne-se-dement-pas-avec-60-des-employes-desormais-beneficiaires\/#breadcrumb\",\"itemListElement\":[{\"@type\":\"ListItem\",\"position\":1,\"name\":\"Accueil\",\"item\":\"https:\/\/peoplesphere.be\/fr\/\"},{\"@type\":\"ListItem\",\"position\":2,\"name\":\"La popularit\u00e9 des ch\u00e8ques-repas ne se d\u00e9ment pas avec 60% des employ\u00e9s d\u00e9sormais b\u00e9n\u00e9ficiaires.\"}]},{\"@type\":\"WebSite\",\"@id\":\"https:\/\/peoplesphere.be\/fr\/#website\",\"url\":\"https:\/\/peoplesphere.be\/fr\/\",\"name\":\"Peoplesphere\",\"description\":\"The People Managers Magazine\",\"publisher\":{\"@id\":\"https:\/\/peoplesphere.be\/fr\/#organization\"},\"potentialAction\":[{\"@type\":\"SearchAction\",\"target\":{\"@type\":\"EntryPoint\",\"urlTemplate\":\"https:\/\/peoplesphere.be\/fr\/?s={search_term_string}\"},\"query-input\":\"required name=search_term_string\"}],\"inLanguage\":\"fr-FR\"},{\"@type\":\"Organization\",\"@id\":\"https:\/\/peoplesphere.be\/fr\/#organization\",\"name\":\"Peoplesphere Company srl\",\"url\":\"https:\/\/peoplesphere.be\/fr\/\",\"logo\":{\"@type\":\"ImageObject\",\"inLanguage\":\"fr-FR\",\"@id\":\"https:\/\/peoplesphere.be\/fr\/#\/schema\/logo\/image\/\",\"url\":\"https:\/\/peoplesphere.be\/fr\/wp-content\/uploads\/2023\/07\/peoplesphere-lgo-new-generik.jpg\",\"contentUrl\":\"https:\/\/peoplesphere.be\/fr\/wp-content\/uploads\/2023\/07\/peoplesphere-lgo-new-generik.jpg\",\"width\":1031,\"height\":1479,\"caption\":\"Peoplesphere Company srl\"},\"image\":{\"@id\":\"https:\/\/peoplesphere.be\/fr\/#\/schema\/logo\/image\/\"},\"sameAs\":[\"https:\/\/www.facebook.com\/peoplesphere\",\"https:\/\/twitter.com\/PeoplesphereMag\",\"https:\/\/www.linkedin.com\/company\/7587361?trk\",\"http:\/\/youtube.com\/peoplesphere\"]},{\"@type\":\"Person\",\"@id\":\"https:\/\/peoplesphere.be\/fr\/#\/schema\/person\/7976225ff17988604334abb7b3536a7e\",\"name\":\"Jean-Paul Erhard\",\"image\":{\"@type\":\"ImageObject\",\"inLanguage\":\"fr-FR\",\"@id\":\"https:\/\/peoplesphere.be\/fr\/#\/schema\/person\/image\/\",\"url\":\"https:\/\/secure.gravatar.com\/avatar\/f941e681460179738071629a51574930?s=96&d=mm&r=g\",\"contentUrl\":\"https:\/\/secure.gravatar.com\/avatar\/f941e681460179738071629a51574930?s=96&d=mm&r=g\",\"caption\":\"Jean-Paul Erhard\"},\"url\":\"https:\/\/peoplesphere.be\/fr\/author\/jpe\/\"}]}<\/script>\n<!-- \/ Yoast SEO plugin. -->","yoast_head_json":{"title":"La popularit\u00e9 des ch\u00e8ques-repas ne se d\u00e9ment pas avec 60% des employ\u00e9s d\u00e9sormais b\u00e9n\u00e9ficiaires. - Peoplesphere","robots":{"index":"index","follow":"follow","max-snippet":"max-snippet:-1","max-image-preview":"max-image-preview:large","max-video-preview":"max-video-preview:-1"},"canonical":"https:\/\/peoplesphere.be\/fr\/la-popularite-des-cheques-repas-ne-se-dement-pas-avec-60-des-employes-desormais-beneficiaires\/","og_locale":"fr_FR","og_type":"article","og_title":"La popularit\u00e9 des ch\u00e8ques-repas ne se d\u00e9ment pas avec 60% des employ\u00e9s d\u00e9sormais b\u00e9n\u00e9ficiaires. - Peoplesphere","og_description":"Comme le prix des produits alimentaires reste tr\u00e8s \u00e9lev\u00e9, de plus en plus d\u2019employeurs s\u2019efforcent de soutenir leurs travailleurs dans ce contexte. Les ch\u00e8ques-repas n\u2019ont d\u00e8s lors jamais \u00e9t\u00e9 aussi populaires. Plus de six employ\u00e9s sur dix en ont re\u00e7u [&hellip;]","og_url":"https:\/\/peoplesphere.be\/fr\/la-popularite-des-cheques-repas-ne-se-dement-pas-avec-60-des-employes-desormais-beneficiaires\/","og_site_name":"Peoplesphere","article_publisher":"https:\/\/www.facebook.com\/peoplesphere","article_published_time":"2024-03-18T05:59:33+00:00","og_image":[{"url":"http:\/\/www.peoplesphere.be\/fr\/wp-content\/uploads\/2016\/07\/facebook-default-posting-1200x628px.jpg"}],"author":"Jean-Paul Erhard","twitter_card":"summary_large_image","twitter_creator":"@PeoplesphereMag","twitter_site":"@PeoplesphereMag","twitter_misc":{"\u00c9crit par":"Jean-Paul Erhard","Dur\u00e9e de lecture estim\u00e9e":"3 minutes"},"schema":{"@context":"https:\/\/schema.org","@graph":[{"@type":"Article","@id":"https:\/\/peoplesphere.be\/fr\/la-popularite-des-cheques-repas-ne-se-dement-pas-avec-60-des-employes-desormais-beneficiaires\/#article","isPartOf":{"@id":"https:\/\/peoplesphere.be\/fr\/la-popularite-des-cheques-repas-ne-se-dement-pas-avec-60-des-employes-desormais-beneficiaires\/"},"author":{"name":"Jean-Paul Erhard","@id":"https:\/\/peoplesphere.be\/fr\/#\/schema\/person\/7976225ff17988604334abb7b3536a7e"},"headline":"La popularit\u00e9 des ch\u00e8ques-repas ne se d\u00e9ment pas avec 60% des employ\u00e9s d\u00e9sormais b\u00e9n\u00e9ficiaires.","datePublished":"2024-03-18T05:59:33+00:00","dateModified":"2024-03-18T05:59:33+00:00","mainEntityOfPage":{"@id":"https:\/\/peoplesphere.be\/fr\/la-popularite-des-cheques-repas-ne-se-dement-pas-avec-60-des-employes-desormais-beneficiaires\/"},"wordCount":614,"publisher":{"@id":"https:\/\/peoplesphere.be\/fr\/#organization"},"keywords":["ch\u00e8ques-repas","pouvoir d'achat","r\u00e9mun\u00e9rations alternatives","salaires"],"articleSection":["Actualit\u00e9s","Digital"],"inLanguage":"fr-FR"},{"@type":"WebPage","@id":"https:\/\/peoplesphere.be\/fr\/la-popularite-des-cheques-repas-ne-se-dement-pas-avec-60-des-employes-desormais-beneficiaires\/","url":"https:\/\/peoplesphere.be\/fr\/la-popularite-des-cheques-repas-ne-se-dement-pas-avec-60-des-employes-desormais-beneficiaires\/","name":"La popularit\u00e9 des ch\u00e8ques-repas ne se d\u00e9ment pas avec 60% des employ\u00e9s d\u00e9sormais b\u00e9n\u00e9ficiaires. - Peoplesphere","isPartOf":{"@id":"https:\/\/peoplesphere.be\/fr\/#website"},"datePublished":"2024-03-18T05:59:33+00:00","dateModified":"2024-03-18T05:59:33+00:00","breadcrumb":{"@id":"https:\/\/peoplesphere.be\/fr\/la-popularite-des-cheques-repas-ne-se-dement-pas-avec-60-des-employes-desormais-beneficiaires\/#breadcrumb"},"inLanguage":"fr-FR","potentialAction":[{"@type":"ReadAction","target":["https:\/\/peoplesphere.be\/fr\/la-popularite-des-cheques-repas-ne-se-dement-pas-avec-60-des-employes-desormais-beneficiaires\/"]}]},{"@type":"BreadcrumbList","@id":"https:\/\/peoplesphere.be\/fr\/la-popularite-des-cheques-repas-ne-se-dement-pas-avec-60-des-employes-desormais-beneficiaires\/#breadcrumb","itemListElement":[{"@type":"ListItem","position":1,"name":"Accueil","item":"https:\/\/peoplesphere.be\/fr\/"},{"@type":"ListItem","position":2,"name":"La popularit\u00e9 des ch\u00e8ques-repas ne se d\u00e9ment pas avec 60% des employ\u00e9s d\u00e9sormais b\u00e9n\u00e9ficiaires."}]},{"@type":"WebSite","@id":"https:\/\/peoplesphere.be\/fr\/#website","url":"https:\/\/peoplesphere.be\/fr\/","name":"Peoplesphere","description":"The People Managers Magazine","publisher":{"@id":"https:\/\/peoplesphere.be\/fr\/#organization"},"potentialAction":[{"@type":"SearchAction","target":{"@type":"EntryPoint","urlTemplate":"https:\/\/peoplesphere.be\/fr\/?s={search_term_string}"},"query-input":"required name=search_term_string"}],"inLanguage":"fr-FR"},{"@type":"Organization","@id":"https:\/\/peoplesphere.be\/fr\/#organization","name":"Peoplesphere Company srl","url":"https:\/\/peoplesphere.be\/fr\/","logo":{"@type":"ImageObject","inLanguage":"fr-FR","@id":"https:\/\/peoplesphere.be\/fr\/#\/schema\/logo\/image\/","url":"https:\/\/peoplesphere.be\/fr\/wp-content\/uploads\/2023\/07\/peoplesphere-lgo-new-generik.jpg","contentUrl":"https:\/\/peoplesphere.be\/fr\/wp-content\/uploads\/2023\/07\/peoplesphere-lgo-new-generik.jpg","width":1031,"height":1479,"caption":"Peoplesphere Company srl"},"image":{"@id":"https:\/\/peoplesphere.be\/fr\/#\/schema\/logo\/image\/"},"sameAs":["https:\/\/www.facebook.com\/peoplesphere","https:\/\/twitter.com\/PeoplesphereMag","https:\/\/www.linkedin.com\/company\/7587361?trk","http:\/\/youtube.com\/peoplesphere"]},{"@type":"Person","@id":"https:\/\/peoplesphere.be\/fr\/#\/schema\/person\/7976225ff17988604334abb7b3536a7e","name":"Jean-Paul Erhard","image":{"@type":"ImageObject","inLanguage":"fr-FR","@id":"https:\/\/peoplesphere.be\/fr\/#\/schema\/person\/image\/","url":"https:\/\/secure.gravatar.com\/avatar\/f941e681460179738071629a51574930?s=96&d=mm&r=g","contentUrl":"https:\/\/secure.gravatar.com\/avatar\/f941e681460179738071629a51574930?s=96&d=mm&r=g","caption":"Jean-Paul Erhard"},"url":"https:\/\/peoplesphere.be\/fr\/author\/jpe\/"}]}},"_links":{"self":[{"href":"https:\/\/peoplesphere.be\/fr\/wp-json\/wp\/v2\/posts\/15868"}],"collection":[{"href":"https:\/\/peoplesphere.be\/fr\/wp-json\/wp\/v2\/posts"}],"about":[{"href":"https:\/\/peoplesphere.be\/fr\/wp-json\/wp\/v2\/types\/post"}],"author":[{"embeddable":true,"href":"https:\/\/peoplesphere.be\/fr\/wp-json\/wp\/v2\/users\/2"}],"replies":[{"embeddable":true,"href":"https:\/\/peoplesphere.be\/fr\/wp-json\/wp\/v2\/comments?post=15868"}],"version-history":[{"count":1,"href":"https:\/\/peoplesphere.be\/fr\/wp-json\/wp\/v2\/posts\/15868\/revisions"}],"predecessor-version":[{"id":15869,"href":"https:\/\/peoplesphere.be\/fr\/wp-json\/wp\/v2\/posts\/15868\/revisions\/15869"}],"wp:attachment":[{"href":"https:\/\/peoplesphere.be\/fr\/wp-json\/wp\/v2\/media?parent=15868"}],"wp:term":[{"taxonomy":"category","embeddable":true,"href":"https:\/\/peoplesphere.be\/fr\/wp-json\/wp\/v2\/categories?post=15868"},{"taxonomy":"post_tag","embeddable":true,"href":"https:\/\/peoplesphere.be\/fr\/wp-json\/wp\/v2\/tags?post=15868"}],"curies":[{"name":"wp","href":"https:\/\/api.w.org\/{rel}","templated":true}]}}