









{"id":15897,"date":"2024-03-22T10:53:22","date_gmt":"2024-03-22T08:53:22","guid":{"rendered":"https:\/\/peoplesphere.be\/fr\/?p=15897"},"modified":"2024-03-22T10:53:22","modified_gmt":"2024-03-22T08:53:22","slug":"demarrage-de-la-werkweek-semaine-du-travail-en-flandre-les-postes-a-pourvoir-en-flandre-sont-des-cdi","status":"publish","type":"post","link":"https:\/\/peoplesphere.be\/fr\/demarrage-de-la-werkweek-semaine-du-travail-en-flandre-les-postes-a-pourvoir-en-flandre-sont-des-cdi\/","title":{"rendered":"D\u00e9marrage de la Werkweek, semaine du travail en Flandre: les postes \u00e0 pourvoir en Flandre sont des CDI."},"content":{"rendered":"<p>Du 25 au 29 mars, le Forem organise la semaine du travail en Flandre, la Werkweek, pour sensibiliser les chercheurs d\u2019emploi wallons aux opportunit\u00e9s situ\u00e9es au Nord du pays. Plus de 15.000 offres d\u2019emploi sont actuellement diffus\u00e9es sur le site Internet et l\u2019app\u2019 du Forem. 80 % des postes \u00e0 pourvoir sont des CDI. La Werkweek propose d\u00e8s lors une trentaine d\u2019activit\u00e9s diverses, en ligne et en pr\u00e9sentiel.<!--more--><\/p>\n<p>Objectif : encourager les chercheurs d\u2019emploi wallons dans leurs d\u00e9marches aupr\u00e8s des entreprises flamandes. Trois jobdays sont d\u2019ailleurs organis\u00e9s pour faciliter leur rencontre.<\/p>\n<p>En plus du travail quotidien pour sensibiliser les chercheurs d\u2019emploi wallons \u00e0 la mobilit\u00e9 interr\u00e9gionale, le Forem organise sa premi\u00e8re Werkweek de 2024 avec la collaboration du VDAB. Actuellement, plus de 15.000 offres d\u2019emploi en Flandre sont diffus\u00e9es sur le site Internet du Forem dont plus de 12.000 en CDI (soit 80% des postes \u00e0 pourvoir). Durant la semaine prochaine, du lundi 25 au vendredi 29 mars, en Hainaut, Namur-Brabant wallon et Li\u00e8ge-Huy-Verviers, une trentaine d\u2019activit\u00e9s sont propos\u00e9es aux chercheurs d\u2019emploi : des s\u00e9ances d\u2019information, des webinaires, des ateliers, des jobdays ainsi que trois visites d\u2019entreprises flamandes avec la possibilit\u00e9 de postuler directement. Les conseillers du Forem en mobilit\u00e9 interr\u00e9gionale et des conseillers du VDAB seront disponibles pour r\u00e9pondre \u00e0 leurs questions sur :<\/p>\n<ul>\n<li>Les opportunit\u00e9s de travail en Flandre : comment chercher des offres d\u2019emploi ou recevoir des propositions concr\u00e8tes d\u2019emploi en Flandre ;<\/li>\n<li>Leur niveau en langue : faire le point et s&rsquo;informer sur les formations possibles ;<\/li>\n<li>L\u2019inscription comme demandeur d\u2019emploi sur le site du VDAB, pour recevoir des offres d\u2019emploi de Flandre ;<\/li>\n<li>La r\u00e9daction de leur CV et leur lettre de motivation en n\u00e9erlandais ;<\/li>\n<li>Les entretiens d\u2019embauche et les contacts t\u00e9l\u00e9phoniques : exercices pratiques et ateliers de simulation ;<\/li>\n<li>Les trois jobdays : deux jobdays sont pr\u00e9vus pour les secteurs du commerce et du transport\/logistique le 22 mars \u00e0 Halle et le 26 mars \u00e0 Heverlee et un jobday multi-secteurs Talent Event est organis\u00e9 le 28 mars \u00e0 Genk.<\/li>\n<li>Les trois visites d\u2019entreprises qui seront organis\u00e9es les 28 et 29 mars.<\/li>\n<\/ul>\n<p>Cette ann\u00e9e, le Forem propose des activit\u00e9s permettant de briser les st\u00e9r\u00e9otypes sur la crainte de travailler en Flandre et l\u2019accueil qui pourrait leur \u00eatre r\u00e9serv\u00e9, le contexte socio-culturel flamand et la barri\u00e8re que pourrait repr\u00e9senter une mauvaise ma\u00eetrise du n\u00e9erlandais : workshops d\u2019approche culturelle , ateliers de r\u00e9daction de cv et de pr\u00e9paration aux entretiens d\u2019embauche en pr\u00e9sence d\u2019un conseiller du VDAB ainsi que davantage de visites d\u2019entreprises flamandes.<\/p>\n<h3><strong><em>Le n\u00e9erlandais n\u2019est pas un pr\u00e9requis<\/em><\/strong><\/h3>\n<p>Plus de la moiti\u00e9 des offres d\u2019emploi ne requi\u00e8rent pas ou tr\u00e8s peu de connaissance du n\u00e9erlandais. Des s\u00e9ances d\u2019information sont \u00e9galement pr\u00e9vues sur les possibilit\u00e9s de formation en n\u00e9erlandais au sein du Forem et via la plateforme Wallangues ainsi que sur les tests ELAO qui permettent de tester le niveau des langues sur l\u2019\u00e9chelle europ\u00e9enne.<\/p>\n<p>La collaboration entre les services du Forem et du VDAB porte prioritairement sur les emplois vacants en Flandre qui correspondent \u00e0 des profils pour lesquels la Wallonie dispose d\u2019un important volume de main-d\u2019\u0153uvre disponible.<\/p>\n","protected":false},"excerpt":{"rendered":"<p>Du 25 au 29 mars, le Forem organise la semaine du travail en Flandre, la Werkweek, pour sensibiliser les chercheurs d\u2019emploi wallons aux opportunit\u00e9s situ\u00e9es au Nord du pays. Plus de 15.000 offres d\u2019emploi sont actuellement diffus\u00e9es sur le site [&hellip;]<\/p>\n","protected":false},"author":2,"featured_media":0,"comment_status":"closed","ping_status":"open","sticky":false,"template":"","format":"standard","meta":[],"categories":[65,10],"tags":[1244,1407,204,702,72,2782],"yoast_head":"<!-- This site is optimized with the Yoast SEO plugin v21.0 - https:\/\/yoast.com\/wordpress\/plugins\/seo\/ -->\n<title>D\u00e9marrage de la Werkweek, semaine du travail en Flandre: les postes \u00e0 pourvoir en Flandre sont des CDI. - Peoplesphere<\/title>\n<meta name=\"robots\" content=\"index, follow, max-snippet:-1, max-image-preview:large, max-video-preview:-1\" \/>\n<link rel=\"canonical\" href=\"https:\/\/peoplesphere.be\/fr\/demarrage-de-la-werkweek-semaine-du-travail-en-flandre-les-postes-a-pourvoir-en-flandre-sont-des-cdi\/\" \/>\n<meta property=\"og:locale\" content=\"fr_FR\" \/>\n<meta property=\"og:type\" content=\"article\" \/>\n<meta property=\"og:title\" content=\"D\u00e9marrage de la Werkweek, semaine du travail en Flandre: les postes \u00e0 pourvoir en Flandre sont des CDI. - Peoplesphere\" \/>\n<meta property=\"og:description\" content=\"Du 25 au 29 mars, le Forem organise la semaine du travail en Flandre, la Werkweek, pour sensibiliser les chercheurs d\u2019emploi wallons aux opportunit\u00e9s situ\u00e9es au Nord du pays. Plus de 15.000 offres d\u2019emploi sont actuellement diffus\u00e9es sur le site [&hellip;]\" \/>\n<meta property=\"og:url\" content=\"https:\/\/peoplesphere.be\/fr\/demarrage-de-la-werkweek-semaine-du-travail-en-flandre-les-postes-a-pourvoir-en-flandre-sont-des-cdi\/\" \/>\n<meta property=\"og:site_name\" content=\"Peoplesphere\" \/>\n<meta property=\"article:publisher\" content=\"https:\/\/www.facebook.com\/peoplesphere\" \/>\n<meta property=\"article:published_time\" content=\"2024-03-22T08:53:22+00:00\" \/>\n<meta property=\"og:image\" content=\"http:\/\/www.peoplesphere.be\/fr\/wp-content\/uploads\/2016\/07\/facebook-default-posting-1200x628px.jpg\" \/>\n<meta name=\"author\" content=\"Jean-Paul Erhard\" \/>\n<meta name=\"twitter:card\" content=\"summary_large_image\" \/>\n<meta name=\"twitter:creator\" content=\"@PeoplesphereMag\" \/>\n<meta name=\"twitter:site\" content=\"@PeoplesphereMag\" \/>\n<meta name=\"twitter:label1\" content=\"\u00c9crit par\" \/>\n\t<meta name=\"twitter:data1\" content=\"Jean-Paul Erhard\" \/>\n\t<meta name=\"twitter:label2\" content=\"Dur\u00e9e de lecture estim\u00e9e\" \/>\n\t<meta name=\"twitter:data2\" content=\"3 minutes\" \/>\n<script type=\"application\/ld+json\" class=\"yoast-schema-graph\">{\"@context\":\"https:\/\/schema.org\",\"@graph\":[{\"@type\":\"Article\",\"@id\":\"https:\/\/peoplesphere.be\/fr\/demarrage-de-la-werkweek-semaine-du-travail-en-flandre-les-postes-a-pourvoir-en-flandre-sont-des-cdi\/#article\",\"isPartOf\":{\"@id\":\"https:\/\/peoplesphere.be\/fr\/demarrage-de-la-werkweek-semaine-du-travail-en-flandre-les-postes-a-pourvoir-en-flandre-sont-des-cdi\/\"},\"author\":{\"name\":\"Jean-Paul Erhard\",\"@id\":\"https:\/\/peoplesphere.be\/fr\/#\/schema\/person\/7976225ff17988604334abb7b3536a7e\"},\"headline\":\"D\u00e9marrage de la Werkweek, semaine du travail en Flandre: les postes \u00e0 pourvoir en Flandre sont des CDI.\",\"datePublished\":\"2024-03-22T08:53:22+00:00\",\"dateModified\":\"2024-03-22T08:53:22+00:00\",\"mainEntityOfPage\":{\"@id\":\"https:\/\/peoplesphere.be\/fr\/demarrage-de-la-werkweek-semaine-du-travail-en-flandre-les-postes-a-pourvoir-en-flandre-sont-des-cdi\/\"},\"wordCount\":573,\"publisher\":{\"@id\":\"https:\/\/peoplesphere.be\/fr\/#organization\"},\"keywords\":[\"CDI\",\"chercheurs d'emploi\",\"jobs\",\"march\u00e9 de l'emploi\",\"recrutement\",\"Werkweek\"],\"articleSection\":[\"Actualit\u00e9s\",\"Digital\"],\"inLanguage\":\"fr-FR\"},{\"@type\":\"WebPage\",\"@id\":\"https:\/\/peoplesphere.be\/fr\/demarrage-de-la-werkweek-semaine-du-travail-en-flandre-les-postes-a-pourvoir-en-flandre-sont-des-cdi\/\",\"url\":\"https:\/\/peoplesphere.be\/fr\/demarrage-de-la-werkweek-semaine-du-travail-en-flandre-les-postes-a-pourvoir-en-flandre-sont-des-cdi\/\",\"name\":\"D\u00e9marrage de la Werkweek, semaine du travail en Flandre: les postes \u00e0 pourvoir en Flandre sont des CDI. - Peoplesphere\",\"isPartOf\":{\"@id\":\"https:\/\/peoplesphere.be\/fr\/#website\"},\"datePublished\":\"2024-03-22T08:53:22+00:00\",\"dateModified\":\"2024-03-22T08:53:22+00:00\",\"breadcrumb\":{\"@id\":\"https:\/\/peoplesphere.be\/fr\/demarrage-de-la-werkweek-semaine-du-travail-en-flandre-les-postes-a-pourvoir-en-flandre-sont-des-cdi\/#breadcrumb\"},\"inLanguage\":\"fr-FR\",\"potentialAction\":[{\"@type\":\"ReadAction\",\"target\":[\"https:\/\/peoplesphere.be\/fr\/demarrage-de-la-werkweek-semaine-du-travail-en-flandre-les-postes-a-pourvoir-en-flandre-sont-des-cdi\/\"]}]},{\"@type\":\"BreadcrumbList\",\"@id\":\"https:\/\/peoplesphere.be\/fr\/demarrage-de-la-werkweek-semaine-du-travail-en-flandre-les-postes-a-pourvoir-en-flandre-sont-des-cdi\/#breadcrumb\",\"itemListElement\":[{\"@type\":\"ListItem\",\"position\":1,\"name\":\"Accueil\",\"item\":\"https:\/\/peoplesphere.be\/fr\/\"},{\"@type\":\"ListItem\",\"position\":2,\"name\":\"D\u00e9marrage de la Werkweek, semaine du travail en Flandre: les postes \u00e0 pourvoir en Flandre sont des CDI.\"}]},{\"@type\":\"WebSite\",\"@id\":\"https:\/\/peoplesphere.be\/fr\/#website\",\"url\":\"https:\/\/peoplesphere.be\/fr\/\",\"name\":\"Peoplesphere\",\"description\":\"The People Managers Magazine\",\"publisher\":{\"@id\":\"https:\/\/peoplesphere.be\/fr\/#organization\"},\"potentialAction\":[{\"@type\":\"SearchAction\",\"target\":{\"@type\":\"EntryPoint\",\"urlTemplate\":\"https:\/\/peoplesphere.be\/fr\/?s={search_term_string}\"},\"query-input\":\"required name=search_term_string\"}],\"inLanguage\":\"fr-FR\"},{\"@type\":\"Organization\",\"@id\":\"https:\/\/peoplesphere.be\/fr\/#organization\",\"name\":\"Peoplesphere Company srl\",\"url\":\"https:\/\/peoplesphere.be\/fr\/\",\"logo\":{\"@type\":\"ImageObject\",\"inLanguage\":\"fr-FR\",\"@id\":\"https:\/\/peoplesphere.be\/fr\/#\/schema\/logo\/image\/\",\"url\":\"https:\/\/peoplesphere.be\/fr\/wp-content\/uploads\/2023\/07\/peoplesphere-lgo-new-generik.jpg\",\"contentUrl\":\"https:\/\/peoplesphere.be\/fr\/wp-content\/uploads\/2023\/07\/peoplesphere-lgo-new-generik.jpg\",\"width\":1031,\"height\":1479,\"caption\":\"Peoplesphere Company srl\"},\"image\":{\"@id\":\"https:\/\/peoplesphere.be\/fr\/#\/schema\/logo\/image\/\"},\"sameAs\":[\"https:\/\/www.facebook.com\/peoplesphere\",\"https:\/\/twitter.com\/PeoplesphereMag\",\"https:\/\/www.linkedin.com\/company\/7587361?trk\",\"http:\/\/youtube.com\/peoplesphere\"]},{\"@type\":\"Person\",\"@id\":\"https:\/\/peoplesphere.be\/fr\/#\/schema\/person\/7976225ff17988604334abb7b3536a7e\",\"name\":\"Jean-Paul Erhard\",\"image\":{\"@type\":\"ImageObject\",\"inLanguage\":\"fr-FR\",\"@id\":\"https:\/\/peoplesphere.be\/fr\/#\/schema\/person\/image\/\",\"url\":\"https:\/\/secure.gravatar.com\/avatar\/f941e681460179738071629a51574930?s=96&d=mm&r=g\",\"contentUrl\":\"https:\/\/secure.gravatar.com\/avatar\/f941e681460179738071629a51574930?s=96&d=mm&r=g\",\"caption\":\"Jean-Paul Erhard\"},\"url\":\"https:\/\/peoplesphere.be\/fr\/author\/jpe\/\"}]}<\/script>\n<!-- \/ Yoast SEO plugin. -->","yoast_head_json":{"title":"D\u00e9marrage de la Werkweek, semaine du travail en Flandre: les postes \u00e0 pourvoir en Flandre sont des CDI. - Peoplesphere","robots":{"index":"index","follow":"follow","max-snippet":"max-snippet:-1","max-image-preview":"max-image-preview:large","max-video-preview":"max-video-preview:-1"},"canonical":"https:\/\/peoplesphere.be\/fr\/demarrage-de-la-werkweek-semaine-du-travail-en-flandre-les-postes-a-pourvoir-en-flandre-sont-des-cdi\/","og_locale":"fr_FR","og_type":"article","og_title":"D\u00e9marrage de la Werkweek, semaine du travail en Flandre: les postes \u00e0 pourvoir en Flandre sont des CDI. - Peoplesphere","og_description":"Du 25 au 29 mars, le Forem organise la semaine du travail en Flandre, la Werkweek, pour sensibiliser les chercheurs d\u2019emploi wallons aux opportunit\u00e9s situ\u00e9es au Nord du pays. Plus de 15.000 offres d\u2019emploi sont actuellement diffus\u00e9es sur le site [&hellip;]","og_url":"https:\/\/peoplesphere.be\/fr\/demarrage-de-la-werkweek-semaine-du-travail-en-flandre-les-postes-a-pourvoir-en-flandre-sont-des-cdi\/","og_site_name":"Peoplesphere","article_publisher":"https:\/\/www.facebook.com\/peoplesphere","article_published_time":"2024-03-22T08:53:22+00:00","og_image":[{"url":"http:\/\/www.peoplesphere.be\/fr\/wp-content\/uploads\/2016\/07\/facebook-default-posting-1200x628px.jpg"}],"author":"Jean-Paul Erhard","twitter_card":"summary_large_image","twitter_creator":"@PeoplesphereMag","twitter_site":"@PeoplesphereMag","twitter_misc":{"\u00c9crit par":"Jean-Paul Erhard","Dur\u00e9e de lecture estim\u00e9e":"3 minutes"},"schema":{"@context":"https:\/\/schema.org","@graph":[{"@type":"Article","@id":"https:\/\/peoplesphere.be\/fr\/demarrage-de-la-werkweek-semaine-du-travail-en-flandre-les-postes-a-pourvoir-en-flandre-sont-des-cdi\/#article","isPartOf":{"@id":"https:\/\/peoplesphere.be\/fr\/demarrage-de-la-werkweek-semaine-du-travail-en-flandre-les-postes-a-pourvoir-en-flandre-sont-des-cdi\/"},"author":{"name":"Jean-Paul Erhard","@id":"https:\/\/peoplesphere.be\/fr\/#\/schema\/person\/7976225ff17988604334abb7b3536a7e"},"headline":"D\u00e9marrage de la Werkweek, semaine du travail en Flandre: les postes \u00e0 pourvoir en Flandre sont des CDI.","datePublished":"2024-03-22T08:53:22+00:00","dateModified":"2024-03-22T08:53:22+00:00","mainEntityOfPage":{"@id":"https:\/\/peoplesphere.be\/fr\/demarrage-de-la-werkweek-semaine-du-travail-en-flandre-les-postes-a-pourvoir-en-flandre-sont-des-cdi\/"},"wordCount":573,"publisher":{"@id":"https:\/\/peoplesphere.be\/fr\/#organization"},"keywords":["CDI","chercheurs d'emploi","jobs","march\u00e9 de l'emploi","recrutement","Werkweek"],"articleSection":["Actualit\u00e9s","Digital"],"inLanguage":"fr-FR"},{"@type":"WebPage","@id":"https:\/\/peoplesphere.be\/fr\/demarrage-de-la-werkweek-semaine-du-travail-en-flandre-les-postes-a-pourvoir-en-flandre-sont-des-cdi\/","url":"https:\/\/peoplesphere.be\/fr\/demarrage-de-la-werkweek-semaine-du-travail-en-flandre-les-postes-a-pourvoir-en-flandre-sont-des-cdi\/","name":"D\u00e9marrage de la Werkweek, semaine du travail en Flandre: les postes \u00e0 pourvoir en Flandre sont des CDI. - Peoplesphere","isPartOf":{"@id":"https:\/\/peoplesphere.be\/fr\/#website"},"datePublished":"2024-03-22T08:53:22+00:00","dateModified":"2024-03-22T08:53:22+00:00","breadcrumb":{"@id":"https:\/\/peoplesphere.be\/fr\/demarrage-de-la-werkweek-semaine-du-travail-en-flandre-les-postes-a-pourvoir-en-flandre-sont-des-cdi\/#breadcrumb"},"inLanguage":"fr-FR","potentialAction":[{"@type":"ReadAction","target":["https:\/\/peoplesphere.be\/fr\/demarrage-de-la-werkweek-semaine-du-travail-en-flandre-les-postes-a-pourvoir-en-flandre-sont-des-cdi\/"]}]},{"@type":"BreadcrumbList","@id":"https:\/\/peoplesphere.be\/fr\/demarrage-de-la-werkweek-semaine-du-travail-en-flandre-les-postes-a-pourvoir-en-flandre-sont-des-cdi\/#breadcrumb","itemListElement":[{"@type":"ListItem","position":1,"name":"Accueil","item":"https:\/\/peoplesphere.be\/fr\/"},{"@type":"ListItem","position":2,"name":"D\u00e9marrage de la Werkweek, semaine du travail en Flandre: les postes \u00e0 pourvoir en Flandre sont des CDI."}]},{"@type":"WebSite","@id":"https:\/\/peoplesphere.be\/fr\/#website","url":"https:\/\/peoplesphere.be\/fr\/","name":"Peoplesphere","description":"The People Managers Magazine","publisher":{"@id":"https:\/\/peoplesphere.be\/fr\/#organization"},"potentialAction":[{"@type":"SearchAction","target":{"@type":"EntryPoint","urlTemplate":"https:\/\/peoplesphere.be\/fr\/?s={search_term_string}"},"query-input":"required name=search_term_string"}],"inLanguage":"fr-FR"},{"@type":"Organization","@id":"https:\/\/peoplesphere.be\/fr\/#organization","name":"Peoplesphere Company srl","url":"https:\/\/peoplesphere.be\/fr\/","logo":{"@type":"ImageObject","inLanguage":"fr-FR","@id":"https:\/\/peoplesphere.be\/fr\/#\/schema\/logo\/image\/","url":"https:\/\/peoplesphere.be\/fr\/wp-content\/uploads\/2023\/07\/peoplesphere-lgo-new-generik.jpg","contentUrl":"https:\/\/peoplesphere.be\/fr\/wp-content\/uploads\/2023\/07\/peoplesphere-lgo-new-generik.jpg","width":1031,"height":1479,"caption":"Peoplesphere Company srl"},"image":{"@id":"https:\/\/peoplesphere.be\/fr\/#\/schema\/logo\/image\/"},"sameAs":["https:\/\/www.facebook.com\/peoplesphere","https:\/\/twitter.com\/PeoplesphereMag","https:\/\/www.linkedin.com\/company\/7587361?trk","http:\/\/youtube.com\/peoplesphere"]},{"@type":"Person","@id":"https:\/\/peoplesphere.be\/fr\/#\/schema\/person\/7976225ff17988604334abb7b3536a7e","name":"Jean-Paul Erhard","image":{"@type":"ImageObject","inLanguage":"fr-FR","@id":"https:\/\/peoplesphere.be\/fr\/#\/schema\/person\/image\/","url":"https:\/\/secure.gravatar.com\/avatar\/f941e681460179738071629a51574930?s=96&d=mm&r=g","contentUrl":"https:\/\/secure.gravatar.com\/avatar\/f941e681460179738071629a51574930?s=96&d=mm&r=g","caption":"Jean-Paul Erhard"},"url":"https:\/\/peoplesphere.be\/fr\/author\/jpe\/"}]}},"_links":{"self":[{"href":"https:\/\/peoplesphere.be\/fr\/wp-json\/wp\/v2\/posts\/15897"}],"collection":[{"href":"https:\/\/peoplesphere.be\/fr\/wp-json\/wp\/v2\/posts"}],"about":[{"href":"https:\/\/peoplesphere.be\/fr\/wp-json\/wp\/v2\/types\/post"}],"author":[{"embeddable":true,"href":"https:\/\/peoplesphere.be\/fr\/wp-json\/wp\/v2\/users\/2"}],"replies":[{"embeddable":true,"href":"https:\/\/peoplesphere.be\/fr\/wp-json\/wp\/v2\/comments?post=15897"}],"version-history":[{"count":1,"href":"https:\/\/peoplesphere.be\/fr\/wp-json\/wp\/v2\/posts\/15897\/revisions"}],"predecessor-version":[{"id":15898,"href":"https:\/\/peoplesphere.be\/fr\/wp-json\/wp\/v2\/posts\/15897\/revisions\/15898"}],"wp:attachment":[{"href":"https:\/\/peoplesphere.be\/fr\/wp-json\/wp\/v2\/media?parent=15897"}],"wp:term":[{"taxonomy":"category","embeddable":true,"href":"https:\/\/peoplesphere.be\/fr\/wp-json\/wp\/v2\/categories?post=15897"},{"taxonomy":"post_tag","embeddable":true,"href":"https:\/\/peoplesphere.be\/fr\/wp-json\/wp\/v2\/tags?post=15897"}],"curies":[{"name":"wp","href":"https:\/\/api.w.org\/{rel}","templated":true}]}}