









{"id":15910,"date":"2024-03-24T11:31:29","date_gmt":"2024-03-24T09:31:29","guid":{"rendered":"https:\/\/peoplesphere.be\/fr\/?p=15910"},"modified":"2024-03-24T11:31:29","modified_gmt":"2024-03-24T09:31:29","slug":"tiktok-interdit-jusqua-nouvel-ordre-pour-les-agents-de-la-fonction-publique","status":"publish","type":"post","link":"https:\/\/peoplesphere.be\/fr\/tiktok-interdit-jusqua-nouvel-ordre-pour-les-agents-de-la-fonction-publique\/","title":{"rendered":"TikTok interdit jusqu&rsquo;\u00e0 nouvel ordre pour les agents de la fonction publique."},"content":{"rendered":"<p>Sur proposition du Premier ministre Alexander De Croo et de la ministre de la Fonction publique Petra De Sutter, le Conseil des ministres a marqu\u00e9 son accord sur la prolongation de l\u2019interdiction temporaire d&rsquo;utiliser l\u2019application TikTok au sein des autorit\u00e9s publiques f\u00e9d\u00e9rales, pour une dur\u00e9e ind\u00e9termin\u00e9e.<!--more--><\/p>\n<p>Le Conseil national de S\u00e9curit\u00e9 du 20 mars 2024 a pris les d\u00e9cisions suivantes pour le personnel des autorit\u00e9s publiques f\u00e9d\u00e9rales :<\/p>\n<ul>\n<li>la prolongation de l\u2019interdiction d\u2019installer et d\u2019utiliser l&rsquo;application TikTok sur les appareils de service fixes et mobiles<\/li>\n<li>la prolongation de la recommandation de ne pas installer l\u2019application TikTok sur les appareils personnels ayant acc\u00e8s aux r\u00e9seaux et syst\u00e8mes internes des autorit\u00e9s publiques f\u00e9d\u00e9rales et de la d\u00e9sinstaller si elle est d\u00e9j\u00e0 install\u00e9e<\/li>\n<\/ul>\n<p>Par cons\u00e9quent, la validit\u00e9 de la circulaire n\u00b0 716 du 17 mars 2023 est prolong\u00e9e pour une dur\u00e9e ind\u00e9termin\u00e9e.<\/p>\n<p>&nbsp;<\/p>\n<p><em>Source: SPF Chancellerie du Premier Ministre &#8211; Direction g\u00e9n\u00e9rale Communication externe <\/em><\/p>\n","protected":false},"excerpt":{"rendered":"<p>Sur proposition du Premier ministre Alexander De Croo et de la ministre de la Fonction publique Petra De Sutter, le Conseil des ministres a marqu\u00e9 son accord sur la prolongation de l\u2019interdiction temporaire d&rsquo;utiliser l\u2019application TikTok au sein des autorit\u00e9s [&hellip;]<\/p>\n","protected":false},"author":2,"featured_media":0,"comment_status":"closed","ping_status":"open","sticky":false,"template":"","format":"standard","meta":[],"categories":[65,10],"tags":[392,481,267,4009],"yoast_head":"<!-- This site is optimized with the Yoast SEO plugin v21.0 - https:\/\/yoast.com\/wordpress\/plugins\/seo\/ -->\n<title>TikTok interdit jusqu&#039;\u00e0 nouvel ordre pour les agents de la fonction publique. - Peoplesphere<\/title>\n<meta name=\"robots\" content=\"index, follow, max-snippet:-1, max-image-preview:large, max-video-preview:-1\" \/>\n<link rel=\"canonical\" href=\"https:\/\/peoplesphere.be\/fr\/tiktok-interdit-jusqua-nouvel-ordre-pour-les-agents-de-la-fonction-publique\/\" \/>\n<meta property=\"og:locale\" content=\"fr_FR\" \/>\n<meta property=\"og:type\" content=\"article\" \/>\n<meta property=\"og:title\" content=\"TikTok interdit jusqu&#039;\u00e0 nouvel ordre pour les agents de la fonction publique. - Peoplesphere\" \/>\n<meta property=\"og:description\" content=\"Sur proposition du Premier ministre Alexander De Croo et de la ministre de la Fonction publique Petra De Sutter, le Conseil des ministres a marqu\u00e9 son accord sur la prolongation de l\u2019interdiction temporaire d&rsquo;utiliser l\u2019application TikTok au sein des autorit\u00e9s [&hellip;]\" \/>\n<meta property=\"og:url\" content=\"https:\/\/peoplesphere.be\/fr\/tiktok-interdit-jusqua-nouvel-ordre-pour-les-agents-de-la-fonction-publique\/\" \/>\n<meta property=\"og:site_name\" content=\"Peoplesphere\" \/>\n<meta property=\"article:publisher\" content=\"https:\/\/www.facebook.com\/peoplesphere\" \/>\n<meta property=\"article:published_time\" content=\"2024-03-24T09:31:29+00:00\" \/>\n<meta property=\"og:image\" content=\"http:\/\/www.peoplesphere.be\/fr\/wp-content\/uploads\/2016\/07\/facebook-default-posting-1200x628px.jpg\" \/>\n<meta name=\"author\" content=\"Jean-Paul Erhard\" \/>\n<meta name=\"twitter:card\" content=\"summary_large_image\" \/>\n<meta name=\"twitter:creator\" content=\"@PeoplesphereMag\" \/>\n<meta name=\"twitter:site\" content=\"@PeoplesphereMag\" \/>\n<meta name=\"twitter:label1\" content=\"\u00c9crit par\" \/>\n\t<meta name=\"twitter:data1\" content=\"Jean-Paul Erhard\" \/>\n\t<meta name=\"twitter:label2\" content=\"Dur\u00e9e de lecture estim\u00e9e\" \/>\n\t<meta name=\"twitter:data2\" content=\"1 minute\" \/>\n<script type=\"application\/ld+json\" class=\"yoast-schema-graph\">{\"@context\":\"https:\/\/schema.org\",\"@graph\":[{\"@type\":\"Article\",\"@id\":\"https:\/\/peoplesphere.be\/fr\/tiktok-interdit-jusqua-nouvel-ordre-pour-les-agents-de-la-fonction-publique\/#article\",\"isPartOf\":{\"@id\":\"https:\/\/peoplesphere.be\/fr\/tiktok-interdit-jusqua-nouvel-ordre-pour-les-agents-de-la-fonction-publique\/\"},\"author\":{\"name\":\"Jean-Paul Erhard\",\"@id\":\"https:\/\/peoplesphere.be\/fr\/#\/schema\/person\/7976225ff17988604334abb7b3536a7e\"},\"headline\":\"TikTok interdit jusqu&rsquo;\u00e0 nouvel ordre pour les agents de la fonction publique.\",\"datePublished\":\"2024-03-24T09:31:29+00:00\",\"dateModified\":\"2024-03-24T09:31:29+00:00\",\"mainEntityOfPage\":{\"@id\":\"https:\/\/peoplesphere.be\/fr\/tiktok-interdit-jusqua-nouvel-ordre-pour-les-agents-de-la-fonction-publique\/\"},\"wordCount\":190,\"publisher\":{\"@id\":\"https:\/\/peoplesphere.be\/fr\/#organization\"},\"keywords\":[\"fonction publique\",\"r\u00e9seaux sociaux\",\"secteur public\",\"TikTok\"],\"articleSection\":[\"Actualit\u00e9s\",\"Digital\"],\"inLanguage\":\"fr-FR\"},{\"@type\":\"WebPage\",\"@id\":\"https:\/\/peoplesphere.be\/fr\/tiktok-interdit-jusqua-nouvel-ordre-pour-les-agents-de-la-fonction-publique\/\",\"url\":\"https:\/\/peoplesphere.be\/fr\/tiktok-interdit-jusqua-nouvel-ordre-pour-les-agents-de-la-fonction-publique\/\",\"name\":\"TikTok interdit jusqu'\u00e0 nouvel ordre pour les agents de la fonction publique. - Peoplesphere\",\"isPartOf\":{\"@id\":\"https:\/\/peoplesphere.be\/fr\/#website\"},\"datePublished\":\"2024-03-24T09:31:29+00:00\",\"dateModified\":\"2024-03-24T09:31:29+00:00\",\"breadcrumb\":{\"@id\":\"https:\/\/peoplesphere.be\/fr\/tiktok-interdit-jusqua-nouvel-ordre-pour-les-agents-de-la-fonction-publique\/#breadcrumb\"},\"inLanguage\":\"fr-FR\",\"potentialAction\":[{\"@type\":\"ReadAction\",\"target\":[\"https:\/\/peoplesphere.be\/fr\/tiktok-interdit-jusqua-nouvel-ordre-pour-les-agents-de-la-fonction-publique\/\"]}]},{\"@type\":\"BreadcrumbList\",\"@id\":\"https:\/\/peoplesphere.be\/fr\/tiktok-interdit-jusqua-nouvel-ordre-pour-les-agents-de-la-fonction-publique\/#breadcrumb\",\"itemListElement\":[{\"@type\":\"ListItem\",\"position\":1,\"name\":\"Accueil\",\"item\":\"https:\/\/peoplesphere.be\/fr\/\"},{\"@type\":\"ListItem\",\"position\":2,\"name\":\"TikTok interdit jusqu&rsquo;\u00e0 nouvel ordre pour les agents de la fonction publique.\"}]},{\"@type\":\"WebSite\",\"@id\":\"https:\/\/peoplesphere.be\/fr\/#website\",\"url\":\"https:\/\/peoplesphere.be\/fr\/\",\"name\":\"Peoplesphere\",\"description\":\"The People Managers Magazine\",\"publisher\":{\"@id\":\"https:\/\/peoplesphere.be\/fr\/#organization\"},\"potentialAction\":[{\"@type\":\"SearchAction\",\"target\":{\"@type\":\"EntryPoint\",\"urlTemplate\":\"https:\/\/peoplesphere.be\/fr\/?s={search_term_string}\"},\"query-input\":\"required name=search_term_string\"}],\"inLanguage\":\"fr-FR\"},{\"@type\":\"Organization\",\"@id\":\"https:\/\/peoplesphere.be\/fr\/#organization\",\"name\":\"Peoplesphere Company srl\",\"url\":\"https:\/\/peoplesphere.be\/fr\/\",\"logo\":{\"@type\":\"ImageObject\",\"inLanguage\":\"fr-FR\",\"@id\":\"https:\/\/peoplesphere.be\/fr\/#\/schema\/logo\/image\/\",\"url\":\"https:\/\/peoplesphere.be\/fr\/wp-content\/uploads\/2023\/07\/peoplesphere-lgo-new-generik.jpg\",\"contentUrl\":\"https:\/\/peoplesphere.be\/fr\/wp-content\/uploads\/2023\/07\/peoplesphere-lgo-new-generik.jpg\",\"width\":1031,\"height\":1479,\"caption\":\"Peoplesphere Company srl\"},\"image\":{\"@id\":\"https:\/\/peoplesphere.be\/fr\/#\/schema\/logo\/image\/\"},\"sameAs\":[\"https:\/\/www.facebook.com\/peoplesphere\",\"https:\/\/twitter.com\/PeoplesphereMag\",\"https:\/\/www.linkedin.com\/company\/7587361?trk\",\"http:\/\/youtube.com\/peoplesphere\"]},{\"@type\":\"Person\",\"@id\":\"https:\/\/peoplesphere.be\/fr\/#\/schema\/person\/7976225ff17988604334abb7b3536a7e\",\"name\":\"Jean-Paul Erhard\",\"image\":{\"@type\":\"ImageObject\",\"inLanguage\":\"fr-FR\",\"@id\":\"https:\/\/peoplesphere.be\/fr\/#\/schema\/person\/image\/\",\"url\":\"https:\/\/secure.gravatar.com\/avatar\/f941e681460179738071629a51574930?s=96&d=mm&r=g\",\"contentUrl\":\"https:\/\/secure.gravatar.com\/avatar\/f941e681460179738071629a51574930?s=96&d=mm&r=g\",\"caption\":\"Jean-Paul Erhard\"},\"url\":\"https:\/\/peoplesphere.be\/fr\/author\/jpe\/\"}]}<\/script>\n<!-- \/ Yoast SEO plugin. -->","yoast_head_json":{"title":"TikTok interdit jusqu'\u00e0 nouvel ordre pour les agents de la fonction publique. - Peoplesphere","robots":{"index":"index","follow":"follow","max-snippet":"max-snippet:-1","max-image-preview":"max-image-preview:large","max-video-preview":"max-video-preview:-1"},"canonical":"https:\/\/peoplesphere.be\/fr\/tiktok-interdit-jusqua-nouvel-ordre-pour-les-agents-de-la-fonction-publique\/","og_locale":"fr_FR","og_type":"article","og_title":"TikTok interdit jusqu'\u00e0 nouvel ordre pour les agents de la fonction publique. - Peoplesphere","og_description":"Sur proposition du Premier ministre Alexander De Croo et de la ministre de la Fonction publique Petra De Sutter, le Conseil des ministres a marqu\u00e9 son accord sur la prolongation de l\u2019interdiction temporaire d&rsquo;utiliser l\u2019application TikTok au sein des autorit\u00e9s [&hellip;]","og_url":"https:\/\/peoplesphere.be\/fr\/tiktok-interdit-jusqua-nouvel-ordre-pour-les-agents-de-la-fonction-publique\/","og_site_name":"Peoplesphere","article_publisher":"https:\/\/www.facebook.com\/peoplesphere","article_published_time":"2024-03-24T09:31:29+00:00","og_image":[{"url":"http:\/\/www.peoplesphere.be\/fr\/wp-content\/uploads\/2016\/07\/facebook-default-posting-1200x628px.jpg"}],"author":"Jean-Paul Erhard","twitter_card":"summary_large_image","twitter_creator":"@PeoplesphereMag","twitter_site":"@PeoplesphereMag","twitter_misc":{"\u00c9crit par":"Jean-Paul Erhard","Dur\u00e9e de lecture estim\u00e9e":"1 minute"},"schema":{"@context":"https:\/\/schema.org","@graph":[{"@type":"Article","@id":"https:\/\/peoplesphere.be\/fr\/tiktok-interdit-jusqua-nouvel-ordre-pour-les-agents-de-la-fonction-publique\/#article","isPartOf":{"@id":"https:\/\/peoplesphere.be\/fr\/tiktok-interdit-jusqua-nouvel-ordre-pour-les-agents-de-la-fonction-publique\/"},"author":{"name":"Jean-Paul Erhard","@id":"https:\/\/peoplesphere.be\/fr\/#\/schema\/person\/7976225ff17988604334abb7b3536a7e"},"headline":"TikTok interdit jusqu&rsquo;\u00e0 nouvel ordre pour les agents de la fonction publique.","datePublished":"2024-03-24T09:31:29+00:00","dateModified":"2024-03-24T09:31:29+00:00","mainEntityOfPage":{"@id":"https:\/\/peoplesphere.be\/fr\/tiktok-interdit-jusqua-nouvel-ordre-pour-les-agents-de-la-fonction-publique\/"},"wordCount":190,"publisher":{"@id":"https:\/\/peoplesphere.be\/fr\/#organization"},"keywords":["fonction publique","r\u00e9seaux sociaux","secteur public","TikTok"],"articleSection":["Actualit\u00e9s","Digital"],"inLanguage":"fr-FR"},{"@type":"WebPage","@id":"https:\/\/peoplesphere.be\/fr\/tiktok-interdit-jusqua-nouvel-ordre-pour-les-agents-de-la-fonction-publique\/","url":"https:\/\/peoplesphere.be\/fr\/tiktok-interdit-jusqua-nouvel-ordre-pour-les-agents-de-la-fonction-publique\/","name":"TikTok interdit jusqu'\u00e0 nouvel ordre pour les agents de la fonction publique. - Peoplesphere","isPartOf":{"@id":"https:\/\/peoplesphere.be\/fr\/#website"},"datePublished":"2024-03-24T09:31:29+00:00","dateModified":"2024-03-24T09:31:29+00:00","breadcrumb":{"@id":"https:\/\/peoplesphere.be\/fr\/tiktok-interdit-jusqua-nouvel-ordre-pour-les-agents-de-la-fonction-publique\/#breadcrumb"},"inLanguage":"fr-FR","potentialAction":[{"@type":"ReadAction","target":["https:\/\/peoplesphere.be\/fr\/tiktok-interdit-jusqua-nouvel-ordre-pour-les-agents-de-la-fonction-publique\/"]}]},{"@type":"BreadcrumbList","@id":"https:\/\/peoplesphere.be\/fr\/tiktok-interdit-jusqua-nouvel-ordre-pour-les-agents-de-la-fonction-publique\/#breadcrumb","itemListElement":[{"@type":"ListItem","position":1,"name":"Accueil","item":"https:\/\/peoplesphere.be\/fr\/"},{"@type":"ListItem","position":2,"name":"TikTok interdit jusqu&rsquo;\u00e0 nouvel ordre pour les agents de la fonction publique."}]},{"@type":"WebSite","@id":"https:\/\/peoplesphere.be\/fr\/#website","url":"https:\/\/peoplesphere.be\/fr\/","name":"Peoplesphere","description":"The People Managers Magazine","publisher":{"@id":"https:\/\/peoplesphere.be\/fr\/#organization"},"potentialAction":[{"@type":"SearchAction","target":{"@type":"EntryPoint","urlTemplate":"https:\/\/peoplesphere.be\/fr\/?s={search_term_string}"},"query-input":"required name=search_term_string"}],"inLanguage":"fr-FR"},{"@type":"Organization","@id":"https:\/\/peoplesphere.be\/fr\/#organization","name":"Peoplesphere Company srl","url":"https:\/\/peoplesphere.be\/fr\/","logo":{"@type":"ImageObject","inLanguage":"fr-FR","@id":"https:\/\/peoplesphere.be\/fr\/#\/schema\/logo\/image\/","url":"https:\/\/peoplesphere.be\/fr\/wp-content\/uploads\/2023\/07\/peoplesphere-lgo-new-generik.jpg","contentUrl":"https:\/\/peoplesphere.be\/fr\/wp-content\/uploads\/2023\/07\/peoplesphere-lgo-new-generik.jpg","width":1031,"height":1479,"caption":"Peoplesphere Company srl"},"image":{"@id":"https:\/\/peoplesphere.be\/fr\/#\/schema\/logo\/image\/"},"sameAs":["https:\/\/www.facebook.com\/peoplesphere","https:\/\/twitter.com\/PeoplesphereMag","https:\/\/www.linkedin.com\/company\/7587361?trk","http:\/\/youtube.com\/peoplesphere"]},{"@type":"Person","@id":"https:\/\/peoplesphere.be\/fr\/#\/schema\/person\/7976225ff17988604334abb7b3536a7e","name":"Jean-Paul Erhard","image":{"@type":"ImageObject","inLanguage":"fr-FR","@id":"https:\/\/peoplesphere.be\/fr\/#\/schema\/person\/image\/","url":"https:\/\/secure.gravatar.com\/avatar\/f941e681460179738071629a51574930?s=96&d=mm&r=g","contentUrl":"https:\/\/secure.gravatar.com\/avatar\/f941e681460179738071629a51574930?s=96&d=mm&r=g","caption":"Jean-Paul Erhard"},"url":"https:\/\/peoplesphere.be\/fr\/author\/jpe\/"}]}},"_links":{"self":[{"href":"https:\/\/peoplesphere.be\/fr\/wp-json\/wp\/v2\/posts\/15910"}],"collection":[{"href":"https:\/\/peoplesphere.be\/fr\/wp-json\/wp\/v2\/posts"}],"about":[{"href":"https:\/\/peoplesphere.be\/fr\/wp-json\/wp\/v2\/types\/post"}],"author":[{"embeddable":true,"href":"https:\/\/peoplesphere.be\/fr\/wp-json\/wp\/v2\/users\/2"}],"replies":[{"embeddable":true,"href":"https:\/\/peoplesphere.be\/fr\/wp-json\/wp\/v2\/comments?post=15910"}],"version-history":[{"count":1,"href":"https:\/\/peoplesphere.be\/fr\/wp-json\/wp\/v2\/posts\/15910\/revisions"}],"predecessor-version":[{"id":15911,"href":"https:\/\/peoplesphere.be\/fr\/wp-json\/wp\/v2\/posts\/15910\/revisions\/15911"}],"wp:attachment":[{"href":"https:\/\/peoplesphere.be\/fr\/wp-json\/wp\/v2\/media?parent=15910"}],"wp:term":[{"taxonomy":"category","embeddable":true,"href":"https:\/\/peoplesphere.be\/fr\/wp-json\/wp\/v2\/categories?post=15910"},{"taxonomy":"post_tag","embeddable":true,"href":"https:\/\/peoplesphere.be\/fr\/wp-json\/wp\/v2\/tags?post=15910"}],"curies":[{"name":"wp","href":"https:\/\/api.w.org\/{rel}","templated":true}]}}