









{"id":15914,"date":"2024-03-25T12:57:14","date_gmt":"2024-03-25T10:57:14","guid":{"rendered":"https:\/\/peoplesphere.be\/fr\/?p=15914"},"modified":"2024-03-25T12:57:14","modified_gmt":"2024-03-25T10:57:14","slug":"performances-economiques-competitivite-et-bien-etre-de-la-wallonie-il-faut-la-comparer-avec-dautres-regions-dites-en-transition","status":"publish","type":"post","link":"https:\/\/peoplesphere.be\/fr\/performances-economiques-competitivite-et-bien-etre-de-la-wallonie-il-faut-la-comparer-avec-dautres-regions-dites-en-transition\/","title":{"rendered":"Performances \u00e9conomiques, comp\u00e9titivit\u00e9 et bien-\u00eatre de la Wallonie: il faut la comparer avec d&rsquo;autres r\u00e9gions dites &lsquo;en transition&rsquo;."},"content":{"rendered":"<p>La Wallonie est souvent compar\u00e9e \u00e0 la Flandre. Par rapport \u00e0 celle-ci, la Wallonie affiche de longue date des niveaux plus faibles de PIB par habitant et de revenu par habitant, et la croissance de l\u2019activit\u00e9 \u00e9conomique a \u00e9t\u00e9 moindre sur une longue p\u00e9riode. Ces \u00e9volutions r\u00e9sultent de nombreux facteurs, parmi lesquels la g\u00e9ographie, l\u2019histoire et les actions, notamment politiques, men\u00e9es par les agents \u00e9conomiques.<!--more--><\/p>\n<p>La BNB a produit une nouvelle analyse qui \u00e9largit la base de comparaison et met l\u2019accent sur des r\u00e9gions \u00e0 des stades de d\u00e9veloppement similaires. En particulier, les performances \u00e9conomiques, la comp\u00e9titivit\u00e9 structurelle et le bien-\u00eatre de la Wallonie sont mis en relation avec ceux de r\u00e9gions similaires des pays qui \u00e9taient d\u00e9j\u00e0 membres de l\u2019Union europ\u00e9enne avant le grand \u00e9largissement de 2004 (UE15). Plus pr\u00e9cis\u00e9ment, la Wallonie et ses provinces sont compar\u00e9es avec des r\u00e9gions \u00ab\u00a0NUTS2\u00a0\u00bb. Ces derni\u00e8res sont utilis\u00e9es pour distribuer les fonds de la politique de coh\u00e9sion de l\u2019Union europ\u00e9enne. \u00c0 cette fin, elles sont class\u00e9es selon leur degr\u00e9 de d\u00e9veloppement \u00e9conomique d\u00e9termin\u00e9 par leur PIB par habitant exprim\u00e9 en proportion de la moyenne de l\u2019UE27 sur la p\u00e9riode 2015-2017.<\/p>\n<ul>\n<li>Les provinces du Hainaut, de Li\u00e8ge et de Namur sont class\u00e9es comme r\u00e9gions en transition, vu que leur niveau de PIB par habitant \u00e9tait compris entre 75% et 100% de la moyenne de l\u2019UE27. Elles sont donc compar\u00e9es aux autres r\u00e9gions en transition, tout comme la province du Luxembourg dont le PIB par habitant \u00e9tait proche du seuil de 75%.<\/li>\n<li>Le Brabant wallon est repris comme r\u00e9gion plus d\u00e9velopp\u00e9e dans la politique de coh\u00e9sion europ\u00e9enne. En fait, elle a m\u00eame \u00e9t\u00e9 la r\u00e9gion de l\u2019UE15 avec la plus forte croissance de son PIB par habitant entre 1996 et 2019, et dans le cadre de cette analyse, elle a \u00e9t\u00e9 class\u00e9e dans la cat\u00e9gorie plus restrictive des r\u00e9gions performantes.<\/li>\n<li>La Wallonie en tant que telle a \u00e9t\u00e9 consid\u00e9r\u00e9e comme une r\u00e9gion en transition.<\/li>\n<\/ul>\n<p>En Europe occidentale, les rebonds \u00e9conomiques ne sont pas fr\u00e9quents, prennent beaucoup de temps et n\u00e9cessitent des efforts cons\u00e9quents. Entre 2001 et 2019, aucune r\u00e9gion en transition n\u2019est parvenue \u00e0 se hisser dans la cat\u00e9gorie des \u00e9conomies plus d\u00e9velopp\u00e9es, alors que de nombreuses autres ont \u00e9t\u00e9 d\u00e9grad\u00e9es. La stagnation ou le recul relatif n\u2019est pas l\u2019apanage des provinces wallonnes.<\/p>\n<p>La nouvelle analyse comparative de la BNB montre que la Wallonie a des nombreux points forts en termes de comp\u00e9titivit\u00e9 structurelle relativement aux autres r\u00e9gions en transition. Elle a acc\u00e8s \u00e0 un march\u00e9 potentiel \u00e9tendu et riche, dispose d\u2019un large pool de personnes ayant un dipl\u00f4me de l\u2019enseignement sup\u00e9rieur et b\u00e9n\u00e9fice d\u2019une bonne accessibilit\u00e9 permise par les infrastructures. Par ailleurs, sa population (en \u00e2ge de travailler) a augment\u00e9 de mani\u00e8re r\u00e9guli\u00e8re depuis 1996 et est relativement moins \u00e2g\u00e9e. Sa structure \u00e9conomique est orient\u00e9e vers les services. La Wallonie performe plut\u00f4t bien en innovation. Aussi, elle dispose encore de terrains pour accueillir des entreprises.<\/p>\n<p>N\u00e9anmoins, plusieurs d\u00e9fis restent \u00e0 relever au regard des r\u00e9gions de r\u00e9f\u00e9rence, constituant autant d\u2019axes prioritaires pour la politique \u00e9conomique:<\/p>\n<p><em>Les principales faiblesses structurelles<\/em> de la Wallonie se situent au niveau de variables sociales telles que la sant\u00e9, le risque de pauvret\u00e9 ou d\u2019exclusion sociale et le march\u00e9 du travail, ces variables \u00e9tant li\u00e9es entre elles. Le taux d\u2019emploi, bien qu\u2019en hausse, reste bas en raison surtout d\u2019une large proportion d\u2019inactifs. Les politiques d\u2019activation n\u2019en demeurent pas moins primordiales pour lutter contre l\u2019inad\u00e9quation entre l\u2019offre et la demande de travail et juguler les p\u00e9nuries de main d\u2019\u0153uvre d\u00e9j\u00e0 substantielles pour de nombreuses activit\u00e9s. C\u2019est d\u2019autant plus important qu\u2019en raison du vieillissement, la population en \u00e2ge de travailler devrait diminuer \u00e0 partir de 2025.<\/p>\n<p><strong><em>L\u2019enseignement et la formation<\/em><\/strong> au long de la vie m\u00e9ritent une attention particuli\u00e8re au vu des scores m\u00e9diocres des \u00e9l\u00e8ves francophones aux tests internationaux en math\u00e9matiques, lecture et sciences, des fortes in\u00e9galit\u00e9s entre les \u00e9coles, des d\u00e9crochages scolaires menant \u00e0 davantage d\u2019adultes qui ne travaillent pas, n\u2019\u00e9tudient pas ou ne se forment pas, de la part \u00e9lev\u00e9e d\u2019adultes ayant atteint au mieux l\u2019enseignement secondaire inf\u00e9rieur et de la moindre ma\u00eetrise de l\u2019anglais et des comp\u00e9tences num\u00e9riques chez les adultes.<\/p>\n<p><strong><em>Les gains de productivit\u00e9<\/em><\/strong> ont \u00e9t\u00e9 relativement limit\u00e9s sur la p\u00e9riode 1996-2019, \u00e0 l\u2019exception notable du Brabant wallon. Les autres provinces wallonnes sont moins tourn\u00e9es vers l\u2019industrie et les services non-marchands y occupent une part bien plus \u00e9lev\u00e9e \u2013 et croissante &#8211; de l\u2019emploi. Afin de booster la productivit\u00e9, am\u00e9liorer le capital humain est essentiel pour garantir une offre suffisante de main-d\u2019\u0153uvre qualifi\u00e9e. La double transition \u2013 verte et num\u00e9rique \u2013 n\u00e9cessite \u00e9galement des nouvelles comp\u00e9tences. En outre, des investissements priv\u00e9s et publics sont n\u00e9cessaires pour am\u00e9liorer la qualit\u00e9 des infrastructures de transport existantes et d\u00e9velopper de nouvelles infrastructures. La diffusion de l\u2019innovation au-del\u00e0 des grandes entreprises innovantes et productives devrait \u00e9galement contribuer \u00e0 stimuler la productivit\u00e9.<\/p>\n<p>Ces d\u00e9fis doivent \u00eatre relev\u00e9s afin que la Wallonie puisse valoriser au mieux ses atouts, le tout dans un contexte o\u00f9 les finances r\u00e9gionales et communautaires sont jug\u00e9es moins favorablement par les agences de rating que celles des r\u00e9gions fran\u00e7aises et des Landers allemands. Aussi, la trajectoire budg\u00e9taire recommand\u00e9e par la Commission externe de la dette et des finances publiques devrait \u00eatre pleinement mise en \u0153uvre et ajust\u00e9e si n\u00e9cessaire. La soutenabilit\u00e9 budg\u00e9taire de la Communaut\u00e9 fran\u00e7aise doit aussi \u00eatre assur\u00e9e.<\/p>\n<p>&nbsp;<\/p>\n<p><em>Source: BNB<\/em><\/p>\n","protected":false},"excerpt":{"rendered":"<p>La Wallonie est souvent compar\u00e9e \u00e0 la Flandre. Par rapport \u00e0 celle-ci, la Wallonie affiche de longue date des niveaux plus faibles de PIB par habitant et de revenu par habitant, et la croissance de l\u2019activit\u00e9 \u00e9conomique a \u00e9t\u00e9 moindre [&hellip;]<\/p>\n","protected":false},"author":2,"featured_media":0,"comment_status":"closed","ping_status":"open","sticky":false,"template":"","format":"standard","meta":[],"categories":[65,10],"tags":[96,2990,179,17,28],"yoast_head":"<!-- This site is optimized with the Yoast SEO plugin v21.0 - https:\/\/yoast.com\/wordpress\/plugins\/seo\/ -->\n<title>Performances \u00e9conomiques, comp\u00e9titivit\u00e9 et bien-\u00eatre de la Wallonie: il faut la comparer avec d&#039;autres r\u00e9gions dites &#039;en transition&#039;. - Peoplesphere<\/title>\n<meta name=\"robots\" content=\"index, follow, max-snippet:-1, max-image-preview:large, max-video-preview:-1\" \/>\n<link rel=\"canonical\" href=\"https:\/\/peoplesphere.be\/fr\/performances-economiques-competitivite-et-bien-etre-de-la-wallonie-il-faut-la-comparer-avec-dautres-regions-dites-en-transition\/\" \/>\n<meta property=\"og:locale\" content=\"fr_FR\" \/>\n<meta property=\"og:type\" content=\"article\" \/>\n<meta property=\"og:title\" content=\"Performances \u00e9conomiques, comp\u00e9titivit\u00e9 et bien-\u00eatre de la Wallonie: il faut la comparer avec d&#039;autres r\u00e9gions dites &#039;en transition&#039;. - Peoplesphere\" \/>\n<meta property=\"og:description\" content=\"La Wallonie est souvent compar\u00e9e \u00e0 la Flandre. Par rapport \u00e0 celle-ci, la Wallonie affiche de longue date des niveaux plus faibles de PIB par habitant et de revenu par habitant, et la croissance de l\u2019activit\u00e9 \u00e9conomique a \u00e9t\u00e9 moindre [&hellip;]\" \/>\n<meta property=\"og:url\" content=\"https:\/\/peoplesphere.be\/fr\/performances-economiques-competitivite-et-bien-etre-de-la-wallonie-il-faut-la-comparer-avec-dautres-regions-dites-en-transition\/\" \/>\n<meta property=\"og:site_name\" content=\"Peoplesphere\" \/>\n<meta property=\"article:publisher\" content=\"https:\/\/www.facebook.com\/peoplesphere\" \/>\n<meta property=\"article:published_time\" content=\"2024-03-25T10:57:14+00:00\" \/>\n<meta property=\"og:image\" content=\"http:\/\/www.peoplesphere.be\/fr\/wp-content\/uploads\/2016\/07\/facebook-default-posting-1200x628px.jpg\" \/>\n<meta name=\"author\" content=\"Jean-Paul Erhard\" \/>\n<meta name=\"twitter:card\" content=\"summary_large_image\" \/>\n<meta name=\"twitter:creator\" content=\"@PeoplesphereMag\" \/>\n<meta name=\"twitter:site\" content=\"@PeoplesphereMag\" \/>\n<meta name=\"twitter:label1\" content=\"\u00c9crit par\" \/>\n\t<meta name=\"twitter:data1\" content=\"Jean-Paul Erhard\" \/>\n\t<meta name=\"twitter:label2\" content=\"Dur\u00e9e de lecture estim\u00e9e\" \/>\n\t<meta name=\"twitter:data2\" content=\"5 minutes\" \/>\n<script type=\"application\/ld+json\" class=\"yoast-schema-graph\">{\"@context\":\"https:\/\/schema.org\",\"@graph\":[{\"@type\":\"Article\",\"@id\":\"https:\/\/peoplesphere.be\/fr\/performances-economiques-competitivite-et-bien-etre-de-la-wallonie-il-faut-la-comparer-avec-dautres-regions-dites-en-transition\/#article\",\"isPartOf\":{\"@id\":\"https:\/\/peoplesphere.be\/fr\/performances-economiques-competitivite-et-bien-etre-de-la-wallonie-il-faut-la-comparer-avec-dautres-regions-dites-en-transition\/\"},\"author\":{\"name\":\"Jean-Paul Erhard\",\"@id\":\"https:\/\/peoplesphere.be\/fr\/#\/schema\/person\/7976225ff17988604334abb7b3536a7e\"},\"headline\":\"Performances \u00e9conomiques, comp\u00e9titivit\u00e9 et bien-\u00eatre de la Wallonie: il faut la comparer avec d&rsquo;autres r\u00e9gions dites &lsquo;en transition&rsquo;.\",\"datePublished\":\"2024-03-25T10:57:14+00:00\",\"dateModified\":\"2024-03-25T10:57:14+00:00\",\"mainEntityOfPage\":{\"@id\":\"https:\/\/peoplesphere.be\/fr\/performances-economiques-competitivite-et-bien-etre-de-la-wallonie-il-faut-la-comparer-avec-dautres-regions-dites-en-transition\/\"},\"wordCount\":1034,\"publisher\":{\"@id\":\"https:\/\/peoplesphere.be\/fr\/#organization\"},\"keywords\":[\"bien-\u00eatre\",\"performances \u00e9conomiques\",\"productivit\u00e9\",\"Sant\u00e9\",\"Wallonie\"],\"articleSection\":[\"Actualit\u00e9s\",\"Digital\"],\"inLanguage\":\"fr-FR\"},{\"@type\":\"WebPage\",\"@id\":\"https:\/\/peoplesphere.be\/fr\/performances-economiques-competitivite-et-bien-etre-de-la-wallonie-il-faut-la-comparer-avec-dautres-regions-dites-en-transition\/\",\"url\":\"https:\/\/peoplesphere.be\/fr\/performances-economiques-competitivite-et-bien-etre-de-la-wallonie-il-faut-la-comparer-avec-dautres-regions-dites-en-transition\/\",\"name\":\"Performances \u00e9conomiques, comp\u00e9titivit\u00e9 et bien-\u00eatre de la Wallonie: il faut la comparer avec d'autres r\u00e9gions dites 'en transition'. - Peoplesphere\",\"isPartOf\":{\"@id\":\"https:\/\/peoplesphere.be\/fr\/#website\"},\"datePublished\":\"2024-03-25T10:57:14+00:00\",\"dateModified\":\"2024-03-25T10:57:14+00:00\",\"breadcrumb\":{\"@id\":\"https:\/\/peoplesphere.be\/fr\/performances-economiques-competitivite-et-bien-etre-de-la-wallonie-il-faut-la-comparer-avec-dautres-regions-dites-en-transition\/#breadcrumb\"},\"inLanguage\":\"fr-FR\",\"potentialAction\":[{\"@type\":\"ReadAction\",\"target\":[\"https:\/\/peoplesphere.be\/fr\/performances-economiques-competitivite-et-bien-etre-de-la-wallonie-il-faut-la-comparer-avec-dautres-regions-dites-en-transition\/\"]}]},{\"@type\":\"BreadcrumbList\",\"@id\":\"https:\/\/peoplesphere.be\/fr\/performances-economiques-competitivite-et-bien-etre-de-la-wallonie-il-faut-la-comparer-avec-dautres-regions-dites-en-transition\/#breadcrumb\",\"itemListElement\":[{\"@type\":\"ListItem\",\"position\":1,\"name\":\"Accueil\",\"item\":\"https:\/\/peoplesphere.be\/fr\/\"},{\"@type\":\"ListItem\",\"position\":2,\"name\":\"Performances \u00e9conomiques, comp\u00e9titivit\u00e9 et bien-\u00eatre de la Wallonie: il faut la comparer avec d&rsquo;autres r\u00e9gions dites &lsquo;en transition&rsquo;.\"}]},{\"@type\":\"WebSite\",\"@id\":\"https:\/\/peoplesphere.be\/fr\/#website\",\"url\":\"https:\/\/peoplesphere.be\/fr\/\",\"name\":\"Peoplesphere\",\"description\":\"The People Managers Magazine\",\"publisher\":{\"@id\":\"https:\/\/peoplesphere.be\/fr\/#organization\"},\"potentialAction\":[{\"@type\":\"SearchAction\",\"target\":{\"@type\":\"EntryPoint\",\"urlTemplate\":\"https:\/\/peoplesphere.be\/fr\/?s={search_term_string}\"},\"query-input\":\"required name=search_term_string\"}],\"inLanguage\":\"fr-FR\"},{\"@type\":\"Organization\",\"@id\":\"https:\/\/peoplesphere.be\/fr\/#organization\",\"name\":\"Peoplesphere Company srl\",\"url\":\"https:\/\/peoplesphere.be\/fr\/\",\"logo\":{\"@type\":\"ImageObject\",\"inLanguage\":\"fr-FR\",\"@id\":\"https:\/\/peoplesphere.be\/fr\/#\/schema\/logo\/image\/\",\"url\":\"https:\/\/peoplesphere.be\/fr\/wp-content\/uploads\/2023\/07\/peoplesphere-lgo-new-generik.jpg\",\"contentUrl\":\"https:\/\/peoplesphere.be\/fr\/wp-content\/uploads\/2023\/07\/peoplesphere-lgo-new-generik.jpg\",\"width\":1031,\"height\":1479,\"caption\":\"Peoplesphere Company srl\"},\"image\":{\"@id\":\"https:\/\/peoplesphere.be\/fr\/#\/schema\/logo\/image\/\"},\"sameAs\":[\"https:\/\/www.facebook.com\/peoplesphere\",\"https:\/\/twitter.com\/PeoplesphereMag\",\"https:\/\/www.linkedin.com\/company\/7587361?trk\",\"http:\/\/youtube.com\/peoplesphere\"]},{\"@type\":\"Person\",\"@id\":\"https:\/\/peoplesphere.be\/fr\/#\/schema\/person\/7976225ff17988604334abb7b3536a7e\",\"name\":\"Jean-Paul Erhard\",\"image\":{\"@type\":\"ImageObject\",\"inLanguage\":\"fr-FR\",\"@id\":\"https:\/\/peoplesphere.be\/fr\/#\/schema\/person\/image\/\",\"url\":\"https:\/\/secure.gravatar.com\/avatar\/f941e681460179738071629a51574930?s=96&d=mm&r=g\",\"contentUrl\":\"https:\/\/secure.gravatar.com\/avatar\/f941e681460179738071629a51574930?s=96&d=mm&r=g\",\"caption\":\"Jean-Paul Erhard\"},\"url\":\"https:\/\/peoplesphere.be\/fr\/author\/jpe\/\"}]}<\/script>\n<!-- \/ Yoast SEO plugin. -->","yoast_head_json":{"title":"Performances \u00e9conomiques, comp\u00e9titivit\u00e9 et bien-\u00eatre de la Wallonie: il faut la comparer avec d'autres r\u00e9gions dites 'en transition'. - Peoplesphere","robots":{"index":"index","follow":"follow","max-snippet":"max-snippet:-1","max-image-preview":"max-image-preview:large","max-video-preview":"max-video-preview:-1"},"canonical":"https:\/\/peoplesphere.be\/fr\/performances-economiques-competitivite-et-bien-etre-de-la-wallonie-il-faut-la-comparer-avec-dautres-regions-dites-en-transition\/","og_locale":"fr_FR","og_type":"article","og_title":"Performances \u00e9conomiques, comp\u00e9titivit\u00e9 et bien-\u00eatre de la Wallonie: il faut la comparer avec d'autres r\u00e9gions dites 'en transition'. - Peoplesphere","og_description":"La Wallonie est souvent compar\u00e9e \u00e0 la Flandre. Par rapport \u00e0 celle-ci, la Wallonie affiche de longue date des niveaux plus faibles de PIB par habitant et de revenu par habitant, et la croissance de l\u2019activit\u00e9 \u00e9conomique a \u00e9t\u00e9 moindre [&hellip;]","og_url":"https:\/\/peoplesphere.be\/fr\/performances-economiques-competitivite-et-bien-etre-de-la-wallonie-il-faut-la-comparer-avec-dautres-regions-dites-en-transition\/","og_site_name":"Peoplesphere","article_publisher":"https:\/\/www.facebook.com\/peoplesphere","article_published_time":"2024-03-25T10:57:14+00:00","og_image":[{"url":"http:\/\/www.peoplesphere.be\/fr\/wp-content\/uploads\/2016\/07\/facebook-default-posting-1200x628px.jpg"}],"author":"Jean-Paul Erhard","twitter_card":"summary_large_image","twitter_creator":"@PeoplesphereMag","twitter_site":"@PeoplesphereMag","twitter_misc":{"\u00c9crit par":"Jean-Paul Erhard","Dur\u00e9e de lecture estim\u00e9e":"5 minutes"},"schema":{"@context":"https:\/\/schema.org","@graph":[{"@type":"Article","@id":"https:\/\/peoplesphere.be\/fr\/performances-economiques-competitivite-et-bien-etre-de-la-wallonie-il-faut-la-comparer-avec-dautres-regions-dites-en-transition\/#article","isPartOf":{"@id":"https:\/\/peoplesphere.be\/fr\/performances-economiques-competitivite-et-bien-etre-de-la-wallonie-il-faut-la-comparer-avec-dautres-regions-dites-en-transition\/"},"author":{"name":"Jean-Paul Erhard","@id":"https:\/\/peoplesphere.be\/fr\/#\/schema\/person\/7976225ff17988604334abb7b3536a7e"},"headline":"Performances \u00e9conomiques, comp\u00e9titivit\u00e9 et bien-\u00eatre de la Wallonie: il faut la comparer avec d&rsquo;autres r\u00e9gions dites &lsquo;en transition&rsquo;.","datePublished":"2024-03-25T10:57:14+00:00","dateModified":"2024-03-25T10:57:14+00:00","mainEntityOfPage":{"@id":"https:\/\/peoplesphere.be\/fr\/performances-economiques-competitivite-et-bien-etre-de-la-wallonie-il-faut-la-comparer-avec-dautres-regions-dites-en-transition\/"},"wordCount":1034,"publisher":{"@id":"https:\/\/peoplesphere.be\/fr\/#organization"},"keywords":["bien-\u00eatre","performances \u00e9conomiques","productivit\u00e9","Sant\u00e9","Wallonie"],"articleSection":["Actualit\u00e9s","Digital"],"inLanguage":"fr-FR"},{"@type":"WebPage","@id":"https:\/\/peoplesphere.be\/fr\/performances-economiques-competitivite-et-bien-etre-de-la-wallonie-il-faut-la-comparer-avec-dautres-regions-dites-en-transition\/","url":"https:\/\/peoplesphere.be\/fr\/performances-economiques-competitivite-et-bien-etre-de-la-wallonie-il-faut-la-comparer-avec-dautres-regions-dites-en-transition\/","name":"Performances \u00e9conomiques, comp\u00e9titivit\u00e9 et bien-\u00eatre de la Wallonie: il faut la comparer avec d'autres r\u00e9gions dites 'en transition'. - Peoplesphere","isPartOf":{"@id":"https:\/\/peoplesphere.be\/fr\/#website"},"datePublished":"2024-03-25T10:57:14+00:00","dateModified":"2024-03-25T10:57:14+00:00","breadcrumb":{"@id":"https:\/\/peoplesphere.be\/fr\/performances-economiques-competitivite-et-bien-etre-de-la-wallonie-il-faut-la-comparer-avec-dautres-regions-dites-en-transition\/#breadcrumb"},"inLanguage":"fr-FR","potentialAction":[{"@type":"ReadAction","target":["https:\/\/peoplesphere.be\/fr\/performances-economiques-competitivite-et-bien-etre-de-la-wallonie-il-faut-la-comparer-avec-dautres-regions-dites-en-transition\/"]}]},{"@type":"BreadcrumbList","@id":"https:\/\/peoplesphere.be\/fr\/performances-economiques-competitivite-et-bien-etre-de-la-wallonie-il-faut-la-comparer-avec-dautres-regions-dites-en-transition\/#breadcrumb","itemListElement":[{"@type":"ListItem","position":1,"name":"Accueil","item":"https:\/\/peoplesphere.be\/fr\/"},{"@type":"ListItem","position":2,"name":"Performances \u00e9conomiques, comp\u00e9titivit\u00e9 et bien-\u00eatre de la Wallonie: il faut la comparer avec d&rsquo;autres r\u00e9gions dites &lsquo;en transition&rsquo;."}]},{"@type":"WebSite","@id":"https:\/\/peoplesphere.be\/fr\/#website","url":"https:\/\/peoplesphere.be\/fr\/","name":"Peoplesphere","description":"The People Managers Magazine","publisher":{"@id":"https:\/\/peoplesphere.be\/fr\/#organization"},"potentialAction":[{"@type":"SearchAction","target":{"@type":"EntryPoint","urlTemplate":"https:\/\/peoplesphere.be\/fr\/?s={search_term_string}"},"query-input":"required name=search_term_string"}],"inLanguage":"fr-FR"},{"@type":"Organization","@id":"https:\/\/peoplesphere.be\/fr\/#organization","name":"Peoplesphere Company srl","url":"https:\/\/peoplesphere.be\/fr\/","logo":{"@type":"ImageObject","inLanguage":"fr-FR","@id":"https:\/\/peoplesphere.be\/fr\/#\/schema\/logo\/image\/","url":"https:\/\/peoplesphere.be\/fr\/wp-content\/uploads\/2023\/07\/peoplesphere-lgo-new-generik.jpg","contentUrl":"https:\/\/peoplesphere.be\/fr\/wp-content\/uploads\/2023\/07\/peoplesphere-lgo-new-generik.jpg","width":1031,"height":1479,"caption":"Peoplesphere Company srl"},"image":{"@id":"https:\/\/peoplesphere.be\/fr\/#\/schema\/logo\/image\/"},"sameAs":["https:\/\/www.facebook.com\/peoplesphere","https:\/\/twitter.com\/PeoplesphereMag","https:\/\/www.linkedin.com\/company\/7587361?trk","http:\/\/youtube.com\/peoplesphere"]},{"@type":"Person","@id":"https:\/\/peoplesphere.be\/fr\/#\/schema\/person\/7976225ff17988604334abb7b3536a7e","name":"Jean-Paul Erhard","image":{"@type":"ImageObject","inLanguage":"fr-FR","@id":"https:\/\/peoplesphere.be\/fr\/#\/schema\/person\/image\/","url":"https:\/\/secure.gravatar.com\/avatar\/f941e681460179738071629a51574930?s=96&d=mm&r=g","contentUrl":"https:\/\/secure.gravatar.com\/avatar\/f941e681460179738071629a51574930?s=96&d=mm&r=g","caption":"Jean-Paul Erhard"},"url":"https:\/\/peoplesphere.be\/fr\/author\/jpe\/"}]}},"_links":{"self":[{"href":"https:\/\/peoplesphere.be\/fr\/wp-json\/wp\/v2\/posts\/15914"}],"collection":[{"href":"https:\/\/peoplesphere.be\/fr\/wp-json\/wp\/v2\/posts"}],"about":[{"href":"https:\/\/peoplesphere.be\/fr\/wp-json\/wp\/v2\/types\/post"}],"author":[{"embeddable":true,"href":"https:\/\/peoplesphere.be\/fr\/wp-json\/wp\/v2\/users\/2"}],"replies":[{"embeddable":true,"href":"https:\/\/peoplesphere.be\/fr\/wp-json\/wp\/v2\/comments?post=15914"}],"version-history":[{"count":1,"href":"https:\/\/peoplesphere.be\/fr\/wp-json\/wp\/v2\/posts\/15914\/revisions"}],"predecessor-version":[{"id":15915,"href":"https:\/\/peoplesphere.be\/fr\/wp-json\/wp\/v2\/posts\/15914\/revisions\/15915"}],"wp:attachment":[{"href":"https:\/\/peoplesphere.be\/fr\/wp-json\/wp\/v2\/media?parent=15914"}],"wp:term":[{"taxonomy":"category","embeddable":true,"href":"https:\/\/peoplesphere.be\/fr\/wp-json\/wp\/v2\/categories?post=15914"},{"taxonomy":"post_tag","embeddable":true,"href":"https:\/\/peoplesphere.be\/fr\/wp-json\/wp\/v2\/tags?post=15914"}],"curies":[{"name":"wp","href":"https:\/\/api.w.org\/{rel}","templated":true}]}}