









{"id":15916,"date":"2024-03-25T16:16:40","date_gmt":"2024-03-25T14:16:40","guid":{"rendered":"https:\/\/peoplesphere.be\/fr\/?p=15916"},"modified":"2024-03-25T16:16:40","modified_gmt":"2024-03-25T14:16:40","slug":"lancement-du-fonds-reat-le-ministre-des-affaires-sociales-et-federgon-unissent-leurs-forces-en-faveur-de-laccompagnement-des-malades-de-longue-duree","status":"publish","type":"post","link":"https:\/\/peoplesphere.be\/fr\/lancement-du-fonds-reat-le-ministre-des-affaires-sociales-et-federgon-unissent-leurs-forces-en-faveur-de-laccompagnement-des-malades-de-longue-duree\/","title":{"rendered":"Lancement du Fonds ReAT: le ministre des Affaires sociales et Federgon unissent leurs forces en faveur de l&rsquo;accompagnement des malades de longue dur\u00e9e."},"content":{"rendered":"<p>Donner aux malades de longue dur\u00e9e toutes les chances de se r\u00e9int\u00e9grer professionnellement en b\u00e9n\u00e9ficiant de l&rsquo;accompagnement de prestataires de services priv\u00e9s agr\u00e9\u00e9s. C&rsquo;est l\u2019objectif que poursuivent conjointement Federgon et le ministre des Affaires sociales, Frank Vandenbroucke. Parall\u00e8lement \u00e0 la mise sur les rails du Fonds Retour Au Travail, qui sera op\u00e9rationnel \u00e0 partir du 1er avril, Federgon lance la plateforme <em>Guide me<\/em>.<!--more--><\/p>\n<p>Guide me regroupe tous les services priv\u00e9s qui peuvent apporter un soutien dans les moments importants d&rsquo;une carri\u00e8re, comme les services d\u2019accompagnement vers l\u2019emploi apr\u00e8s une p\u00e9riode de maladie ou de reclassement professionnel apr\u00e8s un licenciement.<\/p>\n<p>Le fonds Retour Au Travail (fonds ReAT) sera lanc\u00e9 le 1er avril prochain. D\u00e9sormais, les personnes reconnues en incapacit\u00e9 de travail pourront s&rsquo;adresser au Fonds ReAT pour demander un ch\u00e8que de 1.800 euros qui leur permettra d&rsquo;acheter des services d&rsquo;accompagnement aupr\u00e8s de prestataires priv\u00e9s agr\u00e9\u00e9s. Federgon pr\u00e9sente au m\u00eame moment la plateforme guide me, un site web qui regroupe l&rsquo;expertise de ses membres en mati\u00e8re d&rsquo;accompagnement.<\/p>\n<p>Ann Cattelain, CEO de Federgon, le r\u00e9seau pour l\u2019emploi : \u00ab\u00a0<em>Au cours des derni\u00e8res d\u00e9cennies, nos membres ont acquis une expertise tr\u00e8s pr\u00e9cieuse dans l&rsquo;accompagnement des personnes \u00e0 toutes les \u00e9tapes de leur vie et de leur carri\u00e8re. Trop souvent encore, l&rsquo;accent est mis sur ce que les gens ne peuvent plus faire au lieu de regarder ce qu&rsquo;ils peuvent encore faire. Nos membres se placent dans une tout autre optique. Ils sont les experts par excellence pour ce qui est d\u2019aider et de motiver les gens \u00e0 reprendre le travail et \u00e0 mettre \u00e0 profit leurs talents. Ainsi, les bonnes personnes sont \u00e0 nouveau \u00e0 la bonne place, ce qui profite \u00e0 notre march\u00e9 du travail et \u00e0 la soci\u00e9t\u00e9 dans son ensemble.\u00a0\u00bb<\/em><\/p>\n<h3><strong><em>Le Fonds Retour Au Travail<\/em><\/strong><\/h3>\n<p>Les personnes pr\u00e9sentant des probl\u00e8mes de sant\u00e9 doivent avoir la possibilit\u00e9 de retourner au travail. Quand elles ne sont pas en mesure de r\u00e9int\u00e9grer leur ancien poste, il n\u2019est pas toujours facile pour elles de trouver un nouvel employeur. L&rsquo;aide d&rsquo;un accompagnateur en insertion professionnelle peut alors \u00eatre la bienvenue.<\/p>\n<p>Le Fonds ReAT est li\u00e9 aux r\u00e9siliations de contrats de travail pour cause de force majeure m\u00e9dicale. Si cela se produit \u00e0 l&rsquo;initiative de l&#8217;employeur, celui-ci est tenu de verser 1800 euros au fonds ReAT. Jusqu&rsquo;au 1er avril 2025, ce sont les travailleurs qui se trouvent dans cette situation qui peuvent faire appel au Fonds ReAT. Dans le cadre de leur recherche d&rsquo;un nouvel emploi, ils peuvent demander un ch\u00e8que de 1.800 euros pour b\u00e9n\u00e9ficier de l&rsquo;accompagnement d&rsquo;un prestataire de services priv\u00e9 agr\u00e9\u00e9 par l&rsquo;INAMI. Pour \u00eatre agr\u00e9\u00e9e, l\u2019organisation doit disposer d&rsquo;un label de qualit\u00e9, avoir suivi une formation sp\u00e9cialis\u00e9e en mati\u00e8re d&rsquo;accompagnement Retour au Travail et pouvoir justifier d&rsquo;une expertise dans le domaine de l\u2019accompagnement sur le march\u00e9 du travail.<\/p>\n<p>\u00c0 compter du 1er avril 2025, le fonds ReAT pourra \u00e9galement \u00eatre sollicit\u00e9 par les personnes reconnues en incapacit\u00e9 de travail depuis plus d&rsquo;un an.<\/p>\n<p>Frank Vandenbroucke, ministre des Affaires sociales: \u00ab\u00a0<em>D\u00e8s le d\u00e9but de mon mandat de ministre des affaires sociales, j&rsquo;ai compris que le succ\u00e8s d&rsquo;une politique de retour au travail reposait sur la coop\u00e9ration et le partenariat. Il s&rsquo;agit d&rsquo;un domaine o\u00f9 de nombreuses parties sont impliqu\u00e9es, o\u00f9 chacun apporte une pi\u00e8ce du puzzle. Il n&rsquo;est donc pas toujours facile de trouver la bonne voie pour la reprise du travail. Mais je suis convaincue que plus nous cr\u00e9erons de voies menant \u00e0 la reprise du travail, plus nous pourrons rassembler de talents pour les d\u00e9ployer dans notre soci\u00e9t\u00e9. Le Fonds ReAT est l&rsquo;une de ces voies.\u00a0\u00bb<\/em><\/p>\n<p>Au cours de leur vie et de leur carri\u00e8re, les gens ont parfois besoin d&rsquo;une oreille attentive ou d&rsquo;un coup de pouce. Avec la cr\u00e9ation de la plateforme guide me, d\u00e9velopp\u00e9e par Monizze, Federgon entend regrouper l&rsquo;expertise de ses membres actifs dans l&rsquo;accompagnement et indiquer de mani\u00e8re conviviale aux particuliers et aux entreprises les services d&rsquo;accompagnement sp\u00e9cialis\u00e9s qui existent dans leur environnement proche. Soutien en mati\u00e8re d&rsquo;outplacement, de bien-\u00eatre, d&rsquo;accompagnement de carri\u00e8re : Federgon est connue pour le large \u00e9ventail de services sp\u00e9cialis\u00e9s disponibles au sein de son r\u00e9seau et soutient d\u00e9j\u00e0 aujourd&rsquo;hui les personnes aux moments les plus importants de leur carri\u00e8re.<\/p>\n<p>Les membres de Federgon veulent maintenant mettre plus largement \u00e0 profit cette expertise pour aider les personnes souffrant de probl\u00e8mes de sant\u00e9 \u00e0 retrouver un emploi par le biais du Fonds ReAT. Avec guide me, cette expertise est propos\u00e9e aux utilisateurs de mani\u00e8re int\u00e9gr\u00e9e. En r\u00e9servant la plateforme \u00e0 ses membres uniquement, Federgon souhaite contribuer \u00e0 la surveillance de la qualit\u00e9 des services offerts. En outre, la plateforme vise \u00e0 fournir un aper\u00e7u clair de l&rsquo;aide que les utilisateurs peuvent obtenir aupr\u00e8s des services publics.<\/p>\n<p>Jean-Louis Van Houwe, CEO de Monizze: <em>\u00ab\u00a0Participer \u00e0 l&rsquo;initiative guide me avec Federgon et les pouvoirs publics \u00e9tait une \u00e9vidence. Partenaire des entreprises, des institutions publiques et du secteur des ressources humaines, nous travaillons sur des initiatives innovantes qui am\u00e9liorent l\u2019exp\u00e9rience et la qualit\u00e9 de vie des travailleurs tout au long de leur parcours professionnel, ce que nous appelons dans notre strat\u00e9gie le \u00ab\u00a0worker power\u00a0\u00bb. Ensemble, nous pouvons apporter un changement positif dans la diminution de l\u2019incapacit\u00e9 de travail de longue dur\u00e9e. Avec des informations centralis\u00e9es, claires et pragmatiques, la plateforme guide me constitue une \u00e9tape essentielle sur le chemin du retour \u00e0 l&#8217;emploi.\u00a0\u00bb<\/em><\/p>\n","protected":false},"excerpt":{"rendered":"<p>Donner aux malades de longue dur\u00e9e toutes les chances de se r\u00e9int\u00e9grer professionnellement en b\u00e9n\u00e9ficiant de l&rsquo;accompagnement de prestataires de services priv\u00e9s agr\u00e9\u00e9s. C&rsquo;est l\u2019objectif que poursuivent conjointement Federgon et le ministre des Affaires sociales, Frank Vandenbroucke. Parall\u00e8lement \u00e0 la [&hellip;]<\/p>\n","protected":false},"author":2,"featured_media":15917,"comment_status":"closed","ping_status":"open","sticky":false,"template":"","format":"standard","meta":[],"categories":[65,10],"tags":[469,198,4012,4011,662,1028,639,2269],"yoast_head":"<!-- This site is optimized with the Yoast SEO plugin v21.0 - https:\/\/yoast.com\/wordpress\/plugins\/seo\/ -->\n<title>Lancement du Fonds ReAT: le ministre des Affaires sociales et Federgon unissent leurs forces en faveur de l&#039;accompagnement des malades de longue dur\u00e9e. - Peoplesphere<\/title>\n<meta name=\"robots\" content=\"index, follow, max-snippet:-1, max-image-preview:large, max-video-preview:-1\" \/>\n<link rel=\"canonical\" href=\"https:\/\/peoplesphere.be\/fr\/lancement-du-fonds-reat-le-ministre-des-affaires-sociales-et-federgon-unissent-leurs-forces-en-faveur-de-laccompagnement-des-malades-de-longue-duree\/\" \/>\n<meta property=\"og:locale\" content=\"fr_FR\" \/>\n<meta property=\"og:type\" content=\"article\" \/>\n<meta property=\"og:title\" content=\"Lancement du Fonds ReAT: le ministre des Affaires sociales et Federgon unissent leurs forces en faveur de l&#039;accompagnement des malades de longue dur\u00e9e. - Peoplesphere\" \/>\n<meta property=\"og:description\" content=\"Donner aux malades de longue dur\u00e9e toutes les chances de se r\u00e9int\u00e9grer professionnellement en b\u00e9n\u00e9ficiant de l&rsquo;accompagnement de prestataires de services priv\u00e9s agr\u00e9\u00e9s. C&rsquo;est l\u2019objectif que poursuivent conjointement Federgon et le ministre des Affaires sociales, Frank Vandenbroucke. Parall\u00e8lement \u00e0 la [&hellip;]\" \/>\n<meta property=\"og:url\" content=\"https:\/\/peoplesphere.be\/fr\/lancement-du-fonds-reat-le-ministre-des-affaires-sociales-et-federgon-unissent-leurs-forces-en-faveur-de-laccompagnement-des-malades-de-longue-duree\/\" \/>\n<meta property=\"og:site_name\" content=\"Peoplesphere\" \/>\n<meta property=\"article:publisher\" content=\"https:\/\/www.facebook.com\/peoplesphere\" \/>\n<meta property=\"article:published_time\" content=\"2024-03-25T14:16:40+00:00\" \/>\n<meta property=\"og:image\" content=\"https:\/\/peoplesphere.be\/fr\/wp-content\/uploads\/2024\/03\/20240325federgonvdb.jpg\" \/>\n\t<meta property=\"og:image:width\" content=\"1200\" \/>\n\t<meta property=\"og:image:height\" content=\"645\" \/>\n\t<meta property=\"og:image:type\" content=\"image\/jpeg\" \/>\n<meta name=\"author\" content=\"Jean-Paul Erhard\" \/>\n<meta name=\"twitter:card\" content=\"summary_large_image\" \/>\n<meta name=\"twitter:creator\" content=\"@PeoplesphereMag\" \/>\n<meta name=\"twitter:site\" content=\"@PeoplesphereMag\" \/>\n<meta name=\"twitter:label1\" content=\"\u00c9crit par\" \/>\n\t<meta name=\"twitter:data1\" content=\"Jean-Paul Erhard\" \/>\n\t<meta name=\"twitter:label2\" content=\"Dur\u00e9e de lecture estim\u00e9e\" \/>\n\t<meta name=\"twitter:data2\" content=\"5 minutes\" \/>\n<script type=\"application\/ld+json\" class=\"yoast-schema-graph\">{\"@context\":\"https:\/\/schema.org\",\"@graph\":[{\"@type\":\"Article\",\"@id\":\"https:\/\/peoplesphere.be\/fr\/lancement-du-fonds-reat-le-ministre-des-affaires-sociales-et-federgon-unissent-leurs-forces-en-faveur-de-laccompagnement-des-malades-de-longue-duree\/#article\",\"isPartOf\":{\"@id\":\"https:\/\/peoplesphere.be\/fr\/lancement-du-fonds-reat-le-ministre-des-affaires-sociales-et-federgon-unissent-leurs-forces-en-faveur-de-laccompagnement-des-malades-de-longue-duree\/\"},\"author\":{\"name\":\"Jean-Paul Erhard\",\"@id\":\"https:\/\/peoplesphere.be\/fr\/#\/schema\/person\/7976225ff17988604334abb7b3536a7e\"},\"headline\":\"Lancement du Fonds ReAT: le ministre des Affaires sociales et Federgon unissent leurs forces en faveur de l&rsquo;accompagnement des malades de longue dur\u00e9e.\",\"datePublished\":\"2024-03-25T14:16:40+00:00\",\"dateModified\":\"2024-03-25T14:16:40+00:00\",\"mainEntityOfPage\":{\"@id\":\"https:\/\/peoplesphere.be\/fr\/lancement-du-fonds-reat-le-ministre-des-affaires-sociales-et-federgon-unissent-leurs-forces-en-faveur-de-laccompagnement-des-malades-de-longue-duree\/\"},\"wordCount\":972,\"publisher\":{\"@id\":\"https:\/\/peoplesphere.be\/fr\/#organization\"},\"keywords\":[\"accompagnement\",\"federgon\",\"force majeur m\u00e9dicale\",\"Frank Vandenbroucke\",\"incapacit\u00e9\",\"insertion professionnelle\",\"r\u00e9int\u00e9gration\",\"retour au travail\"],\"articleSection\":[\"Actualit\u00e9s\",\"Digital\"],\"inLanguage\":\"fr-FR\"},{\"@type\":\"WebPage\",\"@id\":\"https:\/\/peoplesphere.be\/fr\/lancement-du-fonds-reat-le-ministre-des-affaires-sociales-et-federgon-unissent-leurs-forces-en-faveur-de-laccompagnement-des-malades-de-longue-duree\/\",\"url\":\"https:\/\/peoplesphere.be\/fr\/lancement-du-fonds-reat-le-ministre-des-affaires-sociales-et-federgon-unissent-leurs-forces-en-faveur-de-laccompagnement-des-malades-de-longue-duree\/\",\"name\":\"Lancement du Fonds ReAT: le ministre des Affaires sociales et Federgon unissent leurs forces en faveur de l'accompagnement des malades de longue dur\u00e9e. - Peoplesphere\",\"isPartOf\":{\"@id\":\"https:\/\/peoplesphere.be\/fr\/#website\"},\"datePublished\":\"2024-03-25T14:16:40+00:00\",\"dateModified\":\"2024-03-25T14:16:40+00:00\",\"breadcrumb\":{\"@id\":\"https:\/\/peoplesphere.be\/fr\/lancement-du-fonds-reat-le-ministre-des-affaires-sociales-et-federgon-unissent-leurs-forces-en-faveur-de-laccompagnement-des-malades-de-longue-duree\/#breadcrumb\"},\"inLanguage\":\"fr-FR\",\"potentialAction\":[{\"@type\":\"ReadAction\",\"target\":[\"https:\/\/peoplesphere.be\/fr\/lancement-du-fonds-reat-le-ministre-des-affaires-sociales-et-federgon-unissent-leurs-forces-en-faveur-de-laccompagnement-des-malades-de-longue-duree\/\"]}]},{\"@type\":\"BreadcrumbList\",\"@id\":\"https:\/\/peoplesphere.be\/fr\/lancement-du-fonds-reat-le-ministre-des-affaires-sociales-et-federgon-unissent-leurs-forces-en-faveur-de-laccompagnement-des-malades-de-longue-duree\/#breadcrumb\",\"itemListElement\":[{\"@type\":\"ListItem\",\"position\":1,\"name\":\"Accueil\",\"item\":\"https:\/\/peoplesphere.be\/fr\/\"},{\"@type\":\"ListItem\",\"position\":2,\"name\":\"Lancement du Fonds ReAT: le ministre des Affaires sociales et Federgon unissent leurs forces en faveur de l&rsquo;accompagnement des malades de longue dur\u00e9e.\"}]},{\"@type\":\"WebSite\",\"@id\":\"https:\/\/peoplesphere.be\/fr\/#website\",\"url\":\"https:\/\/peoplesphere.be\/fr\/\",\"name\":\"Peoplesphere\",\"description\":\"The People Managers Magazine\",\"publisher\":{\"@id\":\"https:\/\/peoplesphere.be\/fr\/#organization\"},\"potentialAction\":[{\"@type\":\"SearchAction\",\"target\":{\"@type\":\"EntryPoint\",\"urlTemplate\":\"https:\/\/peoplesphere.be\/fr\/?s={search_term_string}\"},\"query-input\":\"required name=search_term_string\"}],\"inLanguage\":\"fr-FR\"},{\"@type\":\"Organization\",\"@id\":\"https:\/\/peoplesphere.be\/fr\/#organization\",\"name\":\"Peoplesphere Company srl\",\"url\":\"https:\/\/peoplesphere.be\/fr\/\",\"logo\":{\"@type\":\"ImageObject\",\"inLanguage\":\"fr-FR\",\"@id\":\"https:\/\/peoplesphere.be\/fr\/#\/schema\/logo\/image\/\",\"url\":\"https:\/\/peoplesphere.be\/fr\/wp-content\/uploads\/2023\/07\/peoplesphere-lgo-new-generik.jpg\",\"contentUrl\":\"https:\/\/peoplesphere.be\/fr\/wp-content\/uploads\/2023\/07\/peoplesphere-lgo-new-generik.jpg\",\"width\":1031,\"height\":1479,\"caption\":\"Peoplesphere Company srl\"},\"image\":{\"@id\":\"https:\/\/peoplesphere.be\/fr\/#\/schema\/logo\/image\/\"},\"sameAs\":[\"https:\/\/www.facebook.com\/peoplesphere\",\"https:\/\/twitter.com\/PeoplesphereMag\",\"https:\/\/www.linkedin.com\/company\/7587361?trk\",\"http:\/\/youtube.com\/peoplesphere\"]},{\"@type\":\"Person\",\"@id\":\"https:\/\/peoplesphere.be\/fr\/#\/schema\/person\/7976225ff17988604334abb7b3536a7e\",\"name\":\"Jean-Paul Erhard\",\"image\":{\"@type\":\"ImageObject\",\"inLanguage\":\"fr-FR\",\"@id\":\"https:\/\/peoplesphere.be\/fr\/#\/schema\/person\/image\/\",\"url\":\"https:\/\/secure.gravatar.com\/avatar\/f941e681460179738071629a51574930?s=96&d=mm&r=g\",\"contentUrl\":\"https:\/\/secure.gravatar.com\/avatar\/f941e681460179738071629a51574930?s=96&d=mm&r=g\",\"caption\":\"Jean-Paul Erhard\"},\"url\":\"https:\/\/peoplesphere.be\/fr\/author\/jpe\/\"}]}<\/script>\n<!-- \/ Yoast SEO plugin. -->","yoast_head_json":{"title":"Lancement du Fonds ReAT: le ministre des Affaires sociales et Federgon unissent leurs forces en faveur de l'accompagnement des malades de longue dur\u00e9e. - Peoplesphere","robots":{"index":"index","follow":"follow","max-snippet":"max-snippet:-1","max-image-preview":"max-image-preview:large","max-video-preview":"max-video-preview:-1"},"canonical":"https:\/\/peoplesphere.be\/fr\/lancement-du-fonds-reat-le-ministre-des-affaires-sociales-et-federgon-unissent-leurs-forces-en-faveur-de-laccompagnement-des-malades-de-longue-duree\/","og_locale":"fr_FR","og_type":"article","og_title":"Lancement du Fonds ReAT: le ministre des Affaires sociales et Federgon unissent leurs forces en faveur de l'accompagnement des malades de longue dur\u00e9e. - Peoplesphere","og_description":"Donner aux malades de longue dur\u00e9e toutes les chances de se r\u00e9int\u00e9grer professionnellement en b\u00e9n\u00e9ficiant de l&rsquo;accompagnement de prestataires de services priv\u00e9s agr\u00e9\u00e9s. C&rsquo;est l\u2019objectif que poursuivent conjointement Federgon et le ministre des Affaires sociales, Frank Vandenbroucke. Parall\u00e8lement \u00e0 la [&hellip;]","og_url":"https:\/\/peoplesphere.be\/fr\/lancement-du-fonds-reat-le-ministre-des-affaires-sociales-et-federgon-unissent-leurs-forces-en-faveur-de-laccompagnement-des-malades-de-longue-duree\/","og_site_name":"Peoplesphere","article_publisher":"https:\/\/www.facebook.com\/peoplesphere","article_published_time":"2024-03-25T14:16:40+00:00","og_image":[{"width":1200,"height":645,"url":"https:\/\/peoplesphere.be\/fr\/wp-content\/uploads\/2024\/03\/20240325federgonvdb.jpg","type":"image\/jpeg"}],"author":"Jean-Paul Erhard","twitter_card":"summary_large_image","twitter_creator":"@PeoplesphereMag","twitter_site":"@PeoplesphereMag","twitter_misc":{"\u00c9crit par":"Jean-Paul Erhard","Dur\u00e9e de lecture estim\u00e9e":"5 minutes"},"schema":{"@context":"https:\/\/schema.org","@graph":[{"@type":"Article","@id":"https:\/\/peoplesphere.be\/fr\/lancement-du-fonds-reat-le-ministre-des-affaires-sociales-et-federgon-unissent-leurs-forces-en-faveur-de-laccompagnement-des-malades-de-longue-duree\/#article","isPartOf":{"@id":"https:\/\/peoplesphere.be\/fr\/lancement-du-fonds-reat-le-ministre-des-affaires-sociales-et-federgon-unissent-leurs-forces-en-faveur-de-laccompagnement-des-malades-de-longue-duree\/"},"author":{"name":"Jean-Paul Erhard","@id":"https:\/\/peoplesphere.be\/fr\/#\/schema\/person\/7976225ff17988604334abb7b3536a7e"},"headline":"Lancement du Fonds ReAT: le ministre des Affaires sociales et Federgon unissent leurs forces en faveur de l&rsquo;accompagnement des malades de longue dur\u00e9e.","datePublished":"2024-03-25T14:16:40+00:00","dateModified":"2024-03-25T14:16:40+00:00","mainEntityOfPage":{"@id":"https:\/\/peoplesphere.be\/fr\/lancement-du-fonds-reat-le-ministre-des-affaires-sociales-et-federgon-unissent-leurs-forces-en-faveur-de-laccompagnement-des-malades-de-longue-duree\/"},"wordCount":972,"publisher":{"@id":"https:\/\/peoplesphere.be\/fr\/#organization"},"keywords":["accompagnement","federgon","force majeur m\u00e9dicale","Frank Vandenbroucke","incapacit\u00e9","insertion professionnelle","r\u00e9int\u00e9gration","retour au travail"],"articleSection":["Actualit\u00e9s","Digital"],"inLanguage":"fr-FR"},{"@type":"WebPage","@id":"https:\/\/peoplesphere.be\/fr\/lancement-du-fonds-reat-le-ministre-des-affaires-sociales-et-federgon-unissent-leurs-forces-en-faveur-de-laccompagnement-des-malades-de-longue-duree\/","url":"https:\/\/peoplesphere.be\/fr\/lancement-du-fonds-reat-le-ministre-des-affaires-sociales-et-federgon-unissent-leurs-forces-en-faveur-de-laccompagnement-des-malades-de-longue-duree\/","name":"Lancement du Fonds ReAT: le ministre des Affaires sociales et Federgon unissent leurs forces en faveur de l'accompagnement des malades de longue dur\u00e9e. - Peoplesphere","isPartOf":{"@id":"https:\/\/peoplesphere.be\/fr\/#website"},"datePublished":"2024-03-25T14:16:40+00:00","dateModified":"2024-03-25T14:16:40+00:00","breadcrumb":{"@id":"https:\/\/peoplesphere.be\/fr\/lancement-du-fonds-reat-le-ministre-des-affaires-sociales-et-federgon-unissent-leurs-forces-en-faveur-de-laccompagnement-des-malades-de-longue-duree\/#breadcrumb"},"inLanguage":"fr-FR","potentialAction":[{"@type":"ReadAction","target":["https:\/\/peoplesphere.be\/fr\/lancement-du-fonds-reat-le-ministre-des-affaires-sociales-et-federgon-unissent-leurs-forces-en-faveur-de-laccompagnement-des-malades-de-longue-duree\/"]}]},{"@type":"BreadcrumbList","@id":"https:\/\/peoplesphere.be\/fr\/lancement-du-fonds-reat-le-ministre-des-affaires-sociales-et-federgon-unissent-leurs-forces-en-faveur-de-laccompagnement-des-malades-de-longue-duree\/#breadcrumb","itemListElement":[{"@type":"ListItem","position":1,"name":"Accueil","item":"https:\/\/peoplesphere.be\/fr\/"},{"@type":"ListItem","position":2,"name":"Lancement du Fonds ReAT: le ministre des Affaires sociales et Federgon unissent leurs forces en faveur de l&rsquo;accompagnement des malades de longue dur\u00e9e."}]},{"@type":"WebSite","@id":"https:\/\/peoplesphere.be\/fr\/#website","url":"https:\/\/peoplesphere.be\/fr\/","name":"Peoplesphere","description":"The People Managers Magazine","publisher":{"@id":"https:\/\/peoplesphere.be\/fr\/#organization"},"potentialAction":[{"@type":"SearchAction","target":{"@type":"EntryPoint","urlTemplate":"https:\/\/peoplesphere.be\/fr\/?s={search_term_string}"},"query-input":"required name=search_term_string"}],"inLanguage":"fr-FR"},{"@type":"Organization","@id":"https:\/\/peoplesphere.be\/fr\/#organization","name":"Peoplesphere Company srl","url":"https:\/\/peoplesphere.be\/fr\/","logo":{"@type":"ImageObject","inLanguage":"fr-FR","@id":"https:\/\/peoplesphere.be\/fr\/#\/schema\/logo\/image\/","url":"https:\/\/peoplesphere.be\/fr\/wp-content\/uploads\/2023\/07\/peoplesphere-lgo-new-generik.jpg","contentUrl":"https:\/\/peoplesphere.be\/fr\/wp-content\/uploads\/2023\/07\/peoplesphere-lgo-new-generik.jpg","width":1031,"height":1479,"caption":"Peoplesphere Company srl"},"image":{"@id":"https:\/\/peoplesphere.be\/fr\/#\/schema\/logo\/image\/"},"sameAs":["https:\/\/www.facebook.com\/peoplesphere","https:\/\/twitter.com\/PeoplesphereMag","https:\/\/www.linkedin.com\/company\/7587361?trk","http:\/\/youtube.com\/peoplesphere"]},{"@type":"Person","@id":"https:\/\/peoplesphere.be\/fr\/#\/schema\/person\/7976225ff17988604334abb7b3536a7e","name":"Jean-Paul Erhard","image":{"@type":"ImageObject","inLanguage":"fr-FR","@id":"https:\/\/peoplesphere.be\/fr\/#\/schema\/person\/image\/","url":"https:\/\/secure.gravatar.com\/avatar\/f941e681460179738071629a51574930?s=96&d=mm&r=g","contentUrl":"https:\/\/secure.gravatar.com\/avatar\/f941e681460179738071629a51574930?s=96&d=mm&r=g","caption":"Jean-Paul Erhard"},"url":"https:\/\/peoplesphere.be\/fr\/author\/jpe\/"}]}},"_links":{"self":[{"href":"https:\/\/peoplesphere.be\/fr\/wp-json\/wp\/v2\/posts\/15916"}],"collection":[{"href":"https:\/\/peoplesphere.be\/fr\/wp-json\/wp\/v2\/posts"}],"about":[{"href":"https:\/\/peoplesphere.be\/fr\/wp-json\/wp\/v2\/types\/post"}],"author":[{"embeddable":true,"href":"https:\/\/peoplesphere.be\/fr\/wp-json\/wp\/v2\/users\/2"}],"replies":[{"embeddable":true,"href":"https:\/\/peoplesphere.be\/fr\/wp-json\/wp\/v2\/comments?post=15916"}],"version-history":[{"count":1,"href":"https:\/\/peoplesphere.be\/fr\/wp-json\/wp\/v2\/posts\/15916\/revisions"}],"predecessor-version":[{"id":15918,"href":"https:\/\/peoplesphere.be\/fr\/wp-json\/wp\/v2\/posts\/15916\/revisions\/15918"}],"wp:featuredmedia":[{"embeddable":true,"href":"https:\/\/peoplesphere.be\/fr\/wp-json\/wp\/v2\/media\/15917"}],"wp:attachment":[{"href":"https:\/\/peoplesphere.be\/fr\/wp-json\/wp\/v2\/media?parent=15916"}],"wp:term":[{"taxonomy":"category","embeddable":true,"href":"https:\/\/peoplesphere.be\/fr\/wp-json\/wp\/v2\/categories?post=15916"},{"taxonomy":"post_tag","embeddable":true,"href":"https:\/\/peoplesphere.be\/fr\/wp-json\/wp\/v2\/tags?post=15916"}],"curies":[{"name":"wp","href":"https:\/\/api.w.org\/{rel}","templated":true}]}}