









{"id":15927,"date":"2024-03-27T07:31:17","date_gmt":"2024-03-27T05:31:17","guid":{"rendered":"https:\/\/peoplesphere.be\/fr\/?p=15927"},"modified":"2024-03-27T07:31:17","modified_gmt":"2024-03-27T05:31:17","slug":"bilan-de-sante-un-travailleur-sur-quatre-fume-encore-un-chiffre-qui-stagne-apres-plusieurs-annees-de-diminution","status":"publish","type":"post","link":"https:\/\/peoplesphere.be\/fr\/bilan-de-sante-un-travailleur-sur-quatre-fume-encore-un-chiffre-qui-stagne-apres-plusieurs-annees-de-diminution\/","title":{"rendered":"Bilan de sant\u00e9: un travailleur sur quatre fume encore, un chiffre qui stagne apr\u00e8s plusieurs ann\u00e9es de diminution."},"content":{"rendered":"<p>Le dernier rapport de sant\u00e9 d\u2019IDEWE, le service externe pour la pr\u00e9vention et la protection au travail, montre qu\u2019un nombre inqui\u00e9tant (25,4%) de travailleurs en Belgique fument encore. Ce pourcentage atteint 28,3% chez les 35-44 ans. En outre, 58% des travailleurs sont encore en surpoids, 59% font moins de 90 minutes d\u2019exercice physique par semaine et 25% souffrent d\u2019hypertension. Le service de pr\u00e9vention externe plaide naturellement pour un mode de vie plus sain.<!--more--><\/p>\n<p>IDEWE a interrog\u00e9 pas moins de 256.750 travailleurs en Belgique, de diff\u00e9rentes tranches d\u2019\u00e2ge. Le pourcentage le plus \u00e9lev\u00e9 de fumeurs, qui atteint 28,3%, concerne les travailleurs \u00e2g\u00e9s de 35 \u00e0 44 ans. Il est int\u00e9ressant de noter que le nombre de fumeurs diminue avec l\u2019\u00e2ge : 23,2% dans la tranche d\u2019\u00e2ge 45-55 ans et 20,5% chez les plus de 55 ans. En outre, le rapport note que la baisse constante du nombre de travailleurs fumeurs depuis 2011 a stagn\u00e9 cette ann\u00e9e. Il y a \u00e9galement beaucoup plus d\u2019hommes fumeurs (31%) que de femmes (17,8%).<\/p>\n<p><em>\u00ab\u00a0Ces r\u00e9sultats montrent l\u2019urgence de travailler sur le tabagisme au travail\u00a0\u00bb,<\/em> d\u00e9clare Sofie Vandenbroeck, responsable du d\u00e9partement Knowledge, Information &amp; Research chez IDEWE. <em>\u00ab\u00a0Le tabagisme a de vastes cons\u00e9quences, tout d\u2019abord pour le fumeur lui-m\u00eame, comme les risques accrus pour la sant\u00e9, la diminution de la productivit\u00e9 et l\u2019augmentation de l\u2019absent\u00e9isme. En outre, il peut affecter l\u2019environnement de travail : des conflits peuvent survenir \u00e0 ce sujet, par exemple parce que les non-fumeurs ont souvent l\u2019impression que leurs coll\u00e8gues fumeurs prennent plus de pauses.\u00a0\u00bb<\/em><\/p>\n<p>L\u2019Organisation mondiale de la Sant\u00e9 (OMS) met \u00e9galement en garde contre l\u2019impact consid\u00e9rable du tabagisme, le tabagisme actif et passif entra\u00eenant un nombre tr\u00e8s \u00e9lev\u00e9 de d\u00e9c\u00e8s chaque ann\u00e9e (mise \u00e0 jour du 24 mai 2022). Le tabagisme augmente aussi le risque de toutes sortes d\u2019infections des voies respiratoires, de cancers et de maladies cardiovasculaires. Sofie Vandenbroeck explique : <em>\u00ab\u00a0Chez IDEWE, nous pr\u00e9conisons donc des programmes d\u2019arr\u00eat du tabac et de promotion de la sant\u00e9 au travail, tant pour les travailleurs que pour les employeurs. Des actions sur mesure en collaboration avec les travailleurs fumeurs sont essentielles. Soyez \u00e0 l\u2019\u00e9coute de ce qui fonctionne pour chacun et soutenez-les, dans les hauts comme dans les bas, car l\u2019arr\u00eat du tabac est un effort \u00e0 long terme.\u00a0\u00bb<\/em><\/p>\n<h3><strong><em>Vers un environnement de travail plus actif<\/em><\/strong><\/h3>\n<p>Outre le tabagisme, l\u2019inactivit\u00e9 des travailleurs reste pr\u00e9occupante. Pr\u00e8s de 7 sur 10 (69%) font moins de 150 minutes d\u2019exercice physique par semaine, soit la dur\u00e9e recommand\u00e9e par l\u2019OMS, et 59% en font m\u00eame moins de 90 minutes. Les hommes obtiennent des r\u00e9sultats l\u00e9g\u00e8rement meilleurs que les femmes (66% d\u2019entre eux font moins de 150 minutes d\u2019exercice contre 73% chez les femmes). Il est \u00e9galement frappant de constater que 63% des moins de 25 ans n\u2019atteignent pas la norme de l\u2019OMS.<\/p>\n<p>En outre, le m\u00eame pourcentage de travailleurs que dans le rapport pr\u00e9c\u00e9dent souffre toujours de surpoids (58%) et d\u2019hypertension (24,6%). \u00ab\u00a0<em>Nous ne bougeons tout simplement pas assez et ne mangeons pas sainement : am\u00e9liorer cela aurait des effets positifs non seulement sur la sant\u00e9 des travailleurs concern\u00e9s, mais aussi sur la productivit\u00e9, l\u2019\u00e9tat d\u2019esprit, l\u2019absent\u00e9isme et l\u2019ambiance de travail. En tant qu\u2019employeur, vous pouvez encourager un environnement de travail plus actif en organisant, par exemple, des r\u00e9unions-promenades, des promenades pendant la pause de midi, et en fixant des objectifs communs comme celui de faire un maximum de pas.\u00a0\u00bb<\/em><\/p>\n<p>&nbsp;<\/p>\n<p><em>Source: IDEWE &#8211; Enqu\u00eate men\u00e9e aupr\u00e8s de 256 750 travailleurs en Belgique<\/em><\/p>\n","protected":false},"excerpt":{"rendered":"<p>Le dernier rapport de sant\u00e9 d\u2019IDEWE, le service externe pour la pr\u00e9vention et la protection au travail, montre qu\u2019un nombre inqui\u00e9tant (25,4%) de travailleurs en Belgique fument encore. Ce pourcentage atteint 28,3% chez les 35-44 ans. En outre, 58% des [&hellip;]<\/p>\n","protected":false},"author":2,"featured_media":15928,"comment_status":"closed","ping_status":"open","sticky":false,"template":"","format":"standard","meta":[],"categories":[65,10],"tags":[96,165,1701,17,1138],"yoast_head":"<!-- This site is optimized with the Yoast SEO plugin v21.0 - https:\/\/yoast.com\/wordpress\/plugins\/seo\/ -->\n<title>Bilan de sant\u00e9: un travailleur sur quatre fume encore, un chiffre qui stagne apr\u00e8s plusieurs ann\u00e9es de diminution. - Peoplesphere<\/title>\n<meta name=\"robots\" content=\"index, follow, max-snippet:-1, max-image-preview:large, max-video-preview:-1\" \/>\n<link rel=\"canonical\" href=\"https:\/\/peoplesphere.be\/fr\/bilan-de-sante-un-travailleur-sur-quatre-fume-encore-un-chiffre-qui-stagne-apres-plusieurs-annees-de-diminution\/\" \/>\n<meta property=\"og:locale\" content=\"fr_FR\" \/>\n<meta property=\"og:type\" content=\"article\" \/>\n<meta property=\"og:title\" content=\"Bilan de sant\u00e9: un travailleur sur quatre fume encore, un chiffre qui stagne apr\u00e8s plusieurs ann\u00e9es de diminution. - Peoplesphere\" \/>\n<meta property=\"og:description\" content=\"Le dernier rapport de sant\u00e9 d\u2019IDEWE, le service externe pour la pr\u00e9vention et la protection au travail, montre qu\u2019un nombre inqui\u00e9tant (25,4%) de travailleurs en Belgique fument encore. Ce pourcentage atteint 28,3% chez les 35-44 ans. En outre, 58% des [&hellip;]\" \/>\n<meta property=\"og:url\" content=\"https:\/\/peoplesphere.be\/fr\/bilan-de-sante-un-travailleur-sur-quatre-fume-encore-un-chiffre-qui-stagne-apres-plusieurs-annees-de-diminution\/\" \/>\n<meta property=\"og:site_name\" content=\"Peoplesphere\" \/>\n<meta property=\"article:publisher\" content=\"https:\/\/www.facebook.com\/peoplesphere\" \/>\n<meta property=\"article:published_time\" content=\"2024-03-27T05:31:17+00:00\" \/>\n<meta property=\"og:image\" content=\"https:\/\/peoplesphere.be\/fr\/wp-content\/uploads\/2024\/03\/20240327smokingidewe.jpg\" \/>\n\t<meta property=\"og:image:width\" content=\"1920\" \/>\n\t<meta property=\"og:image:height\" content=\"1274\" \/>\n\t<meta property=\"og:image:type\" content=\"image\/jpeg\" \/>\n<meta name=\"author\" content=\"Jean-Paul Erhard\" \/>\n<meta name=\"twitter:card\" content=\"summary_large_image\" \/>\n<meta name=\"twitter:creator\" content=\"@PeoplesphereMag\" \/>\n<meta name=\"twitter:site\" content=\"@PeoplesphereMag\" \/>\n<meta name=\"twitter:label1\" content=\"\u00c9crit par\" \/>\n\t<meta name=\"twitter:data1\" content=\"Jean-Paul Erhard\" \/>\n\t<meta name=\"twitter:label2\" content=\"Dur\u00e9e de lecture estim\u00e9e\" \/>\n\t<meta name=\"twitter:data2\" content=\"3 minutes\" \/>\n<script type=\"application\/ld+json\" class=\"yoast-schema-graph\">{\"@context\":\"https:\/\/schema.org\",\"@graph\":[{\"@type\":\"Article\",\"@id\":\"https:\/\/peoplesphere.be\/fr\/bilan-de-sante-un-travailleur-sur-quatre-fume-encore-un-chiffre-qui-stagne-apres-plusieurs-annees-de-diminution\/#article\",\"isPartOf\":{\"@id\":\"https:\/\/peoplesphere.be\/fr\/bilan-de-sante-un-travailleur-sur-quatre-fume-encore-un-chiffre-qui-stagne-apres-plusieurs-annees-de-diminution\/\"},\"author\":{\"name\":\"Jean-Paul Erhard\",\"@id\":\"https:\/\/peoplesphere.be\/fr\/#\/schema\/person\/7976225ff17988604334abb7b3536a7e\"},\"headline\":\"Bilan de sant\u00e9: un travailleur sur quatre fume encore, un chiffre qui stagne apr\u00e8s plusieurs ann\u00e9es de diminution.\",\"datePublished\":\"2024-03-27T05:31:17+00:00\",\"dateModified\":\"2024-03-27T05:31:17+00:00\",\"mainEntityOfPage\":{\"@id\":\"https:\/\/peoplesphere.be\/fr\/bilan-de-sante-un-travailleur-sur-quatre-fume-encore-un-chiffre-qui-stagne-apres-plusieurs-annees-de-diminution\/\"},\"wordCount\":628,\"publisher\":{\"@id\":\"https:\/\/peoplesphere.be\/fr\/#organization\"},\"keywords\":[\"bien-\u00eatre\",\"environnement de travail\",\"exercice physique\",\"Sant\u00e9\",\"tabagisme\"],\"articleSection\":[\"Actualit\u00e9s\",\"Digital\"],\"inLanguage\":\"fr-FR\"},{\"@type\":\"WebPage\",\"@id\":\"https:\/\/peoplesphere.be\/fr\/bilan-de-sante-un-travailleur-sur-quatre-fume-encore-un-chiffre-qui-stagne-apres-plusieurs-annees-de-diminution\/\",\"url\":\"https:\/\/peoplesphere.be\/fr\/bilan-de-sante-un-travailleur-sur-quatre-fume-encore-un-chiffre-qui-stagne-apres-plusieurs-annees-de-diminution\/\",\"name\":\"Bilan de sant\u00e9: un travailleur sur quatre fume encore, un chiffre qui stagne apr\u00e8s plusieurs ann\u00e9es de diminution. - Peoplesphere\",\"isPartOf\":{\"@id\":\"https:\/\/peoplesphere.be\/fr\/#website\"},\"datePublished\":\"2024-03-27T05:31:17+00:00\",\"dateModified\":\"2024-03-27T05:31:17+00:00\",\"breadcrumb\":{\"@id\":\"https:\/\/peoplesphere.be\/fr\/bilan-de-sante-un-travailleur-sur-quatre-fume-encore-un-chiffre-qui-stagne-apres-plusieurs-annees-de-diminution\/#breadcrumb\"},\"inLanguage\":\"fr-FR\",\"potentialAction\":[{\"@type\":\"ReadAction\",\"target\":[\"https:\/\/peoplesphere.be\/fr\/bilan-de-sante-un-travailleur-sur-quatre-fume-encore-un-chiffre-qui-stagne-apres-plusieurs-annees-de-diminution\/\"]}]},{\"@type\":\"BreadcrumbList\",\"@id\":\"https:\/\/peoplesphere.be\/fr\/bilan-de-sante-un-travailleur-sur-quatre-fume-encore-un-chiffre-qui-stagne-apres-plusieurs-annees-de-diminution\/#breadcrumb\",\"itemListElement\":[{\"@type\":\"ListItem\",\"position\":1,\"name\":\"Accueil\",\"item\":\"https:\/\/peoplesphere.be\/fr\/\"},{\"@type\":\"ListItem\",\"position\":2,\"name\":\"Bilan de sant\u00e9: un travailleur sur quatre fume encore, un chiffre qui stagne apr\u00e8s plusieurs ann\u00e9es de diminution.\"}]},{\"@type\":\"WebSite\",\"@id\":\"https:\/\/peoplesphere.be\/fr\/#website\",\"url\":\"https:\/\/peoplesphere.be\/fr\/\",\"name\":\"Peoplesphere\",\"description\":\"The People Managers Magazine\",\"publisher\":{\"@id\":\"https:\/\/peoplesphere.be\/fr\/#organization\"},\"potentialAction\":[{\"@type\":\"SearchAction\",\"target\":{\"@type\":\"EntryPoint\",\"urlTemplate\":\"https:\/\/peoplesphere.be\/fr\/?s={search_term_string}\"},\"query-input\":\"required name=search_term_string\"}],\"inLanguage\":\"fr-FR\"},{\"@type\":\"Organization\",\"@id\":\"https:\/\/peoplesphere.be\/fr\/#organization\",\"name\":\"Peoplesphere Company srl\",\"url\":\"https:\/\/peoplesphere.be\/fr\/\",\"logo\":{\"@type\":\"ImageObject\",\"inLanguage\":\"fr-FR\",\"@id\":\"https:\/\/peoplesphere.be\/fr\/#\/schema\/logo\/image\/\",\"url\":\"https:\/\/peoplesphere.be\/fr\/wp-content\/uploads\/2023\/07\/peoplesphere-lgo-new-generik.jpg\",\"contentUrl\":\"https:\/\/peoplesphere.be\/fr\/wp-content\/uploads\/2023\/07\/peoplesphere-lgo-new-generik.jpg\",\"width\":1031,\"height\":1479,\"caption\":\"Peoplesphere Company srl\"},\"image\":{\"@id\":\"https:\/\/peoplesphere.be\/fr\/#\/schema\/logo\/image\/\"},\"sameAs\":[\"https:\/\/www.facebook.com\/peoplesphere\",\"https:\/\/twitter.com\/PeoplesphereMag\",\"https:\/\/www.linkedin.com\/company\/7587361?trk\",\"http:\/\/youtube.com\/peoplesphere\"]},{\"@type\":\"Person\",\"@id\":\"https:\/\/peoplesphere.be\/fr\/#\/schema\/person\/7976225ff17988604334abb7b3536a7e\",\"name\":\"Jean-Paul Erhard\",\"image\":{\"@type\":\"ImageObject\",\"inLanguage\":\"fr-FR\",\"@id\":\"https:\/\/peoplesphere.be\/fr\/#\/schema\/person\/image\/\",\"url\":\"https:\/\/secure.gravatar.com\/avatar\/f941e681460179738071629a51574930?s=96&d=mm&r=g\",\"contentUrl\":\"https:\/\/secure.gravatar.com\/avatar\/f941e681460179738071629a51574930?s=96&d=mm&r=g\",\"caption\":\"Jean-Paul Erhard\"},\"url\":\"https:\/\/peoplesphere.be\/fr\/author\/jpe\/\"}]}<\/script>\n<!-- \/ Yoast SEO plugin. -->","yoast_head_json":{"title":"Bilan de sant\u00e9: un travailleur sur quatre fume encore, un chiffre qui stagne apr\u00e8s plusieurs ann\u00e9es de diminution. - Peoplesphere","robots":{"index":"index","follow":"follow","max-snippet":"max-snippet:-1","max-image-preview":"max-image-preview:large","max-video-preview":"max-video-preview:-1"},"canonical":"https:\/\/peoplesphere.be\/fr\/bilan-de-sante-un-travailleur-sur-quatre-fume-encore-un-chiffre-qui-stagne-apres-plusieurs-annees-de-diminution\/","og_locale":"fr_FR","og_type":"article","og_title":"Bilan de sant\u00e9: un travailleur sur quatre fume encore, un chiffre qui stagne apr\u00e8s plusieurs ann\u00e9es de diminution. - Peoplesphere","og_description":"Le dernier rapport de sant\u00e9 d\u2019IDEWE, le service externe pour la pr\u00e9vention et la protection au travail, montre qu\u2019un nombre inqui\u00e9tant (25,4%) de travailleurs en Belgique fument encore. Ce pourcentage atteint 28,3% chez les 35-44 ans. En outre, 58% des [&hellip;]","og_url":"https:\/\/peoplesphere.be\/fr\/bilan-de-sante-un-travailleur-sur-quatre-fume-encore-un-chiffre-qui-stagne-apres-plusieurs-annees-de-diminution\/","og_site_name":"Peoplesphere","article_publisher":"https:\/\/www.facebook.com\/peoplesphere","article_published_time":"2024-03-27T05:31:17+00:00","og_image":[{"width":1920,"height":1274,"url":"https:\/\/peoplesphere.be\/fr\/wp-content\/uploads\/2024\/03\/20240327smokingidewe.jpg","type":"image\/jpeg"}],"author":"Jean-Paul Erhard","twitter_card":"summary_large_image","twitter_creator":"@PeoplesphereMag","twitter_site":"@PeoplesphereMag","twitter_misc":{"\u00c9crit par":"Jean-Paul Erhard","Dur\u00e9e de lecture estim\u00e9e":"3 minutes"},"schema":{"@context":"https:\/\/schema.org","@graph":[{"@type":"Article","@id":"https:\/\/peoplesphere.be\/fr\/bilan-de-sante-un-travailleur-sur-quatre-fume-encore-un-chiffre-qui-stagne-apres-plusieurs-annees-de-diminution\/#article","isPartOf":{"@id":"https:\/\/peoplesphere.be\/fr\/bilan-de-sante-un-travailleur-sur-quatre-fume-encore-un-chiffre-qui-stagne-apres-plusieurs-annees-de-diminution\/"},"author":{"name":"Jean-Paul Erhard","@id":"https:\/\/peoplesphere.be\/fr\/#\/schema\/person\/7976225ff17988604334abb7b3536a7e"},"headline":"Bilan de sant\u00e9: un travailleur sur quatre fume encore, un chiffre qui stagne apr\u00e8s plusieurs ann\u00e9es de diminution.","datePublished":"2024-03-27T05:31:17+00:00","dateModified":"2024-03-27T05:31:17+00:00","mainEntityOfPage":{"@id":"https:\/\/peoplesphere.be\/fr\/bilan-de-sante-un-travailleur-sur-quatre-fume-encore-un-chiffre-qui-stagne-apres-plusieurs-annees-de-diminution\/"},"wordCount":628,"publisher":{"@id":"https:\/\/peoplesphere.be\/fr\/#organization"},"keywords":["bien-\u00eatre","environnement de travail","exercice physique","Sant\u00e9","tabagisme"],"articleSection":["Actualit\u00e9s","Digital"],"inLanguage":"fr-FR"},{"@type":"WebPage","@id":"https:\/\/peoplesphere.be\/fr\/bilan-de-sante-un-travailleur-sur-quatre-fume-encore-un-chiffre-qui-stagne-apres-plusieurs-annees-de-diminution\/","url":"https:\/\/peoplesphere.be\/fr\/bilan-de-sante-un-travailleur-sur-quatre-fume-encore-un-chiffre-qui-stagne-apres-plusieurs-annees-de-diminution\/","name":"Bilan de sant\u00e9: un travailleur sur quatre fume encore, un chiffre qui stagne apr\u00e8s plusieurs ann\u00e9es de diminution. - Peoplesphere","isPartOf":{"@id":"https:\/\/peoplesphere.be\/fr\/#website"},"datePublished":"2024-03-27T05:31:17+00:00","dateModified":"2024-03-27T05:31:17+00:00","breadcrumb":{"@id":"https:\/\/peoplesphere.be\/fr\/bilan-de-sante-un-travailleur-sur-quatre-fume-encore-un-chiffre-qui-stagne-apres-plusieurs-annees-de-diminution\/#breadcrumb"},"inLanguage":"fr-FR","potentialAction":[{"@type":"ReadAction","target":["https:\/\/peoplesphere.be\/fr\/bilan-de-sante-un-travailleur-sur-quatre-fume-encore-un-chiffre-qui-stagne-apres-plusieurs-annees-de-diminution\/"]}]},{"@type":"BreadcrumbList","@id":"https:\/\/peoplesphere.be\/fr\/bilan-de-sante-un-travailleur-sur-quatre-fume-encore-un-chiffre-qui-stagne-apres-plusieurs-annees-de-diminution\/#breadcrumb","itemListElement":[{"@type":"ListItem","position":1,"name":"Accueil","item":"https:\/\/peoplesphere.be\/fr\/"},{"@type":"ListItem","position":2,"name":"Bilan de sant\u00e9: un travailleur sur quatre fume encore, un chiffre qui stagne apr\u00e8s plusieurs ann\u00e9es de diminution."}]},{"@type":"WebSite","@id":"https:\/\/peoplesphere.be\/fr\/#website","url":"https:\/\/peoplesphere.be\/fr\/","name":"Peoplesphere","description":"The People Managers Magazine","publisher":{"@id":"https:\/\/peoplesphere.be\/fr\/#organization"},"potentialAction":[{"@type":"SearchAction","target":{"@type":"EntryPoint","urlTemplate":"https:\/\/peoplesphere.be\/fr\/?s={search_term_string}"},"query-input":"required name=search_term_string"}],"inLanguage":"fr-FR"},{"@type":"Organization","@id":"https:\/\/peoplesphere.be\/fr\/#organization","name":"Peoplesphere Company srl","url":"https:\/\/peoplesphere.be\/fr\/","logo":{"@type":"ImageObject","inLanguage":"fr-FR","@id":"https:\/\/peoplesphere.be\/fr\/#\/schema\/logo\/image\/","url":"https:\/\/peoplesphere.be\/fr\/wp-content\/uploads\/2023\/07\/peoplesphere-lgo-new-generik.jpg","contentUrl":"https:\/\/peoplesphere.be\/fr\/wp-content\/uploads\/2023\/07\/peoplesphere-lgo-new-generik.jpg","width":1031,"height":1479,"caption":"Peoplesphere Company srl"},"image":{"@id":"https:\/\/peoplesphere.be\/fr\/#\/schema\/logo\/image\/"},"sameAs":["https:\/\/www.facebook.com\/peoplesphere","https:\/\/twitter.com\/PeoplesphereMag","https:\/\/www.linkedin.com\/company\/7587361?trk","http:\/\/youtube.com\/peoplesphere"]},{"@type":"Person","@id":"https:\/\/peoplesphere.be\/fr\/#\/schema\/person\/7976225ff17988604334abb7b3536a7e","name":"Jean-Paul Erhard","image":{"@type":"ImageObject","inLanguage":"fr-FR","@id":"https:\/\/peoplesphere.be\/fr\/#\/schema\/person\/image\/","url":"https:\/\/secure.gravatar.com\/avatar\/f941e681460179738071629a51574930?s=96&d=mm&r=g","contentUrl":"https:\/\/secure.gravatar.com\/avatar\/f941e681460179738071629a51574930?s=96&d=mm&r=g","caption":"Jean-Paul Erhard"},"url":"https:\/\/peoplesphere.be\/fr\/author\/jpe\/"}]}},"_links":{"self":[{"href":"https:\/\/peoplesphere.be\/fr\/wp-json\/wp\/v2\/posts\/15927"}],"collection":[{"href":"https:\/\/peoplesphere.be\/fr\/wp-json\/wp\/v2\/posts"}],"about":[{"href":"https:\/\/peoplesphere.be\/fr\/wp-json\/wp\/v2\/types\/post"}],"author":[{"embeddable":true,"href":"https:\/\/peoplesphere.be\/fr\/wp-json\/wp\/v2\/users\/2"}],"replies":[{"embeddable":true,"href":"https:\/\/peoplesphere.be\/fr\/wp-json\/wp\/v2\/comments?post=15927"}],"version-history":[{"count":1,"href":"https:\/\/peoplesphere.be\/fr\/wp-json\/wp\/v2\/posts\/15927\/revisions"}],"predecessor-version":[{"id":15929,"href":"https:\/\/peoplesphere.be\/fr\/wp-json\/wp\/v2\/posts\/15927\/revisions\/15929"}],"wp:featuredmedia":[{"embeddable":true,"href":"https:\/\/peoplesphere.be\/fr\/wp-json\/wp\/v2\/media\/15928"}],"wp:attachment":[{"href":"https:\/\/peoplesphere.be\/fr\/wp-json\/wp\/v2\/media?parent=15927"}],"wp:term":[{"taxonomy":"category","embeddable":true,"href":"https:\/\/peoplesphere.be\/fr\/wp-json\/wp\/v2\/categories?post=15927"},{"taxonomy":"post_tag","embeddable":true,"href":"https:\/\/peoplesphere.be\/fr\/wp-json\/wp\/v2\/tags?post=15927"}],"curies":[{"name":"wp","href":"https:\/\/api.w.org\/{rel}","templated":true}]}}