









{"id":15931,"date":"2024-03-27T10:38:57","date_gmt":"2024-03-27T08:38:57","guid":{"rendered":"https:\/\/peoplesphere.be\/fr\/?p=15931"},"modified":"2024-03-27T10:38:57","modified_gmt":"2024-03-27T08:38:57","slug":"rendez-vous-le-25-04-a-charleroi-workshop-rh-limpossible-defi-rh-dans-lentreprise-familiale","status":"publish","type":"post","link":"https:\/\/peoplesphere.be\/fr\/rendez-vous-le-25-04-a-charleroi-workshop-rh-limpossible-defi-rh-dans-lentreprise-familiale\/","title":{"rendered":"Rendez-vous le 25\/04 \u00e0 Charleroi &#8211;  Workshop RH &#8211; L\u2019impossible d\u00e9fi RH dans l\u2019entreprise familiale?"},"content":{"rendered":"<p>Rendez-vous le 25 avril prochain, en matin\u00e9e, \u00e0 Charleroi pour une session d\u2019\u00e9change entre dirigeants et responsables RH. Partage d\u2019exp\u00e9riences et enseignements \u00e0 mettre en pratique autour du mod\u00e8le de l&rsquo;entreprise familiale et du d\u00e9fi (des d\u00e9fis) RH qui lui est sp\u00e9cifique. Nous essayerons ensemble de d\u00e9finir si l\u2019entreprise familiale est un mod\u00e8le de r\u00e9f\u00e9rence pour l\u2019avenir&#8230;<!--more--><\/p>\n<p>Quelle est la r\u00e9alit\u00e9 quotidienne d\u2019une organisation pilot\u00e9e par ses fondateurs, ses h\u00e9ritiers et leurs valeurs! Incarne-t-elle le retour du \u2018paternalisme\u2019? S\u2019agit-il d\u2019une solution \u00e9vidente pour garantir une relation de proximit\u00e9 avec l\u2019actionnaire ?<\/p>\n<h3><strong><em>3 th\u00e8mes \u00e0 l&rsquo;agenda<\/em><\/strong><\/h3>\n<ul>\n<li>Th\u00e8me 1 &#8211; Transmission \u00e0 la g\u00e9n\u00e9ration suivante : r\u00e9ussir ou renoncer<\/li>\n<li>Th\u00e8me 2 &#8211; Attraction et r\u00e9tention des talents gr\u00e2ce aux valeurs familiales (hyper modernes!)<\/li>\n<li>Th\u00e8me 3 &#8211; Prise de d\u00e9cision: un mod\u00e8le toujours centralis\u00e9 et \u2018rassurant\u2019?<\/li>\n<\/ul>\n<p>Au quotidien dans l&rsquo;entreprise familiale, il faut composer avec la proximit\u00e9 historique avec le fondateur et ses h\u00e9ritiers. \u00catre capable de prendre en compte des dossiers personnels vraiment tr\u00e8s\u2026 personnels. Accepter que la direction g\u00e9n\u00e9rale prenne des d\u00e9cisions unilat\u00e9rales parfois contradictoires. R\u00e9ussir \u00e0 structurer des processus RH classiques g\u00e9r\u00e9s de mani\u00e8re artisanale\u2026 L\u2019inventaire est loin d\u2019\u00eatre termin\u00e9 et le chantier est toujours compliqu\u00e9.<\/p>\n<p>Mais il y a aussi de bons c\u00f4t\u00e9s! Dans la proximit\u00e9, le relationnel et le bon sens commun, nous trouvons un environnement au sein duquel les valeurs restent fortes \u00e0 condition de pr\u00e9server l\u2019ADN familial qui a donn\u00e9 naissance au projet entrepreneurial.<\/p>\n<p>Nous allons dresser ensemble l\u2019inventaire des bonnes pratiques \u00e0 retenir et des \u00e9cueils \u00e0 franchir pour que l\u2019entreprise familiale puisse \u00eatre \u00e0 l\u2019avenir un mod\u00e8le inspirant pour les organisations qui peinent \u00e0 obtenir l\u2019adh\u00e9sion et l\u2019engagement de leurs collaborateurs. Participez aux t\u00e9moignages et \u00e9changes en vous inscrivant sans tarder via notre plateforme web.<\/p>\n<h3><strong><em>Infos pratiques &amp; participation aux frais<\/em><\/strong><\/h3>\n<p>Lieu : le D\u00f4me \u00e0 Charleroi (30 min de Bruxelles, Namur, Mons &#8211; 45 min de Li\u00e8ge). Parking gratuit<br \/>\n<a href=\"https:\/\/www.dome-events.be\/les-acces-au-dome\">https:\/\/www.dome-events.be\/les-acces-au-dome<\/a><\/p>\n<p>D\u00e9but de la session \u00e0 9h30 (accueil \u00e0 partir de 9h).<br \/>\nT\u00e9moignages et partages d\u2019exp\u00e9rience de 9h30 \u00e0 10h45<br \/>\nForum avec l\u2019ensemble des participants de 11h00 \u00e0 12h15<br \/>\nLunch et networking de 12h15 \u00e0 13h30<\/p>\n<p>Inscription CEO et Resp. RH en entreprise : 120 euros htva<br \/>\nInscription Prestataire de services RH (nombre limit\u00e9) : 250 euros htva<\/p>\n<p>Les frais d\u2019inscription sont d\u00fbs et \u00e9quivalents au montant de l\u2019inscription en cas d\u2019annulation moins de 72h avant la session ainsi qu\u2019en cas de no-show.<\/p>\n<h3><strong><em>Pour vous inscrire :<\/em> <\/strong><\/h3>\n\n<div class=\"wpcf7 no-js\" id=\"wpcf7-f15930-o1\" lang=\"fr-FR\" dir=\"ltr\">\n<div class=\"screen-reader-response\"><p role=\"status\" aria-live=\"polite\" aria-atomic=\"true\"><\/p> <ul><\/ul><\/div>\n<form action=\"\/fr\/wp-json\/wp\/v2\/posts\/15931#wpcf7-f15930-o1\" method=\"post\" class=\"wpcf7-form init\" aria-label=\"Formulaire de contact\" novalidate=\"novalidate\" data-status=\"init\">\n<div style=\"display: none;\">\n<input type=\"hidden\" name=\"_wpcf7\" value=\"15930\" \/>\n<input type=\"hidden\" name=\"_wpcf7_version\" value=\"5.7.7\" \/>\n<input type=\"hidden\" name=\"_wpcf7_locale\" value=\"fr_FR\" \/>\n<input type=\"hidden\" name=\"_wpcf7_unit_tag\" value=\"wpcf7-f15930-o1\" \/>\n<input type=\"hidden\" name=\"_wpcf7_container_post\" value=\"0\" \/>\n<input type=\"hidden\" name=\"_wpcf7_posted_data_hash\" value=\"\" \/>\n<\/div>\n<p><span class=\"wpcf7-form-control-wrap\" data-name=\"checkbox-612\"><span class=\"wpcf7-form-control wpcf7-checkbox\"><span class=\"wpcf7-list-item first last\"><input type=\"checkbox\" name=\"checkbox-612[]\" value=\"Participation au s\u00e9minaire - Responsable RH et dirigeant op\u00e9rationnel entreprise familiale - 120\u20ac\" \/><span class=\"wpcf7-list-item-label\">Participation au s\u00e9minaire - Responsable RH et dirigeant op\u00e9rationnel entreprise familiale - 120\u20ac<\/span><\/span><\/span><\/span><br \/>\n<span class=\"wpcf7-form-control-wrap\" data-name=\"checkbox-612\"><span class=\"wpcf7-form-control wpcf7-checkbox\"><span class=\"wpcf7-list-item first last\"><input type=\"checkbox\" name=\"checkbox-612[]\" value=\"Participation au s\u00e9minaire - Prestataire Services RH - 250\u20ac\" \/><span class=\"wpcf7-list-item-label\">Participation au s\u00e9minaire - Prestataire Services RH - 250\u20ac<\/span><\/span><\/span><\/span>\n<\/p>\n<p><label> Nom<br \/>\n<span class=\"wpcf7-form-control-wrap\" data-name=\"your-name\"><input size=\"40\" class=\"wpcf7-form-control wpcf7-text wpcf7-validates-as-required\" aria-required=\"true\" aria-invalid=\"false\" value=\"\" type=\"text\" name=\"your-name\" \/><\/span> <\/label>\n<\/p>\n<p><label> Pr\u00e9nom<br \/>\n<span class=\"wpcf7-form-control-wrap\" data-name=\"your-firstname\"><input size=\"40\" class=\"wpcf7-form-control wpcf7-text wpcf7-validates-as-required\" aria-required=\"true\" aria-invalid=\"false\" value=\"\" type=\"text\" name=\"your-firstname\" \/><\/span> <\/label>\n<\/p>\n<p><label> Fonction<br \/>\n<span class=\"wpcf7-form-control-wrap\" data-name=\"your-function\"><input size=\"40\" class=\"wpcf7-form-control wpcf7-text\" aria-invalid=\"false\" value=\"\" type=\"text\" name=\"your-function\" \/><\/span> <\/label>\n<\/p>\n<p><label> Soci\u00e9t\u00e9<br \/>\n<span class=\"wpcf7-form-control-wrap\" data-name=\"your-company\"><input size=\"40\" class=\"wpcf7-form-control wpcf7-text wpcf7-validates-as-required\" aria-required=\"true\" aria-invalid=\"false\" value=\"\" type=\"text\" name=\"your-company\" \/><\/span> <\/label>\n<\/p>\n<p><label> Adresse<br \/>\n<span class=\"wpcf7-form-control-wrap\" data-name=\"your-adress\"><input size=\"40\" class=\"wpcf7-form-control wpcf7-text\" aria-invalid=\"false\" value=\"\" type=\"text\" name=\"your-adress\" \/><\/span> <\/label>\n<\/p>\n<p><label> Code postal<br \/>\n<span class=\"wpcf7-form-control-wrap\" data-name=\"your-code\"><input size=\"40\" class=\"wpcf7-form-control wpcf7-text\" aria-invalid=\"false\" value=\"\" type=\"text\" name=\"your-code\" \/><\/span> <\/label>\n<\/p>\n<p><label> Ville<br \/>\n<span class=\"wpcf7-form-control-wrap\" data-name=\"your-town\"><input size=\"40\" class=\"wpcf7-form-control wpcf7-text\" aria-invalid=\"false\" value=\"\" type=\"text\" name=\"your-town\" \/><\/span> <\/label>\n<\/p>\n<p><label> Num\u00e9ro TVA<br \/>\n<span class=\"wpcf7-form-control-wrap\" data-name=\"your-vatnumber\"><input size=\"40\" class=\"wpcf7-form-control wpcf7-text wpcf7-validates-as-required\" aria-required=\"true\" aria-invalid=\"false\" value=\"\" type=\"text\" name=\"your-vatnumber\" \/><\/span> <\/label>\n<\/p>\n<p><label> T\u00e9l\u00e9phone<br \/>\n<span class=\"wpcf7-form-control-wrap\" data-name=\"your-phone\"><input size=\"40\" class=\"wpcf7-form-control wpcf7-text\" aria-invalid=\"false\" value=\"\" type=\"text\" name=\"your-phone\" \/><\/span> <\/label>\n<\/p>\n<p><label> E-mail<br \/>\n<span class=\"wpcf7-form-control-wrap\" data-name=\"your-email\"><input size=\"40\" class=\"wpcf7-form-control wpcf7-text wpcf7-email wpcf7-validates-as-required wpcf7-validates-as-email\" aria-required=\"true\" aria-invalid=\"false\" value=\"\" type=\"email\" name=\"your-email\" \/><\/span> <\/label>\n<\/p>\n<p><input class=\"wpcf7-form-control has-spinner wpcf7-submit\" type=\"submit\" value=\"Envoyer\" \/>\n<\/p><p style=\"display: none !important;\"><label>&#916;<textarea name=\"_wpcf7_ak_hp_textarea\" cols=\"45\" rows=\"8\" maxlength=\"100\"><\/textarea><\/label><input type=\"hidden\" id=\"ak_js_1\" name=\"_wpcf7_ak_js\" value=\"149\"\/><script>document.getElementById( \"ak_js_1\" ).setAttribute( \"value\", ( new Date() ).getTime() );<\/script><\/p><div class=\"wpcf7-response-output\" aria-hidden=\"true\"><\/div>\n<\/form>\n<\/div>\n\n","protected":false},"excerpt":{"rendered":"<p>Rendez-vous le 25 avril prochain, en matin\u00e9e, \u00e0 Charleroi pour une session d\u2019\u00e9change entre dirigeants et responsables RH. Partage d\u2019exp\u00e9riences et enseignements \u00e0 mettre en pratique autour du mod\u00e8le de l&rsquo;entreprise familiale et du d\u00e9fi (des d\u00e9fis) RH qui lui [&hellip;]<\/p>\n","protected":false},"author":2,"featured_media":15936,"comment_status":"closed","ping_status":"open","sticky":false,"template":"","format":"standard","meta":[],"categories":[65,67,10,8],"tags":[626,1936,2826,299,4014,383],"yoast_head":"<!-- This site is optimized with the Yoast SEO plugin v21.0 - https:\/\/yoast.com\/wordpress\/plugins\/seo\/ -->\n<title>Rendez-vous le 25\/04 \u00e0 Charleroi - Workshop RH - L\u2019impossible d\u00e9fi RH dans l\u2019entreprise familiale? - Peoplesphere<\/title>\n<meta name=\"robots\" content=\"index, follow, max-snippet:-1, max-image-preview:large, max-video-preview:-1\" \/>\n<link rel=\"canonical\" href=\"https:\/\/peoplesphere.be\/fr\/rendez-vous-le-25-04-a-charleroi-workshop-rh-limpossible-defi-rh-dans-lentreprise-familiale\/\" \/>\n<meta property=\"og:locale\" content=\"fr_FR\" \/>\n<meta property=\"og:type\" content=\"article\" \/>\n<meta property=\"og:title\" content=\"Rendez-vous le 25\/04 \u00e0 Charleroi - Workshop RH - L\u2019impossible d\u00e9fi RH dans l\u2019entreprise familiale? - Peoplesphere\" \/>\n<meta property=\"og:description\" content=\"Rendez-vous le 25 avril prochain, en matin\u00e9e, \u00e0 Charleroi pour une session d\u2019\u00e9change entre dirigeants et responsables RH. Partage d\u2019exp\u00e9riences et enseignements \u00e0 mettre en pratique autour du mod\u00e8le de l&rsquo;entreprise familiale et du d\u00e9fi (des d\u00e9fis) RH qui lui [&hellip;]\" \/>\n<meta property=\"og:url\" content=\"https:\/\/peoplesphere.be\/fr\/rendez-vous-le-25-04-a-charleroi-workshop-rh-limpossible-defi-rh-dans-lentreprise-familiale\/\" \/>\n<meta property=\"og:site_name\" content=\"Peoplesphere\" \/>\n<meta property=\"article:publisher\" content=\"https:\/\/www.facebook.com\/peoplesphere\" \/>\n<meta property=\"article:published_time\" content=\"2024-03-27T08:38:57+00:00\" \/>\n<meta property=\"og:image\" content=\"https:\/\/peoplesphere.be\/fr\/wp-content\/uploads\/2024\/03\/20240425familybusiness.png\" \/>\n\t<meta property=\"og:image:width\" content=\"800\" \/>\n\t<meta property=\"og:image:height\" content=\"461\" \/>\n\t<meta property=\"og:image:type\" content=\"image\/png\" \/>\n<meta name=\"author\" content=\"Jean-Paul Erhard\" \/>\n<meta name=\"twitter:card\" content=\"summary_large_image\" \/>\n<meta name=\"twitter:creator\" content=\"@PeoplesphereMag\" \/>\n<meta name=\"twitter:site\" content=\"@PeoplesphereMag\" \/>\n<meta name=\"twitter:label1\" content=\"\u00c9crit par\" \/>\n\t<meta name=\"twitter:data1\" content=\"Jean-Paul Erhard\" \/>\n\t<meta name=\"twitter:label2\" content=\"Dur\u00e9e de lecture estim\u00e9e\" \/>\n\t<meta name=\"twitter:data2\" content=\"3 minutes\" \/>\n<script type=\"application\/ld+json\" class=\"yoast-schema-graph\">{\"@context\":\"https:\/\/schema.org\",\"@graph\":[{\"@type\":\"Article\",\"@id\":\"https:\/\/peoplesphere.be\/fr\/rendez-vous-le-25-04-a-charleroi-workshop-rh-limpossible-defi-rh-dans-lentreprise-familiale\/#article\",\"isPartOf\":{\"@id\":\"https:\/\/peoplesphere.be\/fr\/rendez-vous-le-25-04-a-charleroi-workshop-rh-limpossible-defi-rh-dans-lentreprise-familiale\/\"},\"author\":{\"name\":\"Jean-Paul Erhard\",\"@id\":\"https:\/\/peoplesphere.be\/fr\/#\/schema\/person\/7976225ff17988604334abb7b3536a7e\"},\"headline\":\"Rendez-vous le 25\/04 \u00e0 Charleroi &#8211; Workshop RH &#8211; L\u2019impossible d\u00e9fi RH dans l\u2019entreprise familiale?\",\"datePublished\":\"2024-03-27T08:38:57+00:00\",\"dateModified\":\"2024-03-27T08:38:57+00:00\",\"mainEntityOfPage\":{\"@id\":\"https:\/\/peoplesphere.be\/fr\/rendez-vous-le-25-04-a-charleroi-workshop-rh-limpossible-defi-rh-dans-lentreprise-familiale\/\"},\"wordCount\":471,\"publisher\":{\"@id\":\"https:\/\/peoplesphere.be\/fr\/#organization\"},\"keywords\":[\"attraction\",\"entreprise familiale\",\"family business\",\"r\u00e9tention\",\"transmission\",\"valeurs\"],\"articleSection\":[\"Actualit\u00e9s\",\"Calendrier\",\"Digital\",\"Events\"],\"inLanguage\":\"fr-FR\"},{\"@type\":\"WebPage\",\"@id\":\"https:\/\/peoplesphere.be\/fr\/rendez-vous-le-25-04-a-charleroi-workshop-rh-limpossible-defi-rh-dans-lentreprise-familiale\/\",\"url\":\"https:\/\/peoplesphere.be\/fr\/rendez-vous-le-25-04-a-charleroi-workshop-rh-limpossible-defi-rh-dans-lentreprise-familiale\/\",\"name\":\"Rendez-vous le 25\/04 \u00e0 Charleroi - Workshop RH - L\u2019impossible d\u00e9fi RH dans l\u2019entreprise familiale? - Peoplesphere\",\"isPartOf\":{\"@id\":\"https:\/\/peoplesphere.be\/fr\/#website\"},\"datePublished\":\"2024-03-27T08:38:57+00:00\",\"dateModified\":\"2024-03-27T08:38:57+00:00\",\"breadcrumb\":{\"@id\":\"https:\/\/peoplesphere.be\/fr\/rendez-vous-le-25-04-a-charleroi-workshop-rh-limpossible-defi-rh-dans-lentreprise-familiale\/#breadcrumb\"},\"inLanguage\":\"fr-FR\",\"potentialAction\":[{\"@type\":\"ReadAction\",\"target\":[\"https:\/\/peoplesphere.be\/fr\/rendez-vous-le-25-04-a-charleroi-workshop-rh-limpossible-defi-rh-dans-lentreprise-familiale\/\"]}]},{\"@type\":\"BreadcrumbList\",\"@id\":\"https:\/\/peoplesphere.be\/fr\/rendez-vous-le-25-04-a-charleroi-workshop-rh-limpossible-defi-rh-dans-lentreprise-familiale\/#breadcrumb\",\"itemListElement\":[{\"@type\":\"ListItem\",\"position\":1,\"name\":\"Accueil\",\"item\":\"https:\/\/peoplesphere.be\/fr\/\"},{\"@type\":\"ListItem\",\"position\":2,\"name\":\"Rendez-vous le 25\/04 \u00e0 Charleroi &#8211; Workshop RH &#8211; L\u2019impossible d\u00e9fi RH dans l\u2019entreprise familiale?\"}]},{\"@type\":\"WebSite\",\"@id\":\"https:\/\/peoplesphere.be\/fr\/#website\",\"url\":\"https:\/\/peoplesphere.be\/fr\/\",\"name\":\"Peoplesphere\",\"description\":\"The People Managers Magazine\",\"publisher\":{\"@id\":\"https:\/\/peoplesphere.be\/fr\/#organization\"},\"potentialAction\":[{\"@type\":\"SearchAction\",\"target\":{\"@type\":\"EntryPoint\",\"urlTemplate\":\"https:\/\/peoplesphere.be\/fr\/?s={search_term_string}\"},\"query-input\":\"required name=search_term_string\"}],\"inLanguage\":\"fr-FR\"},{\"@type\":\"Organization\",\"@id\":\"https:\/\/peoplesphere.be\/fr\/#organization\",\"name\":\"Peoplesphere Company srl\",\"url\":\"https:\/\/peoplesphere.be\/fr\/\",\"logo\":{\"@type\":\"ImageObject\",\"inLanguage\":\"fr-FR\",\"@id\":\"https:\/\/peoplesphere.be\/fr\/#\/schema\/logo\/image\/\",\"url\":\"https:\/\/peoplesphere.be\/fr\/wp-content\/uploads\/2023\/07\/peoplesphere-lgo-new-generik.jpg\",\"contentUrl\":\"https:\/\/peoplesphere.be\/fr\/wp-content\/uploads\/2023\/07\/peoplesphere-lgo-new-generik.jpg\",\"width\":1031,\"height\":1479,\"caption\":\"Peoplesphere Company srl\"},\"image\":{\"@id\":\"https:\/\/peoplesphere.be\/fr\/#\/schema\/logo\/image\/\"},\"sameAs\":[\"https:\/\/www.facebook.com\/peoplesphere\",\"https:\/\/twitter.com\/PeoplesphereMag\",\"https:\/\/www.linkedin.com\/company\/7587361?trk\",\"http:\/\/youtube.com\/peoplesphere\"]},{\"@type\":\"Person\",\"@id\":\"https:\/\/peoplesphere.be\/fr\/#\/schema\/person\/7976225ff17988604334abb7b3536a7e\",\"name\":\"Jean-Paul Erhard\",\"image\":{\"@type\":\"ImageObject\",\"inLanguage\":\"fr-FR\",\"@id\":\"https:\/\/peoplesphere.be\/fr\/#\/schema\/person\/image\/\",\"url\":\"https:\/\/secure.gravatar.com\/avatar\/f941e681460179738071629a51574930?s=96&d=mm&r=g\",\"contentUrl\":\"https:\/\/secure.gravatar.com\/avatar\/f941e681460179738071629a51574930?s=96&d=mm&r=g\",\"caption\":\"Jean-Paul Erhard\"},\"url\":\"https:\/\/peoplesphere.be\/fr\/author\/jpe\/\"}]}<\/script>\n<!-- \/ Yoast SEO plugin. -->","yoast_head_json":{"title":"Rendez-vous le 25\/04 \u00e0 Charleroi - Workshop RH - L\u2019impossible d\u00e9fi RH dans l\u2019entreprise familiale? - Peoplesphere","robots":{"index":"index","follow":"follow","max-snippet":"max-snippet:-1","max-image-preview":"max-image-preview:large","max-video-preview":"max-video-preview:-1"},"canonical":"https:\/\/peoplesphere.be\/fr\/rendez-vous-le-25-04-a-charleroi-workshop-rh-limpossible-defi-rh-dans-lentreprise-familiale\/","og_locale":"fr_FR","og_type":"article","og_title":"Rendez-vous le 25\/04 \u00e0 Charleroi - Workshop RH - L\u2019impossible d\u00e9fi RH dans l\u2019entreprise familiale? - Peoplesphere","og_description":"Rendez-vous le 25 avril prochain, en matin\u00e9e, \u00e0 Charleroi pour une session d\u2019\u00e9change entre dirigeants et responsables RH. Partage d\u2019exp\u00e9riences et enseignements \u00e0 mettre en pratique autour du mod\u00e8le de l&rsquo;entreprise familiale et du d\u00e9fi (des d\u00e9fis) RH qui lui [&hellip;]","og_url":"https:\/\/peoplesphere.be\/fr\/rendez-vous-le-25-04-a-charleroi-workshop-rh-limpossible-defi-rh-dans-lentreprise-familiale\/","og_site_name":"Peoplesphere","article_publisher":"https:\/\/www.facebook.com\/peoplesphere","article_published_time":"2024-03-27T08:38:57+00:00","og_image":[{"width":800,"height":461,"url":"https:\/\/peoplesphere.be\/fr\/wp-content\/uploads\/2024\/03\/20240425familybusiness.png","type":"image\/png"}],"author":"Jean-Paul Erhard","twitter_card":"summary_large_image","twitter_creator":"@PeoplesphereMag","twitter_site":"@PeoplesphereMag","twitter_misc":{"\u00c9crit par":"Jean-Paul Erhard","Dur\u00e9e de lecture estim\u00e9e":"3 minutes"},"schema":{"@context":"https:\/\/schema.org","@graph":[{"@type":"Article","@id":"https:\/\/peoplesphere.be\/fr\/rendez-vous-le-25-04-a-charleroi-workshop-rh-limpossible-defi-rh-dans-lentreprise-familiale\/#article","isPartOf":{"@id":"https:\/\/peoplesphere.be\/fr\/rendez-vous-le-25-04-a-charleroi-workshop-rh-limpossible-defi-rh-dans-lentreprise-familiale\/"},"author":{"name":"Jean-Paul Erhard","@id":"https:\/\/peoplesphere.be\/fr\/#\/schema\/person\/7976225ff17988604334abb7b3536a7e"},"headline":"Rendez-vous le 25\/04 \u00e0 Charleroi &#8211; Workshop RH &#8211; L\u2019impossible d\u00e9fi RH dans l\u2019entreprise familiale?","datePublished":"2024-03-27T08:38:57+00:00","dateModified":"2024-03-27T08:38:57+00:00","mainEntityOfPage":{"@id":"https:\/\/peoplesphere.be\/fr\/rendez-vous-le-25-04-a-charleroi-workshop-rh-limpossible-defi-rh-dans-lentreprise-familiale\/"},"wordCount":471,"publisher":{"@id":"https:\/\/peoplesphere.be\/fr\/#organization"},"keywords":["attraction","entreprise familiale","family business","r\u00e9tention","transmission","valeurs"],"articleSection":["Actualit\u00e9s","Calendrier","Digital","Events"],"inLanguage":"fr-FR"},{"@type":"WebPage","@id":"https:\/\/peoplesphere.be\/fr\/rendez-vous-le-25-04-a-charleroi-workshop-rh-limpossible-defi-rh-dans-lentreprise-familiale\/","url":"https:\/\/peoplesphere.be\/fr\/rendez-vous-le-25-04-a-charleroi-workshop-rh-limpossible-defi-rh-dans-lentreprise-familiale\/","name":"Rendez-vous le 25\/04 \u00e0 Charleroi - Workshop RH - L\u2019impossible d\u00e9fi RH dans l\u2019entreprise familiale? - Peoplesphere","isPartOf":{"@id":"https:\/\/peoplesphere.be\/fr\/#website"},"datePublished":"2024-03-27T08:38:57+00:00","dateModified":"2024-03-27T08:38:57+00:00","breadcrumb":{"@id":"https:\/\/peoplesphere.be\/fr\/rendez-vous-le-25-04-a-charleroi-workshop-rh-limpossible-defi-rh-dans-lentreprise-familiale\/#breadcrumb"},"inLanguage":"fr-FR","potentialAction":[{"@type":"ReadAction","target":["https:\/\/peoplesphere.be\/fr\/rendez-vous-le-25-04-a-charleroi-workshop-rh-limpossible-defi-rh-dans-lentreprise-familiale\/"]}]},{"@type":"BreadcrumbList","@id":"https:\/\/peoplesphere.be\/fr\/rendez-vous-le-25-04-a-charleroi-workshop-rh-limpossible-defi-rh-dans-lentreprise-familiale\/#breadcrumb","itemListElement":[{"@type":"ListItem","position":1,"name":"Accueil","item":"https:\/\/peoplesphere.be\/fr\/"},{"@type":"ListItem","position":2,"name":"Rendez-vous le 25\/04 \u00e0 Charleroi &#8211; Workshop RH &#8211; L\u2019impossible d\u00e9fi RH dans l\u2019entreprise familiale?"}]},{"@type":"WebSite","@id":"https:\/\/peoplesphere.be\/fr\/#website","url":"https:\/\/peoplesphere.be\/fr\/","name":"Peoplesphere","description":"The People Managers Magazine","publisher":{"@id":"https:\/\/peoplesphere.be\/fr\/#organization"},"potentialAction":[{"@type":"SearchAction","target":{"@type":"EntryPoint","urlTemplate":"https:\/\/peoplesphere.be\/fr\/?s={search_term_string}"},"query-input":"required name=search_term_string"}],"inLanguage":"fr-FR"},{"@type":"Organization","@id":"https:\/\/peoplesphere.be\/fr\/#organization","name":"Peoplesphere Company srl","url":"https:\/\/peoplesphere.be\/fr\/","logo":{"@type":"ImageObject","inLanguage":"fr-FR","@id":"https:\/\/peoplesphere.be\/fr\/#\/schema\/logo\/image\/","url":"https:\/\/peoplesphere.be\/fr\/wp-content\/uploads\/2023\/07\/peoplesphere-lgo-new-generik.jpg","contentUrl":"https:\/\/peoplesphere.be\/fr\/wp-content\/uploads\/2023\/07\/peoplesphere-lgo-new-generik.jpg","width":1031,"height":1479,"caption":"Peoplesphere Company srl"},"image":{"@id":"https:\/\/peoplesphere.be\/fr\/#\/schema\/logo\/image\/"},"sameAs":["https:\/\/www.facebook.com\/peoplesphere","https:\/\/twitter.com\/PeoplesphereMag","https:\/\/www.linkedin.com\/company\/7587361?trk","http:\/\/youtube.com\/peoplesphere"]},{"@type":"Person","@id":"https:\/\/peoplesphere.be\/fr\/#\/schema\/person\/7976225ff17988604334abb7b3536a7e","name":"Jean-Paul Erhard","image":{"@type":"ImageObject","inLanguage":"fr-FR","@id":"https:\/\/peoplesphere.be\/fr\/#\/schema\/person\/image\/","url":"https:\/\/secure.gravatar.com\/avatar\/f941e681460179738071629a51574930?s=96&d=mm&r=g","contentUrl":"https:\/\/secure.gravatar.com\/avatar\/f941e681460179738071629a51574930?s=96&d=mm&r=g","caption":"Jean-Paul Erhard"},"url":"https:\/\/peoplesphere.be\/fr\/author\/jpe\/"}]}},"_links":{"self":[{"href":"https:\/\/peoplesphere.be\/fr\/wp-json\/wp\/v2\/posts\/15931"}],"collection":[{"href":"https:\/\/peoplesphere.be\/fr\/wp-json\/wp\/v2\/posts"}],"about":[{"href":"https:\/\/peoplesphere.be\/fr\/wp-json\/wp\/v2\/types\/post"}],"author":[{"embeddable":true,"href":"https:\/\/peoplesphere.be\/fr\/wp-json\/wp\/v2\/users\/2"}],"replies":[{"embeddable":true,"href":"https:\/\/peoplesphere.be\/fr\/wp-json\/wp\/v2\/comments?post=15931"}],"version-history":[{"count":5,"href":"https:\/\/peoplesphere.be\/fr\/wp-json\/wp\/v2\/posts\/15931\/revisions"}],"predecessor-version":[{"id":15938,"href":"https:\/\/peoplesphere.be\/fr\/wp-json\/wp\/v2\/posts\/15931\/revisions\/15938"}],"wp:featuredmedia":[{"embeddable":true,"href":"https:\/\/peoplesphere.be\/fr\/wp-json\/wp\/v2\/media\/15936"}],"wp:attachment":[{"href":"https:\/\/peoplesphere.be\/fr\/wp-json\/wp\/v2\/media?parent=15931"}],"wp:term":[{"taxonomy":"category","embeddable":true,"href":"https:\/\/peoplesphere.be\/fr\/wp-json\/wp\/v2\/categories?post=15931"},{"taxonomy":"post_tag","embeddable":true,"href":"https:\/\/peoplesphere.be\/fr\/wp-json\/wp\/v2\/tags?post=15931"}],"curies":[{"name":"wp","href":"https:\/\/api.w.org\/{rel}","templated":true}]}}