









{"id":15942,"date":"2024-03-28T08:55:08","date_gmt":"2024-03-28T06:55:08","guid":{"rendered":"https:\/\/peoplesphere.be\/fr\/?p=15942"},"modified":"2024-03-28T09:04:34","modified_gmt":"2024-03-28T07:04:34","slug":"lexperience-internationale-un-must-sur-le-cv-pour-envisager-une-fonction-de-ceo","status":"publish","type":"post","link":"https:\/\/peoplesphere.be\/fr\/lexperience-internationale-un-must-sur-le-cv-pour-envisager-une-fonction-de-ceo\/","title":{"rendered":"L&rsquo;exp\u00e9rience internationale, un &lsquo;must&rsquo; sur le CV pour envisager une fonction de CEO"},"content":{"rendered":"<p>D\u2019apr\u00e8s la nouvelle \u00e9dition de l\u2019\u00e9tude annuelle \u00ab\u00a0Route to the Top\u00a0\u00bb r\u00e9alis\u00e9e par Heidrick &amp; Struggles qui analyse le profil des CEOs, deux tiers des dirigeants d\u2019entreprises du BEL 20 (65%) ont eu une exp\u00e9rience \u00e0 l\u2019international avant de devenir dirigeant en Belgique.<!--more--><\/p>\n<p>Le cabinet Heidrick &amp; Struggles publie la nouvelle \u00e9dition de son rapport qui analyse le profil des CEOs des plus grandes entreprises cot\u00e9es en bourse dans le monde, dont les dirigeants du BEL 20. Dans un contexte environnemental incertain, en permanente \u00e9volution, il est important de s\u2019int\u00e9resser \u00e0 l\u2019\u00e9volution de cette fonction essentielle au bon fonctionnement de l\u2019entreprise d\u2019une part, mais aussi de l\u2019\u00e9conomie locale d\u2019autre part. D\u2019apr\u00e8s ce rapport et les chiffres de l\u2019\u00e9tude qui l\u2019accompagnent, un changement de paradigme s\u2019est op\u00e9r\u00e9 ces derni\u00e8res ann\u00e9es, modifiant en profondeur les comp\u00e9tences et la personnalit\u00e9 que l\u2019on attend d\u2019un CEO d\u2019entreprise cot\u00e9e en bourse.<\/p>\n<h3><strong><em>Une exp\u00e9rience \u00e0 l\u2019\u00e9tranger ou dans un secteur diff\u00e9rent avant de devenir CEO en Belgique<\/em><\/strong><\/h3>\n<p>D\u2019apr\u00e8s le rapport, les entreprises du BEL 20 se caract\u00e9risent tout d\u2019abord par le parcours de ses CEOs, qui passent par l\u2019international et\/ou un secteur diff\u00e9rent avant de prendre leurs fonctions chez nous. En effet, la Belgique se situe dans le top 5 mondial des dirigeants qui ont eu une exp\u00e9rience pr\u00e9c\u00e9dente dans un autre secteur (43%) mais elle est surtout num\u00e9ro 1 mondiale, avec 65%, en ce qui concerne le taux de CEOs ayant eu pr\u00e9c\u00e9demment une exp\u00e9rience \u00e0 l\u2019\u00e9tranger. \u00c0 titre de comparaison avec nos pays voisins, la Belgique a deux fois plus de dirigeants ayant eu une exp\u00e9rience \u00e0 l\u2019\u00e9tranger que la France (30%), les Pays-Bas (35%) ainsi que la moyenne globale (34%). Il est aussi int\u00e9ressant de constater que seulement un quart des CEOs du BEL 20 sont d\u2019origines \u00e9trang\u00e8res (26%). Cela d\u00e9montre que ce sont des dirigeants belges qui sont all\u00e9s se former \u00e0 l\u2019\u00e9tranger avant de revenir dans leur pays d\u2019origine.<\/p>\n<p>Cette caract\u00e9ristique est un atout singulier de la Belgique qui s\u2019explique de plusieurs mani\u00e8res. En tant que capitale europ\u00e9enne, la Belgique est souvent en contact avec d\u2019autres nationalit\u00e9s, ce qui donne aux Belges une ouverture naturelle aux autres cultures. De plus, sa position centrale au niveau de l\u2019Europe la rend tr\u00e8s accessible, avec une infrastructure internationale tr\u00e8s d\u00e9velopp\u00e9e qui facilite l\u2019arriv\u00e9e et l\u2019int\u00e9gration de nationalit\u00e9s \u00e9trang\u00e8res. Le cabinet insiste \u00e9galement sur le fait que la Belgique importe de tr\u00e8s bons dirigeants, mais elle exporte \u00e9galement des CEOs belges de qualit\u00e9. Cela s\u2019explique notamment par le multilinguisme des dirigeants belges, qu\u2019ils op\u00e8rent en Belgique ou \u00e0 l\u2019\u00e9tranger.<\/p>\n<p>En ce qui concerne l\u2019exp\u00e9rience intersectorielle, Marie-H\u00e9l\u00e8ne De Coster, Partner de Heidrick &amp; Struggles BeLux y trouve une explication rationnelle\u202f: <em>\u00ab\u00a0Il existe une plus grande transversalit\u00e9 dans les fonctions d\u2019un CEO aujourd\u2019hui que par le pass\u00e9. Des \u00e9l\u00e9ments comme le d\u00e9veloppement digital, l\u2019impl\u00e9mentation de l\u2019IA ou encore le d\u00e9veloppement durable font d\u00e9sormais parties int\u00e9grantes des pr\u00e9occupations d\u2019un dirigeant et de son conseil d\u2019administration, quel que soit le secteur et ses sp\u00e9cificit\u00e9s.\u202f\u00a0\u00bb<\/em><\/p>\n<p>Selon le cabinet sp\u00e9cialis\u00e9 en Leadership Consulting, la combinaison de diff\u00e9rents types d\u2019exp\u00e9rience devient d\u00e8s lors un atout ind\u00e9niable et r\u00e9pond aux nouveaux d\u00e9fis qu\u2019incombe cette fonction en pleine \u00e9volution. Les attentes envers un CEO sont donc multi-dimensionnelles et \u00e9voluent chaque ann\u00e9e, raison pour laquelle le cabinet pr\u00e9f\u00e8re parler de \u2018Chief Everything Officer\u2019.<\/p>\n<p><em>\u00ab\u00a0Si nous associons l\u2019aspect intersectoriel avec l\u2019exp\u00e9rience \u00e0 l\u2019\u00e9tranger, cela g\u00e9n\u00e8re une richesse et une plus-value exponentielle. Une personne qui a connu d\u2019autres exp\u00e9riences \u00e0 l\u2019international ainsi que dans un secteur diff\u00e9rent disposera d\u2019une vue holistique beaucoup plus large. Ses capacit\u00e9s d\u2019\u00e9coute, de prise de parole, d\u2019ouverture et surtout de collecter des id\u00e9es diversifi\u00e9es seront davantage d\u00e9velopp\u00e9es. Aujourd\u2019hui, les soci\u00e9t\u00e9s repr\u00e9sentent une multitude d\u2019acteurs soci\u00e9taux et \u00e9conomiques, et le CEO ne peut plus repr\u00e9senter tous les instruments d\u2019un orchestre. Il ou elle doit guider les musiciens et s\u2019assurer qu\u2019il puisse entendre chaque instrument\u00a0\u00bb,<\/em> ajoute Marie-H\u00e9l\u00e8ne De Coster.<\/p>\n<h3><strong><em>Le plan de succession des entreprises gagne en popularit\u00e9 au sein du BEL 20<\/em><\/strong><\/h3>\n<p>Toujours d\u2019apr\u00e8s l\u2019\u00e9tude r\u00e9alis\u00e9e par Heidrick &amp; Struggles, nombreux sont les CEOs du BEL 20 qui travaillaient d\u00e9j\u00e0 au sein de la m\u00eame entreprise avant de devenir dirigeant. En effet, sept CEOs sur dix (70%) faisaient d\u00e9j\u00e0 partie de l\u2019organisation avant d\u2019en prendre la direction. La Belgique se situe d\u2019ailleurs en deuxi\u00e8me position du top mondial, juste apr\u00e8s l\u2019Irlande. De plus, 61% des dirigeants du BEL 20 ont rejoint l\u2019entreprise plus d\u2019un an avant d\u2019en devenir le CEO. Ceci est le r\u00e9sultat d\u2019une strat\u00e9gie efficace de succession mise en place au sein des entreprises qui aboutit souvent \u00e0 une promotion interne.<\/p>\n<p><em>\u00ab\u00a0Le plan de succession consiste \u00e0 \u00e9tablir des trajectoires pour les candidats au poste de CEO, avec une volont\u00e9 de promouvoir des candidats internes, et de s\u2019y prendre bien \u00e0 l\u2019avance afin d\u2019identifier les comp\u00e9tences manquantes et de faire en sorte qu\u2019ils les acqui\u00e8rent ou les d\u00e9veloppent. Cette succession interne va souvent de pair avec une prise de mesure de potentiels talents externes\u00a0\u00bb<\/em>, explique Marie-H\u00e9l\u00e8ne De Coster de Heidrick &amp; Struggles BeLux.<\/p>\n<p>Heidrick &amp; Struggles constate d\u2019ailleurs que le plan de succession d\u2019un CEO est devenu une priorit\u00e9 dans l\u2019agenda de la plupart des conseils d\u2019administration, en raison du contexte environnemental constamment incertain et des inconv\u00e9nients de l\u2019absence d\u2019un tel plan. Une mauvaise succession peut en effet avoir un impact n\u00e9gatif sur les op\u00e9rations et l\u2019image de l\u2019entreprise, et peut aussi engendrer une perte de confiance de toutes les parties prenantes.<\/p>\n<p><em>\u00ab\u00a0Un bon plan de succession est la garantie d\u2019une continuit\u00e9 et d\u2019une transition fluide des connaissances entre deux dirigeants d\u2019une entreprise. Ce plan ne dispose pas n\u00e9cessairement d\u2019une date de d\u00e9part et d\u2019un calendrier pr\u00e9cis car il peut avoir lieu en continu et faire partie int\u00e9grante d\u2019une gestion du risque, en cas de d\u00e9part pr\u00e9cipit\u00e9 d\u2019un dirigeant par exemple\u00a0\u00bb<\/em>, ajoute Marie-H\u00e9l\u00e8ne De Coster.<\/p>\n<h3><strong><em>Seul un tiers des CEOs actuels a d\u00e9j\u00e0 \u00e9t\u00e9 dirigeant d\u2019entreprise par le pass\u00e9<\/em><\/strong><\/h3>\n<p>L\u2019\u00e9tude de Heidrick &amp; Struggles montre \u00e9galement que la Belgique accorde moins d\u2019importance que les autres pays \u00e0 la position pr\u00e9c\u00e9dente des CEOs. En effet, seulement un tiers des CEOs actuels du BEL 20 (30%) ont \u00e9t\u00e9 dirigeants d\u2019entreprise par le pass\u00e9. \u00c0 titre de comparaison, ils sont deux fois moins nombreux que les CEOs de Finlande (60%) qui est au top du march\u00e9 europ\u00e9en. Ils ne sont que 4% \u00e0 avoir \u00e9t\u00e9 COO (5 fois moins que la moyenne mondiale) et 22% en tant que CFO (similaire \u00e0 la moyenne globale).<\/p>\n<p>D\u2019apr\u00e8s Marie-H\u00e9l\u00e8ne De Coster, ces chiffres font sens en raison de l\u2019importance grandissante des exp\u00e9riences mentionn\u00e9es pr\u00e9c\u00e9demment, \u00e0 savoir internationales et intersectorielles, mais aussi de la mise en place de plus en plus populaire des plans de succession qui pallient le manque de comp\u00e9tences au-del\u00e0 d\u2019une fonction sp\u00e9cifique. Cela permet aux entreprises de disposer d\u2019un vivier de talents beaucoup plus \u00e9tendu.<\/p>\n<p>En conclusion, dans un monde en \u00e9volution, l&rsquo;importance d&rsquo;une exp\u00e9rience internationale et intersectorielle est au centre des consid\u00e9rations que l\u2019on porte \u00e0 un candidat CEO en Belgique. Ce constat met en avant la transition vers le r\u00f4le de \u00ab\u00a0Chief Everything Officer\u00a0\u00bb, o\u00f9 la diversit\u00e9 d&rsquo;exp\u00e9riences, l&rsquo;ouverture d&rsquo;esprit et la cr\u00e9ativit\u00e9 sont essentielles. La Belgique illustre cette tendance par ses dirigeants ayant enrichi leur leadership \u00e0 l&rsquo;\u00e9tranger avant de revenir, d\u00e9montrant qu&rsquo;un parcours vari\u00e9 peut mener au sommet.<\/p>\n<p><em>\u00ab\u00a0Ne pas \u00eatre promu en tant que CEO ne veut pas dire que le candidat n\u2019est pas comp\u00e9tent, simplement qu\u2019il n\u2019est pas la personne ad\u00e9quate \u00e0 ce moment-l\u00e0, \u00e0 l\u2019\u00e9volution de l\u2019entreprise. La strat\u00e9gie de succession mise en place par les entreprises belges favorise cette vision, montrant que le succ\u00e8s ne d\u00e9pend pas seulement d&rsquo;o\u00f9 l&rsquo;on vient, mais des comp\u00e9tences professionnelles et personnelles ainsi que les exp\u00e9riences acquises. Ainsi, la Belgique se positionne comme un exemple de leadership innovant et adaptable, pr\u00eat \u00e0 relever les d\u00e9fis de demain\u00a0\u00bb<\/em>, conclut Marie-H\u00e9l\u00e8ne De Coster.<\/p>\n","protected":false},"excerpt":{"rendered":"<p>D\u2019apr\u00e8s la nouvelle \u00e9dition de l\u2019\u00e9tude annuelle \u00ab\u00a0Route to the Top\u00a0\u00bb r\u00e9alis\u00e9e par Heidrick &amp; Struggles qui analyse le profil des CEOs, deux tiers des dirigeants d\u2019entreprises du BEL 20 (65%) ont eu une exp\u00e9rience \u00e0 l\u2019international avant de devenir [&hellip;]<\/p>\n","protected":false},"author":2,"featured_media":0,"comment_status":"closed","ping_status":"open","sticky":false,"template":"","format":"standard","meta":[],"categories":[65,10],"tags":[643,151,116,4017,4016,660,72],"yoast_head":"<!-- This site is optimized with the Yoast SEO plugin v21.0 - https:\/\/yoast.com\/wordpress\/plugins\/seo\/ -->\n<title>L&#039;exp\u00e9rience internationale, un &#039;must&#039; sur le CV pour envisager une fonction de CEO - Peoplesphere<\/title>\n<meta name=\"robots\" content=\"index, follow, max-snippet:-1, max-image-preview:large, max-video-preview:-1\" \/>\n<link rel=\"canonical\" href=\"https:\/\/peoplesphere.be\/fr\/lexperience-internationale-un-must-sur-le-cv-pour-envisager-une-fonction-de-ceo\/\" \/>\n<meta property=\"og:locale\" content=\"fr_FR\" \/>\n<meta property=\"og:type\" content=\"article\" \/>\n<meta property=\"og:title\" content=\"L&#039;exp\u00e9rience internationale, un &#039;must&#039; sur le CV pour envisager une fonction de CEO - Peoplesphere\" \/>\n<meta property=\"og:description\" content=\"D\u2019apr\u00e8s la nouvelle \u00e9dition de l\u2019\u00e9tude annuelle \u00ab\u00a0Route to the Top\u00a0\u00bb r\u00e9alis\u00e9e par Heidrick &amp; Struggles qui analyse le profil des CEOs, deux tiers des dirigeants d\u2019entreprises du BEL 20 (65%) ont eu une exp\u00e9rience \u00e0 l\u2019international avant de devenir [&hellip;]\" \/>\n<meta property=\"og:url\" content=\"https:\/\/peoplesphere.be\/fr\/lexperience-internationale-un-must-sur-le-cv-pour-envisager-une-fonction-de-ceo\/\" \/>\n<meta property=\"og:site_name\" content=\"Peoplesphere\" \/>\n<meta property=\"article:publisher\" content=\"https:\/\/www.facebook.com\/peoplesphere\" \/>\n<meta property=\"article:published_time\" content=\"2024-03-28T06:55:08+00:00\" \/>\n<meta property=\"article:modified_time\" content=\"2024-03-28T07:04:34+00:00\" \/>\n<meta property=\"og:image\" content=\"http:\/\/www.peoplesphere.be\/fr\/wp-content\/uploads\/2016\/07\/facebook-default-posting-1200x628px.jpg\" \/>\n<meta name=\"author\" content=\"Jean-Paul Erhard\" \/>\n<meta name=\"twitter:card\" content=\"summary_large_image\" \/>\n<meta name=\"twitter:creator\" content=\"@PeoplesphereMag\" \/>\n<meta name=\"twitter:site\" content=\"@PeoplesphereMag\" \/>\n<meta name=\"twitter:label1\" content=\"\u00c9crit par\" \/>\n\t<meta name=\"twitter:data1\" content=\"Jean-Paul Erhard\" \/>\n\t<meta name=\"twitter:label2\" content=\"Dur\u00e9e de lecture estim\u00e9e\" \/>\n\t<meta name=\"twitter:data2\" content=\"7 minutes\" \/>\n<script type=\"application\/ld+json\" class=\"yoast-schema-graph\">{\"@context\":\"https:\/\/schema.org\",\"@graph\":[{\"@type\":\"Article\",\"@id\":\"https:\/\/peoplesphere.be\/fr\/lexperience-internationale-un-must-sur-le-cv-pour-envisager-une-fonction-de-ceo\/#article\",\"isPartOf\":{\"@id\":\"https:\/\/peoplesphere.be\/fr\/lexperience-internationale-un-must-sur-le-cv-pour-envisager-une-fonction-de-ceo\/\"},\"author\":{\"name\":\"Jean-Paul Erhard\",\"@id\":\"https:\/\/peoplesphere.be\/fr\/#\/schema\/person\/7976225ff17988604334abb7b3536a7e\"},\"headline\":\"L&rsquo;exp\u00e9rience internationale, un &lsquo;must&rsquo; sur le CV pour envisager une fonction de CEO\",\"datePublished\":\"2024-03-28T06:55:08+00:00\",\"dateModified\":\"2024-03-28T07:04:34+00:00\",\"mainEntityOfPage\":{\"@id\":\"https:\/\/peoplesphere.be\/fr\/lexperience-internationale-un-must-sur-le-cv-pour-envisager-une-fonction-de-ceo\/\"},\"wordCount\":1506,\"publisher\":{\"@id\":\"https:\/\/peoplesphere.be\/fr\/#organization\"},\"keywords\":[\"carri\u00e8re\",\"CEO\",\"comp\u00e9tences\",\"diversification\",\"exp\u00e9rience internationale\",\"promotion\",\"recrutement\"],\"articleSection\":[\"Actualit\u00e9s\",\"Digital\"],\"inLanguage\":\"fr-FR\"},{\"@type\":\"WebPage\",\"@id\":\"https:\/\/peoplesphere.be\/fr\/lexperience-internationale-un-must-sur-le-cv-pour-envisager-une-fonction-de-ceo\/\",\"url\":\"https:\/\/peoplesphere.be\/fr\/lexperience-internationale-un-must-sur-le-cv-pour-envisager-une-fonction-de-ceo\/\",\"name\":\"L'exp\u00e9rience internationale, un 'must' sur le CV pour envisager une fonction de CEO - Peoplesphere\",\"isPartOf\":{\"@id\":\"https:\/\/peoplesphere.be\/fr\/#website\"},\"datePublished\":\"2024-03-28T06:55:08+00:00\",\"dateModified\":\"2024-03-28T07:04:34+00:00\",\"breadcrumb\":{\"@id\":\"https:\/\/peoplesphere.be\/fr\/lexperience-internationale-un-must-sur-le-cv-pour-envisager-une-fonction-de-ceo\/#breadcrumb\"},\"inLanguage\":\"fr-FR\",\"potentialAction\":[{\"@type\":\"ReadAction\",\"target\":[\"https:\/\/peoplesphere.be\/fr\/lexperience-internationale-un-must-sur-le-cv-pour-envisager-une-fonction-de-ceo\/\"]}]},{\"@type\":\"BreadcrumbList\",\"@id\":\"https:\/\/peoplesphere.be\/fr\/lexperience-internationale-un-must-sur-le-cv-pour-envisager-une-fonction-de-ceo\/#breadcrumb\",\"itemListElement\":[{\"@type\":\"ListItem\",\"position\":1,\"name\":\"Accueil\",\"item\":\"https:\/\/peoplesphere.be\/fr\/\"},{\"@type\":\"ListItem\",\"position\":2,\"name\":\"L&rsquo;exp\u00e9rience internationale, un &lsquo;must&rsquo; sur le CV pour envisager une fonction de CEO\"}]},{\"@type\":\"WebSite\",\"@id\":\"https:\/\/peoplesphere.be\/fr\/#website\",\"url\":\"https:\/\/peoplesphere.be\/fr\/\",\"name\":\"Peoplesphere\",\"description\":\"The People Managers Magazine\",\"publisher\":{\"@id\":\"https:\/\/peoplesphere.be\/fr\/#organization\"},\"potentialAction\":[{\"@type\":\"SearchAction\",\"target\":{\"@type\":\"EntryPoint\",\"urlTemplate\":\"https:\/\/peoplesphere.be\/fr\/?s={search_term_string}\"},\"query-input\":\"required name=search_term_string\"}],\"inLanguage\":\"fr-FR\"},{\"@type\":\"Organization\",\"@id\":\"https:\/\/peoplesphere.be\/fr\/#organization\",\"name\":\"Peoplesphere Company srl\",\"url\":\"https:\/\/peoplesphere.be\/fr\/\",\"logo\":{\"@type\":\"ImageObject\",\"inLanguage\":\"fr-FR\",\"@id\":\"https:\/\/peoplesphere.be\/fr\/#\/schema\/logo\/image\/\",\"url\":\"https:\/\/peoplesphere.be\/fr\/wp-content\/uploads\/2023\/07\/peoplesphere-lgo-new-generik.jpg\",\"contentUrl\":\"https:\/\/peoplesphere.be\/fr\/wp-content\/uploads\/2023\/07\/peoplesphere-lgo-new-generik.jpg\",\"width\":1031,\"height\":1479,\"caption\":\"Peoplesphere Company srl\"},\"image\":{\"@id\":\"https:\/\/peoplesphere.be\/fr\/#\/schema\/logo\/image\/\"},\"sameAs\":[\"https:\/\/www.facebook.com\/peoplesphere\",\"https:\/\/twitter.com\/PeoplesphereMag\",\"https:\/\/www.linkedin.com\/company\/7587361?trk\",\"http:\/\/youtube.com\/peoplesphere\"]},{\"@type\":\"Person\",\"@id\":\"https:\/\/peoplesphere.be\/fr\/#\/schema\/person\/7976225ff17988604334abb7b3536a7e\",\"name\":\"Jean-Paul Erhard\",\"image\":{\"@type\":\"ImageObject\",\"inLanguage\":\"fr-FR\",\"@id\":\"https:\/\/peoplesphere.be\/fr\/#\/schema\/person\/image\/\",\"url\":\"https:\/\/secure.gravatar.com\/avatar\/f941e681460179738071629a51574930?s=96&d=mm&r=g\",\"contentUrl\":\"https:\/\/secure.gravatar.com\/avatar\/f941e681460179738071629a51574930?s=96&d=mm&r=g\",\"caption\":\"Jean-Paul Erhard\"},\"url\":\"https:\/\/peoplesphere.be\/fr\/author\/jpe\/\"}]}<\/script>\n<!-- \/ Yoast SEO plugin. -->","yoast_head_json":{"title":"L'exp\u00e9rience internationale, un 'must' sur le CV pour envisager une fonction de CEO - Peoplesphere","robots":{"index":"index","follow":"follow","max-snippet":"max-snippet:-1","max-image-preview":"max-image-preview:large","max-video-preview":"max-video-preview:-1"},"canonical":"https:\/\/peoplesphere.be\/fr\/lexperience-internationale-un-must-sur-le-cv-pour-envisager-une-fonction-de-ceo\/","og_locale":"fr_FR","og_type":"article","og_title":"L'exp\u00e9rience internationale, un 'must' sur le CV pour envisager une fonction de CEO - Peoplesphere","og_description":"D\u2019apr\u00e8s la nouvelle \u00e9dition de l\u2019\u00e9tude annuelle \u00ab\u00a0Route to the Top\u00a0\u00bb r\u00e9alis\u00e9e par Heidrick &amp; Struggles qui analyse le profil des CEOs, deux tiers des dirigeants d\u2019entreprises du BEL 20 (65%) ont eu une exp\u00e9rience \u00e0 l\u2019international avant de devenir [&hellip;]","og_url":"https:\/\/peoplesphere.be\/fr\/lexperience-internationale-un-must-sur-le-cv-pour-envisager-une-fonction-de-ceo\/","og_site_name":"Peoplesphere","article_publisher":"https:\/\/www.facebook.com\/peoplesphere","article_published_time":"2024-03-28T06:55:08+00:00","article_modified_time":"2024-03-28T07:04:34+00:00","og_image":[{"url":"http:\/\/www.peoplesphere.be\/fr\/wp-content\/uploads\/2016\/07\/facebook-default-posting-1200x628px.jpg"}],"author":"Jean-Paul Erhard","twitter_card":"summary_large_image","twitter_creator":"@PeoplesphereMag","twitter_site":"@PeoplesphereMag","twitter_misc":{"\u00c9crit par":"Jean-Paul Erhard","Dur\u00e9e de lecture estim\u00e9e":"7 minutes"},"schema":{"@context":"https:\/\/schema.org","@graph":[{"@type":"Article","@id":"https:\/\/peoplesphere.be\/fr\/lexperience-internationale-un-must-sur-le-cv-pour-envisager-une-fonction-de-ceo\/#article","isPartOf":{"@id":"https:\/\/peoplesphere.be\/fr\/lexperience-internationale-un-must-sur-le-cv-pour-envisager-une-fonction-de-ceo\/"},"author":{"name":"Jean-Paul Erhard","@id":"https:\/\/peoplesphere.be\/fr\/#\/schema\/person\/7976225ff17988604334abb7b3536a7e"},"headline":"L&rsquo;exp\u00e9rience internationale, un &lsquo;must&rsquo; sur le CV pour envisager une fonction de CEO","datePublished":"2024-03-28T06:55:08+00:00","dateModified":"2024-03-28T07:04:34+00:00","mainEntityOfPage":{"@id":"https:\/\/peoplesphere.be\/fr\/lexperience-internationale-un-must-sur-le-cv-pour-envisager-une-fonction-de-ceo\/"},"wordCount":1506,"publisher":{"@id":"https:\/\/peoplesphere.be\/fr\/#organization"},"keywords":["carri\u00e8re","CEO","comp\u00e9tences","diversification","exp\u00e9rience internationale","promotion","recrutement"],"articleSection":["Actualit\u00e9s","Digital"],"inLanguage":"fr-FR"},{"@type":"WebPage","@id":"https:\/\/peoplesphere.be\/fr\/lexperience-internationale-un-must-sur-le-cv-pour-envisager-une-fonction-de-ceo\/","url":"https:\/\/peoplesphere.be\/fr\/lexperience-internationale-un-must-sur-le-cv-pour-envisager-une-fonction-de-ceo\/","name":"L'exp\u00e9rience internationale, un 'must' sur le CV pour envisager une fonction de CEO - Peoplesphere","isPartOf":{"@id":"https:\/\/peoplesphere.be\/fr\/#website"},"datePublished":"2024-03-28T06:55:08+00:00","dateModified":"2024-03-28T07:04:34+00:00","breadcrumb":{"@id":"https:\/\/peoplesphere.be\/fr\/lexperience-internationale-un-must-sur-le-cv-pour-envisager-une-fonction-de-ceo\/#breadcrumb"},"inLanguage":"fr-FR","potentialAction":[{"@type":"ReadAction","target":["https:\/\/peoplesphere.be\/fr\/lexperience-internationale-un-must-sur-le-cv-pour-envisager-une-fonction-de-ceo\/"]}]},{"@type":"BreadcrumbList","@id":"https:\/\/peoplesphere.be\/fr\/lexperience-internationale-un-must-sur-le-cv-pour-envisager-une-fonction-de-ceo\/#breadcrumb","itemListElement":[{"@type":"ListItem","position":1,"name":"Accueil","item":"https:\/\/peoplesphere.be\/fr\/"},{"@type":"ListItem","position":2,"name":"L&rsquo;exp\u00e9rience internationale, un &lsquo;must&rsquo; sur le CV pour envisager une fonction de CEO"}]},{"@type":"WebSite","@id":"https:\/\/peoplesphere.be\/fr\/#website","url":"https:\/\/peoplesphere.be\/fr\/","name":"Peoplesphere","description":"The People Managers Magazine","publisher":{"@id":"https:\/\/peoplesphere.be\/fr\/#organization"},"potentialAction":[{"@type":"SearchAction","target":{"@type":"EntryPoint","urlTemplate":"https:\/\/peoplesphere.be\/fr\/?s={search_term_string}"},"query-input":"required name=search_term_string"}],"inLanguage":"fr-FR"},{"@type":"Organization","@id":"https:\/\/peoplesphere.be\/fr\/#organization","name":"Peoplesphere Company srl","url":"https:\/\/peoplesphere.be\/fr\/","logo":{"@type":"ImageObject","inLanguage":"fr-FR","@id":"https:\/\/peoplesphere.be\/fr\/#\/schema\/logo\/image\/","url":"https:\/\/peoplesphere.be\/fr\/wp-content\/uploads\/2023\/07\/peoplesphere-lgo-new-generik.jpg","contentUrl":"https:\/\/peoplesphere.be\/fr\/wp-content\/uploads\/2023\/07\/peoplesphere-lgo-new-generik.jpg","width":1031,"height":1479,"caption":"Peoplesphere Company srl"},"image":{"@id":"https:\/\/peoplesphere.be\/fr\/#\/schema\/logo\/image\/"},"sameAs":["https:\/\/www.facebook.com\/peoplesphere","https:\/\/twitter.com\/PeoplesphereMag","https:\/\/www.linkedin.com\/company\/7587361?trk","http:\/\/youtube.com\/peoplesphere"]},{"@type":"Person","@id":"https:\/\/peoplesphere.be\/fr\/#\/schema\/person\/7976225ff17988604334abb7b3536a7e","name":"Jean-Paul Erhard","image":{"@type":"ImageObject","inLanguage":"fr-FR","@id":"https:\/\/peoplesphere.be\/fr\/#\/schema\/person\/image\/","url":"https:\/\/secure.gravatar.com\/avatar\/f941e681460179738071629a51574930?s=96&d=mm&r=g","contentUrl":"https:\/\/secure.gravatar.com\/avatar\/f941e681460179738071629a51574930?s=96&d=mm&r=g","caption":"Jean-Paul Erhard"},"url":"https:\/\/peoplesphere.be\/fr\/author\/jpe\/"}]}},"_links":{"self":[{"href":"https:\/\/peoplesphere.be\/fr\/wp-json\/wp\/v2\/posts\/15942"}],"collection":[{"href":"https:\/\/peoplesphere.be\/fr\/wp-json\/wp\/v2\/posts"}],"about":[{"href":"https:\/\/peoplesphere.be\/fr\/wp-json\/wp\/v2\/types\/post"}],"author":[{"embeddable":true,"href":"https:\/\/peoplesphere.be\/fr\/wp-json\/wp\/v2\/users\/2"}],"replies":[{"embeddable":true,"href":"https:\/\/peoplesphere.be\/fr\/wp-json\/wp\/v2\/comments?post=15942"}],"version-history":[{"count":4,"href":"https:\/\/peoplesphere.be\/fr\/wp-json\/wp\/v2\/posts\/15942\/revisions"}],"predecessor-version":[{"id":15946,"href":"https:\/\/peoplesphere.be\/fr\/wp-json\/wp\/v2\/posts\/15942\/revisions\/15946"}],"wp:attachment":[{"href":"https:\/\/peoplesphere.be\/fr\/wp-json\/wp\/v2\/media?parent=15942"}],"wp:term":[{"taxonomy":"category","embeddable":true,"href":"https:\/\/peoplesphere.be\/fr\/wp-json\/wp\/v2\/categories?post=15942"},{"taxonomy":"post_tag","embeddable":true,"href":"https:\/\/peoplesphere.be\/fr\/wp-json\/wp\/v2\/tags?post=15942"}],"curies":[{"name":"wp","href":"https:\/\/api.w.org\/{rel}","templated":true}]}}