









{"id":15950,"date":"2024-03-29T18:11:58","date_gmt":"2024-03-29T16:11:58","guid":{"rendered":"https:\/\/peoplesphere.be\/fr\/?p=15950"},"modified":"2024-03-29T18:11:58","modified_gmt":"2024-03-29T16:11:58","slug":"mobilite-interregionale-19-de-participants-a-la-werkweek-semaine-du-travail-en-flandre-pour-les-chercheurs-demploi-francophones","status":"publish","type":"post","link":"https:\/\/peoplesphere.be\/fr\/mobilite-interregionale-19-de-participants-a-la-werkweek-semaine-du-travail-en-flandre-pour-les-chercheurs-demploi-francophones\/","title":{"rendered":"Mobilit\u00e9 interr\u00e9gionale: +19% de participants \u00e0 la Werkweek, semaine du travail en Flandre pour les chercheurs d&#8217;emploi francophones."},"content":{"rendered":"<p>Du 25 au 29 mars, le Forem organisait la semaine du travail en Flandre, la Werkweek, pour sensibiliser les chercheurs d\u2019emploi wallons aux opportunit\u00e9s situ\u00e9es au Nord du pays. Lors de cette semaine de l\u2019emploi en Flandre, 30 activit\u00e9s dont 3 visites d\u2019entreprises et 3 jobdays ont \u00e9t\u00e9 organis\u00e9es, 568 personnes ont d\u00e9cid\u00e9 de participer soit 19% de plus que lors de la derni\u00e8re \u00e9dition.<!--more--><\/p>\n<p>Pour encourager les chercheurs d\u2019emploi wallons \u00e0 traverser la fronti\u00e8re linguistique, le Forem a organis\u00e9, en collaboration avec le VDAB, une premi\u00e8re Werkweek 2024 au cours de laquelle 30 activit\u00e9s ont pris place. Parmi les activit\u00e9s organis\u00e9es, les services publics de l\u2019emploi proposaient des s\u00e9ances d\u2019information sur les possibilit\u00e9s de travailler en Flandre et sur les formations en langues, 3 jobdays, des tables de conversation, des ateliers de pr\u00e9paration aux entretiens d\u2019embauche ou encore 3 visites d\u2019entreprises du nord du pays.<\/p>\n<h3><strong><em>Des opportunit\u00e9s d\u2019emploi pas encore assez connues<\/em><\/strong><\/h3>\n<p>Selon les derniers chiffres que vient de communiquer Statbel (mars 2024), 45.000 Wallonnes et Wallons se d\u00e9placent chaque jour en Flandre pour travailler. Pour encourager davantage encore de chercheurs d\u2019emploi \u00e0 travailler au nord du pays, le Forem diffuse, actuellement, plus de 15.000 offres d\u2019emploi transmises en majorit\u00e9 par le VDAB, dont plus de 12.000 sont des CDI (soit 80 % des postes \u00e0 pourvoir).<\/p>\n<p>Parmi ces offres d\u2019emploi, voici le top 10 (m\u00e9tiers &gt; nombre d\u2019offres)<\/p>\n<ul>\n<li>Enseignant \/ Enseignante dans l\u2019enseignement secondaire &gt;614<\/li>\n<li>Infirmier \/ Infirmi\u00e8re &gt; 560<\/li>\n<li>Assistant commercial \/ Assistante commerciale &gt; 481<\/li>\n<li>Comptable &gt; 401<\/li>\n<li>D\u00e9l\u00e9gu\u00e9 commercial \/ D\u00e9l\u00e9gu\u00e9e commerciale grands comptes et entreprises &gt; 381<\/li>\n<li>\u00c9lectrom\u00e9canicien \/ \u00c9lectrom\u00e9canicienne de maintenance industrielle &gt; 380<\/li>\n<li>Accueillant \/ Accueillante d\u2019enfant &gt; 350<\/li>\n<li>Enseignant \/ Enseignante dans l\u2019enseignement maternel ou primaire &gt; 287<\/li>\n<li>Employ\u00e9 \/ Employ\u00e9e de magasin &gt; 284<\/li>\n<li>Aide-soignant \/ Aide-soignante &gt; 271<\/li>\n<\/ul>\n<p>Si la collaboration entre les services du Forem et du VDAB se donne pour priorit\u00e9 de proposer des emplois vacants en Flandre qui correspondent \u00e0 des profils pour lesquels la Wallonie dispose d\u2019un important volume de main-d\u2019\u0153uvre disponible, force est de constater qu\u2019une majorit\u00e9 des opportunit\u00e9s d\u2019emploi re\u00e7ues des entreprises du Nord du pays concernent des m\u00e9tiers en tension de recrutement aussi en Wallonie.<\/p>\n<p>Pour renforcer encore l\u2019engouement des francophones pour les opportunit\u00e9s d\u2019emploi en Flandre (+19% de chercheurs d\u2019emploi inscrits lors de cette nouvelle \u00e9dition de la Werkweek), il est important de continuer \u00e0 briser les st\u00e9r\u00e9otypes sur la crainte de travailler en Flandre et l\u2019accueil r\u00e9serv\u00e9 aux candidats, le contexte socio-culturel flamand et la barri\u00e8re que pourrait repr\u00e9senter une mauvaise ma\u00eetrise du n\u00e9erlandais. Il est \u00e9galement essentiel que les opportunit\u00e9s d\u2019emploi transmises par le VDAB puissent davantage concerner des m\u00e9tiers qui ne sont pas en tension de recrutement en Wallonie.<\/p>\n<p>Cette premi\u00e8re Werkweek 2024 a rencontr\u00e9 un vrai succ\u00e8s dont les 2 services de l\u2019emploi se r\u00e9jouissent. Sans attendre, le travail des conseillers Forem en mobilit\u00e9 interr\u00e9gionale se poursuit. D\u2019ici \u00e0 la fin mai, 15 \u00e9v\u00e9nements visant \u00e0 booster encore la mobilit\u00e9 interr\u00e9gionale sont d\u00e9j\u00e0 planifi\u00e9s.<\/p>\n","protected":false},"excerpt":{"rendered":"<p>Du 25 au 29 mars, le Forem organisait la semaine du travail en Flandre, la Werkweek, pour sensibiliser les chercheurs d\u2019emploi wallons aux opportunit\u00e9s situ\u00e9es au Nord du pays. Lors de cette semaine de l\u2019emploi en Flandre, 30 activit\u00e9s dont [&hellip;]<\/p>\n","protected":false},"author":2,"featured_media":0,"comment_status":"closed","ping_status":"open","sticky":false,"template":"","format":"standard","meta":[],"categories":[65,10],"tags":[1407,1777,72,2782],"yoast_head":"<!-- This site is optimized with the Yoast SEO plugin v21.0 - https:\/\/yoast.com\/wordpress\/plugins\/seo\/ -->\n<title>Mobilit\u00e9 interr\u00e9gionale: +19% de participants \u00e0 la Werkweek, semaine du travail en Flandre pour les chercheurs d&#039;emploi francophones. - Peoplesphere<\/title>\n<meta name=\"robots\" content=\"index, follow, max-snippet:-1, max-image-preview:large, max-video-preview:-1\" \/>\n<link rel=\"canonical\" href=\"https:\/\/peoplesphere.be\/fr\/mobilite-interregionale-19-de-participants-a-la-werkweek-semaine-du-travail-en-flandre-pour-les-chercheurs-demploi-francophones\/\" \/>\n<meta property=\"og:locale\" content=\"fr_FR\" \/>\n<meta property=\"og:type\" content=\"article\" \/>\n<meta property=\"og:title\" content=\"Mobilit\u00e9 interr\u00e9gionale: +19% de participants \u00e0 la Werkweek, semaine du travail en Flandre pour les chercheurs d&#039;emploi francophones. - Peoplesphere\" \/>\n<meta property=\"og:description\" content=\"Du 25 au 29 mars, le Forem organisait la semaine du travail en Flandre, la Werkweek, pour sensibiliser les chercheurs d\u2019emploi wallons aux opportunit\u00e9s situ\u00e9es au Nord du pays. Lors de cette semaine de l\u2019emploi en Flandre, 30 activit\u00e9s dont [&hellip;]\" \/>\n<meta property=\"og:url\" content=\"https:\/\/peoplesphere.be\/fr\/mobilite-interregionale-19-de-participants-a-la-werkweek-semaine-du-travail-en-flandre-pour-les-chercheurs-demploi-francophones\/\" \/>\n<meta property=\"og:site_name\" content=\"Peoplesphere\" \/>\n<meta property=\"article:publisher\" content=\"https:\/\/www.facebook.com\/peoplesphere\" \/>\n<meta property=\"article:published_time\" content=\"2024-03-29T16:11:58+00:00\" \/>\n<meta property=\"og:image\" content=\"http:\/\/www.peoplesphere.be\/fr\/wp-content\/uploads\/2016\/07\/facebook-default-posting-1200x628px.jpg\" \/>\n<meta name=\"author\" content=\"Jean-Paul Erhard\" \/>\n<meta name=\"twitter:card\" content=\"summary_large_image\" \/>\n<meta name=\"twitter:creator\" content=\"@PeoplesphereMag\" \/>\n<meta name=\"twitter:site\" content=\"@PeoplesphereMag\" \/>\n<meta name=\"twitter:label1\" content=\"\u00c9crit par\" \/>\n\t<meta name=\"twitter:data1\" content=\"Jean-Paul Erhard\" \/>\n\t<meta name=\"twitter:label2\" content=\"Dur\u00e9e de lecture estim\u00e9e\" \/>\n\t<meta name=\"twitter:data2\" content=\"3 minutes\" \/>\n<script type=\"application\/ld+json\" class=\"yoast-schema-graph\">{\"@context\":\"https:\/\/schema.org\",\"@graph\":[{\"@type\":\"Article\",\"@id\":\"https:\/\/peoplesphere.be\/fr\/mobilite-interregionale-19-de-participants-a-la-werkweek-semaine-du-travail-en-flandre-pour-les-chercheurs-demploi-francophones\/#article\",\"isPartOf\":{\"@id\":\"https:\/\/peoplesphere.be\/fr\/mobilite-interregionale-19-de-participants-a-la-werkweek-semaine-du-travail-en-flandre-pour-les-chercheurs-demploi-francophones\/\"},\"author\":{\"name\":\"Jean-Paul Erhard\",\"@id\":\"https:\/\/peoplesphere.be\/fr\/#\/schema\/person\/7976225ff17988604334abb7b3536a7e\"},\"headline\":\"Mobilit\u00e9 interr\u00e9gionale: +19% de participants \u00e0 la Werkweek, semaine du travail en Flandre pour les chercheurs d&#8217;emploi francophones.\",\"datePublished\":\"2024-03-29T16:11:58+00:00\",\"dateModified\":\"2024-03-29T16:11:58+00:00\",\"mainEntityOfPage\":{\"@id\":\"https:\/\/peoplesphere.be\/fr\/mobilite-interregionale-19-de-participants-a-la-werkweek-semaine-du-travail-en-flandre-pour-les-chercheurs-demploi-francophones\/\"},\"wordCount\":541,\"publisher\":{\"@id\":\"https:\/\/peoplesphere.be\/fr\/#organization\"},\"keywords\":[\"chercheurs d'emploi\",\"mobilit\u00e9 interr\u00e9gionale\",\"recrutement\",\"Werkweek\"],\"articleSection\":[\"Actualit\u00e9s\",\"Digital\"],\"inLanguage\":\"fr-FR\"},{\"@type\":\"WebPage\",\"@id\":\"https:\/\/peoplesphere.be\/fr\/mobilite-interregionale-19-de-participants-a-la-werkweek-semaine-du-travail-en-flandre-pour-les-chercheurs-demploi-francophones\/\",\"url\":\"https:\/\/peoplesphere.be\/fr\/mobilite-interregionale-19-de-participants-a-la-werkweek-semaine-du-travail-en-flandre-pour-les-chercheurs-demploi-francophones\/\",\"name\":\"Mobilit\u00e9 interr\u00e9gionale: +19% de participants \u00e0 la Werkweek, semaine du travail en Flandre pour les chercheurs d'emploi francophones. - Peoplesphere\",\"isPartOf\":{\"@id\":\"https:\/\/peoplesphere.be\/fr\/#website\"},\"datePublished\":\"2024-03-29T16:11:58+00:00\",\"dateModified\":\"2024-03-29T16:11:58+00:00\",\"breadcrumb\":{\"@id\":\"https:\/\/peoplesphere.be\/fr\/mobilite-interregionale-19-de-participants-a-la-werkweek-semaine-du-travail-en-flandre-pour-les-chercheurs-demploi-francophones\/#breadcrumb\"},\"inLanguage\":\"fr-FR\",\"potentialAction\":[{\"@type\":\"ReadAction\",\"target\":[\"https:\/\/peoplesphere.be\/fr\/mobilite-interregionale-19-de-participants-a-la-werkweek-semaine-du-travail-en-flandre-pour-les-chercheurs-demploi-francophones\/\"]}]},{\"@type\":\"BreadcrumbList\",\"@id\":\"https:\/\/peoplesphere.be\/fr\/mobilite-interregionale-19-de-participants-a-la-werkweek-semaine-du-travail-en-flandre-pour-les-chercheurs-demploi-francophones\/#breadcrumb\",\"itemListElement\":[{\"@type\":\"ListItem\",\"position\":1,\"name\":\"Accueil\",\"item\":\"https:\/\/peoplesphere.be\/fr\/\"},{\"@type\":\"ListItem\",\"position\":2,\"name\":\"Mobilit\u00e9 interr\u00e9gionale: +19% de participants \u00e0 la Werkweek, semaine du travail en Flandre pour les chercheurs d&#8217;emploi francophones.\"}]},{\"@type\":\"WebSite\",\"@id\":\"https:\/\/peoplesphere.be\/fr\/#website\",\"url\":\"https:\/\/peoplesphere.be\/fr\/\",\"name\":\"Peoplesphere\",\"description\":\"The People Managers Magazine\",\"publisher\":{\"@id\":\"https:\/\/peoplesphere.be\/fr\/#organization\"},\"potentialAction\":[{\"@type\":\"SearchAction\",\"target\":{\"@type\":\"EntryPoint\",\"urlTemplate\":\"https:\/\/peoplesphere.be\/fr\/?s={search_term_string}\"},\"query-input\":\"required name=search_term_string\"}],\"inLanguage\":\"fr-FR\"},{\"@type\":\"Organization\",\"@id\":\"https:\/\/peoplesphere.be\/fr\/#organization\",\"name\":\"Peoplesphere Company srl\",\"url\":\"https:\/\/peoplesphere.be\/fr\/\",\"logo\":{\"@type\":\"ImageObject\",\"inLanguage\":\"fr-FR\",\"@id\":\"https:\/\/peoplesphere.be\/fr\/#\/schema\/logo\/image\/\",\"url\":\"https:\/\/peoplesphere.be\/fr\/wp-content\/uploads\/2023\/07\/peoplesphere-lgo-new-generik.jpg\",\"contentUrl\":\"https:\/\/peoplesphere.be\/fr\/wp-content\/uploads\/2023\/07\/peoplesphere-lgo-new-generik.jpg\",\"width\":1031,\"height\":1479,\"caption\":\"Peoplesphere Company srl\"},\"image\":{\"@id\":\"https:\/\/peoplesphere.be\/fr\/#\/schema\/logo\/image\/\"},\"sameAs\":[\"https:\/\/www.facebook.com\/peoplesphere\",\"https:\/\/twitter.com\/PeoplesphereMag\",\"https:\/\/www.linkedin.com\/company\/7587361?trk\",\"http:\/\/youtube.com\/peoplesphere\"]},{\"@type\":\"Person\",\"@id\":\"https:\/\/peoplesphere.be\/fr\/#\/schema\/person\/7976225ff17988604334abb7b3536a7e\",\"name\":\"Jean-Paul Erhard\",\"image\":{\"@type\":\"ImageObject\",\"inLanguage\":\"fr-FR\",\"@id\":\"https:\/\/peoplesphere.be\/fr\/#\/schema\/person\/image\/\",\"url\":\"https:\/\/secure.gravatar.com\/avatar\/f941e681460179738071629a51574930?s=96&d=mm&r=g\",\"contentUrl\":\"https:\/\/secure.gravatar.com\/avatar\/f941e681460179738071629a51574930?s=96&d=mm&r=g\",\"caption\":\"Jean-Paul Erhard\"},\"url\":\"https:\/\/peoplesphere.be\/fr\/author\/jpe\/\"}]}<\/script>\n<!-- \/ Yoast SEO plugin. -->","yoast_head_json":{"title":"Mobilit\u00e9 interr\u00e9gionale: +19% de participants \u00e0 la Werkweek, semaine du travail en Flandre pour les chercheurs d'emploi francophones. - Peoplesphere","robots":{"index":"index","follow":"follow","max-snippet":"max-snippet:-1","max-image-preview":"max-image-preview:large","max-video-preview":"max-video-preview:-1"},"canonical":"https:\/\/peoplesphere.be\/fr\/mobilite-interregionale-19-de-participants-a-la-werkweek-semaine-du-travail-en-flandre-pour-les-chercheurs-demploi-francophones\/","og_locale":"fr_FR","og_type":"article","og_title":"Mobilit\u00e9 interr\u00e9gionale: +19% de participants \u00e0 la Werkweek, semaine du travail en Flandre pour les chercheurs d'emploi francophones. - Peoplesphere","og_description":"Du 25 au 29 mars, le Forem organisait la semaine du travail en Flandre, la Werkweek, pour sensibiliser les chercheurs d\u2019emploi wallons aux opportunit\u00e9s situ\u00e9es au Nord du pays. Lors de cette semaine de l\u2019emploi en Flandre, 30 activit\u00e9s dont [&hellip;]","og_url":"https:\/\/peoplesphere.be\/fr\/mobilite-interregionale-19-de-participants-a-la-werkweek-semaine-du-travail-en-flandre-pour-les-chercheurs-demploi-francophones\/","og_site_name":"Peoplesphere","article_publisher":"https:\/\/www.facebook.com\/peoplesphere","article_published_time":"2024-03-29T16:11:58+00:00","og_image":[{"url":"http:\/\/www.peoplesphere.be\/fr\/wp-content\/uploads\/2016\/07\/facebook-default-posting-1200x628px.jpg"}],"author":"Jean-Paul Erhard","twitter_card":"summary_large_image","twitter_creator":"@PeoplesphereMag","twitter_site":"@PeoplesphereMag","twitter_misc":{"\u00c9crit par":"Jean-Paul Erhard","Dur\u00e9e de lecture estim\u00e9e":"3 minutes"},"schema":{"@context":"https:\/\/schema.org","@graph":[{"@type":"Article","@id":"https:\/\/peoplesphere.be\/fr\/mobilite-interregionale-19-de-participants-a-la-werkweek-semaine-du-travail-en-flandre-pour-les-chercheurs-demploi-francophones\/#article","isPartOf":{"@id":"https:\/\/peoplesphere.be\/fr\/mobilite-interregionale-19-de-participants-a-la-werkweek-semaine-du-travail-en-flandre-pour-les-chercheurs-demploi-francophones\/"},"author":{"name":"Jean-Paul Erhard","@id":"https:\/\/peoplesphere.be\/fr\/#\/schema\/person\/7976225ff17988604334abb7b3536a7e"},"headline":"Mobilit\u00e9 interr\u00e9gionale: +19% de participants \u00e0 la Werkweek, semaine du travail en Flandre pour les chercheurs d&#8217;emploi francophones.","datePublished":"2024-03-29T16:11:58+00:00","dateModified":"2024-03-29T16:11:58+00:00","mainEntityOfPage":{"@id":"https:\/\/peoplesphere.be\/fr\/mobilite-interregionale-19-de-participants-a-la-werkweek-semaine-du-travail-en-flandre-pour-les-chercheurs-demploi-francophones\/"},"wordCount":541,"publisher":{"@id":"https:\/\/peoplesphere.be\/fr\/#organization"},"keywords":["chercheurs d'emploi","mobilit\u00e9 interr\u00e9gionale","recrutement","Werkweek"],"articleSection":["Actualit\u00e9s","Digital"],"inLanguage":"fr-FR"},{"@type":"WebPage","@id":"https:\/\/peoplesphere.be\/fr\/mobilite-interregionale-19-de-participants-a-la-werkweek-semaine-du-travail-en-flandre-pour-les-chercheurs-demploi-francophones\/","url":"https:\/\/peoplesphere.be\/fr\/mobilite-interregionale-19-de-participants-a-la-werkweek-semaine-du-travail-en-flandre-pour-les-chercheurs-demploi-francophones\/","name":"Mobilit\u00e9 interr\u00e9gionale: +19% de participants \u00e0 la Werkweek, semaine du travail en Flandre pour les chercheurs d'emploi francophones. - Peoplesphere","isPartOf":{"@id":"https:\/\/peoplesphere.be\/fr\/#website"},"datePublished":"2024-03-29T16:11:58+00:00","dateModified":"2024-03-29T16:11:58+00:00","breadcrumb":{"@id":"https:\/\/peoplesphere.be\/fr\/mobilite-interregionale-19-de-participants-a-la-werkweek-semaine-du-travail-en-flandre-pour-les-chercheurs-demploi-francophones\/#breadcrumb"},"inLanguage":"fr-FR","potentialAction":[{"@type":"ReadAction","target":["https:\/\/peoplesphere.be\/fr\/mobilite-interregionale-19-de-participants-a-la-werkweek-semaine-du-travail-en-flandre-pour-les-chercheurs-demploi-francophones\/"]}]},{"@type":"BreadcrumbList","@id":"https:\/\/peoplesphere.be\/fr\/mobilite-interregionale-19-de-participants-a-la-werkweek-semaine-du-travail-en-flandre-pour-les-chercheurs-demploi-francophones\/#breadcrumb","itemListElement":[{"@type":"ListItem","position":1,"name":"Accueil","item":"https:\/\/peoplesphere.be\/fr\/"},{"@type":"ListItem","position":2,"name":"Mobilit\u00e9 interr\u00e9gionale: +19% de participants \u00e0 la Werkweek, semaine du travail en Flandre pour les chercheurs d&#8217;emploi francophones."}]},{"@type":"WebSite","@id":"https:\/\/peoplesphere.be\/fr\/#website","url":"https:\/\/peoplesphere.be\/fr\/","name":"Peoplesphere","description":"The People Managers Magazine","publisher":{"@id":"https:\/\/peoplesphere.be\/fr\/#organization"},"potentialAction":[{"@type":"SearchAction","target":{"@type":"EntryPoint","urlTemplate":"https:\/\/peoplesphere.be\/fr\/?s={search_term_string}"},"query-input":"required name=search_term_string"}],"inLanguage":"fr-FR"},{"@type":"Organization","@id":"https:\/\/peoplesphere.be\/fr\/#organization","name":"Peoplesphere Company srl","url":"https:\/\/peoplesphere.be\/fr\/","logo":{"@type":"ImageObject","inLanguage":"fr-FR","@id":"https:\/\/peoplesphere.be\/fr\/#\/schema\/logo\/image\/","url":"https:\/\/peoplesphere.be\/fr\/wp-content\/uploads\/2023\/07\/peoplesphere-lgo-new-generik.jpg","contentUrl":"https:\/\/peoplesphere.be\/fr\/wp-content\/uploads\/2023\/07\/peoplesphere-lgo-new-generik.jpg","width":1031,"height":1479,"caption":"Peoplesphere Company srl"},"image":{"@id":"https:\/\/peoplesphere.be\/fr\/#\/schema\/logo\/image\/"},"sameAs":["https:\/\/www.facebook.com\/peoplesphere","https:\/\/twitter.com\/PeoplesphereMag","https:\/\/www.linkedin.com\/company\/7587361?trk","http:\/\/youtube.com\/peoplesphere"]},{"@type":"Person","@id":"https:\/\/peoplesphere.be\/fr\/#\/schema\/person\/7976225ff17988604334abb7b3536a7e","name":"Jean-Paul Erhard","image":{"@type":"ImageObject","inLanguage":"fr-FR","@id":"https:\/\/peoplesphere.be\/fr\/#\/schema\/person\/image\/","url":"https:\/\/secure.gravatar.com\/avatar\/f941e681460179738071629a51574930?s=96&d=mm&r=g","contentUrl":"https:\/\/secure.gravatar.com\/avatar\/f941e681460179738071629a51574930?s=96&d=mm&r=g","caption":"Jean-Paul Erhard"},"url":"https:\/\/peoplesphere.be\/fr\/author\/jpe\/"}]}},"_links":{"self":[{"href":"https:\/\/peoplesphere.be\/fr\/wp-json\/wp\/v2\/posts\/15950"}],"collection":[{"href":"https:\/\/peoplesphere.be\/fr\/wp-json\/wp\/v2\/posts"}],"about":[{"href":"https:\/\/peoplesphere.be\/fr\/wp-json\/wp\/v2\/types\/post"}],"author":[{"embeddable":true,"href":"https:\/\/peoplesphere.be\/fr\/wp-json\/wp\/v2\/users\/2"}],"replies":[{"embeddable":true,"href":"https:\/\/peoplesphere.be\/fr\/wp-json\/wp\/v2\/comments?post=15950"}],"version-history":[{"count":1,"href":"https:\/\/peoplesphere.be\/fr\/wp-json\/wp\/v2\/posts\/15950\/revisions"}],"predecessor-version":[{"id":15951,"href":"https:\/\/peoplesphere.be\/fr\/wp-json\/wp\/v2\/posts\/15950\/revisions\/15951"}],"wp:attachment":[{"href":"https:\/\/peoplesphere.be\/fr\/wp-json\/wp\/v2\/media?parent=15950"}],"wp:term":[{"taxonomy":"category","embeddable":true,"href":"https:\/\/peoplesphere.be\/fr\/wp-json\/wp\/v2\/categories?post=15950"},{"taxonomy":"post_tag","embeddable":true,"href":"https:\/\/peoplesphere.be\/fr\/wp-json\/wp\/v2\/tags?post=15950"}],"curies":[{"name":"wp","href":"https:\/\/api.w.org\/{rel}","templated":true}]}}