









{"id":15955,"date":"2024-03-31T07:29:43","date_gmt":"2024-03-31T05:29:43","guid":{"rendered":"https:\/\/peoplesphere.be\/fr\/?p=15955"},"modified":"2024-04-02T07:34:46","modified_gmt":"2024-04-02T05:34:46","slug":"la-wallonie-presente-un-taux-de-neet-jeunes-sans-travail-et-exclu-de-la-formation-pres-de-2x-superieur-a-celui-de-la-flandre","status":"publish","type":"post","link":"https:\/\/peoplesphere.be\/fr\/la-wallonie-presente-un-taux-de-neet-jeunes-sans-travail-et-exclu-de-la-formation-pres-de-2x-superieur-a-celui-de-la-flandre\/","title":{"rendered":"La Wallonie pr\u00e9sente un taux de NEET &#8211; jeunes sans travail et exclu de la formation &#8211; pr\u00e8s de 2x sup\u00e9rieur \u00e0 celui de la Flandre."},"content":{"rendered":"<p>L\u2019indicateur NEET (young people Neither in Employment nor in Education or Training) est l\u2019un des indicateurs des objectifs de d\u00e9veloppement durable (SDG, Sustainable Development Goals) concernant le travail d\u00e9cent et la croissance \u00e9conomique. Il s\u2019agit du pourcentage de jeunes \u00e2g\u00e9s de 15 \u00e0 29 ans qui ne travaillent pas et ne suivent aucun enseignement ou formation. En 2023, celui-ci atteignait 9,6% des jeunes concern\u00e9s.<!--more--><\/p>\n<p>Ce chiffre est calcul\u00e9 sur la base de l\u2019Enqu\u00eate sur les forces de travail et est estim\u00e9 \u00e0 9,6% en 2023, soit un peu plus qu\u2019en 2022 (9,2%). L\u2019objectif fix\u00e9 de maximum 8,6% de jeunes NEET n\u2019est donc pas encore atteint. Par contre, le chiffre est nettement plus faible qu&rsquo;en 2000, lorsqu&rsquo;il s\u2019\u00e9levait \u00e0 17,2%.<\/p>\n<p>Tous les \u00c9tats membres de l&rsquo;UE utilisent les m\u00eames concepts et m\u00e9thodes harmonis\u00e9s pour calculer le taux de NEET. Cela nous permet de comparer la situation belge avec le taux de NEET des autres \u00c9tats membres de l\u2019UE.<\/p>\n<p>L\u2019indicateur NEET s\u2019\u00e9l\u00e8ve \u00e0 9,8% chez les hommes et \u00e0 9,5% chez les femmes.<\/p>\n<p>Avec 13,0%, la Wallonie a le taux de NEET le plus \u00e9lev\u00e9. Elle est suivie par Bruxelles avec 11,2%, puis par la Flandre avec 7,3%.<\/p>\n<p>&nbsp;<\/p>\n<p><em>Source: Statbel<\/em><\/p>\n","protected":false},"excerpt":{"rendered":"<p>L\u2019indicateur NEET (young people Neither in Employment nor in Education or Training) est l\u2019un des indicateurs des objectifs de d\u00e9veloppement durable (SDG, Sustainable Development Goals) concernant le travail d\u00e9cent et la croissance \u00e9conomique. Il s\u2019agit du pourcentage de jeunes \u00e2g\u00e9s [&hellip;]<\/p>\n","protected":false},"author":2,"featured_media":15956,"comment_status":"closed","ping_status":"open","sticky":false,"template":"","format":"standard","meta":[],"categories":[65,10],"tags":[467,48,966,28],"yoast_head":"<!-- This site is optimized with the Yoast SEO plugin v21.0 - https:\/\/yoast.com\/wordpress\/plugins\/seo\/ -->\n<title>La Wallonie pr\u00e9sente un taux de NEET - jeunes sans travail et exclu de la formation - pr\u00e8s de 2x sup\u00e9rieur \u00e0 celui de la Flandre. - Peoplesphere<\/title>\n<meta name=\"description\" content=\"La Wallonie pr\u00e9sente un taux de NEET - jeunes sans travail et exclu de la formation - pr\u00e8s de 2x sup\u00e9rieur \u00e0 celui de la Flandre.\" \/>\n<meta name=\"robots\" content=\"index, follow, max-snippet:-1, max-image-preview:large, max-video-preview:-1\" \/>\n<link rel=\"canonical\" href=\"https:\/\/peoplesphere.be\/fr\/la-wallonie-presente-un-taux-de-neet-jeunes-sans-travail-et-exclu-de-la-formation-pres-de-2x-superieur-a-celui-de-la-flandre\/\" \/>\n<meta property=\"og:locale\" content=\"fr_FR\" \/>\n<meta property=\"og:type\" content=\"article\" \/>\n<meta property=\"og:title\" content=\"La Wallonie pr\u00e9sente un taux de NEET - jeunes sans travail et exclu de la formation - pr\u00e8s de 2x sup\u00e9rieur \u00e0 celui de la Flandre. - Peoplesphere\" \/>\n<meta property=\"og:description\" content=\"La Wallonie pr\u00e9sente un taux de NEET - jeunes sans travail et exclu de la formation - pr\u00e8s de 2x sup\u00e9rieur \u00e0 celui de la Flandre.\" \/>\n<meta property=\"og:url\" content=\"https:\/\/peoplesphere.be\/fr\/la-wallonie-presente-un-taux-de-neet-jeunes-sans-travail-et-exclu-de-la-formation-pres-de-2x-superieur-a-celui-de-la-flandre\/\" \/>\n<meta property=\"og:site_name\" content=\"Peoplesphere\" \/>\n<meta property=\"article:publisher\" content=\"https:\/\/www.facebook.com\/peoplesphere\" \/>\n<meta property=\"article:published_time\" content=\"2024-03-31T05:29:43+00:00\" \/>\n<meta property=\"article:modified_time\" content=\"2024-04-02T05:34:46+00:00\" \/>\n<meta property=\"og:image\" content=\"https:\/\/peoplesphere.be\/fr\/wp-content\/uploads\/2024\/04\/20240328neet.jpg\" \/>\n\t<meta property=\"og:image:width\" content=\"430\" \/>\n\t<meta property=\"og:image:height\" content=\"287\" \/>\n\t<meta property=\"og:image:type\" content=\"image\/jpeg\" \/>\n<meta name=\"author\" content=\"Jean-Paul Erhard\" \/>\n<meta name=\"twitter:card\" content=\"summary_large_image\" \/>\n<meta name=\"twitter:creator\" content=\"@PeoplesphereMag\" \/>\n<meta name=\"twitter:site\" content=\"@PeoplesphereMag\" \/>\n<meta name=\"twitter:label1\" content=\"\u00c9crit par\" \/>\n\t<meta name=\"twitter:data1\" content=\"Jean-Paul Erhard\" \/>\n\t<meta name=\"twitter:label2\" content=\"Dur\u00e9e de lecture estim\u00e9e\" \/>\n\t<meta name=\"twitter:data2\" content=\"2 minutes\" \/>\n<script type=\"application\/ld+json\" class=\"yoast-schema-graph\">{\"@context\":\"https:\/\/schema.org\",\"@graph\":[{\"@type\":\"Article\",\"@id\":\"https:\/\/peoplesphere.be\/fr\/la-wallonie-presente-un-taux-de-neet-jeunes-sans-travail-et-exclu-de-la-formation-pres-de-2x-superieur-a-celui-de-la-flandre\/#article\",\"isPartOf\":{\"@id\":\"https:\/\/peoplesphere.be\/fr\/la-wallonie-presente-un-taux-de-neet-jeunes-sans-travail-et-exclu-de-la-formation-pres-de-2x-superieur-a-celui-de-la-flandre\/\"},\"author\":{\"name\":\"Jean-Paul Erhard\",\"@id\":\"https:\/\/peoplesphere.be\/fr\/#\/schema\/person\/7976225ff17988604334abb7b3536a7e\"},\"headline\":\"La Wallonie pr\u00e9sente un taux de NEET &#8211; jeunes sans travail et exclu de la formation &#8211; pr\u00e8s de 2x sup\u00e9rieur \u00e0 celui de la Flandre.\",\"datePublished\":\"2024-03-31T05:29:43+00:00\",\"dateModified\":\"2024-04-02T05:34:46+00:00\",\"mainEntityOfPage\":{\"@id\":\"https:\/\/peoplesphere.be\/fr\/la-wallonie-presente-un-taux-de-neet-jeunes-sans-travail-et-exclu-de-la-formation-pres-de-2x-superieur-a-celui-de-la-flandre\/\"},\"wordCount\":226,\"publisher\":{\"@id\":\"https:\/\/peoplesphere.be\/fr\/#organization\"},\"keywords\":[\"enseignement\",\"Formation\",\"NEET\",\"Wallonie\"],\"articleSection\":[\"Actualit\u00e9s\",\"Digital\"],\"inLanguage\":\"fr-FR\"},{\"@type\":\"WebPage\",\"@id\":\"https:\/\/peoplesphere.be\/fr\/la-wallonie-presente-un-taux-de-neet-jeunes-sans-travail-et-exclu-de-la-formation-pres-de-2x-superieur-a-celui-de-la-flandre\/\",\"url\":\"https:\/\/peoplesphere.be\/fr\/la-wallonie-presente-un-taux-de-neet-jeunes-sans-travail-et-exclu-de-la-formation-pres-de-2x-superieur-a-celui-de-la-flandre\/\",\"name\":\"La Wallonie pr\u00e9sente un taux de NEET - jeunes sans travail et exclu de la formation - pr\u00e8s de 2x sup\u00e9rieur \u00e0 celui de la Flandre. - Peoplesphere\",\"isPartOf\":{\"@id\":\"https:\/\/peoplesphere.be\/fr\/#website\"},\"datePublished\":\"2024-03-31T05:29:43+00:00\",\"dateModified\":\"2024-04-02T05:34:46+00:00\",\"description\":\"La Wallonie pr\u00e9sente un taux de NEET - jeunes sans travail et exclu de la formation - pr\u00e8s de 2x sup\u00e9rieur \u00e0 celui de la Flandre.\",\"breadcrumb\":{\"@id\":\"https:\/\/peoplesphere.be\/fr\/la-wallonie-presente-un-taux-de-neet-jeunes-sans-travail-et-exclu-de-la-formation-pres-de-2x-superieur-a-celui-de-la-flandre\/#breadcrumb\"},\"inLanguage\":\"fr-FR\",\"potentialAction\":[{\"@type\":\"ReadAction\",\"target\":[\"https:\/\/peoplesphere.be\/fr\/la-wallonie-presente-un-taux-de-neet-jeunes-sans-travail-et-exclu-de-la-formation-pres-de-2x-superieur-a-celui-de-la-flandre\/\"]}]},{\"@type\":\"BreadcrumbList\",\"@id\":\"https:\/\/peoplesphere.be\/fr\/la-wallonie-presente-un-taux-de-neet-jeunes-sans-travail-et-exclu-de-la-formation-pres-de-2x-superieur-a-celui-de-la-flandre\/#breadcrumb\",\"itemListElement\":[{\"@type\":\"ListItem\",\"position\":1,\"name\":\"Accueil\",\"item\":\"https:\/\/peoplesphere.be\/fr\/\"},{\"@type\":\"ListItem\",\"position\":2,\"name\":\"La Wallonie pr\u00e9sente un taux de NEET &#8211; jeunes sans travail et exclu de la formation &#8211; pr\u00e8s de 2x sup\u00e9rieur \u00e0 celui de la Flandre.\"}]},{\"@type\":\"WebSite\",\"@id\":\"https:\/\/peoplesphere.be\/fr\/#website\",\"url\":\"https:\/\/peoplesphere.be\/fr\/\",\"name\":\"Peoplesphere\",\"description\":\"The People Managers Magazine\",\"publisher\":{\"@id\":\"https:\/\/peoplesphere.be\/fr\/#organization\"},\"potentialAction\":[{\"@type\":\"SearchAction\",\"target\":{\"@type\":\"EntryPoint\",\"urlTemplate\":\"https:\/\/peoplesphere.be\/fr\/?s={search_term_string}\"},\"query-input\":\"required name=search_term_string\"}],\"inLanguage\":\"fr-FR\"},{\"@type\":\"Organization\",\"@id\":\"https:\/\/peoplesphere.be\/fr\/#organization\",\"name\":\"Peoplesphere Company srl\",\"url\":\"https:\/\/peoplesphere.be\/fr\/\",\"logo\":{\"@type\":\"ImageObject\",\"inLanguage\":\"fr-FR\",\"@id\":\"https:\/\/peoplesphere.be\/fr\/#\/schema\/logo\/image\/\",\"url\":\"https:\/\/peoplesphere.be\/fr\/wp-content\/uploads\/2023\/07\/peoplesphere-lgo-new-generik.jpg\",\"contentUrl\":\"https:\/\/peoplesphere.be\/fr\/wp-content\/uploads\/2023\/07\/peoplesphere-lgo-new-generik.jpg\",\"width\":1031,\"height\":1479,\"caption\":\"Peoplesphere Company srl\"},\"image\":{\"@id\":\"https:\/\/peoplesphere.be\/fr\/#\/schema\/logo\/image\/\"},\"sameAs\":[\"https:\/\/www.facebook.com\/peoplesphere\",\"https:\/\/twitter.com\/PeoplesphereMag\",\"https:\/\/www.linkedin.com\/company\/7587361?trk\",\"http:\/\/youtube.com\/peoplesphere\"]},{\"@type\":\"Person\",\"@id\":\"https:\/\/peoplesphere.be\/fr\/#\/schema\/person\/7976225ff17988604334abb7b3536a7e\",\"name\":\"Jean-Paul Erhard\",\"image\":{\"@type\":\"ImageObject\",\"inLanguage\":\"fr-FR\",\"@id\":\"https:\/\/peoplesphere.be\/fr\/#\/schema\/person\/image\/\",\"url\":\"https:\/\/secure.gravatar.com\/avatar\/f941e681460179738071629a51574930?s=96&d=mm&r=g\",\"contentUrl\":\"https:\/\/secure.gravatar.com\/avatar\/f941e681460179738071629a51574930?s=96&d=mm&r=g\",\"caption\":\"Jean-Paul Erhard\"},\"url\":\"https:\/\/peoplesphere.be\/fr\/author\/jpe\/\"}]}<\/script>\n<!-- \/ Yoast SEO plugin. -->","yoast_head_json":{"title":"La Wallonie pr\u00e9sente un taux de NEET - jeunes sans travail et exclu de la formation - pr\u00e8s de 2x sup\u00e9rieur \u00e0 celui de la Flandre. - Peoplesphere","description":"La Wallonie pr\u00e9sente un taux de NEET - jeunes sans travail et exclu de la formation - pr\u00e8s de 2x sup\u00e9rieur \u00e0 celui de la Flandre.","robots":{"index":"index","follow":"follow","max-snippet":"max-snippet:-1","max-image-preview":"max-image-preview:large","max-video-preview":"max-video-preview:-1"},"canonical":"https:\/\/peoplesphere.be\/fr\/la-wallonie-presente-un-taux-de-neet-jeunes-sans-travail-et-exclu-de-la-formation-pres-de-2x-superieur-a-celui-de-la-flandre\/","og_locale":"fr_FR","og_type":"article","og_title":"La Wallonie pr\u00e9sente un taux de NEET - jeunes sans travail et exclu de la formation - pr\u00e8s de 2x sup\u00e9rieur \u00e0 celui de la Flandre. - Peoplesphere","og_description":"La Wallonie pr\u00e9sente un taux de NEET - jeunes sans travail et exclu de la formation - pr\u00e8s de 2x sup\u00e9rieur \u00e0 celui de la Flandre.","og_url":"https:\/\/peoplesphere.be\/fr\/la-wallonie-presente-un-taux-de-neet-jeunes-sans-travail-et-exclu-de-la-formation-pres-de-2x-superieur-a-celui-de-la-flandre\/","og_site_name":"Peoplesphere","article_publisher":"https:\/\/www.facebook.com\/peoplesphere","article_published_time":"2024-03-31T05:29:43+00:00","article_modified_time":"2024-04-02T05:34:46+00:00","og_image":[{"width":430,"height":287,"url":"https:\/\/peoplesphere.be\/fr\/wp-content\/uploads\/2024\/04\/20240328neet.jpg","type":"image\/jpeg"}],"author":"Jean-Paul Erhard","twitter_card":"summary_large_image","twitter_creator":"@PeoplesphereMag","twitter_site":"@PeoplesphereMag","twitter_misc":{"\u00c9crit par":"Jean-Paul Erhard","Dur\u00e9e de lecture estim\u00e9e":"2 minutes"},"schema":{"@context":"https:\/\/schema.org","@graph":[{"@type":"Article","@id":"https:\/\/peoplesphere.be\/fr\/la-wallonie-presente-un-taux-de-neet-jeunes-sans-travail-et-exclu-de-la-formation-pres-de-2x-superieur-a-celui-de-la-flandre\/#article","isPartOf":{"@id":"https:\/\/peoplesphere.be\/fr\/la-wallonie-presente-un-taux-de-neet-jeunes-sans-travail-et-exclu-de-la-formation-pres-de-2x-superieur-a-celui-de-la-flandre\/"},"author":{"name":"Jean-Paul Erhard","@id":"https:\/\/peoplesphere.be\/fr\/#\/schema\/person\/7976225ff17988604334abb7b3536a7e"},"headline":"La Wallonie pr\u00e9sente un taux de NEET &#8211; jeunes sans travail et exclu de la formation &#8211; pr\u00e8s de 2x sup\u00e9rieur \u00e0 celui de la Flandre.","datePublished":"2024-03-31T05:29:43+00:00","dateModified":"2024-04-02T05:34:46+00:00","mainEntityOfPage":{"@id":"https:\/\/peoplesphere.be\/fr\/la-wallonie-presente-un-taux-de-neet-jeunes-sans-travail-et-exclu-de-la-formation-pres-de-2x-superieur-a-celui-de-la-flandre\/"},"wordCount":226,"publisher":{"@id":"https:\/\/peoplesphere.be\/fr\/#organization"},"keywords":["enseignement","Formation","NEET","Wallonie"],"articleSection":["Actualit\u00e9s","Digital"],"inLanguage":"fr-FR"},{"@type":"WebPage","@id":"https:\/\/peoplesphere.be\/fr\/la-wallonie-presente-un-taux-de-neet-jeunes-sans-travail-et-exclu-de-la-formation-pres-de-2x-superieur-a-celui-de-la-flandre\/","url":"https:\/\/peoplesphere.be\/fr\/la-wallonie-presente-un-taux-de-neet-jeunes-sans-travail-et-exclu-de-la-formation-pres-de-2x-superieur-a-celui-de-la-flandre\/","name":"La Wallonie pr\u00e9sente un taux de NEET - jeunes sans travail et exclu de la formation - pr\u00e8s de 2x sup\u00e9rieur \u00e0 celui de la Flandre. - Peoplesphere","isPartOf":{"@id":"https:\/\/peoplesphere.be\/fr\/#website"},"datePublished":"2024-03-31T05:29:43+00:00","dateModified":"2024-04-02T05:34:46+00:00","description":"La Wallonie pr\u00e9sente un taux de NEET - jeunes sans travail et exclu de la formation - pr\u00e8s de 2x sup\u00e9rieur \u00e0 celui de la Flandre.","breadcrumb":{"@id":"https:\/\/peoplesphere.be\/fr\/la-wallonie-presente-un-taux-de-neet-jeunes-sans-travail-et-exclu-de-la-formation-pres-de-2x-superieur-a-celui-de-la-flandre\/#breadcrumb"},"inLanguage":"fr-FR","potentialAction":[{"@type":"ReadAction","target":["https:\/\/peoplesphere.be\/fr\/la-wallonie-presente-un-taux-de-neet-jeunes-sans-travail-et-exclu-de-la-formation-pres-de-2x-superieur-a-celui-de-la-flandre\/"]}]},{"@type":"BreadcrumbList","@id":"https:\/\/peoplesphere.be\/fr\/la-wallonie-presente-un-taux-de-neet-jeunes-sans-travail-et-exclu-de-la-formation-pres-de-2x-superieur-a-celui-de-la-flandre\/#breadcrumb","itemListElement":[{"@type":"ListItem","position":1,"name":"Accueil","item":"https:\/\/peoplesphere.be\/fr\/"},{"@type":"ListItem","position":2,"name":"La Wallonie pr\u00e9sente un taux de NEET &#8211; jeunes sans travail et exclu de la formation &#8211; pr\u00e8s de 2x sup\u00e9rieur \u00e0 celui de la Flandre."}]},{"@type":"WebSite","@id":"https:\/\/peoplesphere.be\/fr\/#website","url":"https:\/\/peoplesphere.be\/fr\/","name":"Peoplesphere","description":"The People Managers Magazine","publisher":{"@id":"https:\/\/peoplesphere.be\/fr\/#organization"},"potentialAction":[{"@type":"SearchAction","target":{"@type":"EntryPoint","urlTemplate":"https:\/\/peoplesphere.be\/fr\/?s={search_term_string}"},"query-input":"required name=search_term_string"}],"inLanguage":"fr-FR"},{"@type":"Organization","@id":"https:\/\/peoplesphere.be\/fr\/#organization","name":"Peoplesphere Company srl","url":"https:\/\/peoplesphere.be\/fr\/","logo":{"@type":"ImageObject","inLanguage":"fr-FR","@id":"https:\/\/peoplesphere.be\/fr\/#\/schema\/logo\/image\/","url":"https:\/\/peoplesphere.be\/fr\/wp-content\/uploads\/2023\/07\/peoplesphere-lgo-new-generik.jpg","contentUrl":"https:\/\/peoplesphere.be\/fr\/wp-content\/uploads\/2023\/07\/peoplesphere-lgo-new-generik.jpg","width":1031,"height":1479,"caption":"Peoplesphere Company srl"},"image":{"@id":"https:\/\/peoplesphere.be\/fr\/#\/schema\/logo\/image\/"},"sameAs":["https:\/\/www.facebook.com\/peoplesphere","https:\/\/twitter.com\/PeoplesphereMag","https:\/\/www.linkedin.com\/company\/7587361?trk","http:\/\/youtube.com\/peoplesphere"]},{"@type":"Person","@id":"https:\/\/peoplesphere.be\/fr\/#\/schema\/person\/7976225ff17988604334abb7b3536a7e","name":"Jean-Paul Erhard","image":{"@type":"ImageObject","inLanguage":"fr-FR","@id":"https:\/\/peoplesphere.be\/fr\/#\/schema\/person\/image\/","url":"https:\/\/secure.gravatar.com\/avatar\/f941e681460179738071629a51574930?s=96&d=mm&r=g","contentUrl":"https:\/\/secure.gravatar.com\/avatar\/f941e681460179738071629a51574930?s=96&d=mm&r=g","caption":"Jean-Paul Erhard"},"url":"https:\/\/peoplesphere.be\/fr\/author\/jpe\/"}]}},"_links":{"self":[{"href":"https:\/\/peoplesphere.be\/fr\/wp-json\/wp\/v2\/posts\/15955"}],"collection":[{"href":"https:\/\/peoplesphere.be\/fr\/wp-json\/wp\/v2\/posts"}],"about":[{"href":"https:\/\/peoplesphere.be\/fr\/wp-json\/wp\/v2\/types\/post"}],"author":[{"embeddable":true,"href":"https:\/\/peoplesphere.be\/fr\/wp-json\/wp\/v2\/users\/2"}],"replies":[{"embeddable":true,"href":"https:\/\/peoplesphere.be\/fr\/wp-json\/wp\/v2\/comments?post=15955"}],"version-history":[{"count":1,"href":"https:\/\/peoplesphere.be\/fr\/wp-json\/wp\/v2\/posts\/15955\/revisions"}],"predecessor-version":[{"id":15957,"href":"https:\/\/peoplesphere.be\/fr\/wp-json\/wp\/v2\/posts\/15955\/revisions\/15957"}],"wp:featuredmedia":[{"embeddable":true,"href":"https:\/\/peoplesphere.be\/fr\/wp-json\/wp\/v2\/media\/15956"}],"wp:attachment":[{"href":"https:\/\/peoplesphere.be\/fr\/wp-json\/wp\/v2\/media?parent=15955"}],"wp:term":[{"taxonomy":"category","embeddable":true,"href":"https:\/\/peoplesphere.be\/fr\/wp-json\/wp\/v2\/categories?post=15955"},{"taxonomy":"post_tag","embeddable":true,"href":"https:\/\/peoplesphere.be\/fr\/wp-json\/wp\/v2\/tags?post=15955"}],"curies":[{"name":"wp","href":"https:\/\/api.w.org\/{rel}","templated":true}]}}