









{"id":15961,"date":"2024-04-02T17:19:33","date_gmt":"2024-04-02T15:19:33","guid":{"rendered":"https:\/\/peoplesphere.be\/fr\/?p=15961"},"modified":"2024-04-03T05:15:02","modified_gmt":"2024-04-03T03:15:02","slug":"penurie-de-candidats-il-ny-aura-en-tout-cas-pas-delections-sociales-dans-pres-dune-entreprise-sur-3","status":"publish","type":"post","link":"https:\/\/peoplesphere.be\/fr\/penurie-de-candidats-il-ny-aura-en-tout-cas-pas-delections-sociales-dans-pres-dune-entreprise-sur-3\/","title":{"rendered":"P\u00e9nurie de candidats? Il n&rsquo;y aura en tout cas pas d&rsquo;\u00e9lections sociales dans pr\u00e8s d&rsquo;une entreprise sur 3."},"content":{"rendered":"<p>Les syndicats doivent d\u00e9signer des candidats aux \u00e9lections sociales au plus tard le jour X+35, jour cl\u00e9 de la proc\u00e9dure. Dans presque 1 entreprise sur 3, aucun candidat n\u2019a \u00e9t\u00e9 trouv\u00e9 pour les \u00e9lections sociales ou le nombre de candidats est inf\u00e9rieur au nombre de mandats \u00e0 remporter et ces personnes sont issues d\u2019un seul syndicat. Les proc\u00e9dures dans ces entreprises sont donc interrompues. <!--more--><\/p>\n<p>Il existe quatre cat\u00e9gories de travailleurs, chacune d\u2019entre elles pouvant d\u00e9signer ses propres candidats, conform\u00e9ment \u00e0 certaines r\u00e8gles juridiques. C\u2019est en particulier chez les cadres et les jeunes travailleurs (moins de 25 ans le jour des \u00e9lections) qu\u2019il n\u2019y a pas de candidats ou qu\u2019il y en a tr\u00e8s peu. De nombreuses interruptions doivent \u00e9galement avoir lieu concernant les employ\u00e9s. C\u2019est surtout parmi les ouvriers que de nombreux candidats ont \u00e9t\u00e9 pr\u00e9sent\u00e9s, qui plus est issus de diff\u00e9rents syndicats. Le jour des \u00e9lections r\u00e9v\u00e9lera donc principalement quels ouvriers de quel syndicat obtiendront un si\u00e8ge dans l\u2019un des organes de consultation sociale.<\/p>\n<p>Donatienne Knipping, experte en \u00e9lections sociales chez Acerta Consult, explique : <em>\u00ab\u00a0Les \u00e9lections sociales permettent \u00e0 quelque 2,5 millions de travailleurs d\u2019\u00e9lire les repr\u00e9sentants syndicaux qui si\u00e9geront au Comit\u00e9 pour la pr\u00e9vention et la protection au travail (CPPT) et au Conseil d\u2019entreprise (CE) de leur employeur. Ces organes sont importants, car ils permettent aux collaborateurs d\u2019aborder les politiques de bien-\u00eatre et de s\u00e9curit\u00e9 avec leur employeur (CPPT) ou d\u2019\u00eatre inform\u00e9s de la situation financi\u00e8re et \u00e9conomique de l\u2019entreprise (CE). La principale raison de l\u2019absence de candidats est que dans les petites entreprises, un bon mod\u00e8le de concertation est d\u00e9j\u00e0 en place entre l\u2019employeur et les travailleurs. Ces concertations sont g\u00e9n\u00e9ralement informelles. Il n\u2019y aura pas d\u2019\u00e9lections sociales cette ann\u00e9e dans les entreprises o\u00f9 aucune liste de candidats n\u2019a \u00e9t\u00e9 pr\u00e9sent\u00e9e ou dans lesquelles le nombre de candidats pr\u00e9sent\u00e9s est inf\u00e9rieur au nombre de mandats \u00e0 remporter. Par cons\u00e9quent, aucun Conseil d\u2019entreprise ni Comit\u00e9 pour la pr\u00e9vention et la protection au travail ne doit \u00eatre cr\u00e9\u00e9 dans les entreprises sans candidats. Dans le second cas, les candidats sont \u00e9lus de plein droit.\u00a0\u00bb<\/em><\/p>\n<p>&nbsp;<\/p>\n<p><em>Source: les donn\u00e9es proviennent d\u2019une analyse refl\u00e9tant l\u2019\u00e9tat des listes de candidats introduites aupr\u00e8s d\u2019Acerta Consult le vendredi 29 mars, Les syndicats avaient jusqu&rsquo;au 31 mars pour soumettre leurs candidatures.<\/em><\/p>\n","protected":false},"excerpt":{"rendered":"<p>Les syndicats doivent d\u00e9signer des candidats aux \u00e9lections sociales au plus tard le jour X+35, jour cl\u00e9 de la proc\u00e9dure. Dans presque 1 entreprise sur 3, aucun candidat n\u2019a \u00e9t\u00e9 trouv\u00e9 pour les \u00e9lections sociales ou le nombre de candidats [&hellip;]<\/p>\n","protected":false},"author":2,"featured_media":0,"comment_status":"closed","ping_status":"open","sticky":false,"template":"","format":"standard","meta":[],"categories":[65,10],"tags":[438,332,275,110],"yoast_head":"<!-- This site is optimized with the Yoast SEO plugin v21.0 - https:\/\/yoast.com\/wordpress\/plugins\/seo\/ -->\n<title>P\u00e9nurie de candidats? Il n&#039;y aura en tout cas pas d&#039;\u00e9lections sociales dans pr\u00e8s d&#039;une entreprise sur 3. - Peoplesphere<\/title>\n<meta name=\"robots\" content=\"index, follow, max-snippet:-1, max-image-preview:large, max-video-preview:-1\" \/>\n<link rel=\"canonical\" href=\"https:\/\/peoplesphere.be\/fr\/penurie-de-candidats-il-ny-aura-en-tout-cas-pas-delections-sociales-dans-pres-dune-entreprise-sur-3\/\" \/>\n<meta property=\"og:locale\" content=\"fr_FR\" \/>\n<meta property=\"og:type\" content=\"article\" \/>\n<meta property=\"og:title\" content=\"P\u00e9nurie de candidats? Il n&#039;y aura en tout cas pas d&#039;\u00e9lections sociales dans pr\u00e8s d&#039;une entreprise sur 3. - Peoplesphere\" \/>\n<meta property=\"og:description\" content=\"Les syndicats doivent d\u00e9signer des candidats aux \u00e9lections sociales au plus tard le jour X+35, jour cl\u00e9 de la proc\u00e9dure. Dans presque 1 entreprise sur 3, aucun candidat n\u2019a \u00e9t\u00e9 trouv\u00e9 pour les \u00e9lections sociales ou le nombre de candidats [&hellip;]\" \/>\n<meta property=\"og:url\" content=\"https:\/\/peoplesphere.be\/fr\/penurie-de-candidats-il-ny-aura-en-tout-cas-pas-delections-sociales-dans-pres-dune-entreprise-sur-3\/\" \/>\n<meta property=\"og:site_name\" content=\"Peoplesphere\" \/>\n<meta property=\"article:publisher\" content=\"https:\/\/www.facebook.com\/peoplesphere\" \/>\n<meta property=\"article:published_time\" content=\"2024-04-02T15:19:33+00:00\" \/>\n<meta property=\"article:modified_time\" content=\"2024-04-03T03:15:02+00:00\" \/>\n<meta property=\"og:image\" content=\"http:\/\/www.peoplesphere.be\/fr\/wp-content\/uploads\/2016\/07\/facebook-default-posting-1200x628px.jpg\" \/>\n<meta name=\"author\" content=\"Jean-Paul Erhard\" \/>\n<meta name=\"twitter:card\" content=\"summary_large_image\" \/>\n<meta name=\"twitter:creator\" content=\"@PeoplesphereMag\" \/>\n<meta name=\"twitter:site\" content=\"@PeoplesphereMag\" \/>\n<meta name=\"twitter:label1\" content=\"\u00c9crit par\" \/>\n\t<meta name=\"twitter:data1\" content=\"Jean-Paul Erhard\" \/>\n\t<meta name=\"twitter:label2\" content=\"Dur\u00e9e de lecture estim\u00e9e\" \/>\n\t<meta name=\"twitter:data2\" content=\"2 minutes\" \/>\n<script type=\"application\/ld+json\" class=\"yoast-schema-graph\">{\"@context\":\"https:\/\/schema.org\",\"@graph\":[{\"@type\":\"Article\",\"@id\":\"https:\/\/peoplesphere.be\/fr\/penurie-de-candidats-il-ny-aura-en-tout-cas-pas-delections-sociales-dans-pres-dune-entreprise-sur-3\/#article\",\"isPartOf\":{\"@id\":\"https:\/\/peoplesphere.be\/fr\/penurie-de-candidats-il-ny-aura-en-tout-cas-pas-delections-sociales-dans-pres-dune-entreprise-sur-3\/\"},\"author\":{\"name\":\"Jean-Paul Erhard\",\"@id\":\"https:\/\/peoplesphere.be\/fr\/#\/schema\/person\/7976225ff17988604334abb7b3536a7e\"},\"headline\":\"P\u00e9nurie de candidats? Il n&rsquo;y aura en tout cas pas d&rsquo;\u00e9lections sociales dans pr\u00e8s d&rsquo;une entreprise sur 3.\",\"datePublished\":\"2024-04-02T15:19:33+00:00\",\"dateModified\":\"2024-04-03T03:15:02+00:00\",\"mainEntityOfPage\":{\"@id\":\"https:\/\/peoplesphere.be\/fr\/penurie-de-candidats-il-ny-aura-en-tout-cas-pas-delections-sociales-dans-pres-dune-entreprise-sur-3\/\"},\"wordCount\":447,\"publisher\":{\"@id\":\"https:\/\/peoplesphere.be\/fr\/#organization\"},\"keywords\":[\"candidats\",\"concertation sociale\",\"\u00e9lections sociales\",\"syndicats\"],\"articleSection\":[\"Actualit\u00e9s\",\"Digital\"],\"inLanguage\":\"fr-FR\"},{\"@type\":\"WebPage\",\"@id\":\"https:\/\/peoplesphere.be\/fr\/penurie-de-candidats-il-ny-aura-en-tout-cas-pas-delections-sociales-dans-pres-dune-entreprise-sur-3\/\",\"url\":\"https:\/\/peoplesphere.be\/fr\/penurie-de-candidats-il-ny-aura-en-tout-cas-pas-delections-sociales-dans-pres-dune-entreprise-sur-3\/\",\"name\":\"P\u00e9nurie de candidats? Il n'y aura en tout cas pas d'\u00e9lections sociales dans pr\u00e8s d'une entreprise sur 3. - Peoplesphere\",\"isPartOf\":{\"@id\":\"https:\/\/peoplesphere.be\/fr\/#website\"},\"datePublished\":\"2024-04-02T15:19:33+00:00\",\"dateModified\":\"2024-04-03T03:15:02+00:00\",\"breadcrumb\":{\"@id\":\"https:\/\/peoplesphere.be\/fr\/penurie-de-candidats-il-ny-aura-en-tout-cas-pas-delections-sociales-dans-pres-dune-entreprise-sur-3\/#breadcrumb\"},\"inLanguage\":\"fr-FR\",\"potentialAction\":[{\"@type\":\"ReadAction\",\"target\":[\"https:\/\/peoplesphere.be\/fr\/penurie-de-candidats-il-ny-aura-en-tout-cas-pas-delections-sociales-dans-pres-dune-entreprise-sur-3\/\"]}]},{\"@type\":\"BreadcrumbList\",\"@id\":\"https:\/\/peoplesphere.be\/fr\/penurie-de-candidats-il-ny-aura-en-tout-cas-pas-delections-sociales-dans-pres-dune-entreprise-sur-3\/#breadcrumb\",\"itemListElement\":[{\"@type\":\"ListItem\",\"position\":1,\"name\":\"Accueil\",\"item\":\"https:\/\/peoplesphere.be\/fr\/\"},{\"@type\":\"ListItem\",\"position\":2,\"name\":\"P\u00e9nurie de candidats? Il n&rsquo;y aura en tout cas pas d&rsquo;\u00e9lections sociales dans pr\u00e8s d&rsquo;une entreprise sur 3.\"}]},{\"@type\":\"WebSite\",\"@id\":\"https:\/\/peoplesphere.be\/fr\/#website\",\"url\":\"https:\/\/peoplesphere.be\/fr\/\",\"name\":\"Peoplesphere\",\"description\":\"The People Managers Magazine\",\"publisher\":{\"@id\":\"https:\/\/peoplesphere.be\/fr\/#organization\"},\"potentialAction\":[{\"@type\":\"SearchAction\",\"target\":{\"@type\":\"EntryPoint\",\"urlTemplate\":\"https:\/\/peoplesphere.be\/fr\/?s={search_term_string}\"},\"query-input\":\"required name=search_term_string\"}],\"inLanguage\":\"fr-FR\"},{\"@type\":\"Organization\",\"@id\":\"https:\/\/peoplesphere.be\/fr\/#organization\",\"name\":\"Peoplesphere Company srl\",\"url\":\"https:\/\/peoplesphere.be\/fr\/\",\"logo\":{\"@type\":\"ImageObject\",\"inLanguage\":\"fr-FR\",\"@id\":\"https:\/\/peoplesphere.be\/fr\/#\/schema\/logo\/image\/\",\"url\":\"https:\/\/peoplesphere.be\/fr\/wp-content\/uploads\/2023\/07\/peoplesphere-lgo-new-generik.jpg\",\"contentUrl\":\"https:\/\/peoplesphere.be\/fr\/wp-content\/uploads\/2023\/07\/peoplesphere-lgo-new-generik.jpg\",\"width\":1031,\"height\":1479,\"caption\":\"Peoplesphere Company srl\"},\"image\":{\"@id\":\"https:\/\/peoplesphere.be\/fr\/#\/schema\/logo\/image\/\"},\"sameAs\":[\"https:\/\/www.facebook.com\/peoplesphere\",\"https:\/\/twitter.com\/PeoplesphereMag\",\"https:\/\/www.linkedin.com\/company\/7587361?trk\",\"http:\/\/youtube.com\/peoplesphere\"]},{\"@type\":\"Person\",\"@id\":\"https:\/\/peoplesphere.be\/fr\/#\/schema\/person\/7976225ff17988604334abb7b3536a7e\",\"name\":\"Jean-Paul Erhard\",\"image\":{\"@type\":\"ImageObject\",\"inLanguage\":\"fr-FR\",\"@id\":\"https:\/\/peoplesphere.be\/fr\/#\/schema\/person\/image\/\",\"url\":\"https:\/\/secure.gravatar.com\/avatar\/f941e681460179738071629a51574930?s=96&d=mm&r=g\",\"contentUrl\":\"https:\/\/secure.gravatar.com\/avatar\/f941e681460179738071629a51574930?s=96&d=mm&r=g\",\"caption\":\"Jean-Paul Erhard\"},\"url\":\"https:\/\/peoplesphere.be\/fr\/author\/jpe\/\"}]}<\/script>\n<!-- \/ Yoast SEO plugin. -->","yoast_head_json":{"title":"P\u00e9nurie de candidats? Il n'y aura en tout cas pas d'\u00e9lections sociales dans pr\u00e8s d'une entreprise sur 3. - Peoplesphere","robots":{"index":"index","follow":"follow","max-snippet":"max-snippet:-1","max-image-preview":"max-image-preview:large","max-video-preview":"max-video-preview:-1"},"canonical":"https:\/\/peoplesphere.be\/fr\/penurie-de-candidats-il-ny-aura-en-tout-cas-pas-delections-sociales-dans-pres-dune-entreprise-sur-3\/","og_locale":"fr_FR","og_type":"article","og_title":"P\u00e9nurie de candidats? Il n'y aura en tout cas pas d'\u00e9lections sociales dans pr\u00e8s d'une entreprise sur 3. - Peoplesphere","og_description":"Les syndicats doivent d\u00e9signer des candidats aux \u00e9lections sociales au plus tard le jour X+35, jour cl\u00e9 de la proc\u00e9dure. Dans presque 1 entreprise sur 3, aucun candidat n\u2019a \u00e9t\u00e9 trouv\u00e9 pour les \u00e9lections sociales ou le nombre de candidats [&hellip;]","og_url":"https:\/\/peoplesphere.be\/fr\/penurie-de-candidats-il-ny-aura-en-tout-cas-pas-delections-sociales-dans-pres-dune-entreprise-sur-3\/","og_site_name":"Peoplesphere","article_publisher":"https:\/\/www.facebook.com\/peoplesphere","article_published_time":"2024-04-02T15:19:33+00:00","article_modified_time":"2024-04-03T03:15:02+00:00","og_image":[{"url":"http:\/\/www.peoplesphere.be\/fr\/wp-content\/uploads\/2016\/07\/facebook-default-posting-1200x628px.jpg"}],"author":"Jean-Paul Erhard","twitter_card":"summary_large_image","twitter_creator":"@PeoplesphereMag","twitter_site":"@PeoplesphereMag","twitter_misc":{"\u00c9crit par":"Jean-Paul Erhard","Dur\u00e9e de lecture estim\u00e9e":"2 minutes"},"schema":{"@context":"https:\/\/schema.org","@graph":[{"@type":"Article","@id":"https:\/\/peoplesphere.be\/fr\/penurie-de-candidats-il-ny-aura-en-tout-cas-pas-delections-sociales-dans-pres-dune-entreprise-sur-3\/#article","isPartOf":{"@id":"https:\/\/peoplesphere.be\/fr\/penurie-de-candidats-il-ny-aura-en-tout-cas-pas-delections-sociales-dans-pres-dune-entreprise-sur-3\/"},"author":{"name":"Jean-Paul Erhard","@id":"https:\/\/peoplesphere.be\/fr\/#\/schema\/person\/7976225ff17988604334abb7b3536a7e"},"headline":"P\u00e9nurie de candidats? Il n&rsquo;y aura en tout cas pas d&rsquo;\u00e9lections sociales dans pr\u00e8s d&rsquo;une entreprise sur 3.","datePublished":"2024-04-02T15:19:33+00:00","dateModified":"2024-04-03T03:15:02+00:00","mainEntityOfPage":{"@id":"https:\/\/peoplesphere.be\/fr\/penurie-de-candidats-il-ny-aura-en-tout-cas-pas-delections-sociales-dans-pres-dune-entreprise-sur-3\/"},"wordCount":447,"publisher":{"@id":"https:\/\/peoplesphere.be\/fr\/#organization"},"keywords":["candidats","concertation sociale","\u00e9lections sociales","syndicats"],"articleSection":["Actualit\u00e9s","Digital"],"inLanguage":"fr-FR"},{"@type":"WebPage","@id":"https:\/\/peoplesphere.be\/fr\/penurie-de-candidats-il-ny-aura-en-tout-cas-pas-delections-sociales-dans-pres-dune-entreprise-sur-3\/","url":"https:\/\/peoplesphere.be\/fr\/penurie-de-candidats-il-ny-aura-en-tout-cas-pas-delections-sociales-dans-pres-dune-entreprise-sur-3\/","name":"P\u00e9nurie de candidats? Il n'y aura en tout cas pas d'\u00e9lections sociales dans pr\u00e8s d'une entreprise sur 3. - Peoplesphere","isPartOf":{"@id":"https:\/\/peoplesphere.be\/fr\/#website"},"datePublished":"2024-04-02T15:19:33+00:00","dateModified":"2024-04-03T03:15:02+00:00","breadcrumb":{"@id":"https:\/\/peoplesphere.be\/fr\/penurie-de-candidats-il-ny-aura-en-tout-cas-pas-delections-sociales-dans-pres-dune-entreprise-sur-3\/#breadcrumb"},"inLanguage":"fr-FR","potentialAction":[{"@type":"ReadAction","target":["https:\/\/peoplesphere.be\/fr\/penurie-de-candidats-il-ny-aura-en-tout-cas-pas-delections-sociales-dans-pres-dune-entreprise-sur-3\/"]}]},{"@type":"BreadcrumbList","@id":"https:\/\/peoplesphere.be\/fr\/penurie-de-candidats-il-ny-aura-en-tout-cas-pas-delections-sociales-dans-pres-dune-entreprise-sur-3\/#breadcrumb","itemListElement":[{"@type":"ListItem","position":1,"name":"Accueil","item":"https:\/\/peoplesphere.be\/fr\/"},{"@type":"ListItem","position":2,"name":"P\u00e9nurie de candidats? Il n&rsquo;y aura en tout cas pas d&rsquo;\u00e9lections sociales dans pr\u00e8s d&rsquo;une entreprise sur 3."}]},{"@type":"WebSite","@id":"https:\/\/peoplesphere.be\/fr\/#website","url":"https:\/\/peoplesphere.be\/fr\/","name":"Peoplesphere","description":"The People Managers Magazine","publisher":{"@id":"https:\/\/peoplesphere.be\/fr\/#organization"},"potentialAction":[{"@type":"SearchAction","target":{"@type":"EntryPoint","urlTemplate":"https:\/\/peoplesphere.be\/fr\/?s={search_term_string}"},"query-input":"required name=search_term_string"}],"inLanguage":"fr-FR"},{"@type":"Organization","@id":"https:\/\/peoplesphere.be\/fr\/#organization","name":"Peoplesphere Company srl","url":"https:\/\/peoplesphere.be\/fr\/","logo":{"@type":"ImageObject","inLanguage":"fr-FR","@id":"https:\/\/peoplesphere.be\/fr\/#\/schema\/logo\/image\/","url":"https:\/\/peoplesphere.be\/fr\/wp-content\/uploads\/2023\/07\/peoplesphere-lgo-new-generik.jpg","contentUrl":"https:\/\/peoplesphere.be\/fr\/wp-content\/uploads\/2023\/07\/peoplesphere-lgo-new-generik.jpg","width":1031,"height":1479,"caption":"Peoplesphere Company srl"},"image":{"@id":"https:\/\/peoplesphere.be\/fr\/#\/schema\/logo\/image\/"},"sameAs":["https:\/\/www.facebook.com\/peoplesphere","https:\/\/twitter.com\/PeoplesphereMag","https:\/\/www.linkedin.com\/company\/7587361?trk","http:\/\/youtube.com\/peoplesphere"]},{"@type":"Person","@id":"https:\/\/peoplesphere.be\/fr\/#\/schema\/person\/7976225ff17988604334abb7b3536a7e","name":"Jean-Paul Erhard","image":{"@type":"ImageObject","inLanguage":"fr-FR","@id":"https:\/\/peoplesphere.be\/fr\/#\/schema\/person\/image\/","url":"https:\/\/secure.gravatar.com\/avatar\/f941e681460179738071629a51574930?s=96&d=mm&r=g","contentUrl":"https:\/\/secure.gravatar.com\/avatar\/f941e681460179738071629a51574930?s=96&d=mm&r=g","caption":"Jean-Paul Erhard"},"url":"https:\/\/peoplesphere.be\/fr\/author\/jpe\/"}]}},"_links":{"self":[{"href":"https:\/\/peoplesphere.be\/fr\/wp-json\/wp\/v2\/posts\/15961"}],"collection":[{"href":"https:\/\/peoplesphere.be\/fr\/wp-json\/wp\/v2\/posts"}],"about":[{"href":"https:\/\/peoplesphere.be\/fr\/wp-json\/wp\/v2\/types\/post"}],"author":[{"embeddable":true,"href":"https:\/\/peoplesphere.be\/fr\/wp-json\/wp\/v2\/users\/2"}],"replies":[{"embeddable":true,"href":"https:\/\/peoplesphere.be\/fr\/wp-json\/wp\/v2\/comments?post=15961"}],"version-history":[{"count":1,"href":"https:\/\/peoplesphere.be\/fr\/wp-json\/wp\/v2\/posts\/15961\/revisions"}],"predecessor-version":[{"id":15962,"href":"https:\/\/peoplesphere.be\/fr\/wp-json\/wp\/v2\/posts\/15961\/revisions\/15962"}],"wp:attachment":[{"href":"https:\/\/peoplesphere.be\/fr\/wp-json\/wp\/v2\/media?parent=15961"}],"wp:term":[{"taxonomy":"category","embeddable":true,"href":"https:\/\/peoplesphere.be\/fr\/wp-json\/wp\/v2\/categories?post=15961"},{"taxonomy":"post_tag","embeddable":true,"href":"https:\/\/peoplesphere.be\/fr\/wp-json\/wp\/v2\/tags?post=15961"}],"curies":[{"name":"wp","href":"https:\/\/api.w.org\/{rel}","templated":true}]}}